{"id":10605,"date":"2017-12-18T13:21:03","date_gmt":"2017-12-18T12:21:03","guid":{"rendered":"http:\/\/www.msn.unipi.it\/?p=10605"},"modified":"2017-12-18T13:21:03","modified_gmt":"2017-12-18T12:21:03","slug":"semi-frutti-dellautunno","status":"publish","type":"post","link":"https:\/\/www.msn.unipi.it\/it\/semi-frutti-dellautunno\/","title":{"rendered":"Semi e frutti dell&#8217;autunno"},"content":{"rendered":"<p>Mercoled\u00ec 20 dicembre alle ore 15:00 avr\u00e0 luogo un incontro dal titolo <strong>&#8220;Semi e frutti dell&#8217;autunno&#8221;<\/strong> organizzato dai Servizi Educativi del Museo in collaborazione con l&#8217;<strong>istituto Santa Teresa di Cascina<\/strong>.<br \/>\nL&#8217;iniziativa \u00e8 partita da alcuni insegnanti che avevano preso parte alla <strong>scuola estiva di formazione del Museo<\/strong>, che aveva trattato proprio questo argomento.<br \/>\nA scuola, i bambini hanno osservato, manipolato e catalogato i semi e i frutti, e hanno realizzato anche dei disegni e dei collage a tema. Affascinati dall&#8217;esperienza, nell&#8217;occasione<strong> i bambini presenteranno i loro lavori ai genitori e agli altri allievi<\/strong>.<\/p>\n<div class=\"tiled-gallery type-rectangular tiled-gallery-unresized\" data-original-width=\"847\" data-carousel-extra='null' itemscope itemtype=\"http:\/\/schema.org\/ImageGallery\" > <div class=\"gallery-row\" style=\"width: 847px; height: 598px;\" data-original-width=\"847\" data-original-height=\"598\" > <div class=\"gallery-group images-2\" style=\"width: 397px; height: 598px;\" data-original-width=\"397\" data-original-height=\"598\" > <div class=\"tiled-gallery-item tiled-gallery-item-large\" itemprop=\"associatedMedia\" itemscope itemtype=\"http:\/\/schema.org\/ImageObject\"> <a href=\"https:\/\/www.msn.unipi.it\/it\/semi-frutti-dellautunno\/img_5404\/\" border=\"0\" itemprop=\"url\"> <meta itemprop=\"width\" content=\"393\"> <meta itemprop=\"height\" content=\"295\"> <img decoding=\"async\" class=\"\" data-attachment-id=\"10606\" data-orig-file=\"https:\/\/www.msn.unipi.it\/wp-content\/uploads\/2017\/12\/IMG_5404.jpg\" data-orig-size=\"1600,1200\" data-comments-opened=\"\" data-image-meta=\"{&quot;aperture&quot;:&quot;0&quot;,&quot;credit&quot;:&quot;&quot;,&quot;camera&quot;:&quot;&quot;,&quot;caption&quot;:&quot;&quot;,&quot;created_timestamp&quot;:&quot;0&quot;,&quot;copyright&quot;:&quot;&quot;,&quot;focal_length&quot;:&quot;0&quot;,&quot;iso&quot;:&quot;0&quot;,&quot;shutter_speed&quot;:&quot;0&quot;,&quot;title&quot;:&quot;&quot;,&quot;orientation&quot;:&quot;0&quot;}\" data-image-title=\"semi e frutti1\" data-image-description=\"\" data-medium-file=\"https:\/\/www.msn.unipi.it\/wp-content\/uploads\/2017\/12\/IMG_5404-450x338.jpg\" data-large-file=\"https:\/\/www.msn.unipi.it\/wp-content\/uploads\/2017\/12\/IMG_5404-1024x768.jpg\" src=\"https:\/\/i0.wp.com\/www.msn.unipi.it\/wp-content\/uploads\/2017\/12\/IMG_5404.jpg?w=393&#038;h=295&#038;ssl=1\" srcset=\"https:\/\/www.msn.unipi.it\/wp-content\/uploads\/2017\/12\/IMG_5404.jpg 1600w, https:\/\/www.msn.unipi.it\/wp-content\/uploads\/2017\/12\/IMG_5404-450x338.jpg 450w, https:\/\/www.msn.unipi.it\/wp-content\/uploads\/2017\/12\/IMG_5404-768x576.jpg 768w, https:\/\/www.msn.unipi.it\/wp-content\/uploads\/2017\/12\/IMG_5404-1024x768.jpg 1024w\" width=\"393\" height=\"295\" loading=\"lazy\" data-original-width=\"393\" data-original-height=\"295\" itemprop=\"http:\/\/schema.org\/image\" title=\"semi e frutti1\" alt=\"semi e frutti1\" style=\"width: 393px; height: 295px;\" \/> <\/a> <\/div> <div class=\"tiled-gallery-item tiled-gallery-item-large\" itemprop=\"associatedMedia\" itemscope itemtype=\"http:\/\/schema.org\/ImageObject\"> <a href=\"https:\/\/www.msn.unipi.it\/it\/semi-frutti-dellautunno\/img_5405\/\" border=\"0\" itemprop=\"url\"> <meta itemprop=\"width\" content=\"393\"> <meta itemprop=\"height\" content=\"295\"> <img decoding=\"async\" class=\"\" data-attachment-id=\"10607\" data-orig-file=\"https:\/\/www.msn.unipi.it\/wp-content\/uploads\/2017\/12\/IMG_5405.jpg\" data-orig-size=\"1600,1200\" data-comments-opened=\"\" data-image-meta=\"{&quot;aperture&quot;:&quot;0&quot;,&quot;credit&quot;:&quot;&quot;,&quot;camera&quot;:&quot;&quot;,&quot;caption&quot;:&quot;&quot;,&quot;created_timestamp&quot;:&quot;0&quot;,&quot;copyright&quot;:&quot;&quot;,&quot;focal_length&quot;:&quot;0&quot;,&quot;iso&quot;:&quot;0&quot;,&quot;shutter_speed&quot;:&quot;0&quot;,&quot;title&quot;:&quot;&quot;,&quot;orientation&quot;:&quot;0&quot;}\" data-image-title=\"semi e frutti 2\" data-image-description=\"\" data-medium-file=\"https:\/\/www.msn.unipi.it\/wp-content\/uploads\/2017\/12\/IMG_5405-450x338.jpg\" data-large-file=\"https:\/\/www.msn.unipi.it\/wp-content\/uploads\/2017\/12\/IMG_5405-1024x768.jpg\" src=\"https:\/\/i0.wp.com\/www.msn.unipi.it\/wp-content\/uploads\/2017\/12\/IMG_5405.jpg?w=393&#038;h=295&#038;ssl=1\" srcset=\"https:\/\/www.msn.unipi.it\/wp-content\/uploads\/2017\/12\/IMG_5405.jpg 1600w, https:\/\/www.msn.unipi.it\/wp-content\/uploads\/2017\/12\/IMG_5405-450x338.jpg 450w, https:\/\/www.msn.unipi.it\/wp-content\/uploads\/2017\/12\/IMG_5405-768x576.jpg 768w, https:\/\/www.msn.unipi.it\/wp-content\/uploads\/2017\/12\/IMG_5405-1024x768.jpg 1024w\" width=\"393\" height=\"295\" loading=\"lazy\" data-original-width=\"393\" data-original-height=\"295\" itemprop=\"http:\/\/schema.org\/image\" title=\"semi e frutti 2\" alt=\"semi e frutti 2\" style=\"width: 393px; height: 295px;\" \/> <\/a> <\/div> <\/div> <!-- close group --> <div class=\"gallery-group images-1\" style=\"width: 450px; height: 598px;\" data-original-width=\"450\" data-original-height=\"598\" > <div class=\"tiled-gallery-item tiled-gallery-item-large\" itemprop=\"associatedMedia\" itemscope itemtype=\"http:\/\/schema.org\/ImageObject\"> <a href=\"https:\/\/www.msn.unipi.it\/it\/semi-frutti-dellautunno\/img_5406\/\" border=\"0\" itemprop=\"url\"> <meta itemprop=\"width\" content=\"446\"> <meta itemprop=\"height\" content=\"594\"> <img decoding=\"async\" class=\"\" data-attachment-id=\"10608\" data-orig-file=\"https:\/\/www.msn.unipi.it\/wp-content\/uploads\/2017\/12\/IMG_5406.jpg\" data-orig-size=\"1200,1600\" data-comments-opened=\"\" data-image-meta=\"{&quot;aperture&quot;:&quot;0&quot;,&quot;credit&quot;:&quot;&quot;,&quot;camera&quot;:&quot;&quot;,&quot;caption&quot;:&quot;&quot;,&quot;created_timestamp&quot;:&quot;0&quot;,&quot;copyright&quot;:&quot;&quot;,&quot;focal_length&quot;:&quot;0&quot;,&quot;iso&quot;:&quot;0&quot;,&quot;shutter_speed&quot;:&quot;0&quot;,&quot;title&quot;:&quot;&quot;,&quot;orientation&quot;:&quot;0&quot;}\" data-image-title=\"semi e frutti 3\" data-image-description=\"\" data-medium-file=\"https:\/\/www.msn.unipi.it\/wp-content\/uploads\/2017\/12\/IMG_5406-338x450.jpg\" data-large-file=\"https:\/\/www.msn.unipi.it\/wp-content\/uploads\/2017\/12\/IMG_5406-600x800.jpg\" src=\"https:\/\/i0.wp.com\/www.msn.unipi.it\/wp-content\/uploads\/2017\/12\/IMG_5406.jpg?w=446&#038;h=594&#038;ssl=1\" srcset=\"https:\/\/www.msn.unipi.it\/wp-content\/uploads\/2017\/12\/IMG_5406.jpg 1200w, https:\/\/www.msn.unipi.it\/wp-content\/uploads\/2017\/12\/IMG_5406-338x450.jpg 338w, https:\/\/www.msn.unipi.it\/wp-content\/uploads\/2017\/12\/IMG_5406-768x1024.jpg 768w, https:\/\/www.msn.unipi.it\/wp-content\/uploads\/2017\/12\/IMG_5406-600x800.jpg 600w\" width=\"446\" height=\"594\" loading=\"lazy\" data-original-width=\"446\" data-original-height=\"594\" itemprop=\"http:\/\/schema.org\/image\" title=\"semi e frutti 3\" alt=\"semi e frutti 3\" style=\"width: 446px; height: 594px;\" \/> <\/a> <\/div> <\/div> <!-- close group --> <\/div> <!-- close row --> <div class=\"gallery-row\" style=\"width: 847px; height: 319px;\" data-original-width=\"847\" data-original-height=\"319\" > <div class=\"gallery-group images-1\" style=\"width: 424px; height: 319px;\" data-original-width=\"424\" data-original-height=\"319\" > <div class=\"tiled-gallery-item tiled-gallery-item-large\" itemprop=\"associatedMedia\" itemscope itemtype=\"http:\/\/schema.org\/ImageObject\"> <a href=\"https:\/\/www.msn.unipi.it\/it\/semi-frutti-dellautunno\/img_5407\/\" border=\"0\" itemprop=\"url\"> <meta itemprop=\"width\" content=\"420\"> <meta itemprop=\"height\" content=\"315\"> <img decoding=\"async\" class=\"\" data-attachment-id=\"10609\" data-orig-file=\"https:\/\/www.msn.unipi.it\/wp-content\/uploads\/2017\/12\/IMG_5407.jpg\" data-orig-size=\"1600,1200\" data-comments-opened=\"\" data-image-meta=\"{&quot;aperture&quot;:&quot;0&quot;,&quot;credit&quot;:&quot;&quot;,&quot;camera&quot;:&quot;&quot;,&quot;caption&quot;:&quot;&quot;,&quot;created_timestamp&quot;:&quot;0&quot;,&quot;copyright&quot;:&quot;&quot;,&quot;focal_length&quot;:&quot;0&quot;,&quot;iso&quot;:&quot;0&quot;,&quot;shutter_speed&quot;:&quot;0&quot;,&quot;title&quot;:&quot;&quot;,&quot;orientation&quot;:&quot;0&quot;}\" data-image-title=\"semi e frutti 4\" data-image-description=\"\" data-medium-file=\"https:\/\/www.msn.unipi.it\/wp-content\/uploads\/2017\/12\/IMG_5407-450x338.jpg\" data-large-file=\"https:\/\/www.msn.unipi.it\/wp-content\/uploads\/2017\/12\/IMG_5407-1024x768.jpg\" src=\"https:\/\/i0.wp.com\/www.msn.unipi.it\/wp-content\/uploads\/2017\/12\/IMG_5407.jpg?w=420&#038;h=315&#038;ssl=1\" srcset=\"https:\/\/www.msn.unipi.it\/wp-content\/uploads\/2017\/12\/IMG_5407.jpg 1600w, https:\/\/www.msn.unipi.it\/wp-content\/uploads\/2017\/12\/IMG_5407-450x338.jpg 450w, https:\/\/www.msn.unipi.it\/wp-content\/uploads\/2017\/12\/IMG_5407-768x576.jpg 768w, https:\/\/www.msn.unipi.it\/wp-content\/uploads\/2017\/12\/IMG_5407-1024x768.jpg 1024w\" width=\"420\" height=\"315\" loading=\"lazy\" data-original-width=\"420\" data-original-height=\"315\" itemprop=\"http:\/\/schema.org\/image\" title=\"semi e frutti 4\" alt=\"semi e frutti 4\" style=\"width: 420px; height: 315px;\" \/> <\/a> <\/div> <\/div> <!-- close group --> <div class=\"gallery-group images-1\" style=\"width: 423px; height: 319px;\" data-original-width=\"423\" data-original-height=\"319\" > <div class=\"tiled-gallery-item tiled-gallery-item-large\" itemprop=\"associatedMedia\" itemscope itemtype=\"http:\/\/schema.org\/ImageObject\"> <a href=\"https:\/\/www.msn.unipi.it\/it\/semi-frutti-dellautunno\/img_5408\/\" border=\"0\" itemprop=\"url\"> <meta itemprop=\"width\" content=\"419\"> <meta itemprop=\"height\" content=\"315\"> <img decoding=\"async\" class=\"\" data-attachment-id=\"10610\" data-orig-file=\"https:\/\/www.msn.unipi.it\/wp-content\/uploads\/2017\/12\/IMG_5408.jpg\" data-orig-size=\"1600,1200\" data-comments-opened=\"\" data-image-meta=\"{&quot;aperture&quot;:&quot;0&quot;,&quot;credit&quot;:&quot;&quot;,&quot;camera&quot;:&quot;&quot;,&quot;caption&quot;:&quot;&quot;,&quot;created_timestamp&quot;:&quot;0&quot;,&quot;copyright&quot;:&quot;&quot;,&quot;focal_length&quot;:&quot;0&quot;,&quot;iso&quot;:&quot;0&quot;,&quot;shutter_speed&quot;:&quot;0&quot;,&quot;title&quot;:&quot;&quot;,&quot;orientation&quot;:&quot;0&quot;}\" data-image-title=\"semi e frutti 5\" data-image-description=\"\" data-medium-file=\"https:\/\/www.msn.unipi.it\/wp-content\/uploads\/2017\/12\/IMG_5408-450x338.jpg\" data-large-file=\"https:\/\/www.msn.unipi.it\/wp-content\/uploads\/2017\/12\/IMG_5408-1024x768.jpg\" src=\"https:\/\/i0.wp.com\/www.msn.unipi.it\/wp-content\/uploads\/2017\/12\/IMG_5408.jpg?w=419&#038;h=315&#038;ssl=1\" srcset=\"https:\/\/www.msn.unipi.it\/wp-content\/uploads\/2017\/12\/IMG_5408.jpg 1600w, https:\/\/www.msn.unipi.it\/wp-content\/uploads\/2017\/12\/IMG_5408-450x338.jpg 450w, https:\/\/www.msn.unipi.it\/wp-content\/uploads\/2017\/12\/IMG_5408-768x576.jpg 768w, https:\/\/www.msn.unipi.it\/wp-content\/uploads\/2017\/12\/IMG_5408-1024x768.jpg 1024w\" width=\"419\" height=\"315\" loading=\"lazy\" data-original-width=\"419\" data-original-height=\"315\" itemprop=\"http:\/\/schema.org\/image\" title=\"semi e frutti 5\" alt=\"semi e frutti 5\" style=\"width: 419px; height: 315px;\" \/> <\/a> <\/div> <\/div> <!-- close group --> <\/div> <!-- close row --> <\/div>\n","protected":false},"excerpt":{"rendered":"<p>Mercoled\u00ec 20 dicembre alle ore 15:00 avr\u00e0 luogo un incontro dal titolo &#8220;Semi e frutti dell&#8217;autunno&#8221; organizzato dai Servizi Educativi del Museo in collaborazione con l&#8217;istituto Santa Teresa di Cascina. L&#8217;iniziativa \u00e8 partita da alcuni insegnanti che avevano preso parte alla scuola estiva di formazione del Museo, che aveva trattato proprio questo argomento. A scuola,&nbsp; <a href=\"https:\/\/www.msn.unipi.it\/it\/semi-frutti-dellautunno\/\">&hellip;  <i class=\"fa fa-chevron-right\"><\/i><\/a><\/p>\n","protected":false},"author":4,"featured_media":10609,"comment_status":"closed","ping_status":"closed","sticky":false,"template":"","format":"standard","meta":{"_jetpack_memberships_contains_paid_content":false,"footnotes":""},"categories":[9],"tags":[],"class_list":["post-10605","post","type-post","status-publish","format-standard","has-post-thumbnail","hentry","category-archivio"],"yoast_head":"<!-- This site is optimized with the Yoast SEO plugin v26.8 - https:\/\/yoast.com\/product\/yoast-seo-wordpress\/ -->\n<title>Semi e frutti dell&#039;autunno - Museo di Storia Naturale dell&#039;Universit\u00e0 di Pisa<\/title>\n<meta name=\"description\" content=\"Mercoled\u00ec 20 dicembre alle ore 15:00 avr\u00e0 luogo un incontro dal titolo &quot;Semi e frutti dell&#039;autunno&quot; organizzato dai Servizi Educativi del Museo in\" \/>\n<meta name=\"robots\" content=\"index, follow, max-snippet:-1, max-image-preview:large, max-video-preview:-1\" \/>\n<link rel=\"canonical\" href=\"https:\/\/www.msn.unipi.it\/it\/semi-frutti-dellautunno\/\" \/>\n<meta property=\"og:locale\" content=\"it_IT\" \/>\n<meta property=\"og:type\" content=\"article\" \/>\n<meta property=\"og:title\" content=\"Semi e frutti dell&#039;autunno - Museo di Storia Naturale dell&#039;Universit\u00e0 di Pisa\" \/>\n<meta property=\"og:description\" content=\"Mercoled\u00ec 20 dicembre alle ore 15:00 avr\u00e0 luogo un incontro dal titolo &quot;Semi e frutti dell&#039;autunno&quot; organizzato dai Servizi Educativi del Museo in\" \/>\n<meta property=\"og:url\" content=\"https:\/\/www.msn.unipi.it\/it\/semi-frutti-dellautunno\/\" \/>\n<meta property=\"og:site_name\" content=\"Museo di Storia Naturale dell&#039;Universit\u00e0 di Pisa\" \/>\n<meta property=\"article:publisher\" content=\"https:\/\/www.facebook.com\/Museo-di-Storia-Naturale-Universit%c3%a0-di-Pisa-277794215612108\/\" \/>\n<meta property=\"article:published_time\" content=\"2017-12-18T12:21:03+00:00\" \/>\n<meta property=\"og:image\" content=\"https:\/\/www.msn.unipi.it\/wp-content\/uploads\/2017\/12\/IMG_5407.jpg\" \/>\n\t<meta property=\"og:image:width\" content=\"1600\" \/>\n\t<meta property=\"og:image:height\" content=\"1200\" \/>\n\t<meta property=\"og:image:type\" content=\"image\/jpeg\" \/>\n<meta name=\"author\" content=\"Redazione\" \/>\n<meta name=\"twitter:card\" content=\"summary_large_image\" \/>\n<meta name=\"twitter:creator\" content=\"@msncalci\" \/>\n<meta name=\"twitter:site\" content=\"@msncalci\" \/>\n<meta name=\"twitter:label1\" content=\"Scritto da\" \/>\n\t<meta name=\"twitter:data1\" content=\"Redazione\" \/>\n<script type=\"application\/ld+json\" class=\"yoast-schema-graph\">{\"@context\":\"https:\/\/schema.org\",\"@graph\":[{\"@type\":\"Article\",\"@id\":\"https:\/\/www.msn.unipi.it\/it\/semi-frutti-dellautunno\/#article\",\"isPartOf\":{\"@id\":\"https:\/\/www.msn.unipi.it\/it\/semi-frutti-dellautunno\/\"},\"author\":{\"name\":\"Redazione\",\"@id\":\"https:\/\/www.msn.unipi.it\/it\/#\/schema\/person\/4036e33bf3be197e64cc3e82bd998a8f\"},\"headline\":\"Semi e frutti dell&#8217;autunno\",\"datePublished\":\"2017-12-18T12:21:03+00:00\",\"mainEntityOfPage\":{\"@id\":\"https:\/\/www.msn.unipi.it\/it\/semi-frutti-dellautunno\/\"},\"wordCount\":100,\"publisher\":{\"@id\":\"https:\/\/www.msn.unipi.it\/it\/#organization\"},\"image\":{\"@id\":\"https:\/\/www.msn.unipi.it\/it\/semi-frutti-dellautunno\/#primaryimage\"},\"thumbnailUrl\":\"https:\/\/www.msn.unipi.it\/wp-content\/uploads\/2017\/12\/IMG_5407.jpg\",\"articleSection\":[\"Archivio notizie\"],\"inLanguage\":\"it-IT\"},{\"@type\":\"WebPage\",\"@id\":\"https:\/\/www.msn.unipi.it\/it\/semi-frutti-dellautunno\/\",\"url\":\"https:\/\/www.msn.unipi.it\/it\/semi-frutti-dellautunno\/\",\"name\":\"Semi e frutti dell'autunno - Museo di Storia Naturale dell&#039;Universit\u00e0 di Pisa\",\"isPartOf\":{\"@id\":\"https:\/\/www.msn.unipi.it\/it\/#website\"},\"primaryImageOfPage\":{\"@id\":\"https:\/\/www.msn.unipi.it\/it\/semi-frutti-dellautunno\/#primaryimage\"},\"image\":{\"@id\":\"https:\/\/www.msn.unipi.it\/it\/semi-frutti-dellautunno\/#primaryimage\"},\"thumbnailUrl\":\"https:\/\/www.msn.unipi.it\/wp-content\/uploads\/2017\/12\/IMG_5407.jpg\",\"datePublished\":\"2017-12-18T12:21:03+00:00\",\"description\":\"Mercoled\u00ec 20 dicembre alle ore 15:00 avr\u00e0 luogo un incontro dal titolo \\\"Semi e frutti dell'autunno\\\" organizzato dai Servizi Educativi del Museo in\",\"breadcrumb\":{\"@id\":\"https:\/\/www.msn.unipi.it\/it\/semi-frutti-dellautunno\/#breadcrumb\"},\"inLanguage\":\"it-IT\",\"potentialAction\":[{\"@type\":\"ReadAction\",\"target\":[\"https:\/\/www.msn.unipi.it\/it\/semi-frutti-dellautunno\/\"]}]},{\"@type\":\"ImageObject\",\"inLanguage\":\"it-IT\",\"@id\":\"https:\/\/www.msn.unipi.it\/it\/semi-frutti-dellautunno\/#primaryimage\",\"url\":\"https:\/\/www.msn.unipi.it\/wp-content\/uploads\/2017\/12\/IMG_5407.jpg\",\"contentUrl\":\"https:\/\/www.msn.unipi.it\/wp-content\/uploads\/2017\/12\/IMG_5407.jpg\",\"width\":1600,\"height\":1200},{\"@type\":\"BreadcrumbList\",\"@id\":\"https:\/\/www.msn.unipi.it\/it\/semi-frutti-dellautunno\/#breadcrumb\",\"itemListElement\":[{\"@type\":\"ListItem\",\"position\":1,\"name\":\"Home\",\"item\":\"https:\/\/www.msn.unipi.it\/it\/\"},{\"@type\":\"ListItem\",\"position\":2,\"name\":\"Semi e frutti dell&#8217;autunno\"}]},{\"@type\":\"WebSite\",\"@id\":\"https:\/\/www.msn.unipi.it\/it\/#website\",\"url\":\"https:\/\/www.msn.unipi.it\/it\/\",\"name\":\"Museo di Storia Naturale dell&#039;Universit\u00e0 di Pisa\",\"description\":\"\",\"publisher\":{\"@id\":\"https:\/\/www.msn.unipi.it\/it\/#organization\"},\"potentialAction\":[{\"@type\":\"SearchAction\",\"target\":{\"@type\":\"EntryPoint\",\"urlTemplate\":\"https:\/\/www.msn.unipi.it\/it\/?s={search_term_string}\"},\"query-input\":{\"@type\":\"PropertyValueSpecification\",\"valueRequired\":true,\"valueName\":\"search_term_string\"}}],\"inLanguage\":\"it-IT\"},{\"@type\":\"Organization\",\"@id\":\"https:\/\/www.msn.unipi.it\/it\/#organization\",\"name\":\"Museo di Storia Naturale dell'Universit\u00e0 di Pisa\",\"url\":\"https:\/\/www.msn.unipi.it\/it\/\",\"logo\":{\"@type\":\"ImageObject\",\"inLanguage\":\"it-IT\",\"@id\":\"https:\/\/www.msn.unipi.it\/it\/#\/schema\/logo\/image\/\",\"url\":\"https:\/\/www.msn.unipi.it\/wp-content\/uploads\/2016\/07\/footer-logo.png\",\"contentUrl\":\"https:\/\/www.msn.unipi.it\/wp-content\/uploads\/2016\/07\/footer-logo.png\",\"width\":220,\"height\":95,\"caption\":\"Museo di Storia Naturale dell'Universit\u00e0 di Pisa\"},\"image\":{\"@id\":\"https:\/\/www.msn.unipi.it\/it\/#\/schema\/logo\/image\/\"},\"sameAs\":[\"https:\/\/www.facebook.com\/Museo-di-Storia-Naturale-Universit\u00e0-di-Pisa-277794215612108\/\",\"https:\/\/x.com\/msncalci\",\"https:\/\/www.instagram.com\/museostorianaturale_calci\/\",\"https:\/\/www.youtube.com\/channel\/UCDaMBe_RegmdCnxLPmryMxw\"]},{\"@type\":\"Person\",\"@id\":\"https:\/\/www.msn.unipi.it\/it\/#\/schema\/person\/4036e33bf3be197e64cc3e82bd998a8f\",\"name\":\"Redazione\",\"image\":{\"@type\":\"ImageObject\",\"inLanguage\":\"it-IT\",\"@id\":\"https:\/\/www.msn.unipi.it\/it\/#\/schema\/person\/image\/\",\"url\":\"https:\/\/secure.gravatar.com\/avatar\/8669b3b4a297d2e0c6fe3f4dfc9c98a4?s=96&d=mm&r=g\",\"contentUrl\":\"https:\/\/secure.gravatar.com\/avatar\/8669b3b4a297d2e0c6fe3f4dfc9c98a4?s=96&d=mm&r=g\",\"caption\":\"Redazione\"}}]}<\/script>\n<!-- \/ Yoast SEO plugin. -->","yoast_head_json":{"title":"Semi e frutti dell'autunno - Museo di Storia Naturale dell&#039;Universit\u00e0 di Pisa","description":"Mercoled\u00ec 20 dicembre alle ore 15:00 avr\u00e0 luogo un incontro dal titolo \"Semi e frutti dell'autunno\" organizzato dai Servizi Educativi del Museo in","robots":{"index":"index","follow":"follow","max-snippet":"max-snippet:-1","max-image-preview":"max-image-preview:large","max-video-preview":"max-video-preview:-1"},"canonical":"https:\/\/www.msn.unipi.it\/it\/semi-frutti-dellautunno\/","og_locale":"it_IT","og_type":"article","og_title":"Semi e frutti dell'autunno - Museo di Storia Naturale dell&#039;Universit\u00e0 di Pisa","og_description":"Mercoled\u00ec 20 dicembre alle ore 15:00 avr\u00e0 luogo un incontro dal titolo \"Semi e frutti dell'autunno\" organizzato dai Servizi Educativi del Museo in","og_url":"https:\/\/www.msn.unipi.it\/it\/semi-frutti-dellautunno\/","og_site_name":"Museo di Storia Naturale dell&#039;Universit\u00e0 di Pisa","article_publisher":"https:\/\/www.facebook.com\/Museo-di-Storia-Naturale-Universit%c3%a0-di-Pisa-277794215612108\/","article_published_time":"2017-12-18T12:21:03+00:00","og_image":[{"width":1600,"height":1200,"url":"https:\/\/www.msn.unipi.it\/wp-content\/uploads\/2017\/12\/IMG_5407.jpg","type":"image\/jpeg"}],"author":"Redazione","twitter_card":"summary_large_image","twitter_creator":"@msncalci","twitter_site":"@msncalci","twitter_misc":{"Scritto da":"Redazione"},"schema":{"@context":"https:\/\/schema.org","@graph":[{"@type":"Article","@id":"https:\/\/www.msn.unipi.it\/it\/semi-frutti-dellautunno\/#article","isPartOf":{"@id":"https:\/\/www.msn.unipi.it\/it\/semi-frutti-dellautunno\/"},"author":{"name":"Redazione","@id":"https:\/\/www.msn.unipi.it\/it\/#\/schema\/person\/4036e33bf3be197e64cc3e82bd998a8f"},"headline":"Semi e frutti dell&#8217;autunno","datePublished":"2017-12-18T12:21:03+00:00","mainEntityOfPage":{"@id":"https:\/\/www.msn.unipi.it\/it\/semi-frutti-dellautunno\/"},"wordCount":100,"publisher":{"@id":"https:\/\/www.msn.unipi.it\/it\/#organization"},"image":{"@id":"https:\/\/www.msn.unipi.it\/it\/semi-frutti-dellautunno\/#primaryimage"},"thumbnailUrl":"https:\/\/www.msn.unipi.it\/wp-content\/uploads\/2017\/12\/IMG_5407.jpg","articleSection":["Archivio notizie"],"inLanguage":"it-IT"},{"@type":"WebPage","@id":"https:\/\/www.msn.unipi.it\/it\/semi-frutti-dellautunno\/","url":"https:\/\/www.msn.unipi.it\/it\/semi-frutti-dellautunno\/","name":"Semi e frutti dell'autunno - Museo di Storia Naturale dell&#039;Universit\u00e0 di Pisa","isPartOf":{"@id":"https:\/\/www.msn.unipi.it\/it\/#website"},"primaryImageOfPage":{"@id":"https:\/\/www.msn.unipi.it\/it\/semi-frutti-dellautunno\/#primaryimage"},"image":{"@id":"https:\/\/www.msn.unipi.it\/it\/semi-frutti-dellautunno\/#primaryimage"},"thumbnailUrl":"https:\/\/www.msn.unipi.it\/wp-content\/uploads\/2017\/12\/IMG_5407.jpg","datePublished":"2017-12-18T12:21:03+00:00","description":"Mercoled\u00ec 20 dicembre alle ore 15:00 avr\u00e0 luogo un incontro dal titolo \"Semi e frutti dell'autunno\" organizzato dai Servizi Educativi del Museo in","breadcrumb":{"@id":"https:\/\/www.msn.unipi.it\/it\/semi-frutti-dellautunno\/#breadcrumb"},"inLanguage":"it-IT","potentialAction":[{"@type":"ReadAction","target":["https:\/\/www.msn.unipi.it\/it\/semi-frutti-dellautunno\/"]}]},{"@type":"ImageObject","inLanguage":"it-IT","@id":"https:\/\/www.msn.unipi.it\/it\/semi-frutti-dellautunno\/#primaryimage","url":"https:\/\/www.msn.unipi.it\/wp-content\/uploads\/2017\/12\/IMG_5407.jpg","contentUrl":"https:\/\/www.msn.unipi.it\/wp-content\/uploads\/2017\/12\/IMG_5407.jpg","width":1600,"height":1200},{"@type":"BreadcrumbList","@id":"https:\/\/www.msn.unipi.it\/it\/semi-frutti-dellautunno\/#breadcrumb","itemListElement":[{"@type":"ListItem","position":1,"name":"Home","item":"https:\/\/www.msn.unipi.it\/it\/"},{"@type":"ListItem","position":2,"name":"Semi e frutti dell&#8217;autunno"}]},{"@type":"WebSite","@id":"https:\/\/www.msn.unipi.it\/it\/#website","url":"https:\/\/www.msn.unipi.it\/it\/","name":"Museo di Storia Naturale dell&#039;Universit\u00e0 di Pisa","description":"","publisher":{"@id":"https:\/\/www.msn.unipi.it\/it\/#organization"},"potentialAction":[{"@type":"SearchAction","target":{"@type":"EntryPoint","urlTemplate":"https:\/\/www.msn.unipi.it\/it\/?s={search_term_string}"},"query-input":{"@type":"PropertyValueSpecification","valueRequired":true,"valueName":"search_term_string"}}],"inLanguage":"it-IT"},{"@type":"Organization","@id":"https:\/\/www.msn.unipi.it\/it\/#organization","name":"Museo di Storia Naturale dell'Universit\u00e0 di Pisa","url":"https:\/\/www.msn.unipi.it\/it\/","logo":{"@type":"ImageObject","inLanguage":"it-IT","@id":"https:\/\/www.msn.unipi.it\/it\/#\/schema\/logo\/image\/","url":"https:\/\/www.msn.unipi.it\/wp-content\/uploads\/2016\/07\/footer-logo.png","contentUrl":"https:\/\/www.msn.unipi.it\/wp-content\/uploads\/2016\/07\/footer-logo.png","width":220,"height":95,"caption":"Museo di Storia Naturale dell'Universit\u00e0 di Pisa"},"image":{"@id":"https:\/\/www.msn.unipi.it\/it\/#\/schema\/logo\/image\/"},"sameAs":["https:\/\/www.facebook.com\/Museo-di-Storia-Naturale-Universit\u00e0-di-Pisa-277794215612108\/","https:\/\/x.com\/msncalci","https:\/\/www.instagram.com\/museostorianaturale_calci\/","https:\/\/www.youtube.com\/channel\/UCDaMBe_RegmdCnxLPmryMxw"]},{"@type":"Person","@id":"https:\/\/www.msn.unipi.it\/it\/#\/schema\/person\/4036e33bf3be197e64cc3e82bd998a8f","name":"Redazione","image":{"@type":"ImageObject","inLanguage":"it-IT","@id":"https:\/\/www.msn.unipi.it\/it\/#\/schema\/person\/image\/","url":"https:\/\/secure.gravatar.com\/avatar\/8669b3b4a297d2e0c6fe3f4dfc9c98a4?s=96&d=mm&r=g","contentUrl":"https:\/\/secure.gravatar.com\/avatar\/8669b3b4a297d2e0c6fe3f4dfc9c98a4?s=96&d=mm&r=g","caption":"Redazione"}}]}},"jetpack_featured_media_url":"https:\/\/www.msn.unipi.it\/wp-content\/uploads\/2017\/12\/IMG_5407.jpg","jetpack_sharing_enabled":true,"_links":{"self":[{"href":"https:\/\/www.msn.unipi.it\/it\/wp-json\/wp\/v2\/posts\/10605","targetHints":{"allow":["GET"]}}],"collection":[{"href":"https:\/\/www.msn.unipi.it\/it\/wp-json\/wp\/v2\/posts"}],"about":[{"href":"https:\/\/www.msn.unipi.it\/it\/wp-json\/wp\/v2\/types\/post"}],"author":[{"embeddable":true,"href":"https:\/\/www.msn.unipi.it\/it\/wp-json\/wp\/v2\/users\/4"}],"replies":[{"embeddable":true,"href":"https:\/\/www.msn.unipi.it\/it\/wp-json\/wp\/v2\/comments?post=10605"}],"version-history":[{"count":2,"href":"https:\/\/www.msn.unipi.it\/it\/wp-json\/wp\/v2\/posts\/10605\/revisions"}],"predecessor-version":[{"id":10612,"href":"https:\/\/www.msn.unipi.it\/it\/wp-json\/wp\/v2\/posts\/10605\/revisions\/10612"}],"wp:featuredmedia":[{"embeddable":true,"href":"https:\/\/www.msn.unipi.it\/it\/wp-json\/wp\/v2\/media\/10609"}],"wp:attachment":[{"href":"https:\/\/www.msn.unipi.it\/it\/wp-json\/wp\/v2\/media?parent=10605"}],"wp:term":[{"taxonomy":"category","embeddable":true,"href":"https:\/\/www.msn.unipi.it\/it\/wp-json\/wp\/v2\/categories?post=10605"},{"taxonomy":"post_tag","embeddable":true,"href":"https:\/\/www.msn.unipi.it\/it\/wp-json\/wp\/v2\/tags?post=10605"}],"curies":[{"name":"wp","href":"https:\/\/api.w.org\/{rel}","templated":true}]}}