{"id":11109,"date":"2018-03-30T09:31:54","date_gmt":"2018-03-30T07:31:54","guid":{"rendered":"https:\/\/www.msn.unipi.it\/?p=11109"},"modified":"2018-03-30T09:31:54","modified_gmt":"2018-03-30T07:31:54","slug":"laffresco-ritrovato-di-pietro-giarre","status":"publish","type":"post","link":"https:\/\/www.msn.unipi.it\/it\/laffresco-ritrovato-di-pietro-giarre\/","title":{"rendered":"L&#8217;affresco ritrovato di Pietro Giarr\u00e8"},"content":{"rendered":"<p><strong>LA QUADRERIA DEL PRIORE E L\u2019AFFRESCO RITROVATO DI PIETRO GIARR\u00c8<\/strong><br \/>\nMuseo nazionale della Certosa di Calci, Cella priorale<\/p>\n<p>Grazie alla generosit\u00e0 del Rotary Club Cascina, alla sovvenzione District Grant e al contributo della societ\u00e0 A.T.E.F.I. srl, il percorso espositivo del Museo nazionale della Certosa di Calci si arricchisce di una parte importante dell&#8217;appartamento priorale: la sala\/quadreria, la cappellina privata dalle elegantissime decorazioni parietali, l\u2019affaccio sul giardino del Priore con lo splendido grottesco che arreda e decora il muro di cinta che separa il giardino dagli orti.<br \/>\nIn questa sala, grazie all\u2019intesa della direzione del Museo nazionale con la direzione del Museo di Storia naturale dell\u2019Universit\u00e0 di Pisa, \u00e8 stato esposto l\u2019affresco realizzato nell&#8217;ottobre del 1770 sulla parete esterna che si affaccia nel Chiostro delle Foresterie, o chiostro priorale, e strappato per motivi legati alla sua conservazione sul finire degli anni 70 del novecento. L\u2019affresco, raffigurante San Bruno, fondatore dell&#8217;Ordine certosino, era stato commissionato dai Padri certosini al pittore fiorentino Pietro Giarr\u00e8 per ricordare il cospicuo contributo di 500 scudi che la Certosa, insieme agli altri monasteri dell\u2019ordine, aveva offerto per la realizzazione della statua del santo che ancor oggi si trova in San Pietro a Roma, scolpita in marmo dallo scultore fiammingo, naturalizzato francese, Ren\u00e8 Michel Slodz nel 1744 e a questa opera il pittore si era ispirato.<br \/>\nLa sala scelta per l\u2019esposizione dell\u2019affresco, un arioso ambiente nella cui volta \u00e8 dipinta la Gloria di San Bruno, copia del dipinto eseguito da Pietro Giarr\u00e8 nel corridoio grande che conduce al chiostro dei Padri, ospitava in antico e fino all\u2019abbandono del convento da parte dell\u2019Ordine, la Quadreria del Priore nella quale spiccavano le incisioni con Storie della vita di Cristo e alcuni quadri di valore quali ad esempio i ritratti dei Priori che sono state qui ricollocati.<br \/>\nRivediamo oggi tali opere nel loro contesto d\u2019origine, ricreando cos\u00ec l\u2019atmosfera di elegante riservatezza che aveva nei secoli caratterizzato gli ambienti di vita del Priore.<\/p>\n<p>&nbsp;<\/p>\n<p>Antonia d&#8217;Aniello<br \/>\nDirettore del Museo della Certosa di Calci e<br \/>\ndelle residenze napoleoniche dell&#8217;Elba<br \/>\nPolo Museale della Toscana<\/p>\n<p><a href=\"https:\/\/www.msn.unipi.it\/wp-content\/uploads\/2018\/03\/quadreria2.jpg\" data-lbwps-width=\"1536\" data-lbwps-height=\"2048\" data-lbwps-srcsmall=\"https:\/\/www.msn.unipi.it\/wp-content\/uploads\/2018\/03\/quadreria2-338x450.jpg\"><img loading=\"lazy\" decoding=\"async\" class=\"aligncenter size-medium wp-image-11111\" src=\"https:\/\/www.msn.unipi.it\/wp-content\/uploads\/2018\/03\/quadreria2-338x450.jpg\" alt=\"\" width=\"338\" height=\"450\" srcset=\"https:\/\/www.msn.unipi.it\/wp-content\/uploads\/2018\/03\/quadreria2-338x450.jpg 338w, https:\/\/www.msn.unipi.it\/wp-content\/uploads\/2018\/03\/quadreria2-768x1024.jpg 768w, https:\/\/www.msn.unipi.it\/wp-content\/uploads\/2018\/03\/quadreria2-600x800.jpg 600w, https:\/\/www.msn.unipi.it\/wp-content\/uploads\/2018\/03\/quadreria2.jpg 1536w\" sizes=\"auto, (max-width: 338px) 100vw, 338px\" \/><\/a><\/p>\n","protected":false},"excerpt":{"rendered":"<p>LA QUADRERIA DEL PRIORE E L\u2019AFFRESCO RITROVATO DI PIETRO GIARR\u00c8 Museo nazionale della Certosa di Calci, Cella priorale Grazie alla generosit\u00e0 del Rotary Club Cascina, alla sovvenzione District Grant e al contributo della societ\u00e0 A.T.E.F.I. srl, il percorso espositivo del Museo nazionale della Certosa di Calci si arricchisce di una parte importante dell&#8217;appartamento priorale: la&nbsp; <a href=\"https:\/\/www.msn.unipi.it\/it\/laffresco-ritrovato-di-pietro-giarre\/\">&hellip;  <i class=\"fa fa-chevron-right\"><\/i><\/a><\/p>\n","protected":false},"author":4,"featured_media":11110,"comment_status":"closed","ping_status":"closed","sticky":false,"template":"","format":"standard","meta":{"_jetpack_memberships_contains_paid_content":false,"footnotes":""},"categories":[9],"tags":[],"class_list":["post-11109","post","type-post","status-publish","format-standard","has-post-thumbnail","hentry","category-archivio"],"yoast_head":"<!-- This site is optimized with the Yoast SEO plugin v26.8 - https:\/\/yoast.com\/product\/yoast-seo-wordpress\/ -->\n<title>L&#039;affresco ritrovato di Pietro Giarr\u00e8 - Museo di Storia Naturale dell&#039;Universit\u00e0 di Pisa<\/title>\n<meta name=\"description\" content=\"LA QUADRERIA DEL PRIORE E L\u2019AFFRESCO RITROVATO DI PIETRO GIARR\u00c8 Museo nazionale della Certosa di Calci, Cella priorale Grazie alla generosit\u00e0 del Rotary\" \/>\n<meta name=\"robots\" content=\"index, follow, max-snippet:-1, max-image-preview:large, max-video-preview:-1\" \/>\n<link rel=\"canonical\" href=\"https:\/\/www.msn.unipi.it\/it\/laffresco-ritrovato-di-pietro-giarre\/\" \/>\n<meta property=\"og:locale\" content=\"it_IT\" \/>\n<meta property=\"og:type\" content=\"article\" \/>\n<meta property=\"og:title\" content=\"L&#039;affresco ritrovato di Pietro Giarr\u00e8 - Museo di Storia Naturale dell&#039;Universit\u00e0 di Pisa\" \/>\n<meta property=\"og:description\" content=\"LA QUADRERIA DEL PRIORE E L\u2019AFFRESCO RITROVATO DI PIETRO GIARR\u00c8 Museo nazionale della Certosa di Calci, Cella priorale Grazie alla generosit\u00e0 del Rotary\" \/>\n<meta property=\"og:url\" content=\"https:\/\/www.msn.unipi.it\/it\/laffresco-ritrovato-di-pietro-giarre\/\" \/>\n<meta property=\"og:site_name\" content=\"Museo di Storia Naturale dell&#039;Universit\u00e0 di Pisa\" \/>\n<meta property=\"article:publisher\" content=\"https:\/\/www.facebook.com\/Museo-di-Storia-Naturale-Universit%c3%a0-di-Pisa-277794215612108\/\" \/>\n<meta property=\"article:published_time\" content=\"2018-03-30T07:31:54+00:00\" \/>\n<meta property=\"og:image\" content=\"https:\/\/www.msn.unipi.it\/wp-content\/uploads\/2018\/03\/Pietro-Giarr\u00de-particolare.jpg\" \/>\n\t<meta property=\"og:image:width\" content=\"2048\" \/>\n\t<meta property=\"og:image:height\" content=\"1536\" \/>\n\t<meta property=\"og:image:type\" content=\"image\/jpeg\" \/>\n<meta name=\"author\" content=\"Redazione\" \/>\n<meta name=\"twitter:card\" content=\"summary_large_image\" \/>\n<meta name=\"twitter:creator\" content=\"@msncalci\" \/>\n<meta name=\"twitter:site\" content=\"@msncalci\" \/>\n<meta name=\"twitter:label1\" content=\"Scritto da\" \/>\n\t<meta name=\"twitter:data1\" content=\"Redazione\" \/>\n\t<meta name=\"twitter:label2\" content=\"Tempo di lettura stimato\" \/>\n\t<meta name=\"twitter:data2\" content=\"2 minuti\" \/>\n<script type=\"application\/ld+json\" class=\"yoast-schema-graph\">{\"@context\":\"https:\/\/schema.org\",\"@graph\":[{\"@type\":\"Article\",\"@id\":\"https:\/\/www.msn.unipi.it\/it\/laffresco-ritrovato-di-pietro-giarre\/#article\",\"isPartOf\":{\"@id\":\"https:\/\/www.msn.unipi.it\/it\/laffresco-ritrovato-di-pietro-giarre\/\"},\"author\":{\"name\":\"Redazione\",\"@id\":\"https:\/\/www.msn.unipi.it\/it\/#\/schema\/person\/4036e33bf3be197e64cc3e82bd998a8f\"},\"headline\":\"L&#8217;affresco ritrovato di Pietro Giarr\u00e8\",\"datePublished\":\"2018-03-30T07:31:54+00:00\",\"mainEntityOfPage\":{\"@id\":\"https:\/\/www.msn.unipi.it\/it\/laffresco-ritrovato-di-pietro-giarre\/\"},\"wordCount\":357,\"publisher\":{\"@id\":\"https:\/\/www.msn.unipi.it\/it\/#organization\"},\"image\":{\"@id\":\"https:\/\/www.msn.unipi.it\/it\/laffresco-ritrovato-di-pietro-giarre\/#primaryimage\"},\"thumbnailUrl\":\"https:\/\/www.msn.unipi.it\/wp-content\/uploads\/2018\/03\/Pietro-Giarr\u00de-particolare.jpg\",\"articleSection\":[\"Archivio notizie\"],\"inLanguage\":\"it-IT\"},{\"@type\":\"WebPage\",\"@id\":\"https:\/\/www.msn.unipi.it\/it\/laffresco-ritrovato-di-pietro-giarre\/\",\"url\":\"https:\/\/www.msn.unipi.it\/it\/laffresco-ritrovato-di-pietro-giarre\/\",\"name\":\"L'affresco ritrovato di Pietro Giarr\u00e8 - Museo di Storia Naturale dell&#039;Universit\u00e0 di Pisa\",\"isPartOf\":{\"@id\":\"https:\/\/www.msn.unipi.it\/it\/#website\"},\"primaryImageOfPage\":{\"@id\":\"https:\/\/www.msn.unipi.it\/it\/laffresco-ritrovato-di-pietro-giarre\/#primaryimage\"},\"image\":{\"@id\":\"https:\/\/www.msn.unipi.it\/it\/laffresco-ritrovato-di-pietro-giarre\/#primaryimage\"},\"thumbnailUrl\":\"https:\/\/www.msn.unipi.it\/wp-content\/uploads\/2018\/03\/Pietro-Giarr\u00de-particolare.jpg\",\"datePublished\":\"2018-03-30T07:31:54+00:00\",\"description\":\"LA QUADRERIA DEL PRIORE E L\u2019AFFRESCO RITROVATO DI PIETRO GIARR\u00c8 Museo nazionale della Certosa di Calci, Cella priorale Grazie alla generosit\u00e0 del Rotary\",\"breadcrumb\":{\"@id\":\"https:\/\/www.msn.unipi.it\/it\/laffresco-ritrovato-di-pietro-giarre\/#breadcrumb\"},\"inLanguage\":\"it-IT\",\"potentialAction\":[{\"@type\":\"ReadAction\",\"target\":[\"https:\/\/www.msn.unipi.it\/it\/laffresco-ritrovato-di-pietro-giarre\/\"]}]},{\"@type\":\"ImageObject\",\"inLanguage\":\"it-IT\",\"@id\":\"https:\/\/www.msn.unipi.it\/it\/laffresco-ritrovato-di-pietro-giarre\/#primaryimage\",\"url\":\"https:\/\/www.msn.unipi.it\/wp-content\/uploads\/2018\/03\/Pietro-Giarr\u00de-particolare.jpg\",\"contentUrl\":\"https:\/\/www.msn.unipi.it\/wp-content\/uploads\/2018\/03\/Pietro-Giarr\u00de-particolare.jpg\",\"width\":2048,\"height\":1536},{\"@type\":\"BreadcrumbList\",\"@id\":\"https:\/\/www.msn.unipi.it\/it\/laffresco-ritrovato-di-pietro-giarre\/#breadcrumb\",\"itemListElement\":[{\"@type\":\"ListItem\",\"position\":1,\"name\":\"Home\",\"item\":\"https:\/\/www.msn.unipi.it\/it\/\"},{\"@type\":\"ListItem\",\"position\":2,\"name\":\"L&#8217;affresco ritrovato di Pietro Giarr\u00e8\"}]},{\"@type\":\"WebSite\",\"@id\":\"https:\/\/www.msn.unipi.it\/it\/#website\",\"url\":\"https:\/\/www.msn.unipi.it\/it\/\",\"name\":\"Museo di Storia Naturale dell&#039;Universit\u00e0 di Pisa\",\"description\":\"\",\"publisher\":{\"@id\":\"https:\/\/www.msn.unipi.it\/it\/#organization\"},\"potentialAction\":[{\"@type\":\"SearchAction\",\"target\":{\"@type\":\"EntryPoint\",\"urlTemplate\":\"https:\/\/www.msn.unipi.it\/it\/?s={search_term_string}\"},\"query-input\":{\"@type\":\"PropertyValueSpecification\",\"valueRequired\":true,\"valueName\":\"search_term_string\"}}],\"inLanguage\":\"it-IT\"},{\"@type\":\"Organization\",\"@id\":\"https:\/\/www.msn.unipi.it\/it\/#organization\",\"name\":\"Museo di Storia Naturale dell'Universit\u00e0 di Pisa\",\"url\":\"https:\/\/www.msn.unipi.it\/it\/\",\"logo\":{\"@type\":\"ImageObject\",\"inLanguage\":\"it-IT\",\"@id\":\"https:\/\/www.msn.unipi.it\/it\/#\/schema\/logo\/image\/\",\"url\":\"https:\/\/www.msn.unipi.it\/wp-content\/uploads\/2016\/07\/footer-logo.png\",\"contentUrl\":\"https:\/\/www.msn.unipi.it\/wp-content\/uploads\/2016\/07\/footer-logo.png\",\"width\":220,\"height\":95,\"caption\":\"Museo di Storia Naturale dell'Universit\u00e0 di Pisa\"},\"image\":{\"@id\":\"https:\/\/www.msn.unipi.it\/it\/#\/schema\/logo\/image\/\"},\"sameAs\":[\"https:\/\/www.facebook.com\/Museo-di-Storia-Naturale-Universit\u00e0-di-Pisa-277794215612108\/\",\"https:\/\/x.com\/msncalci\",\"https:\/\/www.instagram.com\/museostorianaturale_calci\/\",\"https:\/\/www.youtube.com\/channel\/UCDaMBe_RegmdCnxLPmryMxw\"]},{\"@type\":\"Person\",\"@id\":\"https:\/\/www.msn.unipi.it\/it\/#\/schema\/person\/4036e33bf3be197e64cc3e82bd998a8f\",\"name\":\"Redazione\",\"image\":{\"@type\":\"ImageObject\",\"inLanguage\":\"it-IT\",\"@id\":\"https:\/\/www.msn.unipi.it\/it\/#\/schema\/person\/image\/\",\"url\":\"https:\/\/secure.gravatar.com\/avatar\/8669b3b4a297d2e0c6fe3f4dfc9c98a4?s=96&d=mm&r=g\",\"contentUrl\":\"https:\/\/secure.gravatar.com\/avatar\/8669b3b4a297d2e0c6fe3f4dfc9c98a4?s=96&d=mm&r=g\",\"caption\":\"Redazione\"}}]}<\/script>\n<!-- \/ Yoast SEO plugin. -->","yoast_head_json":{"title":"L'affresco ritrovato di Pietro Giarr\u00e8 - Museo di Storia Naturale dell&#039;Universit\u00e0 di Pisa","description":"LA QUADRERIA DEL PRIORE E L\u2019AFFRESCO RITROVATO DI PIETRO GIARR\u00c8 Museo nazionale della Certosa di Calci, Cella priorale Grazie alla generosit\u00e0 del Rotary","robots":{"index":"index","follow":"follow","max-snippet":"max-snippet:-1","max-image-preview":"max-image-preview:large","max-video-preview":"max-video-preview:-1"},"canonical":"https:\/\/www.msn.unipi.it\/it\/laffresco-ritrovato-di-pietro-giarre\/","og_locale":"it_IT","og_type":"article","og_title":"L'affresco ritrovato di Pietro Giarr\u00e8 - Museo di Storia Naturale dell&#039;Universit\u00e0 di Pisa","og_description":"LA QUADRERIA DEL PRIORE E L\u2019AFFRESCO RITROVATO DI PIETRO GIARR\u00c8 Museo nazionale della Certosa di Calci, Cella priorale Grazie alla generosit\u00e0 del Rotary","og_url":"https:\/\/www.msn.unipi.it\/it\/laffresco-ritrovato-di-pietro-giarre\/","og_site_name":"Museo di Storia Naturale dell&#039;Universit\u00e0 di Pisa","article_publisher":"https:\/\/www.facebook.com\/Museo-di-Storia-Naturale-Universit%c3%a0-di-Pisa-277794215612108\/","article_published_time":"2018-03-30T07:31:54+00:00","og_image":[{"width":2048,"height":1536,"url":"https:\/\/www.msn.unipi.it\/wp-content\/uploads\/2018\/03\/Pietro-Giarr\u00de-particolare.jpg","type":"image\/jpeg"}],"author":"Redazione","twitter_card":"summary_large_image","twitter_creator":"@msncalci","twitter_site":"@msncalci","twitter_misc":{"Scritto da":"Redazione","Tempo di lettura stimato":"2 minuti"},"schema":{"@context":"https:\/\/schema.org","@graph":[{"@type":"Article","@id":"https:\/\/www.msn.unipi.it\/it\/laffresco-ritrovato-di-pietro-giarre\/#article","isPartOf":{"@id":"https:\/\/www.msn.unipi.it\/it\/laffresco-ritrovato-di-pietro-giarre\/"},"author":{"name":"Redazione","@id":"https:\/\/www.msn.unipi.it\/it\/#\/schema\/person\/4036e33bf3be197e64cc3e82bd998a8f"},"headline":"L&#8217;affresco ritrovato di Pietro Giarr\u00e8","datePublished":"2018-03-30T07:31:54+00:00","mainEntityOfPage":{"@id":"https:\/\/www.msn.unipi.it\/it\/laffresco-ritrovato-di-pietro-giarre\/"},"wordCount":357,"publisher":{"@id":"https:\/\/www.msn.unipi.it\/it\/#organization"},"image":{"@id":"https:\/\/www.msn.unipi.it\/it\/laffresco-ritrovato-di-pietro-giarre\/#primaryimage"},"thumbnailUrl":"https:\/\/www.msn.unipi.it\/wp-content\/uploads\/2018\/03\/Pietro-Giarr\u00de-particolare.jpg","articleSection":["Archivio notizie"],"inLanguage":"it-IT"},{"@type":"WebPage","@id":"https:\/\/www.msn.unipi.it\/it\/laffresco-ritrovato-di-pietro-giarre\/","url":"https:\/\/www.msn.unipi.it\/it\/laffresco-ritrovato-di-pietro-giarre\/","name":"L'affresco ritrovato di Pietro Giarr\u00e8 - Museo di Storia Naturale dell&#039;Universit\u00e0 di Pisa","isPartOf":{"@id":"https:\/\/www.msn.unipi.it\/it\/#website"},"primaryImageOfPage":{"@id":"https:\/\/www.msn.unipi.it\/it\/laffresco-ritrovato-di-pietro-giarre\/#primaryimage"},"image":{"@id":"https:\/\/www.msn.unipi.it\/it\/laffresco-ritrovato-di-pietro-giarre\/#primaryimage"},"thumbnailUrl":"https:\/\/www.msn.unipi.it\/wp-content\/uploads\/2018\/03\/Pietro-Giarr\u00de-particolare.jpg","datePublished":"2018-03-30T07:31:54+00:00","description":"LA QUADRERIA DEL PRIORE E L\u2019AFFRESCO RITROVATO DI PIETRO GIARR\u00c8 Museo nazionale della Certosa di Calci, Cella priorale Grazie alla generosit\u00e0 del Rotary","breadcrumb":{"@id":"https:\/\/www.msn.unipi.it\/it\/laffresco-ritrovato-di-pietro-giarre\/#breadcrumb"},"inLanguage":"it-IT","potentialAction":[{"@type":"ReadAction","target":["https:\/\/www.msn.unipi.it\/it\/laffresco-ritrovato-di-pietro-giarre\/"]}]},{"@type":"ImageObject","inLanguage":"it-IT","@id":"https:\/\/www.msn.unipi.it\/it\/laffresco-ritrovato-di-pietro-giarre\/#primaryimage","url":"https:\/\/www.msn.unipi.it\/wp-content\/uploads\/2018\/03\/Pietro-Giarr\u00de-particolare.jpg","contentUrl":"https:\/\/www.msn.unipi.it\/wp-content\/uploads\/2018\/03\/Pietro-Giarr\u00de-particolare.jpg","width":2048,"height":1536},{"@type":"BreadcrumbList","@id":"https:\/\/www.msn.unipi.it\/it\/laffresco-ritrovato-di-pietro-giarre\/#breadcrumb","itemListElement":[{"@type":"ListItem","position":1,"name":"Home","item":"https:\/\/www.msn.unipi.it\/it\/"},{"@type":"ListItem","position":2,"name":"L&#8217;affresco ritrovato di Pietro Giarr\u00e8"}]},{"@type":"WebSite","@id":"https:\/\/www.msn.unipi.it\/it\/#website","url":"https:\/\/www.msn.unipi.it\/it\/","name":"Museo di Storia Naturale dell&#039;Universit\u00e0 di Pisa","description":"","publisher":{"@id":"https:\/\/www.msn.unipi.it\/it\/#organization"},"potentialAction":[{"@type":"SearchAction","target":{"@type":"EntryPoint","urlTemplate":"https:\/\/www.msn.unipi.it\/it\/?s={search_term_string}"},"query-input":{"@type":"PropertyValueSpecification","valueRequired":true,"valueName":"search_term_string"}}],"inLanguage":"it-IT"},{"@type":"Organization","@id":"https:\/\/www.msn.unipi.it\/it\/#organization","name":"Museo di Storia Naturale dell'Universit\u00e0 di Pisa","url":"https:\/\/www.msn.unipi.it\/it\/","logo":{"@type":"ImageObject","inLanguage":"it-IT","@id":"https:\/\/www.msn.unipi.it\/it\/#\/schema\/logo\/image\/","url":"https:\/\/www.msn.unipi.it\/wp-content\/uploads\/2016\/07\/footer-logo.png","contentUrl":"https:\/\/www.msn.unipi.it\/wp-content\/uploads\/2016\/07\/footer-logo.png","width":220,"height":95,"caption":"Museo di Storia Naturale dell'Universit\u00e0 di Pisa"},"image":{"@id":"https:\/\/www.msn.unipi.it\/it\/#\/schema\/logo\/image\/"},"sameAs":["https:\/\/www.facebook.com\/Museo-di-Storia-Naturale-Universit\u00e0-di-Pisa-277794215612108\/","https:\/\/x.com\/msncalci","https:\/\/www.instagram.com\/museostorianaturale_calci\/","https:\/\/www.youtube.com\/channel\/UCDaMBe_RegmdCnxLPmryMxw"]},{"@type":"Person","@id":"https:\/\/www.msn.unipi.it\/it\/#\/schema\/person\/4036e33bf3be197e64cc3e82bd998a8f","name":"Redazione","image":{"@type":"ImageObject","inLanguage":"it-IT","@id":"https:\/\/www.msn.unipi.it\/it\/#\/schema\/person\/image\/","url":"https:\/\/secure.gravatar.com\/avatar\/8669b3b4a297d2e0c6fe3f4dfc9c98a4?s=96&d=mm&r=g","contentUrl":"https:\/\/secure.gravatar.com\/avatar\/8669b3b4a297d2e0c6fe3f4dfc9c98a4?s=96&d=mm&r=g","caption":"Redazione"}}]}},"jetpack_featured_media_url":"https:\/\/www.msn.unipi.it\/wp-content\/uploads\/2018\/03\/Pietro-Giarr\u00de-particolare.jpg","jetpack_sharing_enabled":true,"_links":{"self":[{"href":"https:\/\/www.msn.unipi.it\/it\/wp-json\/wp\/v2\/posts\/11109","targetHints":{"allow":["GET"]}}],"collection":[{"href":"https:\/\/www.msn.unipi.it\/it\/wp-json\/wp\/v2\/posts"}],"about":[{"href":"https:\/\/www.msn.unipi.it\/it\/wp-json\/wp\/v2\/types\/post"}],"author":[{"embeddable":true,"href":"https:\/\/www.msn.unipi.it\/it\/wp-json\/wp\/v2\/users\/4"}],"replies":[{"embeddable":true,"href":"https:\/\/www.msn.unipi.it\/it\/wp-json\/wp\/v2\/comments?post=11109"}],"version-history":[{"count":1,"href":"https:\/\/www.msn.unipi.it\/it\/wp-json\/wp\/v2\/posts\/11109\/revisions"}],"predecessor-version":[{"id":11112,"href":"https:\/\/www.msn.unipi.it\/it\/wp-json\/wp\/v2\/posts\/11109\/revisions\/11112"}],"wp:featuredmedia":[{"embeddable":true,"href":"https:\/\/www.msn.unipi.it\/it\/wp-json\/wp\/v2\/media\/11110"}],"wp:attachment":[{"href":"https:\/\/www.msn.unipi.it\/it\/wp-json\/wp\/v2\/media?parent=11109"}],"wp:term":[{"taxonomy":"category","embeddable":true,"href":"https:\/\/www.msn.unipi.it\/it\/wp-json\/wp\/v2\/categories?post=11109"},{"taxonomy":"post_tag","embeddable":true,"href":"https:\/\/www.msn.unipi.it\/it\/wp-json\/wp\/v2\/tags?post=11109"}],"curies":[{"name":"wp","href":"https:\/\/api.w.org\/{rel}","templated":true}]}}