{"id":11236,"date":"2018-04-27T14:31:43","date_gmt":"2018-04-27T12:31:43","guid":{"rendered":"https:\/\/www.msn.unipi.it\/?p=11236"},"modified":"2018-05-10T10:53:28","modified_gmt":"2018-05-10T08:53:28","slug":"inaugurata-la-galleria-dei-cetacei","status":"publish","type":"post","link":"https:\/\/www.msn.unipi.it\/it\/inaugurata-la-galleria-dei-cetacei\/","title":{"rendered":"Inaugurata la Galleria dei cetacei"},"content":{"rendered":"<blockquote>\n<ul>\n<li style=\"text-align: right;\">La balena emerse e rest\u00f2 quasi immobile.<br \/>\nGir\u00f2 su se stessa, apparve un suo occhio. Il suo sguardo si incroci\u00f2 con quello di Anna.<br \/>\nSi fissarono l\u2019un l\u2019altra nell\u2019interminabile tempo di alcuni secondi.<br \/>\nOgnuno cercando di vedere meglio, di capire.<br \/>\nReciproca curiosit\u00e0, forse anche amore.<br \/>\nDi certo un tentativo di comunicare.<br \/>\nEro di qualche metro pi\u00f9 lontano, ma l\u2019azzurro profondo di quello sguardo fu anche per me un messaggio indelebile.<br \/>\n(Folco Quilici)<\/li>\n<\/ul>\n<\/blockquote>\n<p>Venerd\u00ec 20 aprile \u00e8 stata inaugurata la nuova <strong>Galleria dei cetacei<\/strong> del Museo: un\u2019inaugurazione atipica, a differenza di quella della Galleria storica e della Galleria dei mammiferi, poich\u00e9 <strong>la sala non \u00e8 mai stata chiusa al pubblico<\/strong> durante il lungo processo di trasformazione e ammodernamento durato circa 3 anni.<span class=\"Apple-converted-space\">\u00a0<\/span><\/p>\n<p>Specialmente negli ultimi mesi,<span class=\"Apple-converted-space\">\u00a0 <\/span>la probabilit\u00e0 che il visitatore si ritrovasse in mezzo ad un vero e proprio <strong>\u201cwork in progress\u201d<\/strong> era molto alta: <strong>fabbri<\/strong>, <strong>elettricisti<\/strong>, <strong>tappezzieri<\/strong>, <strong>stampatori<\/strong>, i volontari del <strong>servizio civile<\/strong>\u00a0insieme al personale del Museo si avvicendavano, a seconda della necessit\u00e0, praticamente tutti i giorni. Molte sono infatti le professionalit\u00e0 messe in campo per questa nostra ennesima impresa, persone che hanno lavorato fino all\u2019ultimo minuto possibile, si pensi ai ragazzi del servizio civile che proprio la mattina del 20 aprile si sono prodigati con <strong>pennello<\/strong> e <strong>vernice<\/strong> per dare gli ultimi ritocchi ai supporti metallici o ai fabbri che nella stessa mattina hanno montato e trasportato in Galleria degli enormi <strong>fanoni<\/strong> di Balena franca. Non sono mancati neppure gli inconvenienti dell\u2019ultimo minuto, per fortuna subito prontamente risolti.<\/p>\n<p>Come detto, si \u00e8 trattato di un allestimento <strong><i>sotto gli occhi di tutti<\/i><\/strong>, qualcosa di insolito perfino per il nostro Museo. Questo ha comportato da una parte alcuni disagi dati dalla presenza degli operai e degli attrezzi da lavoro, dall&#8217;altra parte per\u00f2 ha fornito la possibilit\u00e0 unica e irripetibile di poter <strong>osservare<\/strong> da vicino alcune delle fasi pi\u00f9 interessanti del riallestimento: il <strong>montaggio della balenottera<\/strong>, prima conservata nei magazzini, il <strong>posizionamento di reperti fossili<\/strong> in teche di vetro realizzate appositamente, e ancora la <strong>ricostruzione dello studio del Richiardi<\/strong> e l\u2019arrivo dei <strong>modelli<\/strong> di cetacei riprodotti a grandezza naturale.<\/p>\n<p>Nonostante fosse semplice farsi un\u2019idea delle novit\u00e0 e dei cambiamenti in atto nella Galleria, ai visitatori non sono state svelate tutte le sorprese. Dopo il taglio del nastro i visitatori arrivati in fondo ai 110 metri della Galleria si sono trovati di fronte a \u2026. <strong>Sebastiano Richiardi<\/strong>! S\u00ec! Proprio lo storico direttore ottocentesco del Museo. Richiardi, dal suo ritratto appeso accanto alla riproduzione dello studio, vicino allo scheletro della Balenottera azzurra, ci racconta alcuni degli episodi del lungo lavoro che gli ha permesso di raccogliere gran parte degli scheletri presenti in Galleria. Naturalmente non si tratta di una magia o di un ritorno indietro nel tempo, infatti ad incarnare l\u2019illustre direttore del passato c\u2019\u00e8, e non poteva essere altrimenti, l\u2019attuale direttore del Museo <strong>Roberto Barbuti<\/strong> che, perfettamente calato nel personaggio, svela alcuni <strong>aneddoti<\/strong> e <strong>curiosit\u00e0<\/strong> sull&#8217;acquisizione degli scheletri di fine ottocento.<span class=\"Apple-converted-space\">\u00a0<\/span><\/p>\n<p>La giornata, baciata dal sole e da temperature quasi estive, si \u00e8 conclusa con un <strong>rinfresco<\/strong> nel frutteto certosino di fronte alla Galleria dove molti visitatori, avvolti dal profumo delle fioriture,<span class=\"Apple-converted-space\">\u00a0 <\/span>sono rimasti fino al tramonto per godersi lo spettacolare gioco di luci e ombre creato dagli scheletri dei cetacei e dalle forme architettoniche della Certosa.<\/p>\n<p>&nbsp;<\/p>\n<p>G.C.<\/p>\n<p class=\"jetpack-slideshow-noscript robots-nocontent\">Questo slideshow richiede JavaScript.<\/p><div id=\"gallery-11236-1-slideshow\" class=\"jetpack-slideshow-window jetpack-slideshow jetpack-slideshow-black\" data-trans=\"fade\" data-autostart=\"1\" data-gallery=\"[{&quot;src&quot;:&quot;https:\\\/\\\/www.msn.unipi.it\\\/wp-content\\\/uploads\\\/2018\\\/04\\\/DSC_0230.jpg&quot;,&quot;id&quot;:&quot;11247&quot;,&quot;title&quot;:&quot;DSC_0230&quot;,&quot;alt&quot;:&quot;&quot;,&quot;caption&quot;:&quot;&quot;,&quot;itemprop&quot;:&quot;image&quot;},{&quot;src&quot;:&quot;https:\\\/\\\/www.msn.unipi.it\\\/wp-content\\\/uploads\\\/2018\\\/04\\\/DSC_0234.jpg&quot;,&quot;id&quot;:&quot;11250&quot;,&quot;title&quot;:&quot;DSC_0234&quot;,&quot;alt&quot;:&quot;&quot;,&quot;caption&quot;:&quot;&quot;,&quot;itemprop&quot;:&quot;image&quot;},{&quot;src&quot;:&quot;https:\\\/\\\/www.msn.unipi.it\\\/wp-content\\\/uploads\\\/2018\\\/04\\\/DSC_0225.jpg&quot;,&quot;id&quot;:&quot;11244&quot;,&quot;title&quot;:&quot;DSC_0225&quot;,&quot;alt&quot;:&quot;&quot;,&quot;caption&quot;:&quot;&quot;,&quot;itemprop&quot;:&quot;image&quot;},{&quot;src&quot;:&quot;https:\\\/\\\/www.msn.unipi.it\\\/wp-content\\\/uploads\\\/2018\\\/04\\\/DSC_0243.jpg&quot;,&quot;id&quot;:&quot;11253&quot;,&quot;title&quot;:&quot;DSC_0243&quot;,&quot;alt&quot;:&quot;&quot;,&quot;caption&quot;:&quot;&quot;,&quot;itemprop&quot;:&quot;image&quot;},{&quot;src&quot;:&quot;https:\\\/\\\/www.msn.unipi.it\\\/wp-content\\\/uploads\\\/2018\\\/04\\\/DSC_0222.jpg&quot;,&quot;id&quot;:&quot;11242&quot;,&quot;title&quot;:&quot;Inaugurazione cetacei&quot;,&quot;alt&quot;:&quot;&quot;,&quot;caption&quot;:&quot;&quot;,&quot;itemprop&quot;:&quot;image&quot;},{&quot;src&quot;:&quot;https:\\\/\\\/www.msn.unipi.it\\\/wp-content\\\/uploads\\\/2018\\\/04\\\/DSC_0231.jpg&quot;,&quot;id&quot;:&quot;11248&quot;,&quot;title&quot;:&quot;DSC_0231&quot;,&quot;alt&quot;:&quot;&quot;,&quot;caption&quot;:&quot;&quot;,&quot;itemprop&quot;:&quot;image&quot;},{&quot;src&quot;:&quot;https:\\\/\\\/www.msn.unipi.it\\\/wp-content\\\/uploads\\\/2018\\\/04\\\/DSC_0226.jpg&quot;,&quot;id&quot;:&quot;11245&quot;,&quot;title&quot;:&quot;DSC_0226&quot;,&quot;alt&quot;:&quot;&quot;,&quot;caption&quot;:&quot;&quot;,&quot;itemprop&quot;:&quot;image&quot;},{&quot;src&quot;:&quot;https:\\\/\\\/www.msn.unipi.it\\\/wp-content\\\/uploads\\\/2018\\\/04\\\/DSC_0239.jpg&quot;,&quot;id&quot;:&quot;11252&quot;,&quot;title&quot;:&quot;DSC_0239&quot;,&quot;alt&quot;:&quot;&quot;,&quot;caption&quot;:&quot;&quot;,&quot;itemprop&quot;:&quot;image&quot;},{&quot;src&quot;:&quot;https:\\\/\\\/www.msn.unipi.it\\\/wp-content\\\/uploads\\\/2018\\\/04\\\/DSC_0235.jpg&quot;,&quot;id&quot;:&quot;11251&quot;,&quot;title&quot;:&quot;DSC_0235&quot;,&quot;alt&quot;:&quot;&quot;,&quot;caption&quot;:&quot;&quot;,&quot;itemprop&quot;:&quot;image&quot;},{&quot;src&quot;:&quot;https:\\\/\\\/www.msn.unipi.it\\\/wp-content\\\/uploads\\\/2018\\\/04\\\/DSC_0246.jpg&quot;,&quot;id&quot;:&quot;11254&quot;,&quot;title&quot;:&quot;inaugurazione cetacei&quot;,&quot;alt&quot;:&quot;&quot;,&quot;caption&quot;:&quot;&quot;,&quot;itemprop&quot;:&quot;image&quot;},{&quot;src&quot;:&quot;https:\\\/\\\/www.msn.unipi.it\\\/wp-content\\\/uploads\\\/2018\\\/04\\\/DSC_0220.jpg&quot;,&quot;id&quot;:&quot;11241&quot;,&quot;title&quot;:&quot;Inaugurazione cetacei&quot;,&quot;alt&quot;:&quot;&quot;,&quot;caption&quot;:&quot;&quot;,&quot;itemprop&quot;:&quot;image&quot;},{&quot;src&quot;:&quot;https:\\\/\\\/www.msn.unipi.it\\\/wp-content\\\/uploads\\\/2018\\\/04\\\/DSC_0232.jpg&quot;,&quot;id&quot;:&quot;11249&quot;,&quot;title&quot;:&quot;DSC_0232&quot;,&quot;alt&quot;:&quot;&quot;,&quot;caption&quot;:&quot;&quot;,&quot;itemprop&quot;:&quot;image&quot;},{&quot;src&quot;:&quot;https:\\\/\\\/www.msn.unipi.it\\\/wp-content\\\/uploads\\\/2018\\\/04\\\/DSC_0244-1.jpg&quot;,&quot;id&quot;:&quot;11256&quot;,&quot;title&quot;:&quot;Inaugurazione cetacei&quot;,&quot;alt&quot;:&quot;&quot;,&quot;caption&quot;:&quot;&quot;,&quot;itemprop&quot;:&quot;image&quot;},{&quot;src&quot;:&quot;https:\\\/\\\/www.msn.unipi.it\\\/wp-content\\\/uploads\\\/2018\\\/04\\\/DSC_0229.jpg&quot;,&quot;id&quot;:&quot;11246&quot;,&quot;title&quot;:&quot;DSC_0229&quot;,&quot;alt&quot;:&quot;&quot;,&quot;caption&quot;:&quot;&quot;,&quot;itemprop&quot;:&quot;image&quot;}]\" itemscope itemtype=\"https:\/\/schema.org\/ImageGallery\"><\/div>\n<p>&nbsp;<\/p>\n<p>&nbsp;<\/p>\n<p>&nbsp;<\/p>\n","protected":false},"excerpt":{"rendered":"<p>Venerd\u00ec 20 aprile \u00e8 stata inaugurata la nuova Galleria dei cetacei del Museo: un\u2019inaugurazione atipica, a differenza di quella della Galleria storica e della Galleria dei mammiferi, poich\u00e9 la sala non \u00e8 mai stata chiusa al pubblico durante il lungo processo di trasformazione e ammodernamento durato circa 3 anni.\u00a0<\/p>\n","protected":false},"author":5,"featured_media":11256,"comment_status":"closed","ping_status":"closed","sticky":false,"template":"","format":"standard","meta":{"_jetpack_memberships_contains_paid_content":false,"footnotes":""},"categories":[444],"tags":[],"class_list":["post-11236","post","type-post","status-publish","format-standard","has-post-thumbnail","hentry","category-blog"],"yoast_head":"<!-- This site is optimized with the Yoast SEO plugin v26.8 - https:\/\/yoast.com\/product\/yoast-seo-wordpress\/ -->\n<title>Inaugurata la Galleria dei cetacei - Museo di Storia Naturale dell&#039;Universit\u00e0 di Pisa<\/title>\n<meta name=\"description\" content=\"Venerd\u00ec 20 aprile \u00e8 stata inaugurata la nuova Galleria dei cetacei del Museo: un\u2019inaugurazione atipica, a differenza di quella della Galleria storica e della Galleria dei mammiferi, poich\u00e9 la sala non \u00e8 mai stata chiusa al pubblico durante il lungo processo di trasformazione e ammodernamento durato circa 3 anni.\u00a0\" \/>\n<meta name=\"robots\" content=\"index, follow, max-snippet:-1, max-image-preview:large, max-video-preview:-1\" \/>\n<link rel=\"canonical\" href=\"https:\/\/www.msn.unipi.it\/it\/inaugurata-la-galleria-dei-cetacei\/\" \/>\n<meta property=\"og:locale\" content=\"it_IT\" \/>\n<meta property=\"og:type\" content=\"article\" \/>\n<meta property=\"og:title\" content=\"Inaugurata la Galleria dei cetacei - Museo di Storia Naturale dell&#039;Universit\u00e0 di Pisa\" \/>\n<meta property=\"og:description\" content=\"Venerd\u00ec 20 aprile \u00e8 stata inaugurata la nuova Galleria dei cetacei del Museo: un\u2019inaugurazione atipica, a differenza di quella della Galleria storica e della Galleria dei mammiferi, poich\u00e9 la sala non \u00e8 mai stata chiusa al pubblico durante il lungo processo di trasformazione e ammodernamento durato circa 3 anni.\u00a0\" \/>\n<meta property=\"og:url\" content=\"https:\/\/www.msn.unipi.it\/it\/inaugurata-la-galleria-dei-cetacei\/\" \/>\n<meta property=\"og:site_name\" content=\"Museo di Storia Naturale dell&#039;Universit\u00e0 di Pisa\" \/>\n<meta property=\"article:publisher\" content=\"https:\/\/www.facebook.com\/Museo-di-Storia-Naturale-Universit%c3%a0-di-Pisa-277794215612108\/\" \/>\n<meta property=\"article:published_time\" content=\"2018-04-27T12:31:43+00:00\" \/>\n<meta property=\"article:modified_time\" content=\"2018-05-10T08:53:28+00:00\" \/>\n<meta property=\"og:image\" content=\"https:\/\/www.msn.unipi.it\/wp-content\/uploads\/2018\/04\/DSC_0244-1.jpg\" \/>\n\t<meta property=\"og:image:width\" content=\"2048\" \/>\n\t<meta property=\"og:image:height\" content=\"1365\" \/>\n\t<meta property=\"og:image:type\" content=\"image\/jpeg\" \/>\n<meta name=\"author\" content=\"diariodelmuseo\" \/>\n<meta name=\"twitter:card\" content=\"summary_large_image\" \/>\n<meta name=\"twitter:creator\" content=\"@msncalci\" \/>\n<meta name=\"twitter:site\" content=\"@msncalci\" \/>\n<meta name=\"twitter:label1\" content=\"Scritto da\" \/>\n\t<meta name=\"twitter:data1\" content=\"diariodelmuseo\" \/>\n\t<meta name=\"twitter:label2\" content=\"Tempo di lettura stimato\" \/>\n\t<meta name=\"twitter:data2\" content=\"3 minuti\" \/>\n<script type=\"application\/ld+json\" class=\"yoast-schema-graph\">{\"@context\":\"https:\/\/schema.org\",\"@graph\":[{\"@type\":\"Article\",\"@id\":\"https:\/\/www.msn.unipi.it\/it\/inaugurata-la-galleria-dei-cetacei\/#article\",\"isPartOf\":{\"@id\":\"https:\/\/www.msn.unipi.it\/it\/inaugurata-la-galleria-dei-cetacei\/\"},\"author\":{\"name\":\"diariodelmuseo\",\"@id\":\"https:\/\/www.msn.unipi.it\/it\/#\/schema\/person\/6c43ab71d6db8475d0c7a9db9e9e993e\"},\"headline\":\"Inaugurata la Galleria dei cetacei\",\"datePublished\":\"2018-04-27T12:31:43+00:00\",\"dateModified\":\"2018-05-10T08:53:28+00:00\",\"mainEntityOfPage\":{\"@id\":\"https:\/\/www.msn.unipi.it\/it\/inaugurata-la-galleria-dei-cetacei\/\"},\"wordCount\":565,\"publisher\":{\"@id\":\"https:\/\/www.msn.unipi.it\/it\/#organization\"},\"image\":{\"@id\":\"https:\/\/www.msn.unipi.it\/it\/inaugurata-la-galleria-dei-cetacei\/#primaryimage\"},\"thumbnailUrl\":\"https:\/\/www.msn.unipi.it\/wp-content\/uploads\/2018\/04\/DSC_0244-1.jpg\",\"articleSection\":[\"Diario del museo\"],\"inLanguage\":\"it-IT\"},{\"@type\":\"WebPage\",\"@id\":\"https:\/\/www.msn.unipi.it\/it\/inaugurata-la-galleria-dei-cetacei\/\",\"url\":\"https:\/\/www.msn.unipi.it\/it\/inaugurata-la-galleria-dei-cetacei\/\",\"name\":\"Inaugurata la Galleria dei cetacei - Museo di Storia Naturale dell&#039;Universit\u00e0 di Pisa\",\"isPartOf\":{\"@id\":\"https:\/\/www.msn.unipi.it\/it\/#website\"},\"primaryImageOfPage\":{\"@id\":\"https:\/\/www.msn.unipi.it\/it\/inaugurata-la-galleria-dei-cetacei\/#primaryimage\"},\"image\":{\"@id\":\"https:\/\/www.msn.unipi.it\/it\/inaugurata-la-galleria-dei-cetacei\/#primaryimage\"},\"thumbnailUrl\":\"https:\/\/www.msn.unipi.it\/wp-content\/uploads\/2018\/04\/DSC_0244-1.jpg\",\"datePublished\":\"2018-04-27T12:31:43+00:00\",\"dateModified\":\"2018-05-10T08:53:28+00:00\",\"description\":\"Venerd\u00ec 20 aprile \u00e8 stata inaugurata la nuova Galleria dei cetacei del Museo: un\u2019inaugurazione atipica, a differenza di quella della Galleria storica e della Galleria dei mammiferi, poich\u00e9 la sala non \u00e8 mai stata chiusa al pubblico durante il lungo processo di trasformazione e ammodernamento durato circa 3 anni.\u00a0\",\"breadcrumb\":{\"@id\":\"https:\/\/www.msn.unipi.it\/it\/inaugurata-la-galleria-dei-cetacei\/#breadcrumb\"},\"inLanguage\":\"it-IT\",\"potentialAction\":[{\"@type\":\"ReadAction\",\"target\":[\"https:\/\/www.msn.unipi.it\/it\/inaugurata-la-galleria-dei-cetacei\/\"]}]},{\"@type\":\"ImageObject\",\"inLanguage\":\"it-IT\",\"@id\":\"https:\/\/www.msn.unipi.it\/it\/inaugurata-la-galleria-dei-cetacei\/#primaryimage\",\"url\":\"https:\/\/www.msn.unipi.it\/wp-content\/uploads\/2018\/04\/DSC_0244-1.jpg\",\"contentUrl\":\"https:\/\/www.msn.unipi.it\/wp-content\/uploads\/2018\/04\/DSC_0244-1.jpg\",\"width\":2048,\"height\":1365},{\"@type\":\"BreadcrumbList\",\"@id\":\"https:\/\/www.msn.unipi.it\/it\/inaugurata-la-galleria-dei-cetacei\/#breadcrumb\",\"itemListElement\":[{\"@type\":\"ListItem\",\"position\":1,\"name\":\"Home\",\"item\":\"https:\/\/www.msn.unipi.it\/it\/\"},{\"@type\":\"ListItem\",\"position\":2,\"name\":\"Inaugurata la Galleria dei cetacei\"}]},{\"@type\":\"WebSite\",\"@id\":\"https:\/\/www.msn.unipi.it\/it\/#website\",\"url\":\"https:\/\/www.msn.unipi.it\/it\/\",\"name\":\"Museo di Storia Naturale dell&#039;Universit\u00e0 di Pisa\",\"description\":\"\",\"publisher\":{\"@id\":\"https:\/\/www.msn.unipi.it\/it\/#organization\"},\"potentialAction\":[{\"@type\":\"SearchAction\",\"target\":{\"@type\":\"EntryPoint\",\"urlTemplate\":\"https:\/\/www.msn.unipi.it\/it\/?s={search_term_string}\"},\"query-input\":{\"@type\":\"PropertyValueSpecification\",\"valueRequired\":true,\"valueName\":\"search_term_string\"}}],\"inLanguage\":\"it-IT\"},{\"@type\":\"Organization\",\"@id\":\"https:\/\/www.msn.unipi.it\/it\/#organization\",\"name\":\"Museo di Storia Naturale dell'Universit\u00e0 di Pisa\",\"url\":\"https:\/\/www.msn.unipi.it\/it\/\",\"logo\":{\"@type\":\"ImageObject\",\"inLanguage\":\"it-IT\",\"@id\":\"https:\/\/www.msn.unipi.it\/it\/#\/schema\/logo\/image\/\",\"url\":\"https:\/\/www.msn.unipi.it\/wp-content\/uploads\/2016\/07\/footer-logo.png\",\"contentUrl\":\"https:\/\/www.msn.unipi.it\/wp-content\/uploads\/2016\/07\/footer-logo.png\",\"width\":220,\"height\":95,\"caption\":\"Museo di Storia Naturale dell'Universit\u00e0 di Pisa\"},\"image\":{\"@id\":\"https:\/\/www.msn.unipi.it\/it\/#\/schema\/logo\/image\/\"},\"sameAs\":[\"https:\/\/www.facebook.com\/Museo-di-Storia-Naturale-Universit\u00e0-di-Pisa-277794215612108\/\",\"https:\/\/x.com\/msncalci\",\"https:\/\/www.instagram.com\/museostorianaturale_calci\/\",\"https:\/\/www.youtube.com\/channel\/UCDaMBe_RegmdCnxLPmryMxw\"]},{\"@type\":\"Person\",\"@id\":\"https:\/\/www.msn.unipi.it\/it\/#\/schema\/person\/6c43ab71d6db8475d0c7a9db9e9e993e\",\"name\":\"diariodelmuseo\",\"image\":{\"@type\":\"ImageObject\",\"inLanguage\":\"it-IT\",\"@id\":\"https:\/\/www.msn.unipi.it\/it\/#\/schema\/person\/image\/\",\"url\":\"https:\/\/secure.gravatar.com\/avatar\/8b394ace78368dfc0e5f9c06c664e663?s=96&d=mm&r=g\",\"contentUrl\":\"https:\/\/secure.gravatar.com\/avatar\/8b394ace78368dfc0e5f9c06c664e663?s=96&d=mm&r=g\",\"caption\":\"diariodelmuseo\"}}]}<\/script>\n<!-- \/ Yoast SEO plugin. -->","yoast_head_json":{"title":"Inaugurata la Galleria dei cetacei - Museo di Storia Naturale dell&#039;Universit\u00e0 di Pisa","description":"Venerd\u00ec 20 aprile \u00e8 stata inaugurata la nuova Galleria dei cetacei del Museo: un\u2019inaugurazione atipica, a differenza di quella della Galleria storica e della Galleria dei mammiferi, poich\u00e9 la sala non \u00e8 mai stata chiusa al pubblico durante il lungo processo di trasformazione e ammodernamento durato circa 3 anni.\u00a0","robots":{"index":"index","follow":"follow","max-snippet":"max-snippet:-1","max-image-preview":"max-image-preview:large","max-video-preview":"max-video-preview:-1"},"canonical":"https:\/\/www.msn.unipi.it\/it\/inaugurata-la-galleria-dei-cetacei\/","og_locale":"it_IT","og_type":"article","og_title":"Inaugurata la Galleria dei cetacei - Museo di Storia Naturale dell&#039;Universit\u00e0 di Pisa","og_description":"Venerd\u00ec 20 aprile \u00e8 stata inaugurata la nuova Galleria dei cetacei del Museo: un\u2019inaugurazione atipica, a differenza di quella della Galleria storica e della Galleria dei mammiferi, poich\u00e9 la sala non \u00e8 mai stata chiusa al pubblico durante il lungo processo di trasformazione e ammodernamento durato circa 3 anni.\u00a0","og_url":"https:\/\/www.msn.unipi.it\/it\/inaugurata-la-galleria-dei-cetacei\/","og_site_name":"Museo di Storia Naturale dell&#039;Universit\u00e0 di Pisa","article_publisher":"https:\/\/www.facebook.com\/Museo-di-Storia-Naturale-Universit%c3%a0-di-Pisa-277794215612108\/","article_published_time":"2018-04-27T12:31:43+00:00","article_modified_time":"2018-05-10T08:53:28+00:00","og_image":[{"width":2048,"height":1365,"url":"https:\/\/www.msn.unipi.it\/wp-content\/uploads\/2018\/04\/DSC_0244-1.jpg","type":"image\/jpeg"}],"author":"diariodelmuseo","twitter_card":"summary_large_image","twitter_creator":"@msncalci","twitter_site":"@msncalci","twitter_misc":{"Scritto da":"diariodelmuseo","Tempo di lettura stimato":"3 minuti"},"schema":{"@context":"https:\/\/schema.org","@graph":[{"@type":"Article","@id":"https:\/\/www.msn.unipi.it\/it\/inaugurata-la-galleria-dei-cetacei\/#article","isPartOf":{"@id":"https:\/\/www.msn.unipi.it\/it\/inaugurata-la-galleria-dei-cetacei\/"},"author":{"name":"diariodelmuseo","@id":"https:\/\/www.msn.unipi.it\/it\/#\/schema\/person\/6c43ab71d6db8475d0c7a9db9e9e993e"},"headline":"Inaugurata la Galleria dei cetacei","datePublished":"2018-04-27T12:31:43+00:00","dateModified":"2018-05-10T08:53:28+00:00","mainEntityOfPage":{"@id":"https:\/\/www.msn.unipi.it\/it\/inaugurata-la-galleria-dei-cetacei\/"},"wordCount":565,"publisher":{"@id":"https:\/\/www.msn.unipi.it\/it\/#organization"},"image":{"@id":"https:\/\/www.msn.unipi.it\/it\/inaugurata-la-galleria-dei-cetacei\/#primaryimage"},"thumbnailUrl":"https:\/\/www.msn.unipi.it\/wp-content\/uploads\/2018\/04\/DSC_0244-1.jpg","articleSection":["Diario del museo"],"inLanguage":"it-IT"},{"@type":"WebPage","@id":"https:\/\/www.msn.unipi.it\/it\/inaugurata-la-galleria-dei-cetacei\/","url":"https:\/\/www.msn.unipi.it\/it\/inaugurata-la-galleria-dei-cetacei\/","name":"Inaugurata la Galleria dei cetacei - Museo di Storia Naturale dell&#039;Universit\u00e0 di Pisa","isPartOf":{"@id":"https:\/\/www.msn.unipi.it\/it\/#website"},"primaryImageOfPage":{"@id":"https:\/\/www.msn.unipi.it\/it\/inaugurata-la-galleria-dei-cetacei\/#primaryimage"},"image":{"@id":"https:\/\/www.msn.unipi.it\/it\/inaugurata-la-galleria-dei-cetacei\/#primaryimage"},"thumbnailUrl":"https:\/\/www.msn.unipi.it\/wp-content\/uploads\/2018\/04\/DSC_0244-1.jpg","datePublished":"2018-04-27T12:31:43+00:00","dateModified":"2018-05-10T08:53:28+00:00","description":"Venerd\u00ec 20 aprile \u00e8 stata inaugurata la nuova Galleria dei cetacei del Museo: un\u2019inaugurazione atipica, a differenza di quella della Galleria storica e della Galleria dei mammiferi, poich\u00e9 la sala non \u00e8 mai stata chiusa al pubblico durante il lungo processo di trasformazione e ammodernamento durato circa 3 anni.\u00a0","breadcrumb":{"@id":"https:\/\/www.msn.unipi.it\/it\/inaugurata-la-galleria-dei-cetacei\/#breadcrumb"},"inLanguage":"it-IT","potentialAction":[{"@type":"ReadAction","target":["https:\/\/www.msn.unipi.it\/it\/inaugurata-la-galleria-dei-cetacei\/"]}]},{"@type":"ImageObject","inLanguage":"it-IT","@id":"https:\/\/www.msn.unipi.it\/it\/inaugurata-la-galleria-dei-cetacei\/#primaryimage","url":"https:\/\/www.msn.unipi.it\/wp-content\/uploads\/2018\/04\/DSC_0244-1.jpg","contentUrl":"https:\/\/www.msn.unipi.it\/wp-content\/uploads\/2018\/04\/DSC_0244-1.jpg","width":2048,"height":1365},{"@type":"BreadcrumbList","@id":"https:\/\/www.msn.unipi.it\/it\/inaugurata-la-galleria-dei-cetacei\/#breadcrumb","itemListElement":[{"@type":"ListItem","position":1,"name":"Home","item":"https:\/\/www.msn.unipi.it\/it\/"},{"@type":"ListItem","position":2,"name":"Inaugurata la Galleria dei cetacei"}]},{"@type":"WebSite","@id":"https:\/\/www.msn.unipi.it\/it\/#website","url":"https:\/\/www.msn.unipi.it\/it\/","name":"Museo di Storia Naturale dell&#039;Universit\u00e0 di Pisa","description":"","publisher":{"@id":"https:\/\/www.msn.unipi.it\/it\/#organization"},"potentialAction":[{"@type":"SearchAction","target":{"@type":"EntryPoint","urlTemplate":"https:\/\/www.msn.unipi.it\/it\/?s={search_term_string}"},"query-input":{"@type":"PropertyValueSpecification","valueRequired":true,"valueName":"search_term_string"}}],"inLanguage":"it-IT"},{"@type":"Organization","@id":"https:\/\/www.msn.unipi.it\/it\/#organization","name":"Museo di Storia Naturale dell'Universit\u00e0 di Pisa","url":"https:\/\/www.msn.unipi.it\/it\/","logo":{"@type":"ImageObject","inLanguage":"it-IT","@id":"https:\/\/www.msn.unipi.it\/it\/#\/schema\/logo\/image\/","url":"https:\/\/www.msn.unipi.it\/wp-content\/uploads\/2016\/07\/footer-logo.png","contentUrl":"https:\/\/www.msn.unipi.it\/wp-content\/uploads\/2016\/07\/footer-logo.png","width":220,"height":95,"caption":"Museo di Storia Naturale dell'Universit\u00e0 di Pisa"},"image":{"@id":"https:\/\/www.msn.unipi.it\/it\/#\/schema\/logo\/image\/"},"sameAs":["https:\/\/www.facebook.com\/Museo-di-Storia-Naturale-Universit\u00e0-di-Pisa-277794215612108\/","https:\/\/x.com\/msncalci","https:\/\/www.instagram.com\/museostorianaturale_calci\/","https:\/\/www.youtube.com\/channel\/UCDaMBe_RegmdCnxLPmryMxw"]},{"@type":"Person","@id":"https:\/\/www.msn.unipi.it\/it\/#\/schema\/person\/6c43ab71d6db8475d0c7a9db9e9e993e","name":"diariodelmuseo","image":{"@type":"ImageObject","inLanguage":"it-IT","@id":"https:\/\/www.msn.unipi.it\/it\/#\/schema\/person\/image\/","url":"https:\/\/secure.gravatar.com\/avatar\/8b394ace78368dfc0e5f9c06c664e663?s=96&d=mm&r=g","contentUrl":"https:\/\/secure.gravatar.com\/avatar\/8b394ace78368dfc0e5f9c06c664e663?s=96&d=mm&r=g","caption":"diariodelmuseo"}}]}},"jetpack_featured_media_url":"https:\/\/www.msn.unipi.it\/wp-content\/uploads\/2018\/04\/DSC_0244-1.jpg","jetpack_sharing_enabled":true,"_links":{"self":[{"href":"https:\/\/www.msn.unipi.it\/it\/wp-json\/wp\/v2\/posts\/11236","targetHints":{"allow":["GET"]}}],"collection":[{"href":"https:\/\/www.msn.unipi.it\/it\/wp-json\/wp\/v2\/posts"}],"about":[{"href":"https:\/\/www.msn.unipi.it\/it\/wp-json\/wp\/v2\/types\/post"}],"author":[{"embeddable":true,"href":"https:\/\/www.msn.unipi.it\/it\/wp-json\/wp\/v2\/users\/5"}],"replies":[{"embeddable":true,"href":"https:\/\/www.msn.unipi.it\/it\/wp-json\/wp\/v2\/comments?post=11236"}],"version-history":[{"count":10,"href":"https:\/\/www.msn.unipi.it\/it\/wp-json\/wp\/v2\/posts\/11236\/revisions"}],"predecessor-version":[{"id":11265,"href":"https:\/\/www.msn.unipi.it\/it\/wp-json\/wp\/v2\/posts\/11236\/revisions\/11265"}],"wp:featuredmedia":[{"embeddable":true,"href":"https:\/\/www.msn.unipi.it\/it\/wp-json\/wp\/v2\/media\/11256"}],"wp:attachment":[{"href":"https:\/\/www.msn.unipi.it\/it\/wp-json\/wp\/v2\/media?parent=11236"}],"wp:term":[{"taxonomy":"category","embeddable":true,"href":"https:\/\/www.msn.unipi.it\/it\/wp-json\/wp\/v2\/categories?post=11236"},{"taxonomy":"post_tag","embeddable":true,"href":"https:\/\/www.msn.unipi.it\/it\/wp-json\/wp\/v2\/tags?post=11236"}],"curies":[{"name":"wp","href":"https:\/\/api.w.org\/{rel}","templated":true}]}}