{"id":11440,"date":"2018-06-01T11:06:25","date_gmt":"2018-06-01T09:06:25","guid":{"rendered":"https:\/\/www.msn.unipi.it\/?p=11440"},"modified":"2018-06-28T13:25:32","modified_gmt":"2018-06-28T11:25:32","slug":"la-scuola-racconta-una-donna","status":"publish","type":"post","link":"https:\/\/www.msn.unipi.it\/it\/la-scuola-racconta-una-donna\/","title":{"rendered":"La scuola &#8220;racconta&#8221; una donna"},"content":{"rendered":"<p>Siamo giunti alla terza edizioni di <strong>\u201c<a href=\"https:\/\/www.sites.google.com\/site\/bibliotecadelledonne\/file-cabinet\/progetto-la-scuola-racconta-una-donna\">La scuola \u2018racconta\u2019 una donna<\/a>\u201d<\/strong>, il programma di educazione permanente promosso dalla Biblioteca delle Donne e dal Centro di Consulenza Legale Udipalermo, con il patrocinio dell\u2019Ufficio Scolastico Regionale per la Sicilia e dell\u2019assessorato alla scuola del Comune di Palermo.<\/p>\n<p>Riconosciuto il ruolo centrale e ineludibile della scuola non solo nell\u2019istruzione, ma nella formazione culturale dei pi\u00f9 giovani, \u201cLa scuola \u2018racconta\u2019 una donna\u201d vuole mettere in luce il ruolo che le <strong>figure femminili<\/strong> hanno avuto, hanno e avranno sempre <strong>nella storia<\/strong>: un ruolo troppo spesso misconosciuto e svalorizzato. Perch\u00e9 non solo le donne hanno troppo spesso maggiori difficolt\u00e0 ad affermare le proprie competenze e abilit\u00e0 nella societ\u00e0: ma anche quando riescono a farsi spazio, tra mille difficolt\u00e0, il loro merito viene messo in ombra.<br \/>\n\u201cLa scuola \u2018racconta\u2019 una donna\u201d vuole essere un antidoto per formare attraverso gli insegnanti gli allievi nella consapevolezza dell\u2019importanza viva e vitale dell\u2019apporto di figure femminili nella societ\u00e0.<\/p>\n<p>La nostra ricercatrice <strong>Elisabetta Palagi<\/strong> ha partecipato a questa edizione del progetto, mettendo in risalto le proprie conquiste a livello personale (come la nascita del figlio Tommaso) e a livello professionale, a partire dal Dottorato fino al riconoscimento, nel 2017, del ruolo di Professore esterno di Ecologia del Comportamento presso l\u2019Universit\u00e0 di Pisa. Ma non si \u00e8 parlato solo di cifre e titoli: nel racconto della Palagi a farla da padrone \u00e8 la pienezza dell\u2019esperienza in s\u00e9 attraverso il suo percorso di vita, i viaggi, i paesaggi mozzafiato e gli incontri indimenticabili, la passione, il senso di libert\u00e0, la generosit\u00e0 e la condivisione.<br \/>\nSiamo orgogliosi di averla tra noi!<\/p>\n<p>&nbsp;<\/p>\n<p>Qui potete guardare la presentazione che ha realizzato la classe 3 E dell&#8217;Istituto Comprensivo\u00a0\u00abAbba Alighieri\u00bb di Palermo: <strong><a href=\"https:\/\/www.msn.unipi.it\/wp-content\/uploads\/2018\/06\/Elisabetta-Palagi-una-donna-tra-i-bonobo.pdf\" target=\"_blank\" rel=\"noopener\">Elisabetta Palagi, una donna tra i bonobo<\/a><\/strong><\/p>\n","protected":false},"excerpt":{"rendered":"<p>Siamo giunti alla terza edizioni di \u201cLa scuola \u2018racconta\u2019 una donna\u201d, il programma di educazione permanente promosso dalla Biblioteca delle Donne e dal Centro di Consulenza Legale Udipalermo, con il patrocinio dell\u2019Ufficio Scolastico Regionale per la Sicilia e dell\u2019assessorato alla scuola del Comune di Palermo. Riconosciuto il ruolo centrale e ineludibile della scuola non solo&nbsp; <a href=\"https:\/\/www.msn.unipi.it\/it\/la-scuola-racconta-una-donna\/\">&hellip;  <i class=\"fa fa-chevron-right\"><\/i><\/a><\/p>\n","protected":false},"author":7,"featured_media":11441,"comment_status":"closed","ping_status":"closed","sticky":false,"template":"","format":"standard","meta":{"_jetpack_memberships_contains_paid_content":false,"footnotes":""},"categories":[9],"tags":[],"class_list":["post-11440","post","type-post","status-publish","format-standard","has-post-thumbnail","hentry","category-archivio"],"yoast_head":"<!-- This site is optimized with the Yoast SEO plugin v26.8 - https:\/\/yoast.com\/product\/yoast-seo-wordpress\/ -->\n<title>La scuola &quot;racconta&quot; una donna - Museo di Storia Naturale dell&#039;Universit\u00e0 di Pisa<\/title>\n<meta name=\"description\" content=\"Siamo giunti alla terza edizioni di \u201cLa scuola \u2018racconta\u2019 una donna\u201d, il programma di educazione permanente promosso dalla Biblioteca delle Donne e dal\" \/>\n<meta name=\"robots\" content=\"index, follow, max-snippet:-1, max-image-preview:large, max-video-preview:-1\" \/>\n<link rel=\"canonical\" href=\"https:\/\/www.msn.unipi.it\/it\/la-scuola-racconta-una-donna\/\" \/>\n<meta property=\"og:locale\" content=\"it_IT\" \/>\n<meta property=\"og:type\" content=\"article\" \/>\n<meta property=\"og:title\" content=\"La scuola &quot;racconta&quot; una donna - Museo di Storia Naturale dell&#039;Universit\u00e0 di Pisa\" \/>\n<meta property=\"og:description\" content=\"Siamo giunti alla terza edizioni di \u201cLa scuola \u2018racconta\u2019 una donna\u201d, il programma di educazione permanente promosso dalla Biblioteca delle Donne e dal\" \/>\n<meta property=\"og:url\" content=\"https:\/\/www.msn.unipi.it\/it\/la-scuola-racconta-una-donna\/\" \/>\n<meta property=\"og:site_name\" content=\"Museo di Storia Naturale dell&#039;Universit\u00e0 di Pisa\" \/>\n<meta property=\"article:publisher\" content=\"https:\/\/www.facebook.com\/Museo-di-Storia-Naturale-Universit%c3%a0-di-Pisa-277794215612108\/\" \/>\n<meta property=\"article:published_time\" content=\"2018-06-01T09:06:25+00:00\" \/>\n<meta property=\"article:modified_time\" content=\"2018-06-28T11:25:32+00:00\" \/>\n<meta property=\"og:image\" content=\"https:\/\/www.msn.unipi.it\/wp-content\/uploads\/2018\/06\/17880263_10212730113118835_7312438515728258314_o.jpg\" \/>\n\t<meta property=\"og:image:width\" content=\"2048\" \/>\n\t<meta property=\"og:image:height\" content=\"1288\" \/>\n\t<meta property=\"og:image:type\" content=\"image\/jpeg\" \/>\n<meta name=\"author\" content=\"a012780@unipi.it\" \/>\n<meta name=\"twitter:card\" content=\"summary_large_image\" \/>\n<meta name=\"twitter:creator\" content=\"@msncalci\" \/>\n<meta name=\"twitter:site\" content=\"@msncalci\" \/>\n<meta name=\"twitter:label1\" content=\"Scritto da\" \/>\n\t<meta name=\"twitter:data1\" content=\"a012780@unipi.it\" \/>\n\t<meta name=\"twitter:label2\" content=\"Tempo di lettura stimato\" \/>\n\t<meta name=\"twitter:data2\" content=\"1 minuto\" \/>\n<script type=\"application\/ld+json\" class=\"yoast-schema-graph\">{\"@context\":\"https:\/\/schema.org\",\"@graph\":[{\"@type\":\"Article\",\"@id\":\"https:\/\/www.msn.unipi.it\/it\/la-scuola-racconta-una-donna\/#article\",\"isPartOf\":{\"@id\":\"https:\/\/www.msn.unipi.it\/it\/la-scuola-racconta-una-donna\/\"},\"author\":{\"name\":\"a012780@unipi.it\",\"@id\":\"https:\/\/www.msn.unipi.it\/it\/#\/schema\/person\/20631df3667b84d79cffe30e020188a1\"},\"headline\":\"La scuola &#8220;racconta&#8221; una donna\",\"datePublished\":\"2018-06-01T09:06:25+00:00\",\"dateModified\":\"2018-06-28T11:25:32+00:00\",\"mainEntityOfPage\":{\"@id\":\"https:\/\/www.msn.unipi.it\/it\/la-scuola-racconta-una-donna\/\"},\"wordCount\":300,\"publisher\":{\"@id\":\"https:\/\/www.msn.unipi.it\/it\/#organization\"},\"image\":{\"@id\":\"https:\/\/www.msn.unipi.it\/it\/la-scuola-racconta-una-donna\/#primaryimage\"},\"thumbnailUrl\":\"https:\/\/www.msn.unipi.it\/wp-content\/uploads\/2018\/06\/17880263_10212730113118835_7312438515728258314_o.jpg\",\"articleSection\":[\"Archivio notizie\"],\"inLanguage\":\"it-IT\"},{\"@type\":\"WebPage\",\"@id\":\"https:\/\/www.msn.unipi.it\/it\/la-scuola-racconta-una-donna\/\",\"url\":\"https:\/\/www.msn.unipi.it\/it\/la-scuola-racconta-una-donna\/\",\"name\":\"La scuola \\\"racconta\\\" una donna - Museo di Storia Naturale dell&#039;Universit\u00e0 di Pisa\",\"isPartOf\":{\"@id\":\"https:\/\/www.msn.unipi.it\/it\/#website\"},\"primaryImageOfPage\":{\"@id\":\"https:\/\/www.msn.unipi.it\/it\/la-scuola-racconta-una-donna\/#primaryimage\"},\"image\":{\"@id\":\"https:\/\/www.msn.unipi.it\/it\/la-scuola-racconta-una-donna\/#primaryimage\"},\"thumbnailUrl\":\"https:\/\/www.msn.unipi.it\/wp-content\/uploads\/2018\/06\/17880263_10212730113118835_7312438515728258314_o.jpg\",\"datePublished\":\"2018-06-01T09:06:25+00:00\",\"dateModified\":\"2018-06-28T11:25:32+00:00\",\"description\":\"Siamo giunti alla terza edizioni di \u201cLa scuola \u2018racconta\u2019 una donna\u201d, il programma di educazione permanente promosso dalla Biblioteca delle Donne e dal\",\"breadcrumb\":{\"@id\":\"https:\/\/www.msn.unipi.it\/it\/la-scuola-racconta-una-donna\/#breadcrumb\"},\"inLanguage\":\"it-IT\",\"potentialAction\":[{\"@type\":\"ReadAction\",\"target\":[\"https:\/\/www.msn.unipi.it\/it\/la-scuola-racconta-una-donna\/\"]}]},{\"@type\":\"ImageObject\",\"inLanguage\":\"it-IT\",\"@id\":\"https:\/\/www.msn.unipi.it\/it\/la-scuola-racconta-una-donna\/#primaryimage\",\"url\":\"https:\/\/www.msn.unipi.it\/wp-content\/uploads\/2018\/06\/17880263_10212730113118835_7312438515728258314_o.jpg\",\"contentUrl\":\"https:\/\/www.msn.unipi.it\/wp-content\/uploads\/2018\/06\/17880263_10212730113118835_7312438515728258314_o.jpg\",\"width\":2048,\"height\":1288},{\"@type\":\"BreadcrumbList\",\"@id\":\"https:\/\/www.msn.unipi.it\/it\/la-scuola-racconta-una-donna\/#breadcrumb\",\"itemListElement\":[{\"@type\":\"ListItem\",\"position\":1,\"name\":\"Home\",\"item\":\"https:\/\/www.msn.unipi.it\/it\/\"},{\"@type\":\"ListItem\",\"position\":2,\"name\":\"La scuola &#8220;racconta&#8221; una donna\"}]},{\"@type\":\"WebSite\",\"@id\":\"https:\/\/www.msn.unipi.it\/it\/#website\",\"url\":\"https:\/\/www.msn.unipi.it\/it\/\",\"name\":\"Museo di Storia Naturale dell&#039;Universit\u00e0 di Pisa\",\"description\":\"\",\"publisher\":{\"@id\":\"https:\/\/www.msn.unipi.it\/it\/#organization\"},\"potentialAction\":[{\"@type\":\"SearchAction\",\"target\":{\"@type\":\"EntryPoint\",\"urlTemplate\":\"https:\/\/www.msn.unipi.it\/it\/?s={search_term_string}\"},\"query-input\":{\"@type\":\"PropertyValueSpecification\",\"valueRequired\":true,\"valueName\":\"search_term_string\"}}],\"inLanguage\":\"it-IT\"},{\"@type\":\"Organization\",\"@id\":\"https:\/\/www.msn.unipi.it\/it\/#organization\",\"name\":\"Museo di Storia Naturale dell'Universit\u00e0 di Pisa\",\"url\":\"https:\/\/www.msn.unipi.it\/it\/\",\"logo\":{\"@type\":\"ImageObject\",\"inLanguage\":\"it-IT\",\"@id\":\"https:\/\/www.msn.unipi.it\/it\/#\/schema\/logo\/image\/\",\"url\":\"https:\/\/www.msn.unipi.it\/wp-content\/uploads\/2016\/07\/footer-logo.png\",\"contentUrl\":\"https:\/\/www.msn.unipi.it\/wp-content\/uploads\/2016\/07\/footer-logo.png\",\"width\":220,\"height\":95,\"caption\":\"Museo di Storia Naturale dell'Universit\u00e0 di Pisa\"},\"image\":{\"@id\":\"https:\/\/www.msn.unipi.it\/it\/#\/schema\/logo\/image\/\"},\"sameAs\":[\"https:\/\/www.facebook.com\/Museo-di-Storia-Naturale-Universit\u00e0-di-Pisa-277794215612108\/\",\"https:\/\/x.com\/msncalci\",\"https:\/\/www.instagram.com\/museostorianaturale_calci\/\",\"https:\/\/www.youtube.com\/channel\/UCDaMBe_RegmdCnxLPmryMxw\"]},{\"@type\":\"Person\",\"@id\":\"https:\/\/www.msn.unipi.it\/it\/#\/schema\/person\/20631df3667b84d79cffe30e020188a1\",\"name\":\"a012780@unipi.it\",\"image\":{\"@type\":\"ImageObject\",\"inLanguage\":\"it-IT\",\"@id\":\"https:\/\/www.msn.unipi.it\/it\/#\/schema\/person\/image\/\",\"url\":\"https:\/\/secure.gravatar.com\/avatar\/42f33f3cae0d7f62a78cb1395dffdd09?s=96&d=mm&r=g\",\"contentUrl\":\"https:\/\/secure.gravatar.com\/avatar\/42f33f3cae0d7f62a78cb1395dffdd09?s=96&d=mm&r=g\",\"caption\":\"a012780@unipi.it\"}}]}<\/script>\n<!-- \/ Yoast SEO plugin. -->","yoast_head_json":{"title":"La scuola \"racconta\" una donna - Museo di Storia Naturale dell&#039;Universit\u00e0 di Pisa","description":"Siamo giunti alla terza edizioni di \u201cLa scuola \u2018racconta\u2019 una donna\u201d, il programma di educazione permanente promosso dalla Biblioteca delle Donne e dal","robots":{"index":"index","follow":"follow","max-snippet":"max-snippet:-1","max-image-preview":"max-image-preview:large","max-video-preview":"max-video-preview:-1"},"canonical":"https:\/\/www.msn.unipi.it\/it\/la-scuola-racconta-una-donna\/","og_locale":"it_IT","og_type":"article","og_title":"La scuola \"racconta\" una donna - Museo di Storia Naturale dell&#039;Universit\u00e0 di Pisa","og_description":"Siamo giunti alla terza edizioni di \u201cLa scuola \u2018racconta\u2019 una donna\u201d, il programma di educazione permanente promosso dalla Biblioteca delle Donne e dal","og_url":"https:\/\/www.msn.unipi.it\/it\/la-scuola-racconta-una-donna\/","og_site_name":"Museo di Storia Naturale dell&#039;Universit\u00e0 di Pisa","article_publisher":"https:\/\/www.facebook.com\/Museo-di-Storia-Naturale-Universit%c3%a0-di-Pisa-277794215612108\/","article_published_time":"2018-06-01T09:06:25+00:00","article_modified_time":"2018-06-28T11:25:32+00:00","og_image":[{"width":2048,"height":1288,"url":"https:\/\/www.msn.unipi.it\/wp-content\/uploads\/2018\/06\/17880263_10212730113118835_7312438515728258314_o.jpg","type":"image\/jpeg"}],"author":"a012780@unipi.it","twitter_card":"summary_large_image","twitter_creator":"@msncalci","twitter_site":"@msncalci","twitter_misc":{"Scritto da":"a012780@unipi.it","Tempo di lettura stimato":"1 minuto"},"schema":{"@context":"https:\/\/schema.org","@graph":[{"@type":"Article","@id":"https:\/\/www.msn.unipi.it\/it\/la-scuola-racconta-una-donna\/#article","isPartOf":{"@id":"https:\/\/www.msn.unipi.it\/it\/la-scuola-racconta-una-donna\/"},"author":{"name":"a012780@unipi.it","@id":"https:\/\/www.msn.unipi.it\/it\/#\/schema\/person\/20631df3667b84d79cffe30e020188a1"},"headline":"La scuola &#8220;racconta&#8221; una donna","datePublished":"2018-06-01T09:06:25+00:00","dateModified":"2018-06-28T11:25:32+00:00","mainEntityOfPage":{"@id":"https:\/\/www.msn.unipi.it\/it\/la-scuola-racconta-una-donna\/"},"wordCount":300,"publisher":{"@id":"https:\/\/www.msn.unipi.it\/it\/#organization"},"image":{"@id":"https:\/\/www.msn.unipi.it\/it\/la-scuola-racconta-una-donna\/#primaryimage"},"thumbnailUrl":"https:\/\/www.msn.unipi.it\/wp-content\/uploads\/2018\/06\/17880263_10212730113118835_7312438515728258314_o.jpg","articleSection":["Archivio notizie"],"inLanguage":"it-IT"},{"@type":"WebPage","@id":"https:\/\/www.msn.unipi.it\/it\/la-scuola-racconta-una-donna\/","url":"https:\/\/www.msn.unipi.it\/it\/la-scuola-racconta-una-donna\/","name":"La scuola \"racconta\" una donna - Museo di Storia Naturale dell&#039;Universit\u00e0 di Pisa","isPartOf":{"@id":"https:\/\/www.msn.unipi.it\/it\/#website"},"primaryImageOfPage":{"@id":"https:\/\/www.msn.unipi.it\/it\/la-scuola-racconta-una-donna\/#primaryimage"},"image":{"@id":"https:\/\/www.msn.unipi.it\/it\/la-scuola-racconta-una-donna\/#primaryimage"},"thumbnailUrl":"https:\/\/www.msn.unipi.it\/wp-content\/uploads\/2018\/06\/17880263_10212730113118835_7312438515728258314_o.jpg","datePublished":"2018-06-01T09:06:25+00:00","dateModified":"2018-06-28T11:25:32+00:00","description":"Siamo giunti alla terza edizioni di \u201cLa scuola \u2018racconta\u2019 una donna\u201d, il programma di educazione permanente promosso dalla Biblioteca delle Donne e dal","breadcrumb":{"@id":"https:\/\/www.msn.unipi.it\/it\/la-scuola-racconta-una-donna\/#breadcrumb"},"inLanguage":"it-IT","potentialAction":[{"@type":"ReadAction","target":["https:\/\/www.msn.unipi.it\/it\/la-scuola-racconta-una-donna\/"]}]},{"@type":"ImageObject","inLanguage":"it-IT","@id":"https:\/\/www.msn.unipi.it\/it\/la-scuola-racconta-una-donna\/#primaryimage","url":"https:\/\/www.msn.unipi.it\/wp-content\/uploads\/2018\/06\/17880263_10212730113118835_7312438515728258314_o.jpg","contentUrl":"https:\/\/www.msn.unipi.it\/wp-content\/uploads\/2018\/06\/17880263_10212730113118835_7312438515728258314_o.jpg","width":2048,"height":1288},{"@type":"BreadcrumbList","@id":"https:\/\/www.msn.unipi.it\/it\/la-scuola-racconta-una-donna\/#breadcrumb","itemListElement":[{"@type":"ListItem","position":1,"name":"Home","item":"https:\/\/www.msn.unipi.it\/it\/"},{"@type":"ListItem","position":2,"name":"La scuola &#8220;racconta&#8221; una donna"}]},{"@type":"WebSite","@id":"https:\/\/www.msn.unipi.it\/it\/#website","url":"https:\/\/www.msn.unipi.it\/it\/","name":"Museo di Storia Naturale dell&#039;Universit\u00e0 di Pisa","description":"","publisher":{"@id":"https:\/\/www.msn.unipi.it\/it\/#organization"},"potentialAction":[{"@type":"SearchAction","target":{"@type":"EntryPoint","urlTemplate":"https:\/\/www.msn.unipi.it\/it\/?s={search_term_string}"},"query-input":{"@type":"PropertyValueSpecification","valueRequired":true,"valueName":"search_term_string"}}],"inLanguage":"it-IT"},{"@type":"Organization","@id":"https:\/\/www.msn.unipi.it\/it\/#organization","name":"Museo di Storia Naturale dell'Universit\u00e0 di Pisa","url":"https:\/\/www.msn.unipi.it\/it\/","logo":{"@type":"ImageObject","inLanguage":"it-IT","@id":"https:\/\/www.msn.unipi.it\/it\/#\/schema\/logo\/image\/","url":"https:\/\/www.msn.unipi.it\/wp-content\/uploads\/2016\/07\/footer-logo.png","contentUrl":"https:\/\/www.msn.unipi.it\/wp-content\/uploads\/2016\/07\/footer-logo.png","width":220,"height":95,"caption":"Museo di Storia Naturale dell'Universit\u00e0 di Pisa"},"image":{"@id":"https:\/\/www.msn.unipi.it\/it\/#\/schema\/logo\/image\/"},"sameAs":["https:\/\/www.facebook.com\/Museo-di-Storia-Naturale-Universit\u00e0-di-Pisa-277794215612108\/","https:\/\/x.com\/msncalci","https:\/\/www.instagram.com\/museostorianaturale_calci\/","https:\/\/www.youtube.com\/channel\/UCDaMBe_RegmdCnxLPmryMxw"]},{"@type":"Person","@id":"https:\/\/www.msn.unipi.it\/it\/#\/schema\/person\/20631df3667b84d79cffe30e020188a1","name":"a012780@unipi.it","image":{"@type":"ImageObject","inLanguage":"it-IT","@id":"https:\/\/www.msn.unipi.it\/it\/#\/schema\/person\/image\/","url":"https:\/\/secure.gravatar.com\/avatar\/42f33f3cae0d7f62a78cb1395dffdd09?s=96&d=mm&r=g","contentUrl":"https:\/\/secure.gravatar.com\/avatar\/42f33f3cae0d7f62a78cb1395dffdd09?s=96&d=mm&r=g","caption":"a012780@unipi.it"}}]}},"jetpack_featured_media_url":"https:\/\/www.msn.unipi.it\/wp-content\/uploads\/2018\/06\/17880263_10212730113118835_7312438515728258314_o.jpg","jetpack_sharing_enabled":true,"_links":{"self":[{"href":"https:\/\/www.msn.unipi.it\/it\/wp-json\/wp\/v2\/posts\/11440","targetHints":{"allow":["GET"]}}],"collection":[{"href":"https:\/\/www.msn.unipi.it\/it\/wp-json\/wp\/v2\/posts"}],"about":[{"href":"https:\/\/www.msn.unipi.it\/it\/wp-json\/wp\/v2\/types\/post"}],"author":[{"embeddable":true,"href":"https:\/\/www.msn.unipi.it\/it\/wp-json\/wp\/v2\/users\/7"}],"replies":[{"embeddable":true,"href":"https:\/\/www.msn.unipi.it\/it\/wp-json\/wp\/v2\/comments?post=11440"}],"version-history":[{"count":6,"href":"https:\/\/www.msn.unipi.it\/it\/wp-json\/wp\/v2\/posts\/11440\/revisions"}],"predecessor-version":[{"id":11669,"href":"https:\/\/www.msn.unipi.it\/it\/wp-json\/wp\/v2\/posts\/11440\/revisions\/11669"}],"wp:featuredmedia":[{"embeddable":true,"href":"https:\/\/www.msn.unipi.it\/it\/wp-json\/wp\/v2\/media\/11441"}],"wp:attachment":[{"href":"https:\/\/www.msn.unipi.it\/it\/wp-json\/wp\/v2\/media?parent=11440"}],"wp:term":[{"taxonomy":"category","embeddable":true,"href":"https:\/\/www.msn.unipi.it\/it\/wp-json\/wp\/v2\/categories?post=11440"},{"taxonomy":"post_tag","embeddable":true,"href":"https:\/\/www.msn.unipi.it\/it\/wp-json\/wp\/v2\/tags?post=11440"}],"curies":[{"name":"wp","href":"https:\/\/api.w.org\/{rel}","templated":true}]}}