{"id":14431,"date":"2018-07-26T08:12:20","date_gmt":"2018-07-26T06:12:20","guid":{"rendered":"https:\/\/www.msn.unipi.it\/?p=14431"},"modified":"2018-08-23T09:35:20","modified_gmt":"2018-08-23T07:35:20","slug":"estate-al-museo","status":"publish","type":"post","link":"https:\/\/www.msn.unipi.it\/it\/estate-al-museo\/","title":{"rendered":"Estate al Museo!"},"content":{"rendered":"<p><strong>Estate al Museo!<\/strong><\/p>\n<p>Libert\u00e0 e sole alto, amaca e sonnellino, stelle e lucciole, cicale e cielo azzurro, calura meravigliosa e profumi intensi.<br \/>\nQuesta \u00e8 l&#8217;estate nel cuore di molti.<br \/>\nMa&#8230; cosa succede al museo quando le grandi inaugurazioni finiscono, quando gli studenti delle scuole e i bambini dei campi estivi terminano le loro attivit\u00e0, quando gli eventi diminuiscono?<\/p>\n<p>Il Museo, per un paio di mesi, cambia registro.<br \/>\nC&#8217;\u00e8 chi dedica pi\u00f9 tempo ed energie alle<strong> collezioni<\/strong>, alla loro catalogazione e al loro recupero, chi pensa ai <strong>nuovi progetti<\/strong>, chi lavora alle gallerie e <strong>sale in allestimento<\/strong>, chi accoglie i<strong> visitatori<\/strong> &#8211; italiani e stranieri &#8211; che arrivano a Calci per visitare i due musei inseriti nel contesto magico della Certosa e della Valgraziosa.<br \/>\nInsomma, <strong>il museo non si ferma<\/strong>.<br \/>\nE per condividere con voi quello che avverr\u00e0 a partire da settembre, vi diamo qualche piccola anticipazione: saranno inaugurate la \u201cSala della preistoria del Monte Pisano\u201d e la \u201cGalleria dei primati\u201d completamente rinnovate, a quelle gi\u00e0 esistenti si aggiungeranno <strong>nuove attivit\u00e0 educative<\/strong>, torneranno piccoli e grandi <strong>eventi<\/strong> <strong>aperti a tutti<\/strong>, il Museo cercher\u00e0 di aprirsi ancora di pi\u00f9 all&#8217;accoglienza mettendo <strong>sempre pi\u00f9 al centro il visitatore<\/strong>.<\/p>\n<p>Cos\u00ec, mentre viviamo queste giornate calde nell&#8217;attesa che un acquazzone improvviso regali un po&#8217; di fresco e mentre qualcuno prepara le conserve per l&#8217;inverno pregustando il momento in cui saranno aperte, il museo trascorre le sue giornate tra il restaurare una scimmia, rispondere alle domande dei visitatori e preparare le novit\u00e0 che presto vedremo insieme.<\/p>\n<p><strong>Buon continuo di estate a tutti!<\/strong><\/p>\n<p>S.B.<\/p>\n<p class=\"jetpack-slideshow-noscript robots-nocontent\">Questo slideshow richiede JavaScript.<\/p><div id=\"gallery-14431-1-slideshow\" class=\"jetpack-slideshow-window jetpack-slideshow jetpack-slideshow-black\" data-trans=\"fade\" data-autostart=\"1\" data-gallery=\"[{&quot;src&quot;:&quot;https:\\\/\\\/www.msn.unipi.it\\\/wp-content\\\/uploads\\\/2018\\\/07\\\/Estate-al-museo-blog-8.jpg&quot;,&quot;id&quot;:&quot;14451&quot;,&quot;title&quot;:&quot;Estate al museo blog (8)&quot;,&quot;alt&quot;:&quot;&quot;,&quot;caption&quot;:&quot;&quot;,&quot;itemprop&quot;:&quot;image&quot;},{&quot;src&quot;:&quot;https:\\\/\\\/www.msn.unipi.it\\\/wp-content\\\/uploads\\\/2018\\\/07\\\/Estate-al-museo-blog-4.jpg&quot;,&quot;id&quot;:&quot;14443&quot;,&quot;title&quot;:&quot;Estate al museo blog (4)&quot;,&quot;alt&quot;:&quot;&quot;,&quot;caption&quot;:&quot;&quot;,&quot;itemprop&quot;:&quot;image&quot;},{&quot;src&quot;:&quot;https:\\\/\\\/www.msn.unipi.it\\\/wp-content\\\/uploads\\\/2018\\\/07\\\/Estate-al-museo-blog-5.jpg&quot;,&quot;id&quot;:&quot;14445&quot;,&quot;title&quot;:&quot;Estate al museo blog (5)&quot;,&quot;alt&quot;:&quot;&quot;,&quot;caption&quot;:&quot;&quot;,&quot;itemprop&quot;:&quot;image&quot;},{&quot;src&quot;:&quot;https:\\\/\\\/www.msn.unipi.it\\\/wp-content\\\/uploads\\\/2018\\\/07\\\/Estate-al-museo-blog-6.jpg&quot;,&quot;id&quot;:&quot;14447&quot;,&quot;title&quot;:&quot;Estate al museo blog (6)&quot;,&quot;alt&quot;:&quot;&quot;,&quot;caption&quot;:&quot;&quot;,&quot;itemprop&quot;:&quot;image&quot;},{&quot;src&quot;:&quot;https:\\\/\\\/www.msn.unipi.it\\\/wp-content\\\/uploads\\\/2018\\\/07\\\/Estate-al-museo-blog-3-1.jpg&quot;,&quot;id&quot;:&quot;14474&quot;,&quot;title&quot;:&quot;Estate al museo blog (3)&quot;,&quot;alt&quot;:&quot;&quot;,&quot;caption&quot;:&quot;&quot;,&quot;itemprop&quot;:&quot;image&quot;},{&quot;src&quot;:&quot;https:\\\/\\\/www.msn.unipi.it\\\/wp-content\\\/uploads\\\/2018\\\/07\\\/Estate-al-museo-blog-12.jpg&quot;,&quot;id&quot;:&quot;14459&quot;,&quot;title&quot;:&quot;Estate al museo blog (12)&quot;,&quot;alt&quot;:&quot;&quot;,&quot;caption&quot;:&quot;&quot;,&quot;itemprop&quot;:&quot;image&quot;},{&quot;src&quot;:&quot;https:\\\/\\\/www.msn.unipi.it\\\/wp-content\\\/uploads\\\/2018\\\/07\\\/Estate-al-museo-blog-7.jpg&quot;,&quot;id&quot;:&quot;14449&quot;,&quot;title&quot;:&quot;Estate al museo blog (7)&quot;,&quot;alt&quot;:&quot;&quot;,&quot;caption&quot;:&quot;&quot;,&quot;itemprop&quot;:&quot;image&quot;},{&quot;src&quot;:&quot;https:\\\/\\\/www.msn.unipi.it\\\/wp-content\\\/uploads\\\/2018\\\/07\\\/Estate-al-museo-blog-9.jpg&quot;,&quot;id&quot;:&quot;14453&quot;,&quot;title&quot;:&quot;Estate al museo blog (9)&quot;,&quot;alt&quot;:&quot;&quot;,&quot;caption&quot;:&quot;&quot;,&quot;itemprop&quot;:&quot;image&quot;},{&quot;src&quot;:&quot;https:\\\/\\\/www.msn.unipi.it\\\/wp-content\\\/uploads\\\/2018\\\/07\\\/Estate-al-museo-blog-10.jpg&quot;,&quot;id&quot;:&quot;14455&quot;,&quot;title&quot;:&quot;Estate al museo blog (10)&quot;,&quot;alt&quot;:&quot;&quot;,&quot;caption&quot;:&quot;ricerche durante il progetto PARTECIPIAM&quot;,&quot;itemprop&quot;:&quot;image&quot;},{&quot;src&quot;:&quot;https:\\\/\\\/www.msn.unipi.it\\\/wp-content\\\/uploads\\\/2018\\\/07\\\/Estate-al-museo-blog-11.jpg&quot;,&quot;id&quot;:&quot;14457&quot;,&quot;title&quot;:&quot;Estate al museo blog (11)&quot;,&quot;alt&quot;:&quot;&quot;,&quot;caption&quot;:&quot;ricerche durante il progetto PARTECIPIAM&quot;,&quot;itemprop&quot;:&quot;image&quot;}]\" itemscope itemtype=\"https:\/\/schema.org\/ImageGallery\"><\/div>\n","protected":false},"excerpt":{"rendered":"<p>Libert\u00e0 e sole alto, amaca e sonnellino, stelle e lucciole, cicale e cielo azzurro, calura meravigliosa e profumi intensi.<br \/>\nQuesta \u00e8 l&#8217;estate nel cuore di molti.<br \/>\nMa&#8230; cosa succede al museo quando le grandi inaugurazioni finiscono, quando gli studenti delle scuole e i bambini dei campi estivi terminano le loro attivit\u00e0, quando gli eventi diminuiscono?<\/p>\n","protected":false},"author":7,"featured_media":14451,"comment_status":"closed","ping_status":"closed","sticky":false,"template":"","format":"standard","meta":{"_jetpack_memberships_contains_paid_content":false,"footnotes":""},"categories":[444],"tags":[],"class_list":["post-14431","post","type-post","status-publish","format-standard","has-post-thumbnail","hentry","category-blog"],"yoast_head":"<!-- This site is optimized with the Yoast SEO plugin v26.8 - https:\/\/yoast.com\/product\/yoast-seo-wordpress\/ -->\n<title>Estate al Museo! - Museo di Storia Naturale dell&#039;Universit\u00e0 di Pisa<\/title>\n<meta name=\"description\" content=\"Libert\u00e0 e sole alto, amaca e sonnellino, stelle e lucciole, cicale e cielo azzurro, calura meravigliosa e profumi intensi.  Questa \u00e8 l&#039;estate nel cuore di molti. Ma... cosa succede al museo quando le grandi inaugurazioni finiscono, quando gli studenti delle scuole e i bambini dei campi estivi terminano le loro attivit\u00e0, quando gli eventi diminuiscono?\" \/>\n<meta name=\"robots\" content=\"index, follow, max-snippet:-1, max-image-preview:large, max-video-preview:-1\" \/>\n<link rel=\"canonical\" href=\"https:\/\/www.msn.unipi.it\/it\/estate-al-museo\/\" \/>\n<meta property=\"og:locale\" content=\"it_IT\" \/>\n<meta property=\"og:type\" content=\"article\" \/>\n<meta property=\"og:title\" content=\"Estate al Museo! - Museo di Storia Naturale dell&#039;Universit\u00e0 di Pisa\" \/>\n<meta property=\"og:description\" content=\"Libert\u00e0 e sole alto, amaca e sonnellino, stelle e lucciole, cicale e cielo azzurro, calura meravigliosa e profumi intensi.  Questa \u00e8 l&#039;estate nel cuore di molti. Ma... cosa succede al museo quando le grandi inaugurazioni finiscono, quando gli studenti delle scuole e i bambini dei campi estivi terminano le loro attivit\u00e0, quando gli eventi diminuiscono?\" \/>\n<meta property=\"og:url\" content=\"https:\/\/www.msn.unipi.it\/it\/estate-al-museo\/\" \/>\n<meta property=\"og:site_name\" content=\"Museo di Storia Naturale dell&#039;Universit\u00e0 di Pisa\" \/>\n<meta property=\"article:publisher\" content=\"https:\/\/www.facebook.com\/Museo-di-Storia-Naturale-Universit%c3%a0-di-Pisa-277794215612108\/\" \/>\n<meta property=\"article:published_time\" content=\"2018-07-26T06:12:20+00:00\" \/>\n<meta property=\"article:modified_time\" content=\"2018-08-23T07:35:20+00:00\" \/>\n<meta property=\"og:image\" content=\"https:\/\/www.msn.unipi.it\/wp-content\/uploads\/2018\/07\/Estate-al-museo-blog-8.jpg\" \/>\n\t<meta property=\"og:image:width\" content=\"2048\" \/>\n\t<meta property=\"og:image:height\" content=\"1365\" \/>\n\t<meta property=\"og:image:type\" content=\"image\/jpeg\" \/>\n<meta name=\"author\" content=\"a012780@unipi.it\" \/>\n<meta name=\"twitter:card\" content=\"summary_large_image\" \/>\n<meta name=\"twitter:creator\" content=\"@msncalci\" \/>\n<meta name=\"twitter:site\" content=\"@msncalci\" \/>\n<meta name=\"twitter:label1\" content=\"Scritto da\" \/>\n\t<meta name=\"twitter:data1\" content=\"a012780@unipi.it\" \/>\n\t<meta name=\"twitter:label2\" content=\"Tempo di lettura stimato\" \/>\n\t<meta name=\"twitter:data2\" content=\"1 minuto\" \/>\n<script type=\"application\/ld+json\" class=\"yoast-schema-graph\">{\"@context\":\"https:\/\/schema.org\",\"@graph\":[{\"@type\":\"Article\",\"@id\":\"https:\/\/www.msn.unipi.it\/it\/estate-al-museo\/#article\",\"isPartOf\":{\"@id\":\"https:\/\/www.msn.unipi.it\/it\/estate-al-museo\/\"},\"author\":{\"name\":\"a012780@unipi.it\",\"@id\":\"https:\/\/www.msn.unipi.it\/it\/#\/schema\/person\/20631df3667b84d79cffe30e020188a1\"},\"headline\":\"Estate al Museo!\",\"datePublished\":\"2018-07-26T06:12:20+00:00\",\"dateModified\":\"2018-08-23T07:35:20+00:00\",\"mainEntityOfPage\":{\"@id\":\"https:\/\/www.msn.unipi.it\/it\/estate-al-museo\/\"},\"wordCount\":264,\"publisher\":{\"@id\":\"https:\/\/www.msn.unipi.it\/it\/#organization\"},\"image\":{\"@id\":\"https:\/\/www.msn.unipi.it\/it\/estate-al-museo\/#primaryimage\"},\"thumbnailUrl\":\"https:\/\/www.msn.unipi.it\/wp-content\/uploads\/2018\/07\/Estate-al-museo-blog-8.jpg\",\"articleSection\":[\"Diario del museo\"],\"inLanguage\":\"it-IT\"},{\"@type\":\"WebPage\",\"@id\":\"https:\/\/www.msn.unipi.it\/it\/estate-al-museo\/\",\"url\":\"https:\/\/www.msn.unipi.it\/it\/estate-al-museo\/\",\"name\":\"Estate al Museo! - Museo di Storia Naturale dell&#039;Universit\u00e0 di Pisa\",\"isPartOf\":{\"@id\":\"https:\/\/www.msn.unipi.it\/it\/#website\"},\"primaryImageOfPage\":{\"@id\":\"https:\/\/www.msn.unipi.it\/it\/estate-al-museo\/#primaryimage\"},\"image\":{\"@id\":\"https:\/\/www.msn.unipi.it\/it\/estate-al-museo\/#primaryimage\"},\"thumbnailUrl\":\"https:\/\/www.msn.unipi.it\/wp-content\/uploads\/2018\/07\/Estate-al-museo-blog-8.jpg\",\"datePublished\":\"2018-07-26T06:12:20+00:00\",\"dateModified\":\"2018-08-23T07:35:20+00:00\",\"description\":\"Libert\u00e0 e sole alto, amaca e sonnellino, stelle e lucciole, cicale e cielo azzurro, calura meravigliosa e profumi intensi. Questa \u00e8 l'estate nel cuore di molti. Ma... cosa succede al museo quando le grandi inaugurazioni finiscono, quando gli studenti delle scuole e i bambini dei campi estivi terminano le loro attivit\u00e0, quando gli eventi diminuiscono?\",\"breadcrumb\":{\"@id\":\"https:\/\/www.msn.unipi.it\/it\/estate-al-museo\/#breadcrumb\"},\"inLanguage\":\"it-IT\",\"potentialAction\":[{\"@type\":\"ReadAction\",\"target\":[\"https:\/\/www.msn.unipi.it\/it\/estate-al-museo\/\"]}]},{\"@type\":\"ImageObject\",\"inLanguage\":\"it-IT\",\"@id\":\"https:\/\/www.msn.unipi.it\/it\/estate-al-museo\/#primaryimage\",\"url\":\"https:\/\/www.msn.unipi.it\/wp-content\/uploads\/2018\/07\/Estate-al-museo-blog-8.jpg\",\"contentUrl\":\"https:\/\/www.msn.unipi.it\/wp-content\/uploads\/2018\/07\/Estate-al-museo-blog-8.jpg\",\"width\":2048,\"height\":1365},{\"@type\":\"BreadcrumbList\",\"@id\":\"https:\/\/www.msn.unipi.it\/it\/estate-al-museo\/#breadcrumb\",\"itemListElement\":[{\"@type\":\"ListItem\",\"position\":1,\"name\":\"Home\",\"item\":\"https:\/\/www.msn.unipi.it\/it\/\"},{\"@type\":\"ListItem\",\"position\":2,\"name\":\"Estate al Museo!\"}]},{\"@type\":\"WebSite\",\"@id\":\"https:\/\/www.msn.unipi.it\/it\/#website\",\"url\":\"https:\/\/www.msn.unipi.it\/it\/\",\"name\":\"Museo di Storia Naturale dell&#039;Universit\u00e0 di Pisa\",\"description\":\"\",\"publisher\":{\"@id\":\"https:\/\/www.msn.unipi.it\/it\/#organization\"},\"potentialAction\":[{\"@type\":\"SearchAction\",\"target\":{\"@type\":\"EntryPoint\",\"urlTemplate\":\"https:\/\/www.msn.unipi.it\/it\/?s={search_term_string}\"},\"query-input\":{\"@type\":\"PropertyValueSpecification\",\"valueRequired\":true,\"valueName\":\"search_term_string\"}}],\"inLanguage\":\"it-IT\"},{\"@type\":\"Organization\",\"@id\":\"https:\/\/www.msn.unipi.it\/it\/#organization\",\"name\":\"Museo di Storia Naturale dell'Universit\u00e0 di Pisa\",\"url\":\"https:\/\/www.msn.unipi.it\/it\/\",\"logo\":{\"@type\":\"ImageObject\",\"inLanguage\":\"it-IT\",\"@id\":\"https:\/\/www.msn.unipi.it\/it\/#\/schema\/logo\/image\/\",\"url\":\"https:\/\/www.msn.unipi.it\/wp-content\/uploads\/2016\/07\/footer-logo.png\",\"contentUrl\":\"https:\/\/www.msn.unipi.it\/wp-content\/uploads\/2016\/07\/footer-logo.png\",\"width\":220,\"height\":95,\"caption\":\"Museo di Storia Naturale dell'Universit\u00e0 di Pisa\"},\"image\":{\"@id\":\"https:\/\/www.msn.unipi.it\/it\/#\/schema\/logo\/image\/\"},\"sameAs\":[\"https:\/\/www.facebook.com\/Museo-di-Storia-Naturale-Universit\u00e0-di-Pisa-277794215612108\/\",\"https:\/\/x.com\/msncalci\",\"https:\/\/www.instagram.com\/museostorianaturale_calci\/\",\"https:\/\/www.youtube.com\/channel\/UCDaMBe_RegmdCnxLPmryMxw\"]},{\"@type\":\"Person\",\"@id\":\"https:\/\/www.msn.unipi.it\/it\/#\/schema\/person\/20631df3667b84d79cffe30e020188a1\",\"name\":\"a012780@unipi.it\",\"image\":{\"@type\":\"ImageObject\",\"inLanguage\":\"it-IT\",\"@id\":\"https:\/\/www.msn.unipi.it\/it\/#\/schema\/person\/image\/\",\"url\":\"https:\/\/secure.gravatar.com\/avatar\/42f33f3cae0d7f62a78cb1395dffdd09?s=96&d=mm&r=g\",\"contentUrl\":\"https:\/\/secure.gravatar.com\/avatar\/42f33f3cae0d7f62a78cb1395dffdd09?s=96&d=mm&r=g\",\"caption\":\"a012780@unipi.it\"}}]}<\/script>\n<!-- \/ Yoast SEO plugin. -->","yoast_head_json":{"title":"Estate al Museo! - Museo di Storia Naturale dell&#039;Universit\u00e0 di Pisa","description":"Libert\u00e0 e sole alto, amaca e sonnellino, stelle e lucciole, cicale e cielo azzurro, calura meravigliosa e profumi intensi.  Questa \u00e8 l'estate nel cuore di molti. Ma... cosa succede al museo quando le grandi inaugurazioni finiscono, quando gli studenti delle scuole e i bambini dei campi estivi terminano le loro attivit\u00e0, quando gli eventi diminuiscono?","robots":{"index":"index","follow":"follow","max-snippet":"max-snippet:-1","max-image-preview":"max-image-preview:large","max-video-preview":"max-video-preview:-1"},"canonical":"https:\/\/www.msn.unipi.it\/it\/estate-al-museo\/","og_locale":"it_IT","og_type":"article","og_title":"Estate al Museo! - Museo di Storia Naturale dell&#039;Universit\u00e0 di Pisa","og_description":"Libert\u00e0 e sole alto, amaca e sonnellino, stelle e lucciole, cicale e cielo azzurro, calura meravigliosa e profumi intensi.  Questa \u00e8 l'estate nel cuore di molti. Ma... cosa succede al museo quando le grandi inaugurazioni finiscono, quando gli studenti delle scuole e i bambini dei campi estivi terminano le loro attivit\u00e0, quando gli eventi diminuiscono?","og_url":"https:\/\/www.msn.unipi.it\/it\/estate-al-museo\/","og_site_name":"Museo di Storia Naturale dell&#039;Universit\u00e0 di Pisa","article_publisher":"https:\/\/www.facebook.com\/Museo-di-Storia-Naturale-Universit%c3%a0-di-Pisa-277794215612108\/","article_published_time":"2018-07-26T06:12:20+00:00","article_modified_time":"2018-08-23T07:35:20+00:00","og_image":[{"width":2048,"height":1365,"url":"https:\/\/www.msn.unipi.it\/wp-content\/uploads\/2018\/07\/Estate-al-museo-blog-8.jpg","type":"image\/jpeg"}],"author":"a012780@unipi.it","twitter_card":"summary_large_image","twitter_creator":"@msncalci","twitter_site":"@msncalci","twitter_misc":{"Scritto da":"a012780@unipi.it","Tempo di lettura stimato":"1 minuto"},"schema":{"@context":"https:\/\/schema.org","@graph":[{"@type":"Article","@id":"https:\/\/www.msn.unipi.it\/it\/estate-al-museo\/#article","isPartOf":{"@id":"https:\/\/www.msn.unipi.it\/it\/estate-al-museo\/"},"author":{"name":"a012780@unipi.it","@id":"https:\/\/www.msn.unipi.it\/it\/#\/schema\/person\/20631df3667b84d79cffe30e020188a1"},"headline":"Estate al Museo!","datePublished":"2018-07-26T06:12:20+00:00","dateModified":"2018-08-23T07:35:20+00:00","mainEntityOfPage":{"@id":"https:\/\/www.msn.unipi.it\/it\/estate-al-museo\/"},"wordCount":264,"publisher":{"@id":"https:\/\/www.msn.unipi.it\/it\/#organization"},"image":{"@id":"https:\/\/www.msn.unipi.it\/it\/estate-al-museo\/#primaryimage"},"thumbnailUrl":"https:\/\/www.msn.unipi.it\/wp-content\/uploads\/2018\/07\/Estate-al-museo-blog-8.jpg","articleSection":["Diario del museo"],"inLanguage":"it-IT"},{"@type":"WebPage","@id":"https:\/\/www.msn.unipi.it\/it\/estate-al-museo\/","url":"https:\/\/www.msn.unipi.it\/it\/estate-al-museo\/","name":"Estate al Museo! - Museo di Storia Naturale dell&#039;Universit\u00e0 di Pisa","isPartOf":{"@id":"https:\/\/www.msn.unipi.it\/it\/#website"},"primaryImageOfPage":{"@id":"https:\/\/www.msn.unipi.it\/it\/estate-al-museo\/#primaryimage"},"image":{"@id":"https:\/\/www.msn.unipi.it\/it\/estate-al-museo\/#primaryimage"},"thumbnailUrl":"https:\/\/www.msn.unipi.it\/wp-content\/uploads\/2018\/07\/Estate-al-museo-blog-8.jpg","datePublished":"2018-07-26T06:12:20+00:00","dateModified":"2018-08-23T07:35:20+00:00","description":"Libert\u00e0 e sole alto, amaca e sonnellino, stelle e lucciole, cicale e cielo azzurro, calura meravigliosa e profumi intensi. Questa \u00e8 l'estate nel cuore di molti. Ma... cosa succede al museo quando le grandi inaugurazioni finiscono, quando gli studenti delle scuole e i bambini dei campi estivi terminano le loro attivit\u00e0, quando gli eventi diminuiscono?","breadcrumb":{"@id":"https:\/\/www.msn.unipi.it\/it\/estate-al-museo\/#breadcrumb"},"inLanguage":"it-IT","potentialAction":[{"@type":"ReadAction","target":["https:\/\/www.msn.unipi.it\/it\/estate-al-museo\/"]}]},{"@type":"ImageObject","inLanguage":"it-IT","@id":"https:\/\/www.msn.unipi.it\/it\/estate-al-museo\/#primaryimage","url":"https:\/\/www.msn.unipi.it\/wp-content\/uploads\/2018\/07\/Estate-al-museo-blog-8.jpg","contentUrl":"https:\/\/www.msn.unipi.it\/wp-content\/uploads\/2018\/07\/Estate-al-museo-blog-8.jpg","width":2048,"height":1365},{"@type":"BreadcrumbList","@id":"https:\/\/www.msn.unipi.it\/it\/estate-al-museo\/#breadcrumb","itemListElement":[{"@type":"ListItem","position":1,"name":"Home","item":"https:\/\/www.msn.unipi.it\/it\/"},{"@type":"ListItem","position":2,"name":"Estate al Museo!"}]},{"@type":"WebSite","@id":"https:\/\/www.msn.unipi.it\/it\/#website","url":"https:\/\/www.msn.unipi.it\/it\/","name":"Museo di Storia Naturale dell&#039;Universit\u00e0 di Pisa","description":"","publisher":{"@id":"https:\/\/www.msn.unipi.it\/it\/#organization"},"potentialAction":[{"@type":"SearchAction","target":{"@type":"EntryPoint","urlTemplate":"https:\/\/www.msn.unipi.it\/it\/?s={search_term_string}"},"query-input":{"@type":"PropertyValueSpecification","valueRequired":true,"valueName":"search_term_string"}}],"inLanguage":"it-IT"},{"@type":"Organization","@id":"https:\/\/www.msn.unipi.it\/it\/#organization","name":"Museo di Storia Naturale dell'Universit\u00e0 di Pisa","url":"https:\/\/www.msn.unipi.it\/it\/","logo":{"@type":"ImageObject","inLanguage":"it-IT","@id":"https:\/\/www.msn.unipi.it\/it\/#\/schema\/logo\/image\/","url":"https:\/\/www.msn.unipi.it\/wp-content\/uploads\/2016\/07\/footer-logo.png","contentUrl":"https:\/\/www.msn.unipi.it\/wp-content\/uploads\/2016\/07\/footer-logo.png","width":220,"height":95,"caption":"Museo di Storia Naturale dell'Universit\u00e0 di Pisa"},"image":{"@id":"https:\/\/www.msn.unipi.it\/it\/#\/schema\/logo\/image\/"},"sameAs":["https:\/\/www.facebook.com\/Museo-di-Storia-Naturale-Universit\u00e0-di-Pisa-277794215612108\/","https:\/\/x.com\/msncalci","https:\/\/www.instagram.com\/museostorianaturale_calci\/","https:\/\/www.youtube.com\/channel\/UCDaMBe_RegmdCnxLPmryMxw"]},{"@type":"Person","@id":"https:\/\/www.msn.unipi.it\/it\/#\/schema\/person\/20631df3667b84d79cffe30e020188a1","name":"a012780@unipi.it","image":{"@type":"ImageObject","inLanguage":"it-IT","@id":"https:\/\/www.msn.unipi.it\/it\/#\/schema\/person\/image\/","url":"https:\/\/secure.gravatar.com\/avatar\/42f33f3cae0d7f62a78cb1395dffdd09?s=96&d=mm&r=g","contentUrl":"https:\/\/secure.gravatar.com\/avatar\/42f33f3cae0d7f62a78cb1395dffdd09?s=96&d=mm&r=g","caption":"a012780@unipi.it"}}]}},"jetpack_featured_media_url":"https:\/\/www.msn.unipi.it\/wp-content\/uploads\/2018\/07\/Estate-al-museo-blog-8.jpg","jetpack_sharing_enabled":true,"_links":{"self":[{"href":"https:\/\/www.msn.unipi.it\/it\/wp-json\/wp\/v2\/posts\/14431","targetHints":{"allow":["GET"]}}],"collection":[{"href":"https:\/\/www.msn.unipi.it\/it\/wp-json\/wp\/v2\/posts"}],"about":[{"href":"https:\/\/www.msn.unipi.it\/it\/wp-json\/wp\/v2\/types\/post"}],"author":[{"embeddable":true,"href":"https:\/\/www.msn.unipi.it\/it\/wp-json\/wp\/v2\/users\/7"}],"replies":[{"embeddable":true,"href":"https:\/\/www.msn.unipi.it\/it\/wp-json\/wp\/v2\/comments?post=14431"}],"version-history":[{"count":6,"href":"https:\/\/www.msn.unipi.it\/it\/wp-json\/wp\/v2\/posts\/14431\/revisions"}],"predecessor-version":[{"id":14487,"href":"https:\/\/www.msn.unipi.it\/it\/wp-json\/wp\/v2\/posts\/14431\/revisions\/14487"}],"wp:featuredmedia":[{"embeddable":true,"href":"https:\/\/www.msn.unipi.it\/it\/wp-json\/wp\/v2\/media\/14451"}],"wp:attachment":[{"href":"https:\/\/www.msn.unipi.it\/it\/wp-json\/wp\/v2\/media?parent=14431"}],"wp:term":[{"taxonomy":"category","embeddable":true,"href":"https:\/\/www.msn.unipi.it\/it\/wp-json\/wp\/v2\/categories?post=14431"},{"taxonomy":"post_tag","embeddable":true,"href":"https:\/\/www.msn.unipi.it\/it\/wp-json\/wp\/v2\/tags?post=14431"}],"curies":[{"name":"wp","href":"https:\/\/api.w.org\/{rel}","templated":true}]}}