{"id":1445,"date":"2016-10-31T09:00:57","date_gmt":"2016-10-31T08:00:57","guid":{"rendered":"http:\/\/msntest.unipi.it\/?page_id=1445"},"modified":"2019-02-25T17:49:29","modified_gmt":"2019-02-25T16:49:29","slug":"sala-degli-archeoceti","status":"publish","type":"post","link":"https:\/\/www.msn.unipi.it\/it\/sala-degli-archeoceti\/","title":{"rendered":"Sala degli archeoceti"},"content":{"rendered":"<p style=\"text-align: justify;\">Gli <strong>archeoceti<\/strong> (archeo=antico, ceti=cetacei) sono un gruppo di mammiferi vissuto da 50 a 35 milioni di anni fa che ha dato origine a delfini e balene.<br \/>\nSono un gruppo molto importante per la storia della vita perch\u00e9, partendo dalla terraferma, gli archeoceti compiono l\u2019impresa eccezionale di adattarsi ad un ambiente completamente diverso: quello acquatico. Questo drastico cambiamento si realizza nel tempo relativamente breve di circa 10 milioni di anni ed \u00e8 accompagnato e reso possibile da profondi cambiamenti fisici che sono descritti, fase per fase, nei tre livelli in cui alcuni gradini dividono la sala.<\/p>\n<p style=\"text-align: justify;\">Al <strong>primo livello<\/strong> di questa scala evolutiva ed in continuit\u00e0 con l\u2019esposizione precedente troviamo gli <strong>artiodattili<\/strong>, il gruppo da cui hanno origine gli archeoceti, rappresentati dallo scheletro fossile di un Ippopotamo tiberino (circa 800.000 anni fa, Roma) e dalla ricostruzione a grandezza naturale del piccolo <em>Indohyus<\/em>. L\u2019ippopotamo \u00e8 indicato dalla biologia molecolare come l\u2019animale vivente pi\u00f9 strettamente imparentato con delfini e balene, ma \u00e8 proprio l\u2019<em>Indohyus<\/em>, vissuto 50 milioni di anni fa in India ad essere il pi\u00f9 vicino all\u2019origine dei cetacei. Infatti, bench\u00e9 l\u2019<em>Indohyus<\/em> sia ancora un artiodattilo, e piuttosto simile al Tragulo, alcune particolarit\u00e0 del suo orecchio interno e la pesantezza delle sue ossa lo dividono da tutti gli altri artiodattili e dimostrano che trascorreva molto tempo in acqua.<\/p>\n<p style=\"text-align: justify;\">All\u2019inizio del <strong>secondo livello<\/strong> troviamo il primo vero <strong>archeoceto<\/strong>, il pi\u00f9 antico: il <em>Pakicetus<\/em>, vissuto in Pakistan circa 48 milioni di anni fa. Infatti \u00e8 proprio nell\u2019Asia meridionale, su quelle che erano le coste dell\u2019antica Tetide, un ampio mare tropicale che all\u2019epoca si estendeva dalla Spagna all\u2019Indonesia, che si originano e si evolvono i primi archeoceti. Nello stesso livello della sala sono descritti in dettaglio i molti cambiamenti che hanno reso possibile il completo <strong>adattamento alla vita acquatica<\/strong>, come la trasformazione delle zampe in pinne e lo spostamento delle narici sulla sommit\u00e0 della testa.<\/p>\n<p style=\"text-align: justify;\">Sul <strong>terzo livello<\/strong> troviamo lo scheletro e la ricostruzione a grandezza naturale di <em>Ambulocetus<\/em>, vissuto 48 milioni di anni fa in Pakistan, a testimoniare quello <strong>stadio intermedio di adattamento<\/strong> in cui gli archeoceti avevano un aspetto e uno stile di vita che ricordava delle grandi lontre. Simile ad <em>Ambulocetus<\/em> era <em>Aegyptocetus<\/em> il cui fossile originale si trova all\u2019interno della teca di vetro. Si tratta di un reperto molto raro, uno dei pochissimi fossili di archeoceto presenti in Italia e di gran lunga il pi\u00f9 completo. In realt\u00e0, questo animale visse circa 40 milioni di anni fa in Egitto ed arriv\u00f2 in Italia agli inizi del 21\u00b0 secolo all\u2019interno di un blocco di calcare nummulitico acquistato da un tagliatore di marmi.<\/p>\n<p style=\"text-align: justify;\">L\u2019<strong>ultima fase della trasformazione<\/strong> \u00e8 rappresentata dal grande cranio di <em>Cinthyacetus<\/em>. Lungo oltre 9 metri e con le zampe posteriori ridotte a rudimenti, questo archeoceto vissuto in Sud America da 38 a 35 milioni di anni fa non era pi\u00f9 in grado di uscire dall\u2019acqua e la sua coda terminava con la grande pinna a ventaglio cos\u00ec tipica dei cetacei di oggi, la cui storia \u00e8 raccontata al piano superiore.<\/p>\n<p>&nbsp;<\/p>\n<div class=\"tiled-gallery type-rectangular tiled-gallery-unresized\" data-original-width=\"847\" data-carousel-extra='null' itemscope itemtype=\"http:\/\/schema.org\/ImageGallery\" > <div class=\"gallery-row\" style=\"width: 847px; height: 381px;\" data-original-width=\"847\" data-original-height=\"381\" > <div class=\"gallery-group images-1\" style=\"width: 570px; height: 381px;\" data-original-width=\"570\" data-original-height=\"381\" > <div class=\"tiled-gallery-item tiled-gallery-item-large\" itemprop=\"associatedMedia\" itemscope itemtype=\"http:\/\/schema.org\/ImageObject\"> <a href=\"https:\/\/i0.wp.com\/www.msn.unipi.it\/wp-content\/uploads\/2016\/10\/Archeoceti-foto-di-Marilina-DAndretta-1.jpg?ssl=1\" border=\"0\" itemprop=\"url\"> <meta itemprop=\"width\" content=\"566\"> <meta itemprop=\"height\" content=\"377\"> <img decoding=\"async\" class=\"\" data-attachment-id=\"16012\" data-orig-file=\"https:\/\/www.msn.unipi.it\/wp-content\/uploads\/2016\/10\/Archeoceti-foto-di-Marilina-DAndretta-1.jpg\" data-orig-size=\"2048,1365\" data-comments-opened=\"\" data-image-meta=\"{&quot;aperture&quot;:&quot;5.6&quot;,&quot;credit&quot;:&quot;&quot;,&quot;camera&quot;:&quot;NIKON D3100&quot;,&quot;caption&quot;:&quot;&quot;,&quot;created_timestamp&quot;:&quot;1535987339&quot;,&quot;copyright&quot;:&quot;&quot;,&quot;focal_length&quot;:&quot;18&quot;,&quot;iso&quot;:&quot;200&quot;,&quot;shutter_speed&quot;:&quot;0.008&quot;,&quot;title&quot;:&quot;&quot;,&quot;orientation&quot;:&quot;1&quot;}\" data-image-title=\"Archeoceti (foto di Marilina D&#8217;Andretta) (1)\" data-image-description=\"\" data-medium-file=\"https:\/\/www.msn.unipi.it\/wp-content\/uploads\/2016\/10\/Archeoceti-foto-di-Marilina-DAndretta-1-450x300.jpg\" data-large-file=\"https:\/\/www.msn.unipi.it\/wp-content\/uploads\/2016\/10\/Archeoceti-foto-di-Marilina-DAndretta-1-1024x683.jpg\" src=\"https:\/\/i0.wp.com\/www.msn.unipi.it\/wp-content\/uploads\/2016\/10\/Archeoceti-foto-di-Marilina-DAndretta-1.jpg?w=566&#038;h=377&#038;ssl=1\" srcset=\"https:\/\/www.msn.unipi.it\/wp-content\/uploads\/2016\/10\/Archeoceti-foto-di-Marilina-DAndretta-1.jpg 2048w, https:\/\/www.msn.unipi.it\/wp-content\/uploads\/2016\/10\/Archeoceti-foto-di-Marilina-DAndretta-1-450x300.jpg 450w, https:\/\/www.msn.unipi.it\/wp-content\/uploads\/2016\/10\/Archeoceti-foto-di-Marilina-DAndretta-1-768x512.jpg 768w, https:\/\/www.msn.unipi.it\/wp-content\/uploads\/2016\/10\/Archeoceti-foto-di-Marilina-DAndretta-1-1024x683.jpg 1024w\" width=\"566\" height=\"377\" loading=\"lazy\" data-original-width=\"566\" data-original-height=\"377\" itemprop=\"http:\/\/schema.org\/image\" title=\"Archeoceti (foto di Marilina D&#039;Andretta) (1)\" alt=\"Archeoceti (foto di Marilina D&#039;Andretta) (1)\" style=\"width: 566px; height: 377px;\" \/> <\/a> <\/div> <\/div> <!-- close group --> <div class=\"gallery-group images-2\" style=\"width: 277px; height: 381px;\" data-original-width=\"277\" data-original-height=\"381\" > <div class=\"tiled-gallery-item tiled-gallery-item-large\" itemprop=\"associatedMedia\" itemscope itemtype=\"http:\/\/schema.org\/ImageObject\"> <a href=\"https:\/\/i0.wp.com\/www.msn.unipi.it\/wp-content\/uploads\/2016\/10\/Archeoceti-foto-di-Marilina-DAndretta-4.jpg?ssl=1\" border=\"0\" itemprop=\"url\"> <meta itemprop=\"width\" content=\"273\"> <meta itemprop=\"height\" content=\"182\"> <img decoding=\"async\" class=\"\" data-attachment-id=\"16014\" data-orig-file=\"https:\/\/www.msn.unipi.it\/wp-content\/uploads\/2016\/10\/Archeoceti-foto-di-Marilina-DAndretta-4.jpg\" data-orig-size=\"2048,1365\" data-comments-opened=\"\" data-image-meta=\"{&quot;aperture&quot;:&quot;3.8&quot;,&quot;credit&quot;:&quot;&quot;,&quot;camera&quot;:&quot;NIKON D3100&quot;,&quot;caption&quot;:&quot;&quot;,&quot;created_timestamp&quot;:&quot;1540917855&quot;,&quot;copyright&quot;:&quot;&quot;,&quot;focal_length&quot;:&quot;20&quot;,&quot;iso&quot;:&quot;100&quot;,&quot;shutter_speed&quot;:&quot;0.125&quot;,&quot;title&quot;:&quot;&quot;,&quot;orientation&quot;:&quot;1&quot;}\" data-image-title=\"Archeoceti (foto di Marilina D&#8217;Andretta) (4)\" data-image-description=\"\" data-medium-file=\"https:\/\/www.msn.unipi.it\/wp-content\/uploads\/2016\/10\/Archeoceti-foto-di-Marilina-DAndretta-4-450x300.jpg\" data-large-file=\"https:\/\/www.msn.unipi.it\/wp-content\/uploads\/2016\/10\/Archeoceti-foto-di-Marilina-DAndretta-4-1024x683.jpg\" src=\"https:\/\/i0.wp.com\/www.msn.unipi.it\/wp-content\/uploads\/2016\/10\/Archeoceti-foto-di-Marilina-DAndretta-4.jpg?w=273&#038;h=182&#038;ssl=1\" srcset=\"https:\/\/www.msn.unipi.it\/wp-content\/uploads\/2016\/10\/Archeoceti-foto-di-Marilina-DAndretta-4.jpg 2048w, https:\/\/www.msn.unipi.it\/wp-content\/uploads\/2016\/10\/Archeoceti-foto-di-Marilina-DAndretta-4-450x300.jpg 450w, https:\/\/www.msn.unipi.it\/wp-content\/uploads\/2016\/10\/Archeoceti-foto-di-Marilina-DAndretta-4-768x512.jpg 768w, https:\/\/www.msn.unipi.it\/wp-content\/uploads\/2016\/10\/Archeoceti-foto-di-Marilina-DAndretta-4-1024x683.jpg 1024w\" width=\"273\" height=\"182\" loading=\"lazy\" data-original-width=\"273\" data-original-height=\"182\" itemprop=\"http:\/\/schema.org\/image\" title=\"Archeoceti (foto di Marilina D&#039;Andretta) (4)\" alt=\"Archeoceti (foto di Marilina D&#039;Andretta) (4)\" style=\"width: 273px; height: 182px;\" \/> <\/a> <\/div> <div class=\"tiled-gallery-item tiled-gallery-item-large\" itemprop=\"associatedMedia\" itemscope itemtype=\"http:\/\/schema.org\/ImageObject\"> <a href=\"https:\/\/i0.wp.com\/www.msn.unipi.it\/wp-content\/uploads\/2012\/08\/archeoceto22.jpg?ssl=1\" border=\"0\" itemprop=\"url\"> <meta itemprop=\"width\" content=\"273\"> <meta itemprop=\"height\" content=\"191\"> <img decoding=\"async\" class=\"\" data-attachment-id=\"1446\" data-orig-file=\"https:\/\/www.msn.unipi.it\/wp-content\/uploads\/2012\/08\/archeoceto22.jpg\" data-orig-size=\"1684,1181\" data-comments-opened=\"\" data-image-meta=\"{&quot;aperture&quot;:&quot;2.8&quot;,&quot;credit&quot;:&quot;&quot;,&quot;camera&quot;:&quot;NIKON D50&quot;,&quot;caption&quot;:&quot;&quot;,&quot;created_timestamp&quot;:&quot;1253547991&quot;,&quot;copyright&quot;:&quot;&quot;,&quot;focal_length&quot;:&quot;24&quot;,&quot;iso&quot;:&quot;200&quot;,&quot;shutter_speed&quot;:&quot;0.02&quot;,&quot;title&quot;:&quot;&quot;,&quot;orientation&quot;:&quot;1&quot;}\" data-image-title=\"archeoceto2\" data-image-description=\"\" data-medium-file=\"https:\/\/www.msn.unipi.it\/wp-content\/uploads\/2012\/08\/archeoceto22-450x316.jpg\" data-large-file=\"https:\/\/www.msn.unipi.it\/wp-content\/uploads\/2012\/08\/archeoceto22-1024x718.jpg\" src=\"https:\/\/i0.wp.com\/www.msn.unipi.it\/wp-content\/uploads\/2012\/08\/archeoceto22.jpg?w=273&#038;h=191&#038;ssl=1\" srcset=\"https:\/\/www.msn.unipi.it\/wp-content\/uploads\/2012\/08\/archeoceto22.jpg 1684w, https:\/\/www.msn.unipi.it\/wp-content\/uploads\/2012\/08\/archeoceto22-450x316.jpg 450w, https:\/\/www.msn.unipi.it\/wp-content\/uploads\/2012\/08\/archeoceto22-768x539.jpg 768w, https:\/\/www.msn.unipi.it\/wp-content\/uploads\/2012\/08\/archeoceto22-1024x718.jpg 1024w\" width=\"273\" height=\"191\" loading=\"lazy\" data-original-width=\"273\" data-original-height=\"191\" itemprop=\"http:\/\/schema.org\/image\" title=\"archeoceto2\" alt=\"archeoceto2\" style=\"width: 273px; height: 191px;\" \/> <\/a> <\/div> <\/div> <!-- close group --> <\/div> <!-- close row --> <\/div>\n","protected":false},"excerpt":{"rendered":"<p>Questo spazio espositivo introduce alla sala dei cetacei spiegandone l\u2019origine e l\u2019evoluzione. Lo spazio \u00e8 stato ristrutturato seguendo i criteri dell\u2019universal design con pannelli esplicativi, mappe tattili, sorgenti audio, modelli 3D, testi in Braille e segnaletica in rilievo per facilitare l\u2019accesso alle diverse tipologie di utenti.<\/p>\n","protected":false},"author":1,"featured_media":1442,"comment_status":"closed","ping_status":"closed","sticky":false,"template":"","format":"standard","meta":{"_jetpack_memberships_contains_paid_content":false,"footnotes":""},"categories":[26,182],"tags":[],"class_list":["post-1445","post","type-post","status-publish","format-standard","has-post-thumbnail","hentry","category-esposizioni","category-esposizioni-permanenti"],"yoast_head":"<!-- This site is optimized with the Yoast SEO plugin v26.8 - https:\/\/yoast.com\/product\/yoast-seo-wordpress\/ -->\n<title>Sala degli archeoceti - Museo di Storia Naturale dell&#039;Universit\u00e0 di Pisa<\/title>\n<meta name=\"description\" content=\"Questo spazio espositivo introduce alla sala dei cetacei spiegandone l\u2019origine e l\u2019evoluzione. Lo spazio \u00e8 stato ristrutturato seguendo i criteri dell\u2019universal design con pannelli esplicativi, mappe tattili, sorgenti audio, modelli 3D, testi in Braille e segnaletica in rilievo per facilitare l\u2019accesso alle diverse tipologie di utenti.\" \/>\n<meta name=\"robots\" content=\"index, follow, max-snippet:-1, max-image-preview:large, max-video-preview:-1\" \/>\n<link rel=\"canonical\" href=\"https:\/\/www.msn.unipi.it\/it\/sala-degli-archeoceti\/\" \/>\n<meta property=\"og:locale\" content=\"it_IT\" \/>\n<meta property=\"og:type\" content=\"article\" \/>\n<meta property=\"og:title\" content=\"Sala degli archeoceti - Museo di Storia Naturale dell&#039;Universit\u00e0 di Pisa\" \/>\n<meta property=\"og:description\" content=\"Questo spazio espositivo introduce alla sala dei cetacei spiegandone l\u2019origine e l\u2019evoluzione. Lo spazio \u00e8 stato ristrutturato seguendo i criteri dell\u2019universal design con pannelli esplicativi, mappe tattili, sorgenti audio, modelli 3D, testi in Braille e segnaletica in rilievo per facilitare l\u2019accesso alle diverse tipologie di utenti.\" \/>\n<meta property=\"og:url\" content=\"https:\/\/www.msn.unipi.it\/it\/sala-degli-archeoceti\/\" \/>\n<meta property=\"og:site_name\" content=\"Museo di Storia Naturale dell&#039;Universit\u00e0 di Pisa\" \/>\n<meta property=\"article:publisher\" content=\"https:\/\/www.facebook.com\/Museo-di-Storia-Naturale-Universit%c3%a0-di-Pisa-277794215612108\/\" \/>\n<meta property=\"article:published_time\" content=\"2016-10-31T08:00:57+00:00\" \/>\n<meta property=\"article:modified_time\" content=\"2019-02-25T16:49:29+00:00\" \/>\n<meta property=\"og:image\" content=\"https:\/\/www.msn.unipi.it\/wp-content\/uploads\/2012\/08\/archeoceto21.jpg\" \/>\n\t<meta property=\"og:image:width\" content=\"1684\" \/>\n\t<meta property=\"og:image:height\" content=\"1181\" \/>\n\t<meta property=\"og:image:type\" content=\"image\/jpeg\" \/>\n<meta name=\"author\" content=\"websoup\" \/>\n<meta name=\"twitter:card\" content=\"summary_large_image\" \/>\n<meta name=\"twitter:creator\" content=\"@msncalci\" \/>\n<meta name=\"twitter:site\" content=\"@msncalci\" \/>\n<meta name=\"twitter:label1\" content=\"Scritto da\" \/>\n\t<meta name=\"twitter:data1\" content=\"websoup\" \/>\n\t<meta name=\"twitter:label2\" content=\"Tempo di lettura stimato\" \/>\n\t<meta name=\"twitter:data2\" content=\"3 minuti\" \/>\n<script type=\"application\/ld+json\" class=\"yoast-schema-graph\">{\"@context\":\"https:\/\/schema.org\",\"@graph\":[{\"@type\":\"Article\",\"@id\":\"https:\/\/www.msn.unipi.it\/it\/sala-degli-archeoceti\/#article\",\"isPartOf\":{\"@id\":\"https:\/\/www.msn.unipi.it\/it\/sala-degli-archeoceti\/\"},\"author\":{\"name\":\"websoup\",\"@id\":\"https:\/\/www.msn.unipi.it\/it\/#\/schema\/person\/ed9b10c0618fabf77f29c32885d14a64\"},\"headline\":\"Sala degli archeoceti\",\"datePublished\":\"2016-10-31T08:00:57+00:00\",\"dateModified\":\"2019-02-25T16:49:29+00:00\",\"mainEntityOfPage\":{\"@id\":\"https:\/\/www.msn.unipi.it\/it\/sala-degli-archeoceti\/\"},\"wordCount\":513,\"publisher\":{\"@id\":\"https:\/\/www.msn.unipi.it\/it\/#organization\"},\"image\":{\"@id\":\"https:\/\/www.msn.unipi.it\/it\/sala-degli-archeoceti\/#primaryimage\"},\"thumbnailUrl\":\"https:\/\/www.msn.unipi.it\/wp-content\/uploads\/2012\/08\/archeoceto21.jpg\",\"articleSection\":[\"Esposizioni\",\"Esposizioni permanenti\"],\"inLanguage\":\"it-IT\"},{\"@type\":\"WebPage\",\"@id\":\"https:\/\/www.msn.unipi.it\/it\/sala-degli-archeoceti\/\",\"url\":\"https:\/\/www.msn.unipi.it\/it\/sala-degli-archeoceti\/\",\"name\":\"Sala degli archeoceti - Museo di Storia Naturale dell&#039;Universit\u00e0 di Pisa\",\"isPartOf\":{\"@id\":\"https:\/\/www.msn.unipi.it\/it\/#website\"},\"primaryImageOfPage\":{\"@id\":\"https:\/\/www.msn.unipi.it\/it\/sala-degli-archeoceti\/#primaryimage\"},\"image\":{\"@id\":\"https:\/\/www.msn.unipi.it\/it\/sala-degli-archeoceti\/#primaryimage\"},\"thumbnailUrl\":\"https:\/\/www.msn.unipi.it\/wp-content\/uploads\/2012\/08\/archeoceto21.jpg\",\"datePublished\":\"2016-10-31T08:00:57+00:00\",\"dateModified\":\"2019-02-25T16:49:29+00:00\",\"description\":\"Questo spazio espositivo introduce alla sala dei cetacei spiegandone l\u2019origine e l\u2019evoluzione. Lo spazio \u00e8 stato ristrutturato seguendo i criteri dell\u2019universal design con pannelli esplicativi, mappe tattili, sorgenti audio, modelli 3D, testi in Braille e segnaletica in rilievo per facilitare l\u2019accesso alle diverse tipologie di utenti.\",\"breadcrumb\":{\"@id\":\"https:\/\/www.msn.unipi.it\/it\/sala-degli-archeoceti\/#breadcrumb\"},\"inLanguage\":\"it-IT\",\"potentialAction\":[{\"@type\":\"ReadAction\",\"target\":[\"https:\/\/www.msn.unipi.it\/it\/sala-degli-archeoceti\/\"]}]},{\"@type\":\"ImageObject\",\"inLanguage\":\"it-IT\",\"@id\":\"https:\/\/www.msn.unipi.it\/it\/sala-degli-archeoceti\/#primaryimage\",\"url\":\"https:\/\/www.msn.unipi.it\/wp-content\/uploads\/2012\/08\/archeoceto21.jpg\",\"contentUrl\":\"https:\/\/www.msn.unipi.it\/wp-content\/uploads\/2012\/08\/archeoceto21.jpg\",\"width\":1684,\"height\":1181},{\"@type\":\"BreadcrumbList\",\"@id\":\"https:\/\/www.msn.unipi.it\/it\/sala-degli-archeoceti\/#breadcrumb\",\"itemListElement\":[{\"@type\":\"ListItem\",\"position\":1,\"name\":\"Home\",\"item\":\"https:\/\/www.msn.unipi.it\/it\/\"},{\"@type\":\"ListItem\",\"position\":2,\"name\":\"Sala degli archeoceti\"}]},{\"@type\":\"WebSite\",\"@id\":\"https:\/\/www.msn.unipi.it\/it\/#website\",\"url\":\"https:\/\/www.msn.unipi.it\/it\/\",\"name\":\"Museo di Storia Naturale dell&#039;Universit\u00e0 di Pisa\",\"description\":\"\",\"publisher\":{\"@id\":\"https:\/\/www.msn.unipi.it\/it\/#organization\"},\"potentialAction\":[{\"@type\":\"SearchAction\",\"target\":{\"@type\":\"EntryPoint\",\"urlTemplate\":\"https:\/\/www.msn.unipi.it\/it\/?s={search_term_string}\"},\"query-input\":{\"@type\":\"PropertyValueSpecification\",\"valueRequired\":true,\"valueName\":\"search_term_string\"}}],\"inLanguage\":\"it-IT\"},{\"@type\":\"Organization\",\"@id\":\"https:\/\/www.msn.unipi.it\/it\/#organization\",\"name\":\"Museo di Storia Naturale dell'Universit\u00e0 di Pisa\",\"url\":\"https:\/\/www.msn.unipi.it\/it\/\",\"logo\":{\"@type\":\"ImageObject\",\"inLanguage\":\"it-IT\",\"@id\":\"https:\/\/www.msn.unipi.it\/it\/#\/schema\/logo\/image\/\",\"url\":\"https:\/\/www.msn.unipi.it\/wp-content\/uploads\/2016\/07\/footer-logo.png\",\"contentUrl\":\"https:\/\/www.msn.unipi.it\/wp-content\/uploads\/2016\/07\/footer-logo.png\",\"width\":220,\"height\":95,\"caption\":\"Museo di Storia Naturale dell'Universit\u00e0 di Pisa\"},\"image\":{\"@id\":\"https:\/\/www.msn.unipi.it\/it\/#\/schema\/logo\/image\/\"},\"sameAs\":[\"https:\/\/www.facebook.com\/Museo-di-Storia-Naturale-Universit\u00e0-di-Pisa-277794215612108\/\",\"https:\/\/x.com\/msncalci\",\"https:\/\/www.instagram.com\/museostorianaturale_calci\/\",\"https:\/\/www.youtube.com\/channel\/UCDaMBe_RegmdCnxLPmryMxw\"]},{\"@type\":\"Person\",\"@id\":\"https:\/\/www.msn.unipi.it\/it\/#\/schema\/person\/ed9b10c0618fabf77f29c32885d14a64\",\"name\":\"websoup\",\"image\":{\"@type\":\"ImageObject\",\"inLanguage\":\"it-IT\",\"@id\":\"https:\/\/www.msn.unipi.it\/it\/#\/schema\/person\/image\/\",\"url\":\"https:\/\/secure.gravatar.com\/avatar\/4118c2ea32b6d8e2ac1a2f57333fd5d2?s=96&d=mm&r=g\",\"contentUrl\":\"https:\/\/secure.gravatar.com\/avatar\/4118c2ea32b6d8e2ac1a2f57333fd5d2?s=96&d=mm&r=g\",\"caption\":\"websoup\"}}]}<\/script>\n<!-- \/ Yoast SEO plugin. -->","yoast_head_json":{"title":"Sala degli archeoceti - Museo di Storia Naturale dell&#039;Universit\u00e0 di Pisa","description":"Questo spazio espositivo introduce alla sala dei cetacei spiegandone l\u2019origine e l\u2019evoluzione. Lo spazio \u00e8 stato ristrutturato seguendo i criteri dell\u2019universal design con pannelli esplicativi, mappe tattili, sorgenti audio, modelli 3D, testi in Braille e segnaletica in rilievo per facilitare l\u2019accesso alle diverse tipologie di utenti.","robots":{"index":"index","follow":"follow","max-snippet":"max-snippet:-1","max-image-preview":"max-image-preview:large","max-video-preview":"max-video-preview:-1"},"canonical":"https:\/\/www.msn.unipi.it\/it\/sala-degli-archeoceti\/","og_locale":"it_IT","og_type":"article","og_title":"Sala degli archeoceti - Museo di Storia Naturale dell&#039;Universit\u00e0 di Pisa","og_description":"Questo spazio espositivo introduce alla sala dei cetacei spiegandone l\u2019origine e l\u2019evoluzione. Lo spazio \u00e8 stato ristrutturato seguendo i criteri dell\u2019universal design con pannelli esplicativi, mappe tattili, sorgenti audio, modelli 3D, testi in Braille e segnaletica in rilievo per facilitare l\u2019accesso alle diverse tipologie di utenti.","og_url":"https:\/\/www.msn.unipi.it\/it\/sala-degli-archeoceti\/","og_site_name":"Museo di Storia Naturale dell&#039;Universit\u00e0 di Pisa","article_publisher":"https:\/\/www.facebook.com\/Museo-di-Storia-Naturale-Universit%c3%a0-di-Pisa-277794215612108\/","article_published_time":"2016-10-31T08:00:57+00:00","article_modified_time":"2019-02-25T16:49:29+00:00","og_image":[{"width":1684,"height":1181,"url":"https:\/\/www.msn.unipi.it\/wp-content\/uploads\/2012\/08\/archeoceto21.jpg","type":"image\/jpeg"}],"author":"websoup","twitter_card":"summary_large_image","twitter_creator":"@msncalci","twitter_site":"@msncalci","twitter_misc":{"Scritto da":"websoup","Tempo di lettura stimato":"3 minuti"},"schema":{"@context":"https:\/\/schema.org","@graph":[{"@type":"Article","@id":"https:\/\/www.msn.unipi.it\/it\/sala-degli-archeoceti\/#article","isPartOf":{"@id":"https:\/\/www.msn.unipi.it\/it\/sala-degli-archeoceti\/"},"author":{"name":"websoup","@id":"https:\/\/www.msn.unipi.it\/it\/#\/schema\/person\/ed9b10c0618fabf77f29c32885d14a64"},"headline":"Sala degli archeoceti","datePublished":"2016-10-31T08:00:57+00:00","dateModified":"2019-02-25T16:49:29+00:00","mainEntityOfPage":{"@id":"https:\/\/www.msn.unipi.it\/it\/sala-degli-archeoceti\/"},"wordCount":513,"publisher":{"@id":"https:\/\/www.msn.unipi.it\/it\/#organization"},"image":{"@id":"https:\/\/www.msn.unipi.it\/it\/sala-degli-archeoceti\/#primaryimage"},"thumbnailUrl":"https:\/\/www.msn.unipi.it\/wp-content\/uploads\/2012\/08\/archeoceto21.jpg","articleSection":["Esposizioni","Esposizioni permanenti"],"inLanguage":"it-IT"},{"@type":"WebPage","@id":"https:\/\/www.msn.unipi.it\/it\/sala-degli-archeoceti\/","url":"https:\/\/www.msn.unipi.it\/it\/sala-degli-archeoceti\/","name":"Sala degli archeoceti - Museo di Storia Naturale dell&#039;Universit\u00e0 di Pisa","isPartOf":{"@id":"https:\/\/www.msn.unipi.it\/it\/#website"},"primaryImageOfPage":{"@id":"https:\/\/www.msn.unipi.it\/it\/sala-degli-archeoceti\/#primaryimage"},"image":{"@id":"https:\/\/www.msn.unipi.it\/it\/sala-degli-archeoceti\/#primaryimage"},"thumbnailUrl":"https:\/\/www.msn.unipi.it\/wp-content\/uploads\/2012\/08\/archeoceto21.jpg","datePublished":"2016-10-31T08:00:57+00:00","dateModified":"2019-02-25T16:49:29+00:00","description":"Questo spazio espositivo introduce alla sala dei cetacei spiegandone l\u2019origine e l\u2019evoluzione. Lo spazio \u00e8 stato ristrutturato seguendo i criteri dell\u2019universal design con pannelli esplicativi, mappe tattili, sorgenti audio, modelli 3D, testi in Braille e segnaletica in rilievo per facilitare l\u2019accesso alle diverse tipologie di utenti.","breadcrumb":{"@id":"https:\/\/www.msn.unipi.it\/it\/sala-degli-archeoceti\/#breadcrumb"},"inLanguage":"it-IT","potentialAction":[{"@type":"ReadAction","target":["https:\/\/www.msn.unipi.it\/it\/sala-degli-archeoceti\/"]}]},{"@type":"ImageObject","inLanguage":"it-IT","@id":"https:\/\/www.msn.unipi.it\/it\/sala-degli-archeoceti\/#primaryimage","url":"https:\/\/www.msn.unipi.it\/wp-content\/uploads\/2012\/08\/archeoceto21.jpg","contentUrl":"https:\/\/www.msn.unipi.it\/wp-content\/uploads\/2012\/08\/archeoceto21.jpg","width":1684,"height":1181},{"@type":"BreadcrumbList","@id":"https:\/\/www.msn.unipi.it\/it\/sala-degli-archeoceti\/#breadcrumb","itemListElement":[{"@type":"ListItem","position":1,"name":"Home","item":"https:\/\/www.msn.unipi.it\/it\/"},{"@type":"ListItem","position":2,"name":"Sala degli archeoceti"}]},{"@type":"WebSite","@id":"https:\/\/www.msn.unipi.it\/it\/#website","url":"https:\/\/www.msn.unipi.it\/it\/","name":"Museo di Storia Naturale dell&#039;Universit\u00e0 di Pisa","description":"","publisher":{"@id":"https:\/\/www.msn.unipi.it\/it\/#organization"},"potentialAction":[{"@type":"SearchAction","target":{"@type":"EntryPoint","urlTemplate":"https:\/\/www.msn.unipi.it\/it\/?s={search_term_string}"},"query-input":{"@type":"PropertyValueSpecification","valueRequired":true,"valueName":"search_term_string"}}],"inLanguage":"it-IT"},{"@type":"Organization","@id":"https:\/\/www.msn.unipi.it\/it\/#organization","name":"Museo di Storia Naturale dell'Universit\u00e0 di Pisa","url":"https:\/\/www.msn.unipi.it\/it\/","logo":{"@type":"ImageObject","inLanguage":"it-IT","@id":"https:\/\/www.msn.unipi.it\/it\/#\/schema\/logo\/image\/","url":"https:\/\/www.msn.unipi.it\/wp-content\/uploads\/2016\/07\/footer-logo.png","contentUrl":"https:\/\/www.msn.unipi.it\/wp-content\/uploads\/2016\/07\/footer-logo.png","width":220,"height":95,"caption":"Museo di Storia Naturale dell'Universit\u00e0 di Pisa"},"image":{"@id":"https:\/\/www.msn.unipi.it\/it\/#\/schema\/logo\/image\/"},"sameAs":["https:\/\/www.facebook.com\/Museo-di-Storia-Naturale-Universit\u00e0-di-Pisa-277794215612108\/","https:\/\/x.com\/msncalci","https:\/\/www.instagram.com\/museostorianaturale_calci\/","https:\/\/www.youtube.com\/channel\/UCDaMBe_RegmdCnxLPmryMxw"]},{"@type":"Person","@id":"https:\/\/www.msn.unipi.it\/it\/#\/schema\/person\/ed9b10c0618fabf77f29c32885d14a64","name":"websoup","image":{"@type":"ImageObject","inLanguage":"it-IT","@id":"https:\/\/www.msn.unipi.it\/it\/#\/schema\/person\/image\/","url":"https:\/\/secure.gravatar.com\/avatar\/4118c2ea32b6d8e2ac1a2f57333fd5d2?s=96&d=mm&r=g","contentUrl":"https:\/\/secure.gravatar.com\/avatar\/4118c2ea32b6d8e2ac1a2f57333fd5d2?s=96&d=mm&r=g","caption":"websoup"}}]}},"jetpack_featured_media_url":"https:\/\/www.msn.unipi.it\/wp-content\/uploads\/2012\/08\/archeoceto21.jpg","jetpack_sharing_enabled":true,"_links":{"self":[{"href":"https:\/\/www.msn.unipi.it\/it\/wp-json\/wp\/v2\/posts\/1445","targetHints":{"allow":["GET"]}}],"collection":[{"href":"https:\/\/www.msn.unipi.it\/it\/wp-json\/wp\/v2\/posts"}],"about":[{"href":"https:\/\/www.msn.unipi.it\/it\/wp-json\/wp\/v2\/types\/post"}],"author":[{"embeddable":true,"href":"https:\/\/www.msn.unipi.it\/it\/wp-json\/wp\/v2\/users\/1"}],"replies":[{"embeddable":true,"href":"https:\/\/www.msn.unipi.it\/it\/wp-json\/wp\/v2\/comments?post=1445"}],"version-history":[{"count":5,"href":"https:\/\/www.msn.unipi.it\/it\/wp-json\/wp\/v2\/posts\/1445\/revisions"}],"predecessor-version":[{"id":16016,"href":"https:\/\/www.msn.unipi.it\/it\/wp-json\/wp\/v2\/posts\/1445\/revisions\/16016"}],"wp:featuredmedia":[{"embeddable":true,"href":"https:\/\/www.msn.unipi.it\/it\/wp-json\/wp\/v2\/media\/1442"}],"wp:attachment":[{"href":"https:\/\/www.msn.unipi.it\/it\/wp-json\/wp\/v2\/media?parent=1445"}],"wp:term":[{"taxonomy":"category","embeddable":true,"href":"https:\/\/www.msn.unipi.it\/it\/wp-json\/wp\/v2\/categories?post=1445"},{"taxonomy":"post_tag","embeddable":true,"href":"https:\/\/www.msn.unipi.it\/it\/wp-json\/wp\/v2\/tags?post=1445"}],"curies":[{"name":"wp","href":"https:\/\/api.w.org\/{rel}","templated":true}]}}