{"id":14989,"date":"2018-11-21T10:45:42","date_gmt":"2018-11-21T09:45:42","guid":{"rendered":"https:\/\/www.msn.unipi.it\/?p=14989"},"modified":"2018-12-19T13:24:50","modified_gmt":"2018-12-19T12:24:50","slug":"dietro-le-quinte-di-una-mostra","status":"publish","type":"post","link":"https:\/\/www.msn.unipi.it\/it\/dietro-le-quinte-di-una-mostra\/","title":{"rendered":"Dietro le quinte di una mostra"},"content":{"rendered":"<p>Come gi\u00e0 annunciato, prossimamente verr\u00e0 inaugurata la <strong>sala dei primati<\/strong> completamente <strong>ripensata<\/strong> e <strong>rinnovata<\/strong> in ogni suo aspetto. Molte saranno le sorprese che vi attenderanno come i numerosi e ricchissimi diorami dedicati ai cinque continenti e gli animali delle collezioni ottocentesche profondamente restaurati. Dove sono stati ricoverati tutti i primati in attesa delle loro nuova musealizzazione? Beh, il termine \u201cricoverati\u201d \u00e8 proprio adatto perch\u00e9 in questi mesi il <strong>laboratorio di Restauro<\/strong> del Museo di Storia Naturale si \u00e8 trasformato in un piccolo ospedale dove i suoi pazienti, dopo accurata diagnosi, hanno subito cure ed attenzioni.<br \/>\nIn questo reportage vogliamo svelarvi il dietro le quinte della prossima mostra e tutte le fasi di restauro che stano subendo i suoi futuri protagonisti.<\/p>\n<p>&nbsp;<\/p>\n<div class=\"tiled-gallery type-rectangular tiled-gallery-unresized\" data-original-width=\"847\" data-carousel-extra='null' itemscope itemtype=\"http:\/\/schema.org\/ImageGallery\" > <div class=\"gallery-row\" style=\"width: 847px; height: 633px;\" data-original-width=\"847\" data-original-height=\"633\" > <div class=\"gallery-group images-1\" style=\"width: 424px; height: 633px;\" data-original-width=\"424\" data-original-height=\"633\" > <div class=\"tiled-gallery-item tiled-gallery-item-large\" itemprop=\"associatedMedia\" itemscope itemtype=\"http:\/\/schema.org\/ImageObject\"> <a href=\"https:\/\/www.msn.unipi.it\/it\/dietro-le-quinte-di-una-mostra\/cercopiteco-con-diadema-prima-del-restauro\/\" border=\"0\" itemprop=\"url\"> <meta itemprop=\"width\" content=\"420\"> <meta itemprop=\"height\" content=\"629\"> <img decoding=\"async\" class=\"\" data-attachment-id=\"15001\" data-orig-file=\"https:\/\/www.msn.unipi.it\/wp-content\/uploads\/2018\/10\/cercopiteco-con-diadema-prima-del-restauro.jpg\" data-orig-size=\"1365,2048\" data-comments-opened=\"\" data-image-meta=\"{&quot;aperture&quot;:&quot;5&quot;,&quot;credit&quot;:&quot;&quot;,&quot;camera&quot;:&quot;Canon EOS 1100D&quot;,&quot;caption&quot;:&quot;&quot;,&quot;created_timestamp&quot;:&quot;1533548379&quot;,&quot;copyright&quot;:&quot;&quot;,&quot;focal_length&quot;:&quot;34&quot;,&quot;iso&quot;:&quot;800&quot;,&quot;shutter_speed&quot;:&quot;0.016666666666667&quot;,&quot;title&quot;:&quot;&quot;,&quot;orientation&quot;:&quot;1&quot;}\" data-image-title=\"cercopiteco con diadema prima del restauro\" data-image-description=\"\" data-medium-file=\"https:\/\/www.msn.unipi.it\/wp-content\/uploads\/2018\/10\/cercopiteco-con-diadema-prima-del-restauro-300x450.jpg\" data-large-file=\"https:\/\/www.msn.unipi.it\/wp-content\/uploads\/2018\/10\/cercopiteco-con-diadema-prima-del-restauro-533x800.jpg\" src=\"https:\/\/i0.wp.com\/www.msn.unipi.it\/wp-content\/uploads\/2018\/10\/cercopiteco-con-diadema-prima-del-restauro.jpg?w=420&#038;h=629&#038;ssl=1\" srcset=\"https:\/\/www.msn.unipi.it\/wp-content\/uploads\/2018\/10\/cercopiteco-con-diadema-prima-del-restauro.jpg 1365w, https:\/\/www.msn.unipi.it\/wp-content\/uploads\/2018\/10\/cercopiteco-con-diadema-prima-del-restauro-300x450.jpg 300w, https:\/\/www.msn.unipi.it\/wp-content\/uploads\/2018\/10\/cercopiteco-con-diadema-prima-del-restauro-768x1152.jpg 768w, https:\/\/www.msn.unipi.it\/wp-content\/uploads\/2018\/10\/cercopiteco-con-diadema-prima-del-restauro-533x800.jpg 533w\" width=\"420\" height=\"629\" loading=\"lazy\" data-original-width=\"420\" data-original-height=\"629\" itemprop=\"http:\/\/schema.org\/image\" title=\"cercopiteco con diadema prima del restauro\" alt=\"Cercopiteco con diadema prima del restauro\" style=\"width: 420px; height: 629px;\" \/> <\/a> <div class=\"tiled-gallery-caption\" itemprop=\"caption description\"> Cercopiteco con diadema prima del restauro <\/div> <\/div> <\/div> <!-- close group --> <div class=\"gallery-group images-1\" style=\"width: 423px; height: 633px;\" data-original-width=\"423\" data-original-height=\"633\" > <div class=\"tiled-gallery-item tiled-gallery-item-large\" itemprop=\"associatedMedia\" itemscope itemtype=\"http:\/\/schema.org\/ImageObject\"> <a href=\"https:\/\/www.msn.unipi.it\/it\/dietro-le-quinte-di-una-mostra\/cercopiteco-con-diadema-dopo-il-restauro\/\" border=\"0\" itemprop=\"url\"> <meta itemprop=\"width\" content=\"419\"> <meta itemprop=\"height\" content=\"629\"> <img decoding=\"async\" class=\"\" data-attachment-id=\"14999\" data-orig-file=\"https:\/\/www.msn.unipi.it\/wp-content\/uploads\/2018\/10\/cercopiteco-con-diadema-dopo-il-restauro.jpg\" data-orig-size=\"1365,2048\" data-comments-opened=\"\" data-image-meta=\"{&quot;aperture&quot;:&quot;4.5&quot;,&quot;credit&quot;:&quot;&quot;,&quot;camera&quot;:&quot;Canon EOS 1100D&quot;,&quot;caption&quot;:&quot;&quot;,&quot;created_timestamp&quot;:&quot;1536052431&quot;,&quot;copyright&quot;:&quot;&quot;,&quot;focal_length&quot;:&quot;33&quot;,&quot;iso&quot;:&quot;800&quot;,&quot;shutter_speed&quot;:&quot;0.016666666666667&quot;,&quot;title&quot;:&quot;&quot;,&quot;orientation&quot;:&quot;1&quot;}\" data-image-title=\"cercopiteco con diadema dopo il restauro\" data-image-description=\"\" data-medium-file=\"https:\/\/www.msn.unipi.it\/wp-content\/uploads\/2018\/10\/cercopiteco-con-diadema-dopo-il-restauro-300x450.jpg\" data-large-file=\"https:\/\/www.msn.unipi.it\/wp-content\/uploads\/2018\/10\/cercopiteco-con-diadema-dopo-il-restauro-533x800.jpg\" src=\"https:\/\/i0.wp.com\/www.msn.unipi.it\/wp-content\/uploads\/2018\/10\/cercopiteco-con-diadema-dopo-il-restauro.jpg?w=419&#038;h=629&#038;ssl=1\" srcset=\"https:\/\/www.msn.unipi.it\/wp-content\/uploads\/2018\/10\/cercopiteco-con-diadema-dopo-il-restauro.jpg 1365w, https:\/\/www.msn.unipi.it\/wp-content\/uploads\/2018\/10\/cercopiteco-con-diadema-dopo-il-restauro-300x450.jpg 300w, https:\/\/www.msn.unipi.it\/wp-content\/uploads\/2018\/10\/cercopiteco-con-diadema-dopo-il-restauro-768x1152.jpg 768w, https:\/\/www.msn.unipi.it\/wp-content\/uploads\/2018\/10\/cercopiteco-con-diadema-dopo-il-restauro-533x800.jpg 533w\" width=\"419\" height=\"629\" loading=\"lazy\" data-original-width=\"419\" data-original-height=\"629\" itemprop=\"http:\/\/schema.org\/image\" title=\"cercopiteco con diadema dopo il restauro\" alt=\"Cercopiteco con diadema dopo il restauro\" style=\"width: 419px; height: 629px;\" \/> <\/a> <div class=\"tiled-gallery-caption\" itemprop=\"caption description\"> Cercopiteco con diadema dopo il restauro <\/div> <\/div> <\/div> <!-- close group --> <\/div> <!-- close row --> <\/div>\n<p>&nbsp;<\/p>\n<p>&nbsp;<\/p>\n<p>&nbsp;<\/p>\n<p><strong>Diagnosi generale dello stato di conservazione<\/strong><br \/>\nQuesta prima fase \u00e8 necessaria per progettare le azioni di restauro pi\u00f9 adatte e quel che serve \u00e8 pertanto una scrupolosa osservazione. Con l\u2019aiuto delle mani, facendosi largo fra il folto pelo, si scorgono spesso strappi della pelle che hanno lasciato completamente a vista l\u2019imbottitura interna di muschio, paglia, cotone o stoppa. In questo caso sar\u00e0 necessario provvedere alla loro stuccatura, ovvero chiusura, posticipando cos\u00ec la fase di lavaggio che normalmente precede tutte le altre operazioni. Una volta tolti gli animali dal loro supporto ligneo e protetti con cura i cartellini storici legati alle loro zampe (questi ci riconducono infatti a preziose informazioni sulla loro singola storia), pu\u00f2 iniziare la loro pulizia. Con l\u2019aiuto di un compressore \u00e8 possibile rimuovere in pochi istanti la polvere in eccesso (che fidatevi: \u00e8 proprio tanta!) avendo cura di non danneggiare niente.<\/p>\n<p><strong>Il lavaggio<\/strong><br \/>\nDopo duecento anni un bagnetto \u00e8 davvero un toccasana! Il lavaggio non avviene per immersione totale dell\u2019animale per evitare la proliferazione di muffe nell\u2019imbottitura. Con l\u2019uso di detergenti specifici e adatti alla tonalit\u00e0 chiara o scura del manto con una spugnetta umida si strofina delicatamente il pelo fino a che non torni pulito e lucente. Questa operazione pu\u00f2 richiedere fino anche ad una giornata piena di lavoro, specialmente se si \u00e8 alle prese con animali il cui pelo era in origine candido e che adesso a causa del tempo si \u00e8 molto ingiallito.<\/p>\n<p><strong>L\u2019asciugatura<\/strong><br \/>\nDopo una rapido uso del compressore per togliere l\u2019eccesso d\u2019acqua del lavaggio, si passa all\u2019asciugatura. Spazzole, pettini e phon, a volte accesi in contemporanea, mettono sempre allegria perch\u00e9 il laboratorio sembra trasformarsi improvvisamente in un centro di bellezza\u2026per scimmie! Anche se il restauro degli animali in questa fase non \u00e8 ancora veramente cominciato, il loro aspetto, una volta ridonata la piega al pelo pulito e lucente, risulta gi\u00e0 pi\u00f9 rigenerato e molto pi\u00f9 fresco da quello di partenza.<\/p>\n<p><strong>La stuccatura<\/strong><br \/>\nCome dicevamo, gli strappi della pelle possono causare la fuoriuscita dell\u2019imbottitura, e pertanto devono essere scrupolosamente richiusi. Se l\u2019imbottitura non \u00e8 molto compatta e ricca questa dovr\u00e0 prima essere compensata con l\u2019introduzione di cotone e colla per ridare ai volumi del corpo la loro originaria pienezza. Terminata l\u2019imbottitura, la parte pi\u00f9 superficiale dello strappo viene coperta con della resina epossidica, (detta impropriamente \u201cstucco\u201d) sulla quale verr\u00e0 poi ricollocato il pelo dell\u2019animale. Le resine per\u00f2, essendo modellabili, sono utilizzate normalmente anche per rinsaldare pezzi completamente staccati come accade frequentemente per le esili code o per le fragilissime dita, come anche per ricreare ex novo parti anatomiche mancanti come le orecchie, basandosi sull\u2019anatomia degli esemplari reali consultando libri scientifici e fotografie di dettaglio.<\/p>\n<p><strong>Infoltire il pelo<\/strong><br \/>\nNei casi di peggior degrado conservativo l\u2019azione di infoltimento del pelo pu\u00f2 richiedere anche intere settimane ed \u00e8 infatti di gran lunga quella che richiede maggior pazienza e perizia. Il pelo viene ricavato ritagliando piccole ciocche da vecchie pellicce naturali o sintetiche, tappeti o pelli donate al Museo nel corso degli anni. Non sempre per\u00f2 \u00e8 disponibile il pelo del colore identico a quello originale e pertanto questo andr\u00e0 perfettamente mascherato sull\u2019animale con l\u2019aiuto di colori acrilici e pennelli. Il risultato dell\u2019intervento sar\u00e0 migliore quanto pi\u00f9 sar\u00e0 irriconoscibile osservando il manto dell\u2019animale.<\/p>\n<p><strong>La ricostruzione del muso<\/strong><br \/>\nGiunti a questo punto l\u2019animale \u00e8 circa all\u2019ottanta percento del suo percorso di restauro essendo ormai pulito, risanato dei suoi strappi, completo di tutte le sue parti e nuovamente in possesso di un manto uniforme. Inutile dire che una volta esposto, l\u2019attenzione del visitatore si focalizzer\u00e0 sul muso dell\u2019animale che dunque merita in questa delicata fase un\u2019attenzione tutta particolare riflettendo sul suo grado di verosimiglianza con l\u2019originale. Molto spesso infatti, questa parte dell\u2019animale, come del resto tutte le mucose e le parti deteriorabili, venivano ricreate in cera colata colorata e non sempre le loro forme e tonalit\u00e0 possiedono un buon grado di realismo. Senza sconvolgere la base di partenza vengono pertanto scelte dal restauratore delle piccole ma incisive azioni\u00a0di rimodellamento e di copertura per ridonare al muso un colore ricco di sfumature realistiche rispetto al piatto colore del modello in cera.<\/p>\n<p><strong>Le rifiniture<\/strong><br \/>\nPochi altri ritocchi come piccole pennellate di fissativo sulle unghia per donarle lucentezza o intorno alle narici e sulla rima inferiore degli occhi per far sembrare queste parti ancora umide, sono quelli che fanno la differenza. Un\u2019ultima spazzolata per sistemare la piega del pelo e poi il segreto finale. Quale? Le signore lo sanno: un velo di lacca per bloccare la piega e domare i ciuffi pi\u00f9 ribelli! ; )<\/p>\n<p>D. F.<\/p>\n<p class=\"jetpack-slideshow-noscript robots-nocontent\">Questo slideshow richiede JavaScript.<\/p><div id=\"gallery-14989-1-slideshow\" class=\"jetpack-slideshow-window jetpack-slideshow jetpack-slideshow-black\" data-trans=\"fade\" data-autostart=\"1\" data-gallery=\"[{&quot;src&quot;:&quot;https:\\\/\\\/www.msn.unipi.it\\\/wp-content\\\/uploads\\\/2018\\\/11\\\/ASCIUGATURA-PAPIO-URSINUS.jpg&quot;,&quot;id&quot;:&quot;15113&quot;,&quot;title&quot;:&quot;ASCIUGATURA PAPIO URSINUS&quot;,&quot;alt&quot;:&quot;&quot;,&quot;caption&quot;:&quot;&quot;,&quot;itemprop&quot;:&quot;image&quot;},{&quot;src&quot;:&quot;https:\\\/\\\/www.msn.unipi.it\\\/wp-content\\\/uploads\\\/2018\\\/11\\\/DSC_0163.jpg&quot;,&quot;id&quot;:&quot;15115&quot;,&quot;title&quot;:&quot;DSC_0163&quot;,&quot;alt&quot;:&quot;&quot;,&quot;caption&quot;:&quot;&quot;,&quot;itemprop&quot;:&quot;image&quot;},{&quot;src&quot;:&quot;https:\\\/\\\/www.msn.unipi.it\\\/wp-content\\\/uploads\\\/2018\\\/11\\\/LAVAGGIO-SIAMANGO.jpg&quot;,&quot;id&quot;:&quot;15117&quot;,&quot;title&quot;:&quot;LAVAGGIO SIAMANGO&quot;,&quot;alt&quot;:&quot;&quot;,&quot;caption&quot;:&quot;&quot;,&quot;itemprop&quot;:&quot;image&quot;},{&quot;src&quot;:&quot;https:\\\/\\\/www.msn.unipi.it\\\/wp-content\\\/uploads\\\/2018\\\/11\\\/PRESBYTIS-MELALOPHOS.jpg&quot;,&quot;id&quot;:&quot;15119&quot;,&quot;title&quot;:&quot;PRESBYTIS MELALOPHOS&quot;,&quot;alt&quot;:&quot;&quot;,&quot;caption&quot;:&quot;&quot;,&quot;itemprop&quot;:&quot;image&quot;},{&quot;src&quot;:&quot;https:\\\/\\\/www.msn.unipi.it\\\/wp-content\\\/uploads\\\/2018\\\/11\\\/DSC_0035.jpg&quot;,&quot;id&quot;:&quot;15124&quot;,&quot;title&quot;:&quot;DSC_0035&quot;,&quot;alt&quot;:&quot;&quot;,&quot;caption&quot;:&quot;&quot;,&quot;itemprop&quot;:&quot;image&quot;}]\" itemscope itemtype=\"https:\/\/schema.org\/ImageGallery\"><\/div>\n","protected":false},"excerpt":{"rendered":"<p>Come gi\u00e0 annunciato, prossimamente verr\u00e0 inaugurata la sala dei primati completamente ripensata e rinnovata in ogni suo aspetto. Molte saranno le sorprese che vi attenderanno come i numerosi e ricchissimi diorami dedicati ai cinque continenti e gli animali delle collezioni ottocentesche profondamente restaurati. Dove sono stati ricoverati tutti i primati in attesa delle loro nuova musealizzazione?<\/p>\n","protected":false},"author":7,"featured_media":15113,"comment_status":"closed","ping_status":"closed","sticky":false,"template":"","format":"standard","meta":{"_jetpack_memberships_contains_paid_content":false,"footnotes":""},"categories":[444],"tags":[],"class_list":["post-14989","post","type-post","status-publish","format-standard","has-post-thumbnail","hentry","category-blog"],"yoast_head":"<!-- This site is optimized with the Yoast SEO plugin v26.8 - https:\/\/yoast.com\/product\/yoast-seo-wordpress\/ -->\n<title>Dietro le quinte di una mostra - Museo di Storia Naturale dell&#039;Universit\u00e0 di Pisa<\/title>\n<meta name=\"description\" content=\"Come gi\u00e0 annunciato, prossimamente verr\u00e0 inaugurata la sala dei primati completamente ripensata e rinnovata in ogni suo aspetto. Molte saranno le sorprese che vi attenderanno come i numerosi e ricchissimi diorami dedicati ai cinque continenti e gli animali delle collezioni ottocentesche profondamente restaurati. Dove sono stati ricoverati tutti i primati in attesa delle loro nuova musealizzazione?\" \/>\n<meta name=\"robots\" content=\"index, follow, max-snippet:-1, max-image-preview:large, max-video-preview:-1\" \/>\n<link rel=\"canonical\" href=\"https:\/\/www.msn.unipi.it\/it\/dietro-le-quinte-di-una-mostra\/\" \/>\n<meta property=\"og:locale\" content=\"it_IT\" \/>\n<meta property=\"og:type\" content=\"article\" \/>\n<meta property=\"og:title\" content=\"Dietro le quinte di una mostra - Museo di Storia Naturale dell&#039;Universit\u00e0 di Pisa\" \/>\n<meta property=\"og:description\" content=\"Come gi\u00e0 annunciato, prossimamente verr\u00e0 inaugurata la sala dei primati completamente ripensata e rinnovata in ogni suo aspetto. Molte saranno le sorprese che vi attenderanno come i numerosi e ricchissimi diorami dedicati ai cinque continenti e gli animali delle collezioni ottocentesche profondamente restaurati. Dove sono stati ricoverati tutti i primati in attesa delle loro nuova musealizzazione?\" \/>\n<meta property=\"og:url\" content=\"https:\/\/www.msn.unipi.it\/it\/dietro-le-quinte-di-una-mostra\/\" \/>\n<meta property=\"og:site_name\" content=\"Museo di Storia Naturale dell&#039;Universit\u00e0 di Pisa\" \/>\n<meta property=\"article:publisher\" content=\"https:\/\/www.facebook.com\/Museo-di-Storia-Naturale-Universit%c3%a0-di-Pisa-277794215612108\/\" \/>\n<meta property=\"article:published_time\" content=\"2018-11-21T09:45:42+00:00\" \/>\n<meta property=\"article:modified_time\" content=\"2018-12-19T12:24:50+00:00\" \/>\n<meta property=\"og:image\" content=\"https:\/\/www.msn.unipi.it\/wp-content\/uploads\/2018\/11\/ASCIUGATURA-PAPIO-URSINUS.jpg\" \/>\n\t<meta property=\"og:image:width\" content=\"2048\" \/>\n\t<meta property=\"og:image:height\" content=\"1365\" \/>\n\t<meta property=\"og:image:type\" content=\"image\/jpeg\" \/>\n<meta name=\"author\" content=\"a012780@unipi.it\" \/>\n<meta name=\"twitter:card\" content=\"summary_large_image\" \/>\n<meta name=\"twitter:creator\" content=\"@msncalci\" \/>\n<meta name=\"twitter:site\" content=\"@msncalci\" \/>\n<meta name=\"twitter:label1\" content=\"Scritto da\" \/>\n\t<meta name=\"twitter:data1\" content=\"a012780@unipi.it\" \/>\n\t<meta name=\"twitter:label2\" content=\"Tempo di lettura stimato\" \/>\n\t<meta name=\"twitter:data2\" content=\"5 minuti\" \/>\n<script type=\"application\/ld+json\" class=\"yoast-schema-graph\">{\"@context\":\"https:\/\/schema.org\",\"@graph\":[{\"@type\":\"Article\",\"@id\":\"https:\/\/www.msn.unipi.it\/it\/dietro-le-quinte-di-una-mostra\/#article\",\"isPartOf\":{\"@id\":\"https:\/\/www.msn.unipi.it\/it\/dietro-le-quinte-di-una-mostra\/\"},\"author\":{\"name\":\"a012780@unipi.it\",\"@id\":\"https:\/\/www.msn.unipi.it\/it\/#\/schema\/person\/20631df3667b84d79cffe30e020188a1\"},\"headline\":\"Dietro le quinte di una mostra\",\"datePublished\":\"2018-11-21T09:45:42+00:00\",\"dateModified\":\"2018-12-19T12:24:50+00:00\",\"mainEntityOfPage\":{\"@id\":\"https:\/\/www.msn.unipi.it\/it\/dietro-le-quinte-di-una-mostra\/\"},\"wordCount\":910,\"publisher\":{\"@id\":\"https:\/\/www.msn.unipi.it\/it\/#organization\"},\"image\":{\"@id\":\"https:\/\/www.msn.unipi.it\/it\/dietro-le-quinte-di-una-mostra\/#primaryimage\"},\"thumbnailUrl\":\"https:\/\/www.msn.unipi.it\/wp-content\/uploads\/2018\/11\/ASCIUGATURA-PAPIO-URSINUS.jpg\",\"articleSection\":[\"Diario del museo\"],\"inLanguage\":\"it-IT\"},{\"@type\":\"WebPage\",\"@id\":\"https:\/\/www.msn.unipi.it\/it\/dietro-le-quinte-di-una-mostra\/\",\"url\":\"https:\/\/www.msn.unipi.it\/it\/dietro-le-quinte-di-una-mostra\/\",\"name\":\"Dietro le quinte di una mostra - Museo di Storia Naturale dell&#039;Universit\u00e0 di Pisa\",\"isPartOf\":{\"@id\":\"https:\/\/www.msn.unipi.it\/it\/#website\"},\"primaryImageOfPage\":{\"@id\":\"https:\/\/www.msn.unipi.it\/it\/dietro-le-quinte-di-una-mostra\/#primaryimage\"},\"image\":{\"@id\":\"https:\/\/www.msn.unipi.it\/it\/dietro-le-quinte-di-una-mostra\/#primaryimage\"},\"thumbnailUrl\":\"https:\/\/www.msn.unipi.it\/wp-content\/uploads\/2018\/11\/ASCIUGATURA-PAPIO-URSINUS.jpg\",\"datePublished\":\"2018-11-21T09:45:42+00:00\",\"dateModified\":\"2018-12-19T12:24:50+00:00\",\"description\":\"Come gi\u00e0 annunciato, prossimamente verr\u00e0 inaugurata la sala dei primati completamente ripensata e rinnovata in ogni suo aspetto. Molte saranno le sorprese che vi attenderanno come i numerosi e ricchissimi diorami dedicati ai cinque continenti e gli animali delle collezioni ottocentesche profondamente restaurati. Dove sono stati ricoverati tutti i primati in attesa delle loro nuova musealizzazione?\",\"breadcrumb\":{\"@id\":\"https:\/\/www.msn.unipi.it\/it\/dietro-le-quinte-di-una-mostra\/#breadcrumb\"},\"inLanguage\":\"it-IT\",\"potentialAction\":[{\"@type\":\"ReadAction\",\"target\":[\"https:\/\/www.msn.unipi.it\/it\/dietro-le-quinte-di-una-mostra\/\"]}]},{\"@type\":\"ImageObject\",\"inLanguage\":\"it-IT\",\"@id\":\"https:\/\/www.msn.unipi.it\/it\/dietro-le-quinte-di-una-mostra\/#primaryimage\",\"url\":\"https:\/\/www.msn.unipi.it\/wp-content\/uploads\/2018\/11\/ASCIUGATURA-PAPIO-URSINUS.jpg\",\"contentUrl\":\"https:\/\/www.msn.unipi.it\/wp-content\/uploads\/2018\/11\/ASCIUGATURA-PAPIO-URSINUS.jpg\",\"width\":2048,\"height\":1365},{\"@type\":\"BreadcrumbList\",\"@id\":\"https:\/\/www.msn.unipi.it\/it\/dietro-le-quinte-di-una-mostra\/#breadcrumb\",\"itemListElement\":[{\"@type\":\"ListItem\",\"position\":1,\"name\":\"Home\",\"item\":\"https:\/\/www.msn.unipi.it\/it\/\"},{\"@type\":\"ListItem\",\"position\":2,\"name\":\"Dietro le quinte di una mostra\"}]},{\"@type\":\"WebSite\",\"@id\":\"https:\/\/www.msn.unipi.it\/it\/#website\",\"url\":\"https:\/\/www.msn.unipi.it\/it\/\",\"name\":\"Museo di Storia Naturale dell&#039;Universit\u00e0 di Pisa\",\"description\":\"\",\"publisher\":{\"@id\":\"https:\/\/www.msn.unipi.it\/it\/#organization\"},\"potentialAction\":[{\"@type\":\"SearchAction\",\"target\":{\"@type\":\"EntryPoint\",\"urlTemplate\":\"https:\/\/www.msn.unipi.it\/it\/?s={search_term_string}\"},\"query-input\":{\"@type\":\"PropertyValueSpecification\",\"valueRequired\":true,\"valueName\":\"search_term_string\"}}],\"inLanguage\":\"it-IT\"},{\"@type\":\"Organization\",\"@id\":\"https:\/\/www.msn.unipi.it\/it\/#organization\",\"name\":\"Museo di Storia Naturale dell'Universit\u00e0 di Pisa\",\"url\":\"https:\/\/www.msn.unipi.it\/it\/\",\"logo\":{\"@type\":\"ImageObject\",\"inLanguage\":\"it-IT\",\"@id\":\"https:\/\/www.msn.unipi.it\/it\/#\/schema\/logo\/image\/\",\"url\":\"https:\/\/www.msn.unipi.it\/wp-content\/uploads\/2016\/07\/footer-logo.png\",\"contentUrl\":\"https:\/\/www.msn.unipi.it\/wp-content\/uploads\/2016\/07\/footer-logo.png\",\"width\":220,\"height\":95,\"caption\":\"Museo di Storia Naturale dell'Universit\u00e0 di Pisa\"},\"image\":{\"@id\":\"https:\/\/www.msn.unipi.it\/it\/#\/schema\/logo\/image\/\"},\"sameAs\":[\"https:\/\/www.facebook.com\/Museo-di-Storia-Naturale-Universit\u00e0-di-Pisa-277794215612108\/\",\"https:\/\/x.com\/msncalci\",\"https:\/\/www.instagram.com\/museostorianaturale_calci\/\",\"https:\/\/www.youtube.com\/channel\/UCDaMBe_RegmdCnxLPmryMxw\"]},{\"@type\":\"Person\",\"@id\":\"https:\/\/www.msn.unipi.it\/it\/#\/schema\/person\/20631df3667b84d79cffe30e020188a1\",\"name\":\"a012780@unipi.it\",\"image\":{\"@type\":\"ImageObject\",\"inLanguage\":\"it-IT\",\"@id\":\"https:\/\/www.msn.unipi.it\/it\/#\/schema\/person\/image\/\",\"url\":\"https:\/\/secure.gravatar.com\/avatar\/42f33f3cae0d7f62a78cb1395dffdd09?s=96&d=mm&r=g\",\"contentUrl\":\"https:\/\/secure.gravatar.com\/avatar\/42f33f3cae0d7f62a78cb1395dffdd09?s=96&d=mm&r=g\",\"caption\":\"a012780@unipi.it\"}}]}<\/script>\n<!-- \/ Yoast SEO plugin. -->","yoast_head_json":{"title":"Dietro le quinte di una mostra - Museo di Storia Naturale dell&#039;Universit\u00e0 di Pisa","description":"Come gi\u00e0 annunciato, prossimamente verr\u00e0 inaugurata la sala dei primati completamente ripensata e rinnovata in ogni suo aspetto. Molte saranno le sorprese che vi attenderanno come i numerosi e ricchissimi diorami dedicati ai cinque continenti e gli animali delle collezioni ottocentesche profondamente restaurati. Dove sono stati ricoverati tutti i primati in attesa delle loro nuova musealizzazione?","robots":{"index":"index","follow":"follow","max-snippet":"max-snippet:-1","max-image-preview":"max-image-preview:large","max-video-preview":"max-video-preview:-1"},"canonical":"https:\/\/www.msn.unipi.it\/it\/dietro-le-quinte-di-una-mostra\/","og_locale":"it_IT","og_type":"article","og_title":"Dietro le quinte di una mostra - Museo di Storia Naturale dell&#039;Universit\u00e0 di Pisa","og_description":"Come gi\u00e0 annunciato, prossimamente verr\u00e0 inaugurata la sala dei primati completamente ripensata e rinnovata in ogni suo aspetto. Molte saranno le sorprese che vi attenderanno come i numerosi e ricchissimi diorami dedicati ai cinque continenti e gli animali delle collezioni ottocentesche profondamente restaurati. Dove sono stati ricoverati tutti i primati in attesa delle loro nuova musealizzazione?","og_url":"https:\/\/www.msn.unipi.it\/it\/dietro-le-quinte-di-una-mostra\/","og_site_name":"Museo di Storia Naturale dell&#039;Universit\u00e0 di Pisa","article_publisher":"https:\/\/www.facebook.com\/Museo-di-Storia-Naturale-Universit%c3%a0-di-Pisa-277794215612108\/","article_published_time":"2018-11-21T09:45:42+00:00","article_modified_time":"2018-12-19T12:24:50+00:00","og_image":[{"width":2048,"height":1365,"url":"https:\/\/www.msn.unipi.it\/wp-content\/uploads\/2018\/11\/ASCIUGATURA-PAPIO-URSINUS.jpg","type":"image\/jpeg"}],"author":"a012780@unipi.it","twitter_card":"summary_large_image","twitter_creator":"@msncalci","twitter_site":"@msncalci","twitter_misc":{"Scritto da":"a012780@unipi.it","Tempo di lettura stimato":"5 minuti"},"schema":{"@context":"https:\/\/schema.org","@graph":[{"@type":"Article","@id":"https:\/\/www.msn.unipi.it\/it\/dietro-le-quinte-di-una-mostra\/#article","isPartOf":{"@id":"https:\/\/www.msn.unipi.it\/it\/dietro-le-quinte-di-una-mostra\/"},"author":{"name":"a012780@unipi.it","@id":"https:\/\/www.msn.unipi.it\/it\/#\/schema\/person\/20631df3667b84d79cffe30e020188a1"},"headline":"Dietro le quinte di una mostra","datePublished":"2018-11-21T09:45:42+00:00","dateModified":"2018-12-19T12:24:50+00:00","mainEntityOfPage":{"@id":"https:\/\/www.msn.unipi.it\/it\/dietro-le-quinte-di-una-mostra\/"},"wordCount":910,"publisher":{"@id":"https:\/\/www.msn.unipi.it\/it\/#organization"},"image":{"@id":"https:\/\/www.msn.unipi.it\/it\/dietro-le-quinte-di-una-mostra\/#primaryimage"},"thumbnailUrl":"https:\/\/www.msn.unipi.it\/wp-content\/uploads\/2018\/11\/ASCIUGATURA-PAPIO-URSINUS.jpg","articleSection":["Diario del museo"],"inLanguage":"it-IT"},{"@type":"WebPage","@id":"https:\/\/www.msn.unipi.it\/it\/dietro-le-quinte-di-una-mostra\/","url":"https:\/\/www.msn.unipi.it\/it\/dietro-le-quinte-di-una-mostra\/","name":"Dietro le quinte di una mostra - Museo di Storia Naturale dell&#039;Universit\u00e0 di Pisa","isPartOf":{"@id":"https:\/\/www.msn.unipi.it\/it\/#website"},"primaryImageOfPage":{"@id":"https:\/\/www.msn.unipi.it\/it\/dietro-le-quinte-di-una-mostra\/#primaryimage"},"image":{"@id":"https:\/\/www.msn.unipi.it\/it\/dietro-le-quinte-di-una-mostra\/#primaryimage"},"thumbnailUrl":"https:\/\/www.msn.unipi.it\/wp-content\/uploads\/2018\/11\/ASCIUGATURA-PAPIO-URSINUS.jpg","datePublished":"2018-11-21T09:45:42+00:00","dateModified":"2018-12-19T12:24:50+00:00","description":"Come gi\u00e0 annunciato, prossimamente verr\u00e0 inaugurata la sala dei primati completamente ripensata e rinnovata in ogni suo aspetto. Molte saranno le sorprese che vi attenderanno come i numerosi e ricchissimi diorami dedicati ai cinque continenti e gli animali delle collezioni ottocentesche profondamente restaurati. Dove sono stati ricoverati tutti i primati in attesa delle loro nuova musealizzazione?","breadcrumb":{"@id":"https:\/\/www.msn.unipi.it\/it\/dietro-le-quinte-di-una-mostra\/#breadcrumb"},"inLanguage":"it-IT","potentialAction":[{"@type":"ReadAction","target":["https:\/\/www.msn.unipi.it\/it\/dietro-le-quinte-di-una-mostra\/"]}]},{"@type":"ImageObject","inLanguage":"it-IT","@id":"https:\/\/www.msn.unipi.it\/it\/dietro-le-quinte-di-una-mostra\/#primaryimage","url":"https:\/\/www.msn.unipi.it\/wp-content\/uploads\/2018\/11\/ASCIUGATURA-PAPIO-URSINUS.jpg","contentUrl":"https:\/\/www.msn.unipi.it\/wp-content\/uploads\/2018\/11\/ASCIUGATURA-PAPIO-URSINUS.jpg","width":2048,"height":1365},{"@type":"BreadcrumbList","@id":"https:\/\/www.msn.unipi.it\/it\/dietro-le-quinte-di-una-mostra\/#breadcrumb","itemListElement":[{"@type":"ListItem","position":1,"name":"Home","item":"https:\/\/www.msn.unipi.it\/it\/"},{"@type":"ListItem","position":2,"name":"Dietro le quinte di una mostra"}]},{"@type":"WebSite","@id":"https:\/\/www.msn.unipi.it\/it\/#website","url":"https:\/\/www.msn.unipi.it\/it\/","name":"Museo di Storia Naturale dell&#039;Universit\u00e0 di Pisa","description":"","publisher":{"@id":"https:\/\/www.msn.unipi.it\/it\/#organization"},"potentialAction":[{"@type":"SearchAction","target":{"@type":"EntryPoint","urlTemplate":"https:\/\/www.msn.unipi.it\/it\/?s={search_term_string}"},"query-input":{"@type":"PropertyValueSpecification","valueRequired":true,"valueName":"search_term_string"}}],"inLanguage":"it-IT"},{"@type":"Organization","@id":"https:\/\/www.msn.unipi.it\/it\/#organization","name":"Museo di Storia Naturale dell'Universit\u00e0 di Pisa","url":"https:\/\/www.msn.unipi.it\/it\/","logo":{"@type":"ImageObject","inLanguage":"it-IT","@id":"https:\/\/www.msn.unipi.it\/it\/#\/schema\/logo\/image\/","url":"https:\/\/www.msn.unipi.it\/wp-content\/uploads\/2016\/07\/footer-logo.png","contentUrl":"https:\/\/www.msn.unipi.it\/wp-content\/uploads\/2016\/07\/footer-logo.png","width":220,"height":95,"caption":"Museo di Storia Naturale dell'Universit\u00e0 di Pisa"},"image":{"@id":"https:\/\/www.msn.unipi.it\/it\/#\/schema\/logo\/image\/"},"sameAs":["https:\/\/www.facebook.com\/Museo-di-Storia-Naturale-Universit\u00e0-di-Pisa-277794215612108\/","https:\/\/x.com\/msncalci","https:\/\/www.instagram.com\/museostorianaturale_calci\/","https:\/\/www.youtube.com\/channel\/UCDaMBe_RegmdCnxLPmryMxw"]},{"@type":"Person","@id":"https:\/\/www.msn.unipi.it\/it\/#\/schema\/person\/20631df3667b84d79cffe30e020188a1","name":"a012780@unipi.it","image":{"@type":"ImageObject","inLanguage":"it-IT","@id":"https:\/\/www.msn.unipi.it\/it\/#\/schema\/person\/image\/","url":"https:\/\/secure.gravatar.com\/avatar\/42f33f3cae0d7f62a78cb1395dffdd09?s=96&d=mm&r=g","contentUrl":"https:\/\/secure.gravatar.com\/avatar\/42f33f3cae0d7f62a78cb1395dffdd09?s=96&d=mm&r=g","caption":"a012780@unipi.it"}}]}},"jetpack_featured_media_url":"https:\/\/www.msn.unipi.it\/wp-content\/uploads\/2018\/11\/ASCIUGATURA-PAPIO-URSINUS.jpg","jetpack_sharing_enabled":true,"_links":{"self":[{"href":"https:\/\/www.msn.unipi.it\/it\/wp-json\/wp\/v2\/posts\/14989","targetHints":{"allow":["GET"]}}],"collection":[{"href":"https:\/\/www.msn.unipi.it\/it\/wp-json\/wp\/v2\/posts"}],"about":[{"href":"https:\/\/www.msn.unipi.it\/it\/wp-json\/wp\/v2\/types\/post"}],"author":[{"embeddable":true,"href":"https:\/\/www.msn.unipi.it\/it\/wp-json\/wp\/v2\/users\/7"}],"replies":[{"embeddable":true,"href":"https:\/\/www.msn.unipi.it\/it\/wp-json\/wp\/v2\/comments?post=14989"}],"version-history":[{"count":10,"href":"https:\/\/www.msn.unipi.it\/it\/wp-json\/wp\/v2\/posts\/14989\/revisions"}],"predecessor-version":[{"id":15158,"href":"https:\/\/www.msn.unipi.it\/it\/wp-json\/wp\/v2\/posts\/14989\/revisions\/15158"}],"wp:featuredmedia":[{"embeddable":true,"href":"https:\/\/www.msn.unipi.it\/it\/wp-json\/wp\/v2\/media\/15113"}],"wp:attachment":[{"href":"https:\/\/www.msn.unipi.it\/it\/wp-json\/wp\/v2\/media?parent=14989"}],"wp:term":[{"taxonomy":"category","embeddable":true,"href":"https:\/\/www.msn.unipi.it\/it\/wp-json\/wp\/v2\/categories?post=14989"},{"taxonomy":"post_tag","embeddable":true,"href":"https:\/\/www.msn.unipi.it\/it\/wp-json\/wp\/v2\/tags?post=14989"}],"curies":[{"name":"wp","href":"https:\/\/api.w.org\/{rel}","templated":true}]}}