{"id":16589,"date":"2019-04-09T13:38:09","date_gmt":"2019-04-09T11:38:09","guid":{"rendered":"https:\/\/www.msn.unipi.it\/?p=16589"},"modified":"2019-04-26T09:08:33","modified_gmt":"2019-04-26T07:08:33","slug":"il-video-sugli-studenti-di-ask-me-al-lucca-film-festival","status":"publish","type":"post","link":"https:\/\/www.msn.unipi.it\/it\/il-video-sugli-studenti-di-ask-me-al-lucca-film-festival\/","title":{"rendered":"Il video sugli studenti di Ask Me al Lucca Film Festival"},"content":{"rendered":"<p><strong>Luned\u00ec 15 aprile<\/strong>, alle ore 10.30, nell&#8217;ambito del Lucca Film Festival &#8211; Sezione Educational, sar\u00e0 proiettato il docufilm <strong>\u201cChiedimi del futuro. Diario di una crescita fra scuola e lavoro\u201d <\/strong>realizzato dai registi Gianluca Paoletti Barsotti e Nicola Trabucco.<\/p>\n<p>A seguire <strong>conversazione con i registi e Sabrina Balestri<\/strong>, ideatrice e coordinatrice del progetto.<\/p>\n<p>Interverranno i <strong>ragazzi<\/strong> protagonisti del documentario assieme ai <strong>professori<\/strong> che li hanno accompagnati nel progetto di alternanza scuola lavoro.<\/p>\n<p>Il documentario prende spunto da un <strong>progetto di alternanza scuola-lavoro<\/strong> che prevedeva il coinvolgimento degli studenti di tre classi provenienti da scuole superiori del territorio pisano, chiamati ad accogliere il pubblico nelle sale del Museo di Storia Naturale dell&#8217;Universit\u00e0 di Pisa; lo sfondo, di grande fascino, era quello della Certosa Monumentale di Calci (Pisa). Le prime, intense giornate di riprese, il confronto diretto con i ragazzi, la loro vitalit\u00e0, i dubbi e le aspettative hanno dato lo spunto per realizzare un lavoro non istituzionale, un ritratto lieve, pensoso e divertito di un gruppo di ragazzi di sedici anni colti nel loro primo incontro con il mondo degli adulti: tra le incertezze e le contraddizioni dell\u2019et\u00e0, il loro sguardo \u00e8 fisso sul futuro.<\/p>\n<p>L&#8217;evento si svolger\u00e0 nell&#8217;Auditorium Vincenzo da Massa Carrara.<\/p>\n<p><strong><a href=\"http:\/\/www.luccafilmfestival.it\/evento\/chiedimi-del-futuro\/\">Link all&#8217;evento<\/a><\/strong><\/p>\n<p><strong><a href=\"https:\/\/www.msn.unipi.it\/wp-content\/uploads\/2019\/04\/programma-lucca-film-festival-europa-cinema-2019.pdf\">Scarica il programma del Lucca Film Festival<\/a><\/strong><\/p>\n<h3 style=\"text-align: center;\"><strong>Guarda il VIDEO con gli Highlights della giornata:<\/strong><\/h3>\n<p><iframe loading=\"lazy\" title=\"Lucca Film Festival 15 aprile. Highlights della giornata!\" width=\"847\" height=\"476\" src=\"https:\/\/www.youtube.com\/embed\/i2jfj6Ol-IM?feature=oembed\" frameborder=\"0\" allow=\"accelerometer; autoplay; clipboard-write; encrypted-media; gyroscope; picture-in-picture; web-share\" referrerpolicy=\"strict-origin-when-cross-origin\" allowfullscreen><\/iframe><\/p>\n","protected":false},"excerpt":{"rendered":"<p>Luned\u00ec 15 aprile, alle ore 10.30, nell&#8217;ambito del Lucca Film Festival &#8211; Sezione Educational, sar\u00e0 proiettato il docufilm \u201cChiedimi del futuro. Diario di una crescita fra scuola e lavoro\u201d realizzato dai registi Gianluca Paoletti Barsotti e Nicola Trabucco. A seguire conversazione con i registi e Sabrina Balestri, ideatrice e coordinatrice del progetto. Interverranno i ragazzi&nbsp; <a href=\"https:\/\/www.msn.unipi.it\/it\/il-video-sugli-studenti-di-ask-me-al-lucca-film-festival\/\">&hellip;  <i class=\"fa fa-chevron-right\"><\/i><\/a><\/p>\n","protected":false},"author":7,"featured_media":14308,"comment_status":"closed","ping_status":"closed","sticky":false,"template":"","format":"standard","meta":{"_jetpack_memberships_contains_paid_content":false,"footnotes":""},"categories":[1],"tags":[],"class_list":["post-16589","post","type-post","status-publish","format-standard","has-post-thumbnail","hentry","category-news"],"yoast_head":"<!-- This site is optimized with the Yoast SEO plugin v26.8 - https:\/\/yoast.com\/product\/yoast-seo-wordpress\/ -->\n<title>Il video sugli studenti di Ask Me al Lucca Film Festival - Museo di Storia Naturale dell&#039;Universit\u00e0 di Pisa<\/title>\n<meta name=\"description\" content=\"Luned\u00ec 15 aprile, alle ore 10.30, nell&#039;ambito del Lucca Film Festival - Sezione Educational, sar\u00e0 proiettato il docufilm \u201cChiedimi del futuro. Diario di\" \/>\n<meta name=\"robots\" content=\"index, follow, max-snippet:-1, max-image-preview:large, max-video-preview:-1\" \/>\n<link rel=\"canonical\" href=\"https:\/\/www.msn.unipi.it\/it\/il-video-sugli-studenti-di-ask-me-al-lucca-film-festival\/\" \/>\n<meta property=\"og:locale\" content=\"it_IT\" \/>\n<meta property=\"og:type\" content=\"article\" \/>\n<meta property=\"og:title\" content=\"Il video sugli studenti di Ask Me al Lucca Film Festival - Museo di Storia Naturale dell&#039;Universit\u00e0 di Pisa\" \/>\n<meta property=\"og:description\" content=\"Luned\u00ec 15 aprile, alle ore 10.30, nell&#039;ambito del Lucca Film Festival - Sezione Educational, sar\u00e0 proiettato il docufilm \u201cChiedimi del futuro. Diario di\" \/>\n<meta property=\"og:url\" content=\"https:\/\/www.msn.unipi.it\/it\/il-video-sugli-studenti-di-ask-me-al-lucca-film-festival\/\" \/>\n<meta property=\"og:site_name\" content=\"Museo di Storia Naturale dell&#039;Universit\u00e0 di Pisa\" \/>\n<meta property=\"article:publisher\" content=\"https:\/\/www.facebook.com\/Museo-di-Storia-Naturale-Universit%c3%a0-di-Pisa-277794215612108\/\" \/>\n<meta property=\"article:published_time\" content=\"2019-04-09T11:38:09+00:00\" \/>\n<meta property=\"article:modified_time\" content=\"2019-04-26T07:08:33+00:00\" \/>\n<meta property=\"og:image\" content=\"https:\/\/www.msn.unipi.it\/wp-content\/uploads\/2018\/07\/askme-chiedimi-del-futuro-incont.jpg\" \/>\n\t<meta property=\"og:image:width\" content=\"480\" \/>\n\t<meta property=\"og:image:height\" content=\"360\" \/>\n\t<meta property=\"og:image:type\" content=\"image\/jpeg\" \/>\n<meta name=\"author\" content=\"a012780@unipi.it\" \/>\n<meta name=\"twitter:card\" content=\"summary_large_image\" \/>\n<meta name=\"twitter:creator\" content=\"@msncalci\" \/>\n<meta name=\"twitter:site\" content=\"@msncalci\" \/>\n<meta name=\"twitter:label1\" content=\"Scritto da\" \/>\n\t<meta name=\"twitter:data1\" content=\"a012780@unipi.it\" \/>\n\t<meta name=\"twitter:label2\" content=\"Tempo di lettura stimato\" \/>\n\t<meta name=\"twitter:data2\" content=\"1 minuto\" \/>\n<script type=\"application\/ld+json\" class=\"yoast-schema-graph\">{\"@context\":\"https:\/\/schema.org\",\"@graph\":[{\"@type\":\"Article\",\"@id\":\"https:\/\/www.msn.unipi.it\/it\/il-video-sugli-studenti-di-ask-me-al-lucca-film-festival\/#article\",\"isPartOf\":{\"@id\":\"https:\/\/www.msn.unipi.it\/it\/il-video-sugli-studenti-di-ask-me-al-lucca-film-festival\/\"},\"author\":{\"name\":\"a012780@unipi.it\",\"@id\":\"https:\/\/www.msn.unipi.it\/it\/#\/schema\/person\/20631df3667b84d79cffe30e020188a1\"},\"headline\":\"Il video sugli studenti di Ask Me al Lucca Film Festival\",\"datePublished\":\"2019-04-09T11:38:09+00:00\",\"dateModified\":\"2019-04-26T07:08:33+00:00\",\"mainEntityOfPage\":{\"@id\":\"https:\/\/www.msn.unipi.it\/it\/il-video-sugli-studenti-di-ask-me-al-lucca-film-festival\/\"},\"wordCount\":238,\"publisher\":{\"@id\":\"https:\/\/www.msn.unipi.it\/it\/#organization\"},\"image\":{\"@id\":\"https:\/\/www.msn.unipi.it\/it\/il-video-sugli-studenti-di-ask-me-al-lucca-film-festival\/#primaryimage\"},\"thumbnailUrl\":\"https:\/\/www.msn.unipi.it\/wp-content\/uploads\/2018\/07\/askme-chiedimi-del-futuro-incont.jpg\",\"articleSection\":[\"News\"],\"inLanguage\":\"it-IT\"},{\"@type\":\"WebPage\",\"@id\":\"https:\/\/www.msn.unipi.it\/it\/il-video-sugli-studenti-di-ask-me-al-lucca-film-festival\/\",\"url\":\"https:\/\/www.msn.unipi.it\/it\/il-video-sugli-studenti-di-ask-me-al-lucca-film-festival\/\",\"name\":\"Il video sugli studenti di Ask Me al Lucca Film Festival - Museo di Storia Naturale dell&#039;Universit\u00e0 di Pisa\",\"isPartOf\":{\"@id\":\"https:\/\/www.msn.unipi.it\/it\/#website\"},\"primaryImageOfPage\":{\"@id\":\"https:\/\/www.msn.unipi.it\/it\/il-video-sugli-studenti-di-ask-me-al-lucca-film-festival\/#primaryimage\"},\"image\":{\"@id\":\"https:\/\/www.msn.unipi.it\/it\/il-video-sugli-studenti-di-ask-me-al-lucca-film-festival\/#primaryimage\"},\"thumbnailUrl\":\"https:\/\/www.msn.unipi.it\/wp-content\/uploads\/2018\/07\/askme-chiedimi-del-futuro-incont.jpg\",\"datePublished\":\"2019-04-09T11:38:09+00:00\",\"dateModified\":\"2019-04-26T07:08:33+00:00\",\"description\":\"Luned\u00ec 15 aprile, alle ore 10.30, nell'ambito del Lucca Film Festival - Sezione Educational, sar\u00e0 proiettato il docufilm \u201cChiedimi del futuro. Diario di\",\"breadcrumb\":{\"@id\":\"https:\/\/www.msn.unipi.it\/it\/il-video-sugli-studenti-di-ask-me-al-lucca-film-festival\/#breadcrumb\"},\"inLanguage\":\"it-IT\",\"potentialAction\":[{\"@type\":\"ReadAction\",\"target\":[\"https:\/\/www.msn.unipi.it\/it\/il-video-sugli-studenti-di-ask-me-al-lucca-film-festival\/\"]}]},{\"@type\":\"ImageObject\",\"inLanguage\":\"it-IT\",\"@id\":\"https:\/\/www.msn.unipi.it\/it\/il-video-sugli-studenti-di-ask-me-al-lucca-film-festival\/#primaryimage\",\"url\":\"https:\/\/www.msn.unipi.it\/wp-content\/uploads\/2018\/07\/askme-chiedimi-del-futuro-incont.jpg\",\"contentUrl\":\"https:\/\/www.msn.unipi.it\/wp-content\/uploads\/2018\/07\/askme-chiedimi-del-futuro-incont.jpg\",\"width\":480,\"height\":360},{\"@type\":\"BreadcrumbList\",\"@id\":\"https:\/\/www.msn.unipi.it\/it\/il-video-sugli-studenti-di-ask-me-al-lucca-film-festival\/#breadcrumb\",\"itemListElement\":[{\"@type\":\"ListItem\",\"position\":1,\"name\":\"Home\",\"item\":\"https:\/\/www.msn.unipi.it\/it\/\"},{\"@type\":\"ListItem\",\"position\":2,\"name\":\"Il video sugli studenti di Ask Me al Lucca Film Festival\"}]},{\"@type\":\"WebSite\",\"@id\":\"https:\/\/www.msn.unipi.it\/it\/#website\",\"url\":\"https:\/\/www.msn.unipi.it\/it\/\",\"name\":\"Museo di Storia Naturale dell&#039;Universit\u00e0 di Pisa\",\"description\":\"\",\"publisher\":{\"@id\":\"https:\/\/www.msn.unipi.it\/it\/#organization\"},\"potentialAction\":[{\"@type\":\"SearchAction\",\"target\":{\"@type\":\"EntryPoint\",\"urlTemplate\":\"https:\/\/www.msn.unipi.it\/it\/?s={search_term_string}\"},\"query-input\":{\"@type\":\"PropertyValueSpecification\",\"valueRequired\":true,\"valueName\":\"search_term_string\"}}],\"inLanguage\":\"it-IT\"},{\"@type\":\"Organization\",\"@id\":\"https:\/\/www.msn.unipi.it\/it\/#organization\",\"name\":\"Museo di Storia Naturale dell'Universit\u00e0 di Pisa\",\"url\":\"https:\/\/www.msn.unipi.it\/it\/\",\"logo\":{\"@type\":\"ImageObject\",\"inLanguage\":\"it-IT\",\"@id\":\"https:\/\/www.msn.unipi.it\/it\/#\/schema\/logo\/image\/\",\"url\":\"https:\/\/www.msn.unipi.it\/wp-content\/uploads\/2016\/07\/footer-logo.png\",\"contentUrl\":\"https:\/\/www.msn.unipi.it\/wp-content\/uploads\/2016\/07\/footer-logo.png\",\"width\":220,\"height\":95,\"caption\":\"Museo di Storia Naturale dell'Universit\u00e0 di Pisa\"},\"image\":{\"@id\":\"https:\/\/www.msn.unipi.it\/it\/#\/schema\/logo\/image\/\"},\"sameAs\":[\"https:\/\/www.facebook.com\/Museo-di-Storia-Naturale-Universit\u00e0-di-Pisa-277794215612108\/\",\"https:\/\/x.com\/msncalci\",\"https:\/\/www.instagram.com\/museostorianaturale_calci\/\",\"https:\/\/www.youtube.com\/channel\/UCDaMBe_RegmdCnxLPmryMxw\"]},{\"@type\":\"Person\",\"@id\":\"https:\/\/www.msn.unipi.it\/it\/#\/schema\/person\/20631df3667b84d79cffe30e020188a1\",\"name\":\"a012780@unipi.it\",\"image\":{\"@type\":\"ImageObject\",\"inLanguage\":\"it-IT\",\"@id\":\"https:\/\/www.msn.unipi.it\/it\/#\/schema\/person\/image\/\",\"url\":\"https:\/\/secure.gravatar.com\/avatar\/42f33f3cae0d7f62a78cb1395dffdd09?s=96&d=mm&r=g\",\"contentUrl\":\"https:\/\/secure.gravatar.com\/avatar\/42f33f3cae0d7f62a78cb1395dffdd09?s=96&d=mm&r=g\",\"caption\":\"a012780@unipi.it\"}}]}<\/script>\n<!-- \/ Yoast SEO plugin. -->","yoast_head_json":{"title":"Il video sugli studenti di Ask Me al Lucca Film Festival - Museo di Storia Naturale dell&#039;Universit\u00e0 di Pisa","description":"Luned\u00ec 15 aprile, alle ore 10.30, nell'ambito del Lucca Film Festival - Sezione Educational, sar\u00e0 proiettato il docufilm \u201cChiedimi del futuro. Diario di","robots":{"index":"index","follow":"follow","max-snippet":"max-snippet:-1","max-image-preview":"max-image-preview:large","max-video-preview":"max-video-preview:-1"},"canonical":"https:\/\/www.msn.unipi.it\/it\/il-video-sugli-studenti-di-ask-me-al-lucca-film-festival\/","og_locale":"it_IT","og_type":"article","og_title":"Il video sugli studenti di Ask Me al Lucca Film Festival - Museo di Storia Naturale dell&#039;Universit\u00e0 di Pisa","og_description":"Luned\u00ec 15 aprile, alle ore 10.30, nell'ambito del Lucca Film Festival - Sezione Educational, sar\u00e0 proiettato il docufilm \u201cChiedimi del futuro. Diario di","og_url":"https:\/\/www.msn.unipi.it\/it\/il-video-sugli-studenti-di-ask-me-al-lucca-film-festival\/","og_site_name":"Museo di Storia Naturale dell&#039;Universit\u00e0 di Pisa","article_publisher":"https:\/\/www.facebook.com\/Museo-di-Storia-Naturale-Universit%c3%a0-di-Pisa-277794215612108\/","article_published_time":"2019-04-09T11:38:09+00:00","article_modified_time":"2019-04-26T07:08:33+00:00","og_image":[{"width":480,"height":360,"url":"https:\/\/www.msn.unipi.it\/wp-content\/uploads\/2018\/07\/askme-chiedimi-del-futuro-incont.jpg","type":"image\/jpeg"}],"author":"a012780@unipi.it","twitter_card":"summary_large_image","twitter_creator":"@msncalci","twitter_site":"@msncalci","twitter_misc":{"Scritto da":"a012780@unipi.it","Tempo di lettura stimato":"1 minuto"},"schema":{"@context":"https:\/\/schema.org","@graph":[{"@type":"Article","@id":"https:\/\/www.msn.unipi.it\/it\/il-video-sugli-studenti-di-ask-me-al-lucca-film-festival\/#article","isPartOf":{"@id":"https:\/\/www.msn.unipi.it\/it\/il-video-sugli-studenti-di-ask-me-al-lucca-film-festival\/"},"author":{"name":"a012780@unipi.it","@id":"https:\/\/www.msn.unipi.it\/it\/#\/schema\/person\/20631df3667b84d79cffe30e020188a1"},"headline":"Il video sugli studenti di Ask Me al Lucca Film Festival","datePublished":"2019-04-09T11:38:09+00:00","dateModified":"2019-04-26T07:08:33+00:00","mainEntityOfPage":{"@id":"https:\/\/www.msn.unipi.it\/it\/il-video-sugli-studenti-di-ask-me-al-lucca-film-festival\/"},"wordCount":238,"publisher":{"@id":"https:\/\/www.msn.unipi.it\/it\/#organization"},"image":{"@id":"https:\/\/www.msn.unipi.it\/it\/il-video-sugli-studenti-di-ask-me-al-lucca-film-festival\/#primaryimage"},"thumbnailUrl":"https:\/\/www.msn.unipi.it\/wp-content\/uploads\/2018\/07\/askme-chiedimi-del-futuro-incont.jpg","articleSection":["News"],"inLanguage":"it-IT"},{"@type":"WebPage","@id":"https:\/\/www.msn.unipi.it\/it\/il-video-sugli-studenti-di-ask-me-al-lucca-film-festival\/","url":"https:\/\/www.msn.unipi.it\/it\/il-video-sugli-studenti-di-ask-me-al-lucca-film-festival\/","name":"Il video sugli studenti di Ask Me al Lucca Film Festival - Museo di Storia Naturale dell&#039;Universit\u00e0 di Pisa","isPartOf":{"@id":"https:\/\/www.msn.unipi.it\/it\/#website"},"primaryImageOfPage":{"@id":"https:\/\/www.msn.unipi.it\/it\/il-video-sugli-studenti-di-ask-me-al-lucca-film-festival\/#primaryimage"},"image":{"@id":"https:\/\/www.msn.unipi.it\/it\/il-video-sugli-studenti-di-ask-me-al-lucca-film-festival\/#primaryimage"},"thumbnailUrl":"https:\/\/www.msn.unipi.it\/wp-content\/uploads\/2018\/07\/askme-chiedimi-del-futuro-incont.jpg","datePublished":"2019-04-09T11:38:09+00:00","dateModified":"2019-04-26T07:08:33+00:00","description":"Luned\u00ec 15 aprile, alle ore 10.30, nell'ambito del Lucca Film Festival - Sezione Educational, sar\u00e0 proiettato il docufilm \u201cChiedimi del futuro. Diario di","breadcrumb":{"@id":"https:\/\/www.msn.unipi.it\/it\/il-video-sugli-studenti-di-ask-me-al-lucca-film-festival\/#breadcrumb"},"inLanguage":"it-IT","potentialAction":[{"@type":"ReadAction","target":["https:\/\/www.msn.unipi.it\/it\/il-video-sugli-studenti-di-ask-me-al-lucca-film-festival\/"]}]},{"@type":"ImageObject","inLanguage":"it-IT","@id":"https:\/\/www.msn.unipi.it\/it\/il-video-sugli-studenti-di-ask-me-al-lucca-film-festival\/#primaryimage","url":"https:\/\/www.msn.unipi.it\/wp-content\/uploads\/2018\/07\/askme-chiedimi-del-futuro-incont.jpg","contentUrl":"https:\/\/www.msn.unipi.it\/wp-content\/uploads\/2018\/07\/askme-chiedimi-del-futuro-incont.jpg","width":480,"height":360},{"@type":"BreadcrumbList","@id":"https:\/\/www.msn.unipi.it\/it\/il-video-sugli-studenti-di-ask-me-al-lucca-film-festival\/#breadcrumb","itemListElement":[{"@type":"ListItem","position":1,"name":"Home","item":"https:\/\/www.msn.unipi.it\/it\/"},{"@type":"ListItem","position":2,"name":"Il video sugli studenti di Ask Me al Lucca Film Festival"}]},{"@type":"WebSite","@id":"https:\/\/www.msn.unipi.it\/it\/#website","url":"https:\/\/www.msn.unipi.it\/it\/","name":"Museo di Storia Naturale dell&#039;Universit\u00e0 di Pisa","description":"","publisher":{"@id":"https:\/\/www.msn.unipi.it\/it\/#organization"},"potentialAction":[{"@type":"SearchAction","target":{"@type":"EntryPoint","urlTemplate":"https:\/\/www.msn.unipi.it\/it\/?s={search_term_string}"},"query-input":{"@type":"PropertyValueSpecification","valueRequired":true,"valueName":"search_term_string"}}],"inLanguage":"it-IT"},{"@type":"Organization","@id":"https:\/\/www.msn.unipi.it\/it\/#organization","name":"Museo di Storia Naturale dell'Universit\u00e0 di Pisa","url":"https:\/\/www.msn.unipi.it\/it\/","logo":{"@type":"ImageObject","inLanguage":"it-IT","@id":"https:\/\/www.msn.unipi.it\/it\/#\/schema\/logo\/image\/","url":"https:\/\/www.msn.unipi.it\/wp-content\/uploads\/2016\/07\/footer-logo.png","contentUrl":"https:\/\/www.msn.unipi.it\/wp-content\/uploads\/2016\/07\/footer-logo.png","width":220,"height":95,"caption":"Museo di Storia Naturale dell'Universit\u00e0 di Pisa"},"image":{"@id":"https:\/\/www.msn.unipi.it\/it\/#\/schema\/logo\/image\/"},"sameAs":["https:\/\/www.facebook.com\/Museo-di-Storia-Naturale-Universit\u00e0-di-Pisa-277794215612108\/","https:\/\/x.com\/msncalci","https:\/\/www.instagram.com\/museostorianaturale_calci\/","https:\/\/www.youtube.com\/channel\/UCDaMBe_RegmdCnxLPmryMxw"]},{"@type":"Person","@id":"https:\/\/www.msn.unipi.it\/it\/#\/schema\/person\/20631df3667b84d79cffe30e020188a1","name":"a012780@unipi.it","image":{"@type":"ImageObject","inLanguage":"it-IT","@id":"https:\/\/www.msn.unipi.it\/it\/#\/schema\/person\/image\/","url":"https:\/\/secure.gravatar.com\/avatar\/42f33f3cae0d7f62a78cb1395dffdd09?s=96&d=mm&r=g","contentUrl":"https:\/\/secure.gravatar.com\/avatar\/42f33f3cae0d7f62a78cb1395dffdd09?s=96&d=mm&r=g","caption":"a012780@unipi.it"}}]}},"jetpack_featured_media_url":"https:\/\/www.msn.unipi.it\/wp-content\/uploads\/2018\/07\/askme-chiedimi-del-futuro-incont.jpg","jetpack_sharing_enabled":true,"_links":{"self":[{"href":"https:\/\/www.msn.unipi.it\/it\/wp-json\/wp\/v2\/posts\/16589","targetHints":{"allow":["GET"]}}],"collection":[{"href":"https:\/\/www.msn.unipi.it\/it\/wp-json\/wp\/v2\/posts"}],"about":[{"href":"https:\/\/www.msn.unipi.it\/it\/wp-json\/wp\/v2\/types\/post"}],"author":[{"embeddable":true,"href":"https:\/\/www.msn.unipi.it\/it\/wp-json\/wp\/v2\/users\/7"}],"replies":[{"embeddable":true,"href":"https:\/\/www.msn.unipi.it\/it\/wp-json\/wp\/v2\/comments?post=16589"}],"version-history":[{"count":8,"href":"https:\/\/www.msn.unipi.it\/it\/wp-json\/wp\/v2\/posts\/16589\/revisions"}],"predecessor-version":[{"id":16699,"href":"https:\/\/www.msn.unipi.it\/it\/wp-json\/wp\/v2\/posts\/16589\/revisions\/16699"}],"wp:featuredmedia":[{"embeddable":true,"href":"https:\/\/www.msn.unipi.it\/it\/wp-json\/wp\/v2\/media\/14308"}],"wp:attachment":[{"href":"https:\/\/www.msn.unipi.it\/it\/wp-json\/wp\/v2\/media?parent=16589"}],"wp:term":[{"taxonomy":"category","embeddable":true,"href":"https:\/\/www.msn.unipi.it\/it\/wp-json\/wp\/v2\/categories?post=16589"},{"taxonomy":"post_tag","embeddable":true,"href":"https:\/\/www.msn.unipi.it\/it\/wp-json\/wp\/v2\/tags?post=16589"}],"curies":[{"name":"wp","href":"https:\/\/api.w.org\/{rel}","templated":true}]}}