{"id":16787,"date":"2019-05-15T11:21:47","date_gmt":"2019-05-15T09:21:47","guid":{"rendered":"https:\/\/www.msn.unipi.it\/?p=16787"},"modified":"2019-05-28T13:03:18","modified_gmt":"2019-05-28T11:03:18","slug":"tornera-il-verde-insieme-per-il-monte-pisano","status":"publish","type":"post","link":"https:\/\/www.msn.unipi.it\/it\/tornera-il-verde-insieme-per-il-monte-pisano\/","title":{"rendered":"Torner\u00e0 il verde! Insieme per il Monte Pisano"},"content":{"rendered":"<p>Nella giornata dell&#8217;11 Maggio presso gli spazi del Museo di Storia Naturale e dell&#8217;Agriturismo Terra &amp; Aroma si \u00e8 svolta l&#8217;iniziativa <strong>&#8220;Torner\u00e0 il verde! Insieme per il Monte Pisano&#8221;<\/strong>, un evento di promozione del territorio e di raccolta fondi per il Monte Pisano.<\/p>\n<p>L&#8217;oliveto del Museo e i giardini dell&#8217;Agriturismo Terre &amp; Aroma hanno fatto da sfondo a questo evento che ha raccolto, durante la giornata, la comunit\u00e0 ai piedi del Monte, creando un momento di aggregazione al fine di <strong>sensibilizzare adulti e bambini al rispetto della natura<\/strong>.<br \/>\nL&#8217;evento rientra in una serie di attivit\u00e0 svolte sul territorio ed organizzate da diversi enti ed associazioni per promuovere con forza e speranza la <strong>rinascita del Monte Pisano<\/strong> a seguito del terribile incendio che lo scorso settembre ha devastato parte del bosco e degli oliveti del Monte.<\/p>\n<p>Protagonisti della giornata sono stati il <strong>mercatino di arte e artigianato<\/strong> dell&#8217;associazione &#8220;Artigianato Mestierando&#8221; e le aziende agricole del territorio.<br \/>\nGli artigiani hanno raccontato ai visitatori e ai curiosi il loro affascinante mondo spiegando come le loro opere vengono pensate e realizzate.<br \/>\nAntichi mestieri si intrecciano a storie, passioni e talenti scoperti, a volte, anche per caso. I materiali utilizzati sono di origine naturale o di riciclo per sensibilizzare anche il visitatore al rispetto della natura che ci circonda.<br \/>\nPiccoli borghi nascono da cortecce d&#8217;albero intagliate a mano, fasce di paglia diventano cestini bellissimi e fogli di carta raccontano pensieri e stralci di vita.<\/p>\n<p>Gli spazi dell&#8217;Agriturismo Terra &amp; Aroma hanno ospitato le <strong>aziende agricole con i prodotti del territorio e del Centro Naturale Commerciale di Calci<\/strong>, permettendo ai visitatori di degustare ed acquistare prodotti freschi e a km 0.<br \/>\nDurante il pomeriggio sono stati svolti corsi di potatura e gestione degli oliveti bruciati, accompagnati da degustazioni di olio al fine di promuovere ed incentivare la rinascita del Monte attraverso le coltivazioni e le produzioni locali.<\/p>\n<p>La giornata \u00e8 stata scandita dalla <strong>musica dal vivo<\/strong> e dalle <strong>attivit\u00e0 per bambini<\/strong> che insieme a tata Sandra hanno riscoperto il piacere del gioco all&#8217;aria aperta.<br \/>\nI bambini sono stati poi guidati dagli studenti del progetto di alternanza scuola-lavoro &#8220;Ask Me&#8221; in laboratori ed attivit\u00e0 creative come\u00a0&#8220;Il museo esce dalle sale&#8221; e &#8220;Verso la rinascita del monte&#8221;, per riscoprire, divertendosi, i luoghi storici di Calci ed osservare la natura che la circonda.<\/p>\n<p>L&#8217;evento ha cos\u00ec raccolto tutto il territorio ai piedi del Monte, dimostrando come questa comunit\u00e0 cos\u00ec forte sappia risvegliare una memoria dei luoghi ed un rispetto profondo per la natura, con la<strong> speranza di veder ritornare il verde in quei luoghi cos\u00ec cari<\/strong>.<\/p>\n<p>L.C.<\/p>\n<p class=\"jetpack-slideshow-noscript robots-nocontent\">Questo slideshow richiede JavaScript.<\/p><div id=\"gallery-16787-1-slideshow\" class=\"jetpack-slideshow-window jetpack-slideshow jetpack-slideshow-black\" data-trans=\"fade\" data-autostart=\"1\" data-gallery=\"[{&quot;src&quot;:&quot;https:\\\/\\\/www.msn.unipi.it\\\/wp-content\\\/uploads\\\/2019\\\/05\\\/foto-torner\\u00e0-il-verde-David-Rognini.jpg&quot;,&quot;id&quot;:&quot;16808&quot;,&quot;title&quot;:&quot;foto torner\\u00e0 il verde David Rognini&quot;,&quot;alt&quot;:&quot;&quot;,&quot;caption&quot;:&quot;&quot;,&quot;itemprop&quot;:&quot;image&quot;},{&quot;src&quot;:&quot;https:\\\/\\\/www.msn.unipi.it\\\/wp-content\\\/uploads\\\/2019\\\/05\\\/foto-torner\\u00e0-il-verde-David-Rognini-21.jpg&quot;,&quot;id&quot;:&quot;16806&quot;,&quot;title&quot;:&quot;foto torner\\u00e0 il verde David Rognini 21&quot;,&quot;alt&quot;:&quot;&quot;,&quot;caption&quot;:&quot;&quot;,&quot;itemprop&quot;:&quot;image&quot;},{&quot;src&quot;:&quot;https:\\\/\\\/www.msn.unipi.it\\\/wp-content\\\/uploads\\\/2019\\\/05\\\/foto-torner\\u00e0-il-verde-David-Rognini-14.jpg&quot;,&quot;id&quot;:&quot;16804&quot;,&quot;title&quot;:&quot;foto torner\\u00e0 il verde David Rognini 14&quot;,&quot;alt&quot;:&quot;&quot;,&quot;caption&quot;:&quot;&quot;,&quot;itemprop&quot;:&quot;image&quot;},{&quot;src&quot;:&quot;https:\\\/\\\/www.msn.unipi.it\\\/wp-content\\\/uploads\\\/2019\\\/05\\\/foto-torner\\u00e0-il-verde-David-Rognini-12.jpg&quot;,&quot;id&quot;:&quot;16802&quot;,&quot;title&quot;:&quot;foto torner\\u00e0 il verde David Rognini 12&quot;,&quot;alt&quot;:&quot;&quot;,&quot;caption&quot;:&quot;&quot;,&quot;itemprop&quot;:&quot;image&quot;},{&quot;src&quot;:&quot;https:\\\/\\\/www.msn.unipi.it\\\/wp-content\\\/uploads\\\/2019\\\/05\\\/foto-torner\\u00e0-il-verde-David-Rognini-9.jpg&quot;,&quot;id&quot;:&quot;16800&quot;,&quot;title&quot;:&quot;foto torner\\u00e0 il verde David Rognini 9&quot;,&quot;alt&quot;:&quot;&quot;,&quot;caption&quot;:&quot;&quot;,&quot;itemprop&quot;:&quot;image&quot;},{&quot;src&quot;:&quot;https:\\\/\\\/www.msn.unipi.it\\\/wp-content\\\/uploads\\\/2019\\\/05\\\/foto-torner\\u00e0-il-verde-David-Rognini-8.jpg&quot;,&quot;id&quot;:&quot;16798&quot;,&quot;title&quot;:&quot;foto torner\\u00e0 il verde David Rognini 8&quot;,&quot;alt&quot;:&quot;&quot;,&quot;caption&quot;:&quot;&quot;,&quot;itemprop&quot;:&quot;image&quot;},{&quot;src&quot;:&quot;https:\\\/\\\/www.msn.unipi.it\\\/wp-content\\\/uploads\\\/2019\\\/05\\\/foto-torner\\u00e0-il-verde-David-Rognini-5.jpg&quot;,&quot;id&quot;:&quot;16796&quot;,&quot;title&quot;:&quot;foto torner\\u00e0 il verde David Rognini 5&quot;,&quot;alt&quot;:&quot;&quot;,&quot;caption&quot;:&quot;&quot;,&quot;itemprop&quot;:&quot;image&quot;},{&quot;src&quot;:&quot;https:\\\/\\\/www.msn.unipi.it\\\/wp-content\\\/uploads\\\/2019\\\/05\\\/foto-torner\\u00e0-il-verde-David-Rognini-2.jpg&quot;,&quot;id&quot;:&quot;16794&quot;,&quot;title&quot;:&quot;foto torner\\u00e0 il verde David Rognini 2&quot;,&quot;alt&quot;:&quot;&quot;,&quot;caption&quot;:&quot;&quot;,&quot;itemprop&quot;:&quot;image&quot;},{&quot;src&quot;:&quot;https:\\\/\\\/www.msn.unipi.it\\\/wp-content\\\/uploads\\\/2019\\\/05\\\/foto-torner\\u00e0-il-verde-David-Rognini-1.jpg&quot;,&quot;id&quot;:&quot;16792&quot;,&quot;title&quot;:&quot;foto torner\\u00e0 il verde David Rognini 1&quot;,&quot;alt&quot;:&quot;&quot;,&quot;caption&quot;:&quot;&quot;,&quot;itemprop&quot;:&quot;image&quot;},{&quot;src&quot;:&quot;https:\\\/\\\/www.msn.unipi.it\\\/wp-content\\\/uploads\\\/2019\\\/05\\\/foto-torner\\u00e0-il-verde-David-Rogni.jpg&quot;,&quot;id&quot;:&quot;16790&quot;,&quot;title&quot;:&quot;foto torner\\u00e0 il verde David Rogni&quot;,&quot;alt&quot;:&quot;&quot;,&quot;caption&quot;:&quot;&quot;,&quot;itemprop&quot;:&quot;image&quot;}]\" itemscope itemtype=\"https:\/\/schema.org\/ImageGallery\"><\/div>\n","protected":false},"excerpt":{"rendered":"<p>Nella giornata dell&#8217;11 Maggio presso gli spazi del Museo di Storia Naturale e dell&#8217;Agriturismo Terra &#038; Aroma si \u00e8 svolta l&#8217;iniziativa &#8220;Torner\u00e0 il verde! Insieme per il Monte Pisano&#8221;, un evento di promozione del territorio e di raccolta fondi per il Monte Pisano.<\/p>\n","protected":false},"author":7,"featured_media":16802,"comment_status":"closed","ping_status":"closed","sticky":false,"template":"","format":"standard","meta":{"_jetpack_memberships_contains_paid_content":false,"footnotes":""},"categories":[444],"tags":[],"class_list":["post-16787","post","type-post","status-publish","format-standard","has-post-thumbnail","hentry","category-blog"],"yoast_head":"<!-- This site is optimized with the Yoast SEO plugin v26.8 - https:\/\/yoast.com\/product\/yoast-seo-wordpress\/ -->\n<title>Torner\u00e0 il verde! Insieme per il Monte Pisano - Museo di Storia Naturale dell&#039;Universit\u00e0 di Pisa<\/title>\n<meta name=\"description\" content=\"Nella giornata dell&#039;11 Maggio presso gli spazi del Museo di Storia Naturale e dell&#039;Agriturismo Terra &amp; Aroma si \u00e8 svolta l&#039;iniziativa &quot;Torner\u00e0 il verde! Insieme per il Monte Pisano&quot;, un evento di promozione del territorio e di raccolta fondi per il Monte Pisano.\" \/>\n<meta name=\"robots\" content=\"index, follow, max-snippet:-1, max-image-preview:large, max-video-preview:-1\" \/>\n<link rel=\"canonical\" href=\"https:\/\/www.msn.unipi.it\/it\/tornera-il-verde-insieme-per-il-monte-pisano\/\" \/>\n<meta property=\"og:locale\" content=\"it_IT\" \/>\n<meta property=\"og:type\" content=\"article\" \/>\n<meta property=\"og:title\" content=\"Torner\u00e0 il verde! Insieme per il Monte Pisano - Museo di Storia Naturale dell&#039;Universit\u00e0 di Pisa\" \/>\n<meta property=\"og:description\" content=\"Nella giornata dell&#039;11 Maggio presso gli spazi del Museo di Storia Naturale e dell&#039;Agriturismo Terra &amp; Aroma si \u00e8 svolta l&#039;iniziativa &quot;Torner\u00e0 il verde! Insieme per il Monte Pisano&quot;, un evento di promozione del territorio e di raccolta fondi per il Monte Pisano.\" \/>\n<meta property=\"og:url\" content=\"https:\/\/www.msn.unipi.it\/it\/tornera-il-verde-insieme-per-il-monte-pisano\/\" \/>\n<meta property=\"og:site_name\" content=\"Museo di Storia Naturale dell&#039;Universit\u00e0 di Pisa\" \/>\n<meta property=\"article:publisher\" content=\"https:\/\/www.facebook.com\/Museo-di-Storia-Naturale-Universit%c3%a0-di-Pisa-277794215612108\/\" \/>\n<meta property=\"article:published_time\" content=\"2019-05-15T09:21:47+00:00\" \/>\n<meta property=\"article:modified_time\" content=\"2019-05-28T11:03:18+00:00\" \/>\n<meta property=\"og:image\" content=\"https:\/\/www.msn.unipi.it\/wp-content\/uploads\/2019\/05\/foto-torner\u00e0-il-verde-David-Rognini-12.jpg\" \/>\n\t<meta property=\"og:image:width\" content=\"2048\" \/>\n\t<meta property=\"og:image:height\" content=\"1365\" \/>\n\t<meta property=\"og:image:type\" content=\"image\/jpeg\" \/>\n<meta name=\"author\" content=\"a012780@unipi.it\" \/>\n<meta name=\"twitter:card\" content=\"summary_large_image\" \/>\n<meta name=\"twitter:creator\" content=\"@msncalci\" \/>\n<meta name=\"twitter:site\" content=\"@msncalci\" \/>\n<meta name=\"twitter:label1\" content=\"Scritto da\" \/>\n\t<meta name=\"twitter:data1\" content=\"a012780@unipi.it\" \/>\n\t<meta name=\"twitter:label2\" content=\"Tempo di lettura stimato\" \/>\n\t<meta name=\"twitter:data2\" content=\"2 minuti\" \/>\n<script type=\"application\/ld+json\" class=\"yoast-schema-graph\">{\"@context\":\"https:\/\/schema.org\",\"@graph\":[{\"@type\":\"Article\",\"@id\":\"https:\/\/www.msn.unipi.it\/it\/tornera-il-verde-insieme-per-il-monte-pisano\/#article\",\"isPartOf\":{\"@id\":\"https:\/\/www.msn.unipi.it\/it\/tornera-il-verde-insieme-per-il-monte-pisano\/\"},\"author\":{\"name\":\"a012780@unipi.it\",\"@id\":\"https:\/\/www.msn.unipi.it\/it\/#\/schema\/person\/20631df3667b84d79cffe30e020188a1\"},\"headline\":\"Torner\u00e0 il verde! Insieme per il Monte Pisano\",\"datePublished\":\"2019-05-15T09:21:47+00:00\",\"dateModified\":\"2019-05-28T11:03:18+00:00\",\"mainEntityOfPage\":{\"@id\":\"https:\/\/www.msn.unipi.it\/it\/tornera-il-verde-insieme-per-il-monte-pisano\/\"},\"wordCount\":439,\"publisher\":{\"@id\":\"https:\/\/www.msn.unipi.it\/it\/#organization\"},\"image\":{\"@id\":\"https:\/\/www.msn.unipi.it\/it\/tornera-il-verde-insieme-per-il-monte-pisano\/#primaryimage\"},\"thumbnailUrl\":\"https:\/\/www.msn.unipi.it\/wp-content\/uploads\/2019\/05\/foto-torner\u00e0-il-verde-David-Rognini-12.jpg\",\"articleSection\":[\"Diario del museo\"],\"inLanguage\":\"it-IT\"},{\"@type\":\"WebPage\",\"@id\":\"https:\/\/www.msn.unipi.it\/it\/tornera-il-verde-insieme-per-il-monte-pisano\/\",\"url\":\"https:\/\/www.msn.unipi.it\/it\/tornera-il-verde-insieme-per-il-monte-pisano\/\",\"name\":\"Torner\u00e0 il verde! Insieme per il Monte Pisano - Museo di Storia Naturale dell&#039;Universit\u00e0 di Pisa\",\"isPartOf\":{\"@id\":\"https:\/\/www.msn.unipi.it\/it\/#website\"},\"primaryImageOfPage\":{\"@id\":\"https:\/\/www.msn.unipi.it\/it\/tornera-il-verde-insieme-per-il-monte-pisano\/#primaryimage\"},\"image\":{\"@id\":\"https:\/\/www.msn.unipi.it\/it\/tornera-il-verde-insieme-per-il-monte-pisano\/#primaryimage\"},\"thumbnailUrl\":\"https:\/\/www.msn.unipi.it\/wp-content\/uploads\/2019\/05\/foto-torner\u00e0-il-verde-David-Rognini-12.jpg\",\"datePublished\":\"2019-05-15T09:21:47+00:00\",\"dateModified\":\"2019-05-28T11:03:18+00:00\",\"description\":\"Nella giornata dell'11 Maggio presso gli spazi del Museo di Storia Naturale e dell'Agriturismo Terra & Aroma si \u00e8 svolta l'iniziativa \\\"Torner\u00e0 il verde! Insieme per il Monte Pisano\\\", un evento di promozione del territorio e di raccolta fondi per il Monte Pisano.\",\"breadcrumb\":{\"@id\":\"https:\/\/www.msn.unipi.it\/it\/tornera-il-verde-insieme-per-il-monte-pisano\/#breadcrumb\"},\"inLanguage\":\"it-IT\",\"potentialAction\":[{\"@type\":\"ReadAction\",\"target\":[\"https:\/\/www.msn.unipi.it\/it\/tornera-il-verde-insieme-per-il-monte-pisano\/\"]}]},{\"@type\":\"ImageObject\",\"inLanguage\":\"it-IT\",\"@id\":\"https:\/\/www.msn.unipi.it\/it\/tornera-il-verde-insieme-per-il-monte-pisano\/#primaryimage\",\"url\":\"https:\/\/www.msn.unipi.it\/wp-content\/uploads\/2019\/05\/foto-torner\u00e0-il-verde-David-Rognini-12.jpg\",\"contentUrl\":\"https:\/\/www.msn.unipi.it\/wp-content\/uploads\/2019\/05\/foto-torner\u00e0-il-verde-David-Rognini-12.jpg\",\"width\":2048,\"height\":1365},{\"@type\":\"BreadcrumbList\",\"@id\":\"https:\/\/www.msn.unipi.it\/it\/tornera-il-verde-insieme-per-il-monte-pisano\/#breadcrumb\",\"itemListElement\":[{\"@type\":\"ListItem\",\"position\":1,\"name\":\"Home\",\"item\":\"https:\/\/www.msn.unipi.it\/it\/\"},{\"@type\":\"ListItem\",\"position\":2,\"name\":\"Torner\u00e0 il verde! Insieme per il Monte Pisano\"}]},{\"@type\":\"WebSite\",\"@id\":\"https:\/\/www.msn.unipi.it\/it\/#website\",\"url\":\"https:\/\/www.msn.unipi.it\/it\/\",\"name\":\"Museo di Storia Naturale dell&#039;Universit\u00e0 di Pisa\",\"description\":\"\",\"publisher\":{\"@id\":\"https:\/\/www.msn.unipi.it\/it\/#organization\"},\"potentialAction\":[{\"@type\":\"SearchAction\",\"target\":{\"@type\":\"EntryPoint\",\"urlTemplate\":\"https:\/\/www.msn.unipi.it\/it\/?s={search_term_string}\"},\"query-input\":{\"@type\":\"PropertyValueSpecification\",\"valueRequired\":true,\"valueName\":\"search_term_string\"}}],\"inLanguage\":\"it-IT\"},{\"@type\":\"Organization\",\"@id\":\"https:\/\/www.msn.unipi.it\/it\/#organization\",\"name\":\"Museo di Storia Naturale dell'Universit\u00e0 di Pisa\",\"url\":\"https:\/\/www.msn.unipi.it\/it\/\",\"logo\":{\"@type\":\"ImageObject\",\"inLanguage\":\"it-IT\",\"@id\":\"https:\/\/www.msn.unipi.it\/it\/#\/schema\/logo\/image\/\",\"url\":\"https:\/\/www.msn.unipi.it\/wp-content\/uploads\/2016\/07\/footer-logo.png\",\"contentUrl\":\"https:\/\/www.msn.unipi.it\/wp-content\/uploads\/2016\/07\/footer-logo.png\",\"width\":220,\"height\":95,\"caption\":\"Museo di Storia Naturale dell'Universit\u00e0 di Pisa\"},\"image\":{\"@id\":\"https:\/\/www.msn.unipi.it\/it\/#\/schema\/logo\/image\/\"},\"sameAs\":[\"https:\/\/www.facebook.com\/Museo-di-Storia-Naturale-Universit\u00e0-di-Pisa-277794215612108\/\",\"https:\/\/x.com\/msncalci\",\"https:\/\/www.instagram.com\/museostorianaturale_calci\/\",\"https:\/\/www.youtube.com\/channel\/UCDaMBe_RegmdCnxLPmryMxw\"]},{\"@type\":\"Person\",\"@id\":\"https:\/\/www.msn.unipi.it\/it\/#\/schema\/person\/20631df3667b84d79cffe30e020188a1\",\"name\":\"a012780@unipi.it\",\"image\":{\"@type\":\"ImageObject\",\"inLanguage\":\"it-IT\",\"@id\":\"https:\/\/www.msn.unipi.it\/it\/#\/schema\/person\/image\/\",\"url\":\"https:\/\/secure.gravatar.com\/avatar\/42f33f3cae0d7f62a78cb1395dffdd09?s=96&d=mm&r=g\",\"contentUrl\":\"https:\/\/secure.gravatar.com\/avatar\/42f33f3cae0d7f62a78cb1395dffdd09?s=96&d=mm&r=g\",\"caption\":\"a012780@unipi.it\"}}]}<\/script>\n<!-- \/ Yoast SEO plugin. -->","yoast_head_json":{"title":"Torner\u00e0 il verde! Insieme per il Monte Pisano - Museo di Storia Naturale dell&#039;Universit\u00e0 di Pisa","description":"Nella giornata dell'11 Maggio presso gli spazi del Museo di Storia Naturale e dell'Agriturismo Terra & Aroma si \u00e8 svolta l'iniziativa \"Torner\u00e0 il verde! Insieme per il Monte Pisano\", un evento di promozione del territorio e di raccolta fondi per il Monte Pisano.","robots":{"index":"index","follow":"follow","max-snippet":"max-snippet:-1","max-image-preview":"max-image-preview:large","max-video-preview":"max-video-preview:-1"},"canonical":"https:\/\/www.msn.unipi.it\/it\/tornera-il-verde-insieme-per-il-monte-pisano\/","og_locale":"it_IT","og_type":"article","og_title":"Torner\u00e0 il verde! Insieme per il Monte Pisano - Museo di Storia Naturale dell&#039;Universit\u00e0 di Pisa","og_description":"Nella giornata dell'11 Maggio presso gli spazi del Museo di Storia Naturale e dell'Agriturismo Terra & Aroma si \u00e8 svolta l'iniziativa \"Torner\u00e0 il verde! Insieme per il Monte Pisano\", un evento di promozione del territorio e di raccolta fondi per il Monte Pisano.","og_url":"https:\/\/www.msn.unipi.it\/it\/tornera-il-verde-insieme-per-il-monte-pisano\/","og_site_name":"Museo di Storia Naturale dell&#039;Universit\u00e0 di Pisa","article_publisher":"https:\/\/www.facebook.com\/Museo-di-Storia-Naturale-Universit%c3%a0-di-Pisa-277794215612108\/","article_published_time":"2019-05-15T09:21:47+00:00","article_modified_time":"2019-05-28T11:03:18+00:00","og_image":[{"width":2048,"height":1365,"url":"https:\/\/www.msn.unipi.it\/wp-content\/uploads\/2019\/05\/foto-torner\u00e0-il-verde-David-Rognini-12.jpg","type":"image\/jpeg"}],"author":"a012780@unipi.it","twitter_card":"summary_large_image","twitter_creator":"@msncalci","twitter_site":"@msncalci","twitter_misc":{"Scritto da":"a012780@unipi.it","Tempo di lettura stimato":"2 minuti"},"schema":{"@context":"https:\/\/schema.org","@graph":[{"@type":"Article","@id":"https:\/\/www.msn.unipi.it\/it\/tornera-il-verde-insieme-per-il-monte-pisano\/#article","isPartOf":{"@id":"https:\/\/www.msn.unipi.it\/it\/tornera-il-verde-insieme-per-il-monte-pisano\/"},"author":{"name":"a012780@unipi.it","@id":"https:\/\/www.msn.unipi.it\/it\/#\/schema\/person\/20631df3667b84d79cffe30e020188a1"},"headline":"Torner\u00e0 il verde! Insieme per il Monte Pisano","datePublished":"2019-05-15T09:21:47+00:00","dateModified":"2019-05-28T11:03:18+00:00","mainEntityOfPage":{"@id":"https:\/\/www.msn.unipi.it\/it\/tornera-il-verde-insieme-per-il-monte-pisano\/"},"wordCount":439,"publisher":{"@id":"https:\/\/www.msn.unipi.it\/it\/#organization"},"image":{"@id":"https:\/\/www.msn.unipi.it\/it\/tornera-il-verde-insieme-per-il-monte-pisano\/#primaryimage"},"thumbnailUrl":"https:\/\/www.msn.unipi.it\/wp-content\/uploads\/2019\/05\/foto-torner\u00e0-il-verde-David-Rognini-12.jpg","articleSection":["Diario del museo"],"inLanguage":"it-IT"},{"@type":"WebPage","@id":"https:\/\/www.msn.unipi.it\/it\/tornera-il-verde-insieme-per-il-monte-pisano\/","url":"https:\/\/www.msn.unipi.it\/it\/tornera-il-verde-insieme-per-il-monte-pisano\/","name":"Torner\u00e0 il verde! Insieme per il Monte Pisano - Museo di Storia Naturale dell&#039;Universit\u00e0 di Pisa","isPartOf":{"@id":"https:\/\/www.msn.unipi.it\/it\/#website"},"primaryImageOfPage":{"@id":"https:\/\/www.msn.unipi.it\/it\/tornera-il-verde-insieme-per-il-monte-pisano\/#primaryimage"},"image":{"@id":"https:\/\/www.msn.unipi.it\/it\/tornera-il-verde-insieme-per-il-monte-pisano\/#primaryimage"},"thumbnailUrl":"https:\/\/www.msn.unipi.it\/wp-content\/uploads\/2019\/05\/foto-torner\u00e0-il-verde-David-Rognini-12.jpg","datePublished":"2019-05-15T09:21:47+00:00","dateModified":"2019-05-28T11:03:18+00:00","description":"Nella giornata dell'11 Maggio presso gli spazi del Museo di Storia Naturale e dell'Agriturismo Terra & Aroma si \u00e8 svolta l'iniziativa \"Torner\u00e0 il verde! Insieme per il Monte Pisano\", un evento di promozione del territorio e di raccolta fondi per il Monte Pisano.","breadcrumb":{"@id":"https:\/\/www.msn.unipi.it\/it\/tornera-il-verde-insieme-per-il-monte-pisano\/#breadcrumb"},"inLanguage":"it-IT","potentialAction":[{"@type":"ReadAction","target":["https:\/\/www.msn.unipi.it\/it\/tornera-il-verde-insieme-per-il-monte-pisano\/"]}]},{"@type":"ImageObject","inLanguage":"it-IT","@id":"https:\/\/www.msn.unipi.it\/it\/tornera-il-verde-insieme-per-il-monte-pisano\/#primaryimage","url":"https:\/\/www.msn.unipi.it\/wp-content\/uploads\/2019\/05\/foto-torner\u00e0-il-verde-David-Rognini-12.jpg","contentUrl":"https:\/\/www.msn.unipi.it\/wp-content\/uploads\/2019\/05\/foto-torner\u00e0-il-verde-David-Rognini-12.jpg","width":2048,"height":1365},{"@type":"BreadcrumbList","@id":"https:\/\/www.msn.unipi.it\/it\/tornera-il-verde-insieme-per-il-monte-pisano\/#breadcrumb","itemListElement":[{"@type":"ListItem","position":1,"name":"Home","item":"https:\/\/www.msn.unipi.it\/it\/"},{"@type":"ListItem","position":2,"name":"Torner\u00e0 il verde! Insieme per il Monte Pisano"}]},{"@type":"WebSite","@id":"https:\/\/www.msn.unipi.it\/it\/#website","url":"https:\/\/www.msn.unipi.it\/it\/","name":"Museo di Storia Naturale dell&#039;Universit\u00e0 di Pisa","description":"","publisher":{"@id":"https:\/\/www.msn.unipi.it\/it\/#organization"},"potentialAction":[{"@type":"SearchAction","target":{"@type":"EntryPoint","urlTemplate":"https:\/\/www.msn.unipi.it\/it\/?s={search_term_string}"},"query-input":{"@type":"PropertyValueSpecification","valueRequired":true,"valueName":"search_term_string"}}],"inLanguage":"it-IT"},{"@type":"Organization","@id":"https:\/\/www.msn.unipi.it\/it\/#organization","name":"Museo di Storia Naturale dell'Universit\u00e0 di Pisa","url":"https:\/\/www.msn.unipi.it\/it\/","logo":{"@type":"ImageObject","inLanguage":"it-IT","@id":"https:\/\/www.msn.unipi.it\/it\/#\/schema\/logo\/image\/","url":"https:\/\/www.msn.unipi.it\/wp-content\/uploads\/2016\/07\/footer-logo.png","contentUrl":"https:\/\/www.msn.unipi.it\/wp-content\/uploads\/2016\/07\/footer-logo.png","width":220,"height":95,"caption":"Museo di Storia Naturale dell'Universit\u00e0 di Pisa"},"image":{"@id":"https:\/\/www.msn.unipi.it\/it\/#\/schema\/logo\/image\/"},"sameAs":["https:\/\/www.facebook.com\/Museo-di-Storia-Naturale-Universit\u00e0-di-Pisa-277794215612108\/","https:\/\/x.com\/msncalci","https:\/\/www.instagram.com\/museostorianaturale_calci\/","https:\/\/www.youtube.com\/channel\/UCDaMBe_RegmdCnxLPmryMxw"]},{"@type":"Person","@id":"https:\/\/www.msn.unipi.it\/it\/#\/schema\/person\/20631df3667b84d79cffe30e020188a1","name":"a012780@unipi.it","image":{"@type":"ImageObject","inLanguage":"it-IT","@id":"https:\/\/www.msn.unipi.it\/it\/#\/schema\/person\/image\/","url":"https:\/\/secure.gravatar.com\/avatar\/42f33f3cae0d7f62a78cb1395dffdd09?s=96&d=mm&r=g","contentUrl":"https:\/\/secure.gravatar.com\/avatar\/42f33f3cae0d7f62a78cb1395dffdd09?s=96&d=mm&r=g","caption":"a012780@unipi.it"}}]}},"jetpack_featured_media_url":"https:\/\/www.msn.unipi.it\/wp-content\/uploads\/2019\/05\/foto-torner\u00e0-il-verde-David-Rognini-12.jpg","jetpack_sharing_enabled":true,"_links":{"self":[{"href":"https:\/\/www.msn.unipi.it\/it\/wp-json\/wp\/v2\/posts\/16787","targetHints":{"allow":["GET"]}}],"collection":[{"href":"https:\/\/www.msn.unipi.it\/it\/wp-json\/wp\/v2\/posts"}],"about":[{"href":"https:\/\/www.msn.unipi.it\/it\/wp-json\/wp\/v2\/types\/post"}],"author":[{"embeddable":true,"href":"https:\/\/www.msn.unipi.it\/it\/wp-json\/wp\/v2\/users\/7"}],"replies":[{"embeddable":true,"href":"https:\/\/www.msn.unipi.it\/it\/wp-json\/wp\/v2\/comments?post=16787"}],"version-history":[{"count":6,"href":"https:\/\/www.msn.unipi.it\/it\/wp-json\/wp\/v2\/posts\/16787\/revisions"}],"predecessor-version":[{"id":16813,"href":"https:\/\/www.msn.unipi.it\/it\/wp-json\/wp\/v2\/posts\/16787\/revisions\/16813"}],"wp:featuredmedia":[{"embeddable":true,"href":"https:\/\/www.msn.unipi.it\/it\/wp-json\/wp\/v2\/media\/16802"}],"wp:attachment":[{"href":"https:\/\/www.msn.unipi.it\/it\/wp-json\/wp\/v2\/media?parent=16787"}],"wp:term":[{"taxonomy":"category","embeddable":true,"href":"https:\/\/www.msn.unipi.it\/it\/wp-json\/wp\/v2\/categories?post=16787"},{"taxonomy":"post_tag","embeddable":true,"href":"https:\/\/www.msn.unipi.it\/it\/wp-json\/wp\/v2\/tags?post=16787"}],"curies":[{"name":"wp","href":"https:\/\/api.w.org\/{rel}","templated":true}]}}