{"id":17991,"date":"2019-10-03T12:05:15","date_gmt":"2019-10-03T10:05:15","guid":{"rendered":"https:\/\/www.msn.unipi.it\/?p=17991"},"modified":"2019-10-21T10:11:07","modified_gmt":"2019-10-21T08:11:07","slug":"elena-bonaccorsi-nuova-direttrice-del-museo","status":"publish","type":"post","link":"https:\/\/www.msn.unipi.it\/it\/elena-bonaccorsi-nuova-direttrice-del-museo\/","title":{"rendered":"E&#8217; Elena Bonaccorsi la nuova direttrice del Museo"},"content":{"rendered":"<p><a href=\"https:\/\/www.msn.unipi.it\/wp-content\/uploads\/2019\/10\/058.jpg\" data-lbwps-width=\"1354\" data-lbwps-height=\"2032\" data-lbwps-srcsmall=\"https:\/\/www.msn.unipi.it\/wp-content\/uploads\/2019\/10\/058-300x450.jpg\"><img loading=\"lazy\" decoding=\"async\" class=\"alignright size-medium wp-image-17992\" src=\"https:\/\/www.msn.unipi.it\/wp-content\/uploads\/2019\/10\/058-300x450.jpg\" alt=\"\" width=\"300\" height=\"450\" srcset=\"https:\/\/www.msn.unipi.it\/wp-content\/uploads\/2019\/10\/058-300x450.jpg 300w, https:\/\/www.msn.unipi.it\/wp-content\/uploads\/2019\/10\/058-768x1153.jpg 768w, https:\/\/www.msn.unipi.it\/wp-content\/uploads\/2019\/10\/058-533x800.jpg 533w, https:\/\/www.msn.unipi.it\/wp-content\/uploads\/2019\/10\/058.jpg 1354w\" sizes=\"auto, (max-width: 300px) 100vw, 300px\" \/><\/a>\u00c8 la professoressa\u00a0<strong>Elena Bonaccorsi<\/strong>\u00a0la nuova direttrice del\u00a0Museo.<\/p>\n<p>Gi\u00e0 vice direttrice negli anni della direzione di Roberto Barbuti, Elena Bonaccorsi \u00e8 docente di Mineralogia e svolge la sua attivit\u00e0 di ricerca presso il dipartimento di Scienze della Terra, dove si \u00e8 occupata in questi anni di cristallografia strutturale e cristallochimica di minerali. Oltre all\u2019attivit\u00e0 accademica, Elena Bonaccorsi \u00e8 stata membro del Comitato Scientifico Regionale della Toscana per l\u2019Educazione Scientifica e responsabile del GEOLAB laboratorio didattico di Scienze della Terra del suo Dipartimento. Collabora con la Ludoteca Scientifica per l\u2019organizzazione dei percorsi dedicati alle scuole. Ha organizzato diverse mostre didattico-scientifiche e laboratori didattici a Pisa, Firenze, e Genova; ha svolto workshop per insegnanti all\u2019interno dell\u2019iniziativa regionale Pianeta Galileo, sessioni in convegni nazionali sulla didattica delle geoscienze e corsi di formazione per insegnanti.<\/p>\n<p>A pochi giorni dall\u2019entrata in carica, Elena Bonaccorsi annuncia le novit\u00e0 che riguarderanno il Museo nelle prossime settimane e commenta la sua nomina a direttrice: \u00abAssumere la direzione del Museo dopo quella di Roberto Barbuti, \u00e8 una grande responsabilit\u00e0 \u2013 commenta la professoressa \u2013 Per\u00f2 ci sono due elementi che mi incoraggiano. Il primo \u00e8 che tutto quanto \u00e8 stato fatto di importante, bello e prezioso al museo in questi ultimi anni ha avuto in Roberto Barbuti la mente, l&#8217;anima e la regia, ma \u00e8 stato realizzato grazie alla\u00a0<strong>collaborazione di tante persone, in particolare del personale del museo<\/strong>. So quindi di poter contare su un gruppo di persone molto motivate e disponibili. Il rettore mi ha confermato l&#8217;attenzione che l\u2019Ateneo ha sempre avuto per la nostra struttura, e confido che anche le realt\u00e0 del territorio ci riservino la stessa fiducia &#8220;meritata sul campo&#8221; in questi anni.<\/p>\n<p>Il secondo elemento \u00e8 la continuit\u00e0: il prossimo anno ci vedr\u00e0 impegnati nella realizzazione di progetti sui quali abbiamo lavorato e stiamo ancora lavorando intensamente. Inaugureremo una\u00a0<strong>nuova sala &#8220;immersiva&#8221; dedicata alla biodiversit\u00e0<\/strong>, in cui il visitatore viagger\u00e0 in cinque continenti, circondato da animali tassidermizzati della collezione Barbero e della collezione storica del museo. Abbiamo in programma un\u00a0<strong>nuovo allestimento multisensoriale per la galleria dei minerali<\/strong>. Inaugureremo a novembre la\u00a0<strong>nuova mostra temporanea dedicata a quei fenomeni spettacolari e impressionanti che chiamiamo vulcani<\/strong>. Continuit\u00e0 vuol dire che il museo continuer\u00e0 il suo lavoro &#8211; a volte appariscente ma anche &#8216;ordinario&#8217; &#8211; di presenza nell&#8217;universit\u00e0, sul territorio, nelle scuole, con le insegnanti e gli insegnanti, con i visitatori esperti, con i visitatori di passaggio, con chi vuole imparare e con chi vuole giocare con la scienza. Per questi ultimi, tra l&#8217;altro, ecco un&#8217;anteprima:\u00a0<strong>il museo avr\u00e0 uno stand a LuccaComics<\/strong>, cercateci e scoprirete il lato ludico degli operatori del museo.<\/p>\n<p>Io sono una geologa: a Geologia ci insegnano a considerare la Terra come un sistema, in cui parti diverse interagiscono tra loro e che si pu\u00f2 capire solo guardandolo nella sua complessit\u00e0. Ci insegnano anche che fenomeni rilevanti possono avvenire in tempi brevissimi, ma anche che piccoli eventi possono avere straordinari effetti sui tempi lunghi. Da geologa, spero di essere una direttrice che sapr\u00e0 guardare alla complessit\u00e0 della realt\u00e0 del museo, essere &#8220;sul pezzo&#8221; nella frenetica vita dietro le sue quinte, e seminare piccole cose che possano a lungo termine rendere il museo sempre pi\u00f9 vicino alle persone\u00bb.<\/p>\n<p><a href=\"https:\/\/www.msn.unipi.it\/wp-content\/uploads\/2019\/10\/staff-Museo-di-Storia-Naturale.jpg\" data-lbwps-width=\"2048\" data-lbwps-height=\"1389\" data-lbwps-srcsmall=\"https:\/\/www.msn.unipi.it\/wp-content\/uploads\/2019\/10\/staff-Museo-di-Storia-Naturale-450x305.jpg\"><img loading=\"lazy\" decoding=\"async\" class=\"aligncenter size-medium wp-image-17995\" src=\"https:\/\/www.msn.unipi.it\/wp-content\/uploads\/2019\/10\/staff-Museo-di-Storia-Naturale-450x305.jpg\" alt=\"\" width=\"450\" height=\"305\" srcset=\"https:\/\/www.msn.unipi.it\/wp-content\/uploads\/2019\/10\/staff-Museo-di-Storia-Naturale-450x305.jpg 450w, https:\/\/www.msn.unipi.it\/wp-content\/uploads\/2019\/10\/staff-Museo-di-Storia-Naturale-768x521.jpg 768w, https:\/\/www.msn.unipi.it\/wp-content\/uploads\/2019\/10\/staff-Museo-di-Storia-Naturale-1024x695.jpg 1024w, https:\/\/www.msn.unipi.it\/wp-content\/uploads\/2019\/10\/staff-Museo-di-Storia-Naturale.jpg 2048w\" sizes=\"auto, (max-width: 450px) 100vw, 450px\" \/><\/a><\/p>\n","protected":false},"excerpt":{"rendered":"<p>\u00c8 la professoressa\u00a0Elena Bonaccorsi\u00a0la nuova direttrice del\u00a0Museo. Gi\u00e0 vice direttrice negli anni della direzione di Roberto Barbuti, Elena Bonaccorsi \u00e8 docente di Mineralogia e svolge la sua attivit\u00e0 di ricerca presso il dipartimento di Scienze della Terra, dove si \u00e8 occupata in questi anni di cristallografia strutturale e cristallochimica di minerali. Oltre all\u2019attivit\u00e0 accademica, Elena&nbsp; <a href=\"https:\/\/www.msn.unipi.it\/it\/elena-bonaccorsi-nuova-direttrice-del-museo\/\">&hellip;  <i class=\"fa fa-chevron-right\"><\/i><\/a><\/p>\n","protected":false},"author":7,"featured_media":17992,"comment_status":"closed","ping_status":"closed","sticky":false,"template":"","format":"standard","meta":{"_jetpack_memberships_contains_paid_content":false,"footnotes":""},"categories":[1],"tags":[],"class_list":["post-17991","post","type-post","status-publish","format-standard","has-post-thumbnail","hentry","category-news"],"yoast_head":"<!-- This site is optimized with the Yoast SEO plugin v26.8 - https:\/\/yoast.com\/product\/yoast-seo-wordpress\/ -->\n<title>E&#039; Elena Bonaccorsi la nuova direttrice del Museo - Museo di Storia Naturale dell&#039;Universit\u00e0 di Pisa<\/title>\n<meta name=\"description\" content=\"\u00c8 la professoressa\u00a0Elena Bonaccorsi\u00a0la nuova direttrice del\u00a0Museo. Gi\u00e0 vice direttrice negli anni della direzione di Roberto Barbuti, Elena Bonaccorsi \u00e8\" \/>\n<meta name=\"robots\" content=\"index, follow, max-snippet:-1, max-image-preview:large, max-video-preview:-1\" \/>\n<link rel=\"canonical\" href=\"https:\/\/www.msn.unipi.it\/it\/elena-bonaccorsi-nuova-direttrice-del-museo\/\" \/>\n<meta property=\"og:locale\" content=\"it_IT\" \/>\n<meta property=\"og:type\" content=\"article\" \/>\n<meta property=\"og:title\" content=\"E&#039; Elena Bonaccorsi la nuova direttrice del Museo - Museo di Storia Naturale dell&#039;Universit\u00e0 di Pisa\" \/>\n<meta property=\"og:description\" content=\"\u00c8 la professoressa\u00a0Elena Bonaccorsi\u00a0la nuova direttrice del\u00a0Museo. Gi\u00e0 vice direttrice negli anni della direzione di Roberto Barbuti, Elena Bonaccorsi \u00e8\" \/>\n<meta property=\"og:url\" content=\"https:\/\/www.msn.unipi.it\/it\/elena-bonaccorsi-nuova-direttrice-del-museo\/\" \/>\n<meta property=\"og:site_name\" content=\"Museo di Storia Naturale dell&#039;Universit\u00e0 di Pisa\" \/>\n<meta property=\"article:publisher\" content=\"https:\/\/www.facebook.com\/Museo-di-Storia-Naturale-Universit%c3%a0-di-Pisa-277794215612108\/\" \/>\n<meta property=\"article:published_time\" content=\"2019-10-03T10:05:15+00:00\" \/>\n<meta property=\"article:modified_time\" content=\"2019-10-21T08:11:07+00:00\" \/>\n<meta property=\"og:image\" content=\"https:\/\/www.msn.unipi.it\/wp-content\/uploads\/2019\/10\/058.jpg\" \/>\n\t<meta property=\"og:image:width\" content=\"1354\" \/>\n\t<meta property=\"og:image:height\" content=\"2032\" \/>\n\t<meta property=\"og:image:type\" content=\"image\/jpeg\" \/>\n<meta name=\"author\" content=\"a012780@unipi.it\" \/>\n<meta name=\"twitter:card\" content=\"summary_large_image\" \/>\n<meta name=\"twitter:creator\" content=\"@msncalci\" \/>\n<meta name=\"twitter:site\" content=\"@msncalci\" \/>\n<meta name=\"twitter:label1\" content=\"Scritto da\" \/>\n\t<meta name=\"twitter:data1\" content=\"a012780@unipi.it\" \/>\n\t<meta name=\"twitter:label2\" content=\"Tempo di lettura stimato\" \/>\n\t<meta name=\"twitter:data2\" content=\"3 minuti\" \/>\n<script type=\"application\/ld+json\" class=\"yoast-schema-graph\">{\"@context\":\"https:\/\/schema.org\",\"@graph\":[{\"@type\":\"Article\",\"@id\":\"https:\/\/www.msn.unipi.it\/it\/elena-bonaccorsi-nuova-direttrice-del-museo\/#article\",\"isPartOf\":{\"@id\":\"https:\/\/www.msn.unipi.it\/it\/elena-bonaccorsi-nuova-direttrice-del-museo\/\"},\"author\":{\"name\":\"a012780@unipi.it\",\"@id\":\"https:\/\/www.msn.unipi.it\/it\/#\/schema\/person\/20631df3667b84d79cffe30e020188a1\"},\"headline\":\"E&#8217; Elena Bonaccorsi la nuova direttrice del Museo\",\"datePublished\":\"2019-10-03T10:05:15+00:00\",\"dateModified\":\"2019-10-21T08:11:07+00:00\",\"mainEntityOfPage\":{\"@id\":\"https:\/\/www.msn.unipi.it\/it\/elena-bonaccorsi-nuova-direttrice-del-museo\/\"},\"wordCount\":541,\"publisher\":{\"@id\":\"https:\/\/www.msn.unipi.it\/it\/#organization\"},\"image\":{\"@id\":\"https:\/\/www.msn.unipi.it\/it\/elena-bonaccorsi-nuova-direttrice-del-museo\/#primaryimage\"},\"thumbnailUrl\":\"https:\/\/www.msn.unipi.it\/wp-content\/uploads\/2019\/10\/058.jpg\",\"articleSection\":[\"News\"],\"inLanguage\":\"it-IT\"},{\"@type\":\"WebPage\",\"@id\":\"https:\/\/www.msn.unipi.it\/it\/elena-bonaccorsi-nuova-direttrice-del-museo\/\",\"url\":\"https:\/\/www.msn.unipi.it\/it\/elena-bonaccorsi-nuova-direttrice-del-museo\/\",\"name\":\"E' Elena Bonaccorsi la nuova direttrice del Museo - Museo di Storia Naturale dell&#039;Universit\u00e0 di Pisa\",\"isPartOf\":{\"@id\":\"https:\/\/www.msn.unipi.it\/it\/#website\"},\"primaryImageOfPage\":{\"@id\":\"https:\/\/www.msn.unipi.it\/it\/elena-bonaccorsi-nuova-direttrice-del-museo\/#primaryimage\"},\"image\":{\"@id\":\"https:\/\/www.msn.unipi.it\/it\/elena-bonaccorsi-nuova-direttrice-del-museo\/#primaryimage\"},\"thumbnailUrl\":\"https:\/\/www.msn.unipi.it\/wp-content\/uploads\/2019\/10\/058.jpg\",\"datePublished\":\"2019-10-03T10:05:15+00:00\",\"dateModified\":\"2019-10-21T08:11:07+00:00\",\"description\":\"\u00c8 la professoressa\u00a0Elena Bonaccorsi\u00a0la nuova direttrice del\u00a0Museo. Gi\u00e0 vice direttrice negli anni della direzione di Roberto Barbuti, Elena Bonaccorsi \u00e8\",\"breadcrumb\":{\"@id\":\"https:\/\/www.msn.unipi.it\/it\/elena-bonaccorsi-nuova-direttrice-del-museo\/#breadcrumb\"},\"inLanguage\":\"it-IT\",\"potentialAction\":[{\"@type\":\"ReadAction\",\"target\":[\"https:\/\/www.msn.unipi.it\/it\/elena-bonaccorsi-nuova-direttrice-del-museo\/\"]}]},{\"@type\":\"ImageObject\",\"inLanguage\":\"it-IT\",\"@id\":\"https:\/\/www.msn.unipi.it\/it\/elena-bonaccorsi-nuova-direttrice-del-museo\/#primaryimage\",\"url\":\"https:\/\/www.msn.unipi.it\/wp-content\/uploads\/2019\/10\/058.jpg\",\"contentUrl\":\"https:\/\/www.msn.unipi.it\/wp-content\/uploads\/2019\/10\/058.jpg\",\"width\":1354,\"height\":2032},{\"@type\":\"BreadcrumbList\",\"@id\":\"https:\/\/www.msn.unipi.it\/it\/elena-bonaccorsi-nuova-direttrice-del-museo\/#breadcrumb\",\"itemListElement\":[{\"@type\":\"ListItem\",\"position\":1,\"name\":\"Home\",\"item\":\"https:\/\/www.msn.unipi.it\/it\/\"},{\"@type\":\"ListItem\",\"position\":2,\"name\":\"E&#8217; Elena Bonaccorsi la nuova direttrice del Museo\"}]},{\"@type\":\"WebSite\",\"@id\":\"https:\/\/www.msn.unipi.it\/it\/#website\",\"url\":\"https:\/\/www.msn.unipi.it\/it\/\",\"name\":\"Museo di Storia Naturale dell&#039;Universit\u00e0 di Pisa\",\"description\":\"\",\"publisher\":{\"@id\":\"https:\/\/www.msn.unipi.it\/it\/#organization\"},\"potentialAction\":[{\"@type\":\"SearchAction\",\"target\":{\"@type\":\"EntryPoint\",\"urlTemplate\":\"https:\/\/www.msn.unipi.it\/it\/?s={search_term_string}\"},\"query-input\":{\"@type\":\"PropertyValueSpecification\",\"valueRequired\":true,\"valueName\":\"search_term_string\"}}],\"inLanguage\":\"it-IT\"},{\"@type\":\"Organization\",\"@id\":\"https:\/\/www.msn.unipi.it\/it\/#organization\",\"name\":\"Museo di Storia Naturale dell'Universit\u00e0 di Pisa\",\"url\":\"https:\/\/www.msn.unipi.it\/it\/\",\"logo\":{\"@type\":\"ImageObject\",\"inLanguage\":\"it-IT\",\"@id\":\"https:\/\/www.msn.unipi.it\/it\/#\/schema\/logo\/image\/\",\"url\":\"https:\/\/www.msn.unipi.it\/wp-content\/uploads\/2016\/07\/footer-logo.png\",\"contentUrl\":\"https:\/\/www.msn.unipi.it\/wp-content\/uploads\/2016\/07\/footer-logo.png\",\"width\":220,\"height\":95,\"caption\":\"Museo di Storia Naturale dell'Universit\u00e0 di Pisa\"},\"image\":{\"@id\":\"https:\/\/www.msn.unipi.it\/it\/#\/schema\/logo\/image\/\"},\"sameAs\":[\"https:\/\/www.facebook.com\/Museo-di-Storia-Naturale-Universit\u00e0-di-Pisa-277794215612108\/\",\"https:\/\/x.com\/msncalci\",\"https:\/\/www.instagram.com\/museostorianaturale_calci\/\",\"https:\/\/www.youtube.com\/channel\/UCDaMBe_RegmdCnxLPmryMxw\"]},{\"@type\":\"Person\",\"@id\":\"https:\/\/www.msn.unipi.it\/it\/#\/schema\/person\/20631df3667b84d79cffe30e020188a1\",\"name\":\"a012780@unipi.it\",\"image\":{\"@type\":\"ImageObject\",\"inLanguage\":\"it-IT\",\"@id\":\"https:\/\/www.msn.unipi.it\/it\/#\/schema\/person\/image\/\",\"url\":\"https:\/\/secure.gravatar.com\/avatar\/42f33f3cae0d7f62a78cb1395dffdd09?s=96&d=mm&r=g\",\"contentUrl\":\"https:\/\/secure.gravatar.com\/avatar\/42f33f3cae0d7f62a78cb1395dffdd09?s=96&d=mm&r=g\",\"caption\":\"a012780@unipi.it\"}}]}<\/script>\n<!-- \/ Yoast SEO plugin. -->","yoast_head_json":{"title":"E' Elena Bonaccorsi la nuova direttrice del Museo - Museo di Storia Naturale dell&#039;Universit\u00e0 di Pisa","description":"\u00c8 la professoressa\u00a0Elena Bonaccorsi\u00a0la nuova direttrice del\u00a0Museo. Gi\u00e0 vice direttrice negli anni della direzione di Roberto Barbuti, Elena Bonaccorsi \u00e8","robots":{"index":"index","follow":"follow","max-snippet":"max-snippet:-1","max-image-preview":"max-image-preview:large","max-video-preview":"max-video-preview:-1"},"canonical":"https:\/\/www.msn.unipi.it\/it\/elena-bonaccorsi-nuova-direttrice-del-museo\/","og_locale":"it_IT","og_type":"article","og_title":"E' Elena Bonaccorsi la nuova direttrice del Museo - Museo di Storia Naturale dell&#039;Universit\u00e0 di Pisa","og_description":"\u00c8 la professoressa\u00a0Elena Bonaccorsi\u00a0la nuova direttrice del\u00a0Museo. Gi\u00e0 vice direttrice negli anni della direzione di Roberto Barbuti, Elena Bonaccorsi \u00e8","og_url":"https:\/\/www.msn.unipi.it\/it\/elena-bonaccorsi-nuova-direttrice-del-museo\/","og_site_name":"Museo di Storia Naturale dell&#039;Universit\u00e0 di Pisa","article_publisher":"https:\/\/www.facebook.com\/Museo-di-Storia-Naturale-Universit%c3%a0-di-Pisa-277794215612108\/","article_published_time":"2019-10-03T10:05:15+00:00","article_modified_time":"2019-10-21T08:11:07+00:00","og_image":[{"width":1354,"height":2032,"url":"https:\/\/www.msn.unipi.it\/wp-content\/uploads\/2019\/10\/058.jpg","type":"image\/jpeg"}],"author":"a012780@unipi.it","twitter_card":"summary_large_image","twitter_creator":"@msncalci","twitter_site":"@msncalci","twitter_misc":{"Scritto da":"a012780@unipi.it","Tempo di lettura stimato":"3 minuti"},"schema":{"@context":"https:\/\/schema.org","@graph":[{"@type":"Article","@id":"https:\/\/www.msn.unipi.it\/it\/elena-bonaccorsi-nuova-direttrice-del-museo\/#article","isPartOf":{"@id":"https:\/\/www.msn.unipi.it\/it\/elena-bonaccorsi-nuova-direttrice-del-museo\/"},"author":{"name":"a012780@unipi.it","@id":"https:\/\/www.msn.unipi.it\/it\/#\/schema\/person\/20631df3667b84d79cffe30e020188a1"},"headline":"E&#8217; Elena Bonaccorsi la nuova direttrice del Museo","datePublished":"2019-10-03T10:05:15+00:00","dateModified":"2019-10-21T08:11:07+00:00","mainEntityOfPage":{"@id":"https:\/\/www.msn.unipi.it\/it\/elena-bonaccorsi-nuova-direttrice-del-museo\/"},"wordCount":541,"publisher":{"@id":"https:\/\/www.msn.unipi.it\/it\/#organization"},"image":{"@id":"https:\/\/www.msn.unipi.it\/it\/elena-bonaccorsi-nuova-direttrice-del-museo\/#primaryimage"},"thumbnailUrl":"https:\/\/www.msn.unipi.it\/wp-content\/uploads\/2019\/10\/058.jpg","articleSection":["News"],"inLanguage":"it-IT"},{"@type":"WebPage","@id":"https:\/\/www.msn.unipi.it\/it\/elena-bonaccorsi-nuova-direttrice-del-museo\/","url":"https:\/\/www.msn.unipi.it\/it\/elena-bonaccorsi-nuova-direttrice-del-museo\/","name":"E' Elena Bonaccorsi la nuova direttrice del Museo - Museo di Storia Naturale dell&#039;Universit\u00e0 di Pisa","isPartOf":{"@id":"https:\/\/www.msn.unipi.it\/it\/#website"},"primaryImageOfPage":{"@id":"https:\/\/www.msn.unipi.it\/it\/elena-bonaccorsi-nuova-direttrice-del-museo\/#primaryimage"},"image":{"@id":"https:\/\/www.msn.unipi.it\/it\/elena-bonaccorsi-nuova-direttrice-del-museo\/#primaryimage"},"thumbnailUrl":"https:\/\/www.msn.unipi.it\/wp-content\/uploads\/2019\/10\/058.jpg","datePublished":"2019-10-03T10:05:15+00:00","dateModified":"2019-10-21T08:11:07+00:00","description":"\u00c8 la professoressa\u00a0Elena Bonaccorsi\u00a0la nuova direttrice del\u00a0Museo. Gi\u00e0 vice direttrice negli anni della direzione di Roberto Barbuti, Elena Bonaccorsi \u00e8","breadcrumb":{"@id":"https:\/\/www.msn.unipi.it\/it\/elena-bonaccorsi-nuova-direttrice-del-museo\/#breadcrumb"},"inLanguage":"it-IT","potentialAction":[{"@type":"ReadAction","target":["https:\/\/www.msn.unipi.it\/it\/elena-bonaccorsi-nuova-direttrice-del-museo\/"]}]},{"@type":"ImageObject","inLanguage":"it-IT","@id":"https:\/\/www.msn.unipi.it\/it\/elena-bonaccorsi-nuova-direttrice-del-museo\/#primaryimage","url":"https:\/\/www.msn.unipi.it\/wp-content\/uploads\/2019\/10\/058.jpg","contentUrl":"https:\/\/www.msn.unipi.it\/wp-content\/uploads\/2019\/10\/058.jpg","width":1354,"height":2032},{"@type":"BreadcrumbList","@id":"https:\/\/www.msn.unipi.it\/it\/elena-bonaccorsi-nuova-direttrice-del-museo\/#breadcrumb","itemListElement":[{"@type":"ListItem","position":1,"name":"Home","item":"https:\/\/www.msn.unipi.it\/it\/"},{"@type":"ListItem","position":2,"name":"E&#8217; Elena Bonaccorsi la nuova direttrice del Museo"}]},{"@type":"WebSite","@id":"https:\/\/www.msn.unipi.it\/it\/#website","url":"https:\/\/www.msn.unipi.it\/it\/","name":"Museo di Storia Naturale dell&#039;Universit\u00e0 di Pisa","description":"","publisher":{"@id":"https:\/\/www.msn.unipi.it\/it\/#organization"},"potentialAction":[{"@type":"SearchAction","target":{"@type":"EntryPoint","urlTemplate":"https:\/\/www.msn.unipi.it\/it\/?s={search_term_string}"},"query-input":{"@type":"PropertyValueSpecification","valueRequired":true,"valueName":"search_term_string"}}],"inLanguage":"it-IT"},{"@type":"Organization","@id":"https:\/\/www.msn.unipi.it\/it\/#organization","name":"Museo di Storia Naturale dell'Universit\u00e0 di Pisa","url":"https:\/\/www.msn.unipi.it\/it\/","logo":{"@type":"ImageObject","inLanguage":"it-IT","@id":"https:\/\/www.msn.unipi.it\/it\/#\/schema\/logo\/image\/","url":"https:\/\/www.msn.unipi.it\/wp-content\/uploads\/2016\/07\/footer-logo.png","contentUrl":"https:\/\/www.msn.unipi.it\/wp-content\/uploads\/2016\/07\/footer-logo.png","width":220,"height":95,"caption":"Museo di Storia Naturale dell'Universit\u00e0 di Pisa"},"image":{"@id":"https:\/\/www.msn.unipi.it\/it\/#\/schema\/logo\/image\/"},"sameAs":["https:\/\/www.facebook.com\/Museo-di-Storia-Naturale-Universit\u00e0-di-Pisa-277794215612108\/","https:\/\/x.com\/msncalci","https:\/\/www.instagram.com\/museostorianaturale_calci\/","https:\/\/www.youtube.com\/channel\/UCDaMBe_RegmdCnxLPmryMxw"]},{"@type":"Person","@id":"https:\/\/www.msn.unipi.it\/it\/#\/schema\/person\/20631df3667b84d79cffe30e020188a1","name":"a012780@unipi.it","image":{"@type":"ImageObject","inLanguage":"it-IT","@id":"https:\/\/www.msn.unipi.it\/it\/#\/schema\/person\/image\/","url":"https:\/\/secure.gravatar.com\/avatar\/42f33f3cae0d7f62a78cb1395dffdd09?s=96&d=mm&r=g","contentUrl":"https:\/\/secure.gravatar.com\/avatar\/42f33f3cae0d7f62a78cb1395dffdd09?s=96&d=mm&r=g","caption":"a012780@unipi.it"}}]}},"jetpack_featured_media_url":"https:\/\/www.msn.unipi.it\/wp-content\/uploads\/2019\/10\/058.jpg","jetpack_sharing_enabled":true,"_links":{"self":[{"href":"https:\/\/www.msn.unipi.it\/it\/wp-json\/wp\/v2\/posts\/17991","targetHints":{"allow":["GET"]}}],"collection":[{"href":"https:\/\/www.msn.unipi.it\/it\/wp-json\/wp\/v2\/posts"}],"about":[{"href":"https:\/\/www.msn.unipi.it\/it\/wp-json\/wp\/v2\/types\/post"}],"author":[{"embeddable":true,"href":"https:\/\/www.msn.unipi.it\/it\/wp-json\/wp\/v2\/users\/7"}],"replies":[{"embeddable":true,"href":"https:\/\/www.msn.unipi.it\/it\/wp-json\/wp\/v2\/comments?post=17991"}],"version-history":[{"count":4,"href":"https:\/\/www.msn.unipi.it\/it\/wp-json\/wp\/v2\/posts\/17991\/revisions"}],"predecessor-version":[{"id":17999,"href":"https:\/\/www.msn.unipi.it\/it\/wp-json\/wp\/v2\/posts\/17991\/revisions\/17999"}],"wp:featuredmedia":[{"embeddable":true,"href":"https:\/\/www.msn.unipi.it\/it\/wp-json\/wp\/v2\/media\/17992"}],"wp:attachment":[{"href":"https:\/\/www.msn.unipi.it\/it\/wp-json\/wp\/v2\/media?parent=17991"}],"wp:term":[{"taxonomy":"category","embeddable":true,"href":"https:\/\/www.msn.unipi.it\/it\/wp-json\/wp\/v2\/categories?post=17991"},{"taxonomy":"post_tag","embeddable":true,"href":"https:\/\/www.msn.unipi.it\/it\/wp-json\/wp\/v2\/tags?post=17991"}],"curies":[{"name":"wp","href":"https:\/\/api.w.org\/{rel}","templated":true}]}}