{"id":18950,"date":"2020-03-09T10:40:38","date_gmt":"2020-03-09T09:40:38","guid":{"rendered":"https:\/\/www.msn.unipi.it\/?p=18950"},"modified":"2020-04-15T13:22:16","modified_gmt":"2020-04-15T11:22:16","slug":"il-museo-contesto-creativo-di-testa-nostra-quattro-idee-per-il-museo-di-storia-naturale","status":"publish","type":"post","link":"https:\/\/www.msn.unipi.it\/it\/il-museo-contesto-creativo-di-testa-nostra-quattro-idee-per-il-museo-di-storia-naturale\/","title":{"rendered":"Il Museo contesto creativo. Di testa nostra: quattro idee per il Museo di Storia Naturale!"},"content":{"rendered":"<p><strong>\u201cDi testa nostra: quattro idee per il Museo di Storia Naturale\u201d<\/strong>. \u00c8 il titolo del progetto presentato dai ragazzi della 5\u00b0D del Liceo Scientifico XXV Aprile di Pontedera luned\u00ec 10 febbraio 2020.<\/p>\n<p>I lavori presentati sono il frutto di un Progetto per lo sviluppo delle Competenze Trasversali e per l&#8217;Orientamento (ex Alternanza Scuola\/Lavoro, di seguito PCTO) iniziato nel mese di giugno e promosso dalla Prof.ssa Cristina Matteoni, tutor scolastico, e dalla dott.ssa Angela Dini, tutor per il Museo. Il progetto ha voluto raccogliere le indicazioni ed il nuovo indirizzo che il Ministero dell&#8217;Istruzione ha dato a questi progetti dedicati alla Scuola Superiore trasformando l&#8217;Alternanza Scuola\/Lavoro in PCTO.<\/p>\n<p>Il titolo del progetto suggerisce il tipo di lavoro che i ragazzi hanno svolto in due fasi: la prima fase ha previsto una <strong>visita approfondita al Museo<\/strong> e una <strong>attivit\u00e0 di <em>cooperative learning<\/em><\/strong> (apprendimento collettivo), ovvero una collaborazione all\u2019interno di un gruppo per raggiungere un obiettivo comune attraverso un lavoro di confronto e condivisione di idee. Nella seconda fase, di <strong>realizzazione delle idee sviluppate<\/strong>, gli studenti hanno lavorato divisi in quattro gruppi in piena autonomia individuando i ruoli all&#8217;interno di ogni gruppo, sviluppando le competenze interdisciplinari, le abilit\u00e0 manuali e tecnologiche e mettendo a disposizione ognuno le proprie capacit\u00e0 per la realizzazione delle idee. Ogni gruppo ha lavorato ad un progetto diverso producendo cos\u00ec le <strong>\u201cquattro idee per il Museo di Storia Naturale\u201d<\/strong>.<\/p>\n<p>I lavori sono stati presentati dai ragazzi alla Vicepreside Prof.ssa Giulia Piccirilli e ai docenti della scuola, alla Direttrice del Museo Prof.ssa Elena Bonaccorsi e al personale del Museo, con particolare attenzione e riferimento a tutte le fasi della progettazione e agli obiettivi individuati in corso d&#8217;opera e raggiunti. I ragazzi, molto motivati, hanno mostrato grande impegno e grande entusiasmo nell&#8217;esposizione dei lavori, sottolineando l&#8217;importanza della collaborazione e del lavoro di gruppo.<\/p>\n<p>Il gruppo 1 ha creato un <strong>video di sensibilizzazione sul problema della plastica in mare<\/strong> dal titolo \u201cNon ci resta che plastica\u201d. Il messaggio arriva all\u2019osservatore attraverso immagini forti e impattanti e una musica che accompagna perfettamente il video sottolineando la criticit\u00e0 della situazione. Il video potrebbe sar\u00e0 utilizzato in occasione della mostra \u201cLa plastica e noi\u201d che sar\u00e0 allestita da giugno a novembre 2020 nella Galleria dei Cetacei. (<a href=\"https:\/\/www.youtube.com\/watch?v=PsYdmYEKxpM\" target=\"_blank\" rel=\"noopener noreferrer\">Guarda il video su Youtube!<\/a>)<\/p>\n<p>Il gruppo 2 si \u00e8 occupato di marketing e pubblicit\u00e0 sviluppando un <strong>video promozionale<\/strong> pensato per essere pubblicato sui social e quindi destinato ad un pubblico adolescente e adulto. Questo lavoro verr\u00e0 pubblicato sulle pagine social del museo. (<a href=\"https:\/\/www.youtube.com\/watch?v=ZJB1hNd0jns\" target=\"_blank\" rel=\"noopener noreferrer\">Guarda il video su Youtube!<\/a>)<\/p>\n<p>Il gruppo 3 ha pensato di rivolgersi ai bambini e ha creato una serie di <strong>quattro video pubblicitari con un protagonista, l\u2019orso Max<\/strong>, disegnato e doppiato dai ragazzi. Max invita i bambini a visitare le sale principali del museo: acquari, mammiferi, cetacei e minerali. (Guarda i video su Youtube: <a href=\"https:\/\/www.youtube.com\/watch?v=t_JqLFc8CWk\" target=\"_blank\" rel=\"noopener noreferrer\">acquari<\/a>, <a href=\"https:\/\/www.youtube.com\/watch?v=eL9tBDGC6-k\" target=\"_blank\" rel=\"noopener noreferrer\">mammiferi<\/a>, <a href=\"https:\/\/www.youtube.com\/watch?v=xtoKVmLcAcE\" target=\"_blank\" rel=\"noopener noreferrer\">cetacei<\/a> e <a href=\"https:\/\/www.youtube.com\/watch?v=TfT7RoZX-BU\" target=\"_blank\" rel=\"noopener noreferrer\">minerali<\/a>)<\/p>\n<p>Questi video verranno pubblicati a cadenza mensile sul sito del museo e sui social. Inoltre, in vista di una prossima inaugurazione della sala degli orsi, questa potrebbe essere presentata da Max attraverso la realizzazione di un nuovo video e l\u2019orso potrebbe diventare un gadget in vendita al bookshop.<\/p>\n<p>Il gruppo 4 infine si \u00e8 occupato di creare un <strong>gioco intitolato \u201cSe un tesoro vuoi scoprire al Museo dovrai venire\u2026\u201d<\/strong>. L\u2019attivit\u00e0 \u00e8 pensata per le famiglie in visita al Museo la domenica, alle quali verr\u00e0 consegnata una mappa del Museo con un percorso da seguire che attraversa sei sale nelle quali si svolgono i vari giochi. Questi prevedono la ricerca di reperti particolari o di rispondere a domande relative alle caratteristiche degli animali esposti. Il gioco dovr\u00e0 essere fornito in biglietteria e riconsegnato al termine della visita in cambio di un piccolo premio. Questa proposta potr\u00e0 essere utilizzata fra le attivit\u00e0 che la domenica il Museo offre alle famiglie. (<a href=\"https:\/\/www.youtube.com\/watch?v=mnZARQVFxo8\" target=\"_blank\" rel=\"noopener noreferrer\">Guarda la presentazione del gioco!<\/a>)<\/p>\n<p>AD<\/p>\n<p class=\"jetpack-slideshow-noscript robots-nocontent\">Questo slideshow richiede JavaScript.<\/p><div id=\"gallery-18950-1-slideshow\" class=\"jetpack-slideshow-window jetpack-slideshow jetpack-slideshow-black\" data-trans=\"fade\" data-autostart=\"1\" data-gallery=\"[{&quot;src&quot;:&quot;https:\\\/\\\/www.msn.unipi.it\\\/wp-content\\\/uploads\\\/2020\\\/03\\\/20200210_150929.jpg&quot;,&quot;id&quot;:&quot;18952&quot;,&quot;title&quot;:&quot;20200210_150929&quot;,&quot;alt&quot;:&quot;&quot;,&quot;caption&quot;:&quot;&quot;,&quot;itemprop&quot;:&quot;image&quot;},{&quot;src&quot;:&quot;https:\\\/\\\/www.msn.unipi.it\\\/wp-content\\\/uploads\\\/2020\\\/03\\\/20200210_150951.jpg&quot;,&quot;id&quot;:&quot;18954&quot;,&quot;title&quot;:&quot;20200210_150951&quot;,&quot;alt&quot;:&quot;&quot;,&quot;caption&quot;:&quot;&quot;,&quot;itemprop&quot;:&quot;image&quot;},{&quot;src&quot;:&quot;https:\\\/\\\/www.msn.unipi.it\\\/wp-content\\\/uploads\\\/2020\\\/03\\\/Annotazione-2020-03-13-101524.png&quot;,&quot;id&quot;:&quot;18956&quot;,&quot;title&quot;:&quot;Annotazione 2020-03-13 101524&quot;,&quot;alt&quot;:&quot;&quot;,&quot;caption&quot;:&quot;&quot;,&quot;itemprop&quot;:&quot;image&quot;},{&quot;src&quot;:&quot;https:\\\/\\\/www.msn.unipi.it\\\/wp-content\\\/uploads\\\/2020\\\/03\\\/Annotazione-2020-03-13-101854.png&quot;,&quot;id&quot;:&quot;18958&quot;,&quot;title&quot;:&quot;Annotazione 2020-03-13 101854&quot;,&quot;alt&quot;:&quot;&quot;,&quot;caption&quot;:&quot;&quot;,&quot;itemprop&quot;:&quot;image&quot;},{&quot;src&quot;:&quot;https:\\\/\\\/www.msn.unipi.it\\\/wp-content\\\/uploads\\\/2020\\\/03\\\/Annotazione-2020-03-13-102601.png&quot;,&quot;id&quot;:&quot;18960&quot;,&quot;title&quot;:&quot;Annotazione 2020-03-13 102601&quot;,&quot;alt&quot;:&quot;&quot;,&quot;caption&quot;:&quot;&quot;,&quot;itemprop&quot;:&quot;image&quot;},{&quot;src&quot;:&quot;https:\\\/\\\/www.msn.unipi.it\\\/wp-content\\\/uploads\\\/2020\\\/03\\\/Immagine1.jpg&quot;,&quot;id&quot;:&quot;18962&quot;,&quot;title&quot;:&quot;Immagine1&quot;,&quot;alt&quot;:&quot;&quot;,&quot;caption&quot;:&quot;&quot;,&quot;itemprop&quot;:&quot;image&quot;},{&quot;src&quot;:&quot;https:\\\/\\\/www.msn.unipi.it\\\/wp-content\\\/uploads\\\/2020\\\/03\\\/slide-3.jpg&quot;,&quot;id&quot;:&quot;18964&quot;,&quot;title&quot;:&quot;slide 3&quot;,&quot;alt&quot;:&quot;&quot;,&quot;caption&quot;:&quot;&quot;,&quot;itemprop&quot;:&quot;image&quot;}]\" itemscope itemtype=\"https:\/\/schema.org\/ImageGallery\"><\/div>\n","protected":false},"excerpt":{"rendered":"<p>\u201cDi testa nostra: quattro idee per il Museo di Storia Naturale\u201d. \u00c8 il titolo del progetto presentato dai ragazzi della 5\u00b0D del Liceo Scientifico XXV Aprile di Pontedera luned\u00ec 10 febbraio 2020.<\/p>\n","protected":false},"author":7,"featured_media":18962,"comment_status":"closed","ping_status":"closed","sticky":false,"template":"","format":"standard","meta":{"_jetpack_memberships_contains_paid_content":false,"footnotes":""},"categories":[444],"tags":[],"class_list":["post-18950","post","type-post","status-publish","format-standard","has-post-thumbnail","hentry","category-blog"],"yoast_head":"<!-- This site is optimized with the Yoast SEO plugin v26.8 - https:\/\/yoast.com\/product\/yoast-seo-wordpress\/ -->\n<title>Il Museo contesto creativo. Di testa nostra: quattro idee per il Museo di Storia Naturale! - Museo di Storia Naturale dell&#039;Universit\u00e0 di Pisa<\/title>\n<meta name=\"description\" content=\"\u201cDi testa nostra: quattro idee per il Museo di Storia Naturale\u201d. \u00c8 il titolo del progetto presentato dai ragazzi della 5\u00b0D del Liceo Scientifico XXV Aprile di Pontedera luned\u00ec 10 febbraio 2020.\" \/>\n<meta name=\"robots\" content=\"index, follow, max-snippet:-1, max-image-preview:large, max-video-preview:-1\" \/>\n<link rel=\"canonical\" href=\"https:\/\/www.msn.unipi.it\/it\/il-museo-contesto-creativo-di-testa-nostra-quattro-idee-per-il-museo-di-storia-naturale\/\" \/>\n<meta property=\"og:locale\" content=\"it_IT\" \/>\n<meta property=\"og:type\" content=\"article\" \/>\n<meta property=\"og:title\" content=\"Il Museo contesto creativo. Di testa nostra: quattro idee per il Museo di Storia Naturale! - Museo di Storia Naturale dell&#039;Universit\u00e0 di Pisa\" \/>\n<meta property=\"og:description\" content=\"\u201cDi testa nostra: quattro idee per il Museo di Storia Naturale\u201d. \u00c8 il titolo del progetto presentato dai ragazzi della 5\u00b0D del Liceo Scientifico XXV Aprile di Pontedera luned\u00ec 10 febbraio 2020.\" \/>\n<meta property=\"og:url\" content=\"https:\/\/www.msn.unipi.it\/it\/il-museo-contesto-creativo-di-testa-nostra-quattro-idee-per-il-museo-di-storia-naturale\/\" \/>\n<meta property=\"og:site_name\" content=\"Museo di Storia Naturale dell&#039;Universit\u00e0 di Pisa\" \/>\n<meta property=\"article:publisher\" content=\"https:\/\/www.facebook.com\/Museo-di-Storia-Naturale-Universit%c3%a0-di-Pisa-277794215612108\/\" \/>\n<meta property=\"article:published_time\" content=\"2020-03-09T09:40:38+00:00\" \/>\n<meta property=\"article:modified_time\" content=\"2020-04-15T11:22:16+00:00\" \/>\n<meta property=\"og:image\" content=\"https:\/\/www.msn.unipi.it\/wp-content\/uploads\/2020\/03\/Immagine1.jpg\" \/>\n\t<meta property=\"og:image:width\" content=\"657\" \/>\n\t<meta property=\"og:image:height\" content=\"888\" \/>\n\t<meta property=\"og:image:type\" content=\"image\/jpeg\" \/>\n<meta name=\"author\" content=\"a012780@unipi.it\" \/>\n<meta name=\"twitter:card\" content=\"summary_large_image\" \/>\n<meta name=\"twitter:creator\" content=\"@msncalci\" \/>\n<meta name=\"twitter:site\" content=\"@msncalci\" \/>\n<meta name=\"twitter:label1\" content=\"Scritto da\" \/>\n\t<meta name=\"twitter:data1\" content=\"a012780@unipi.it\" \/>\n\t<meta name=\"twitter:label2\" content=\"Tempo di lettura stimato\" \/>\n\t<meta name=\"twitter:data2\" content=\"3 minuti\" \/>\n<script type=\"application\/ld+json\" class=\"yoast-schema-graph\">{\"@context\":\"https:\/\/schema.org\",\"@graph\":[{\"@type\":\"Article\",\"@id\":\"https:\/\/www.msn.unipi.it\/it\/il-museo-contesto-creativo-di-testa-nostra-quattro-idee-per-il-museo-di-storia-naturale\/#article\",\"isPartOf\":{\"@id\":\"https:\/\/www.msn.unipi.it\/it\/il-museo-contesto-creativo-di-testa-nostra-quattro-idee-per-il-museo-di-storia-naturale\/\"},\"author\":{\"name\":\"a012780@unipi.it\",\"@id\":\"https:\/\/www.msn.unipi.it\/it\/#\/schema\/person\/20631df3667b84d79cffe30e020188a1\"},\"headline\":\"Il Museo contesto creativo. Di testa nostra: quattro idee per il Museo di Storia Naturale!\",\"datePublished\":\"2020-03-09T09:40:38+00:00\",\"dateModified\":\"2020-04-15T11:22:16+00:00\",\"mainEntityOfPage\":{\"@id\":\"https:\/\/www.msn.unipi.it\/it\/il-museo-contesto-creativo-di-testa-nostra-quattro-idee-per-il-museo-di-storia-naturale\/\"},\"wordCount\":656,\"publisher\":{\"@id\":\"https:\/\/www.msn.unipi.it\/it\/#organization\"},\"image\":{\"@id\":\"https:\/\/www.msn.unipi.it\/it\/il-museo-contesto-creativo-di-testa-nostra-quattro-idee-per-il-museo-di-storia-naturale\/#primaryimage\"},\"thumbnailUrl\":\"https:\/\/www.msn.unipi.it\/wp-content\/uploads\/2020\/03\/Immagine1.jpg\",\"articleSection\":[\"Diario del museo\"],\"inLanguage\":\"it-IT\"},{\"@type\":\"WebPage\",\"@id\":\"https:\/\/www.msn.unipi.it\/it\/il-museo-contesto-creativo-di-testa-nostra-quattro-idee-per-il-museo-di-storia-naturale\/\",\"url\":\"https:\/\/www.msn.unipi.it\/it\/il-museo-contesto-creativo-di-testa-nostra-quattro-idee-per-il-museo-di-storia-naturale\/\",\"name\":\"Il Museo contesto creativo. Di testa nostra: quattro idee per il Museo di Storia Naturale! - Museo di Storia Naturale dell&#039;Universit\u00e0 di Pisa\",\"isPartOf\":{\"@id\":\"https:\/\/www.msn.unipi.it\/it\/#website\"},\"primaryImageOfPage\":{\"@id\":\"https:\/\/www.msn.unipi.it\/it\/il-museo-contesto-creativo-di-testa-nostra-quattro-idee-per-il-museo-di-storia-naturale\/#primaryimage\"},\"image\":{\"@id\":\"https:\/\/www.msn.unipi.it\/it\/il-museo-contesto-creativo-di-testa-nostra-quattro-idee-per-il-museo-di-storia-naturale\/#primaryimage\"},\"thumbnailUrl\":\"https:\/\/www.msn.unipi.it\/wp-content\/uploads\/2020\/03\/Immagine1.jpg\",\"datePublished\":\"2020-03-09T09:40:38+00:00\",\"dateModified\":\"2020-04-15T11:22:16+00:00\",\"description\":\"\u201cDi testa nostra: quattro idee per il Museo di Storia Naturale\u201d. \u00c8 il titolo del progetto presentato dai ragazzi della 5\u00b0D del Liceo Scientifico XXV Aprile di Pontedera luned\u00ec 10 febbraio 2020.\",\"breadcrumb\":{\"@id\":\"https:\/\/www.msn.unipi.it\/it\/il-museo-contesto-creativo-di-testa-nostra-quattro-idee-per-il-museo-di-storia-naturale\/#breadcrumb\"},\"inLanguage\":\"it-IT\",\"potentialAction\":[{\"@type\":\"ReadAction\",\"target\":[\"https:\/\/www.msn.unipi.it\/it\/il-museo-contesto-creativo-di-testa-nostra-quattro-idee-per-il-museo-di-storia-naturale\/\"]}]},{\"@type\":\"ImageObject\",\"inLanguage\":\"it-IT\",\"@id\":\"https:\/\/www.msn.unipi.it\/it\/il-museo-contesto-creativo-di-testa-nostra-quattro-idee-per-il-museo-di-storia-naturale\/#primaryimage\",\"url\":\"https:\/\/www.msn.unipi.it\/wp-content\/uploads\/2020\/03\/Immagine1.jpg\",\"contentUrl\":\"https:\/\/www.msn.unipi.it\/wp-content\/uploads\/2020\/03\/Immagine1.jpg\",\"width\":657,\"height\":888},{\"@type\":\"BreadcrumbList\",\"@id\":\"https:\/\/www.msn.unipi.it\/it\/il-museo-contesto-creativo-di-testa-nostra-quattro-idee-per-il-museo-di-storia-naturale\/#breadcrumb\",\"itemListElement\":[{\"@type\":\"ListItem\",\"position\":1,\"name\":\"Home\",\"item\":\"https:\/\/www.msn.unipi.it\/it\/\"},{\"@type\":\"ListItem\",\"position\":2,\"name\":\"Il Museo contesto creativo. Di testa nostra: quattro idee per il Museo di Storia Naturale!\"}]},{\"@type\":\"WebSite\",\"@id\":\"https:\/\/www.msn.unipi.it\/it\/#website\",\"url\":\"https:\/\/www.msn.unipi.it\/it\/\",\"name\":\"Museo di Storia Naturale dell&#039;Universit\u00e0 di Pisa\",\"description\":\"\",\"publisher\":{\"@id\":\"https:\/\/www.msn.unipi.it\/it\/#organization\"},\"potentialAction\":[{\"@type\":\"SearchAction\",\"target\":{\"@type\":\"EntryPoint\",\"urlTemplate\":\"https:\/\/www.msn.unipi.it\/it\/?s={search_term_string}\"},\"query-input\":{\"@type\":\"PropertyValueSpecification\",\"valueRequired\":true,\"valueName\":\"search_term_string\"}}],\"inLanguage\":\"it-IT\"},{\"@type\":\"Organization\",\"@id\":\"https:\/\/www.msn.unipi.it\/it\/#organization\",\"name\":\"Museo di Storia Naturale dell'Universit\u00e0 di Pisa\",\"url\":\"https:\/\/www.msn.unipi.it\/it\/\",\"logo\":{\"@type\":\"ImageObject\",\"inLanguage\":\"it-IT\",\"@id\":\"https:\/\/www.msn.unipi.it\/it\/#\/schema\/logo\/image\/\",\"url\":\"https:\/\/www.msn.unipi.it\/wp-content\/uploads\/2016\/07\/footer-logo.png\",\"contentUrl\":\"https:\/\/www.msn.unipi.it\/wp-content\/uploads\/2016\/07\/footer-logo.png\",\"width\":220,\"height\":95,\"caption\":\"Museo di Storia Naturale dell'Universit\u00e0 di Pisa\"},\"image\":{\"@id\":\"https:\/\/www.msn.unipi.it\/it\/#\/schema\/logo\/image\/\"},\"sameAs\":[\"https:\/\/www.facebook.com\/Museo-di-Storia-Naturale-Universit\u00e0-di-Pisa-277794215612108\/\",\"https:\/\/x.com\/msncalci\",\"https:\/\/www.instagram.com\/museostorianaturale_calci\/\",\"https:\/\/www.youtube.com\/channel\/UCDaMBe_RegmdCnxLPmryMxw\"]},{\"@type\":\"Person\",\"@id\":\"https:\/\/www.msn.unipi.it\/it\/#\/schema\/person\/20631df3667b84d79cffe30e020188a1\",\"name\":\"a012780@unipi.it\",\"image\":{\"@type\":\"ImageObject\",\"inLanguage\":\"it-IT\",\"@id\":\"https:\/\/www.msn.unipi.it\/it\/#\/schema\/person\/image\/\",\"url\":\"https:\/\/secure.gravatar.com\/avatar\/42f33f3cae0d7f62a78cb1395dffdd09?s=96&d=mm&r=g\",\"contentUrl\":\"https:\/\/secure.gravatar.com\/avatar\/42f33f3cae0d7f62a78cb1395dffdd09?s=96&d=mm&r=g\",\"caption\":\"a012780@unipi.it\"}}]}<\/script>\n<!-- \/ Yoast SEO plugin. -->","yoast_head_json":{"title":"Il Museo contesto creativo. Di testa nostra: quattro idee per il Museo di Storia Naturale! - Museo di Storia Naturale dell&#039;Universit\u00e0 di Pisa","description":"\u201cDi testa nostra: quattro idee per il Museo di Storia Naturale\u201d. \u00c8 il titolo del progetto presentato dai ragazzi della 5\u00b0D del Liceo Scientifico XXV Aprile di Pontedera luned\u00ec 10 febbraio 2020.","robots":{"index":"index","follow":"follow","max-snippet":"max-snippet:-1","max-image-preview":"max-image-preview:large","max-video-preview":"max-video-preview:-1"},"canonical":"https:\/\/www.msn.unipi.it\/it\/il-museo-contesto-creativo-di-testa-nostra-quattro-idee-per-il-museo-di-storia-naturale\/","og_locale":"it_IT","og_type":"article","og_title":"Il Museo contesto creativo. Di testa nostra: quattro idee per il Museo di Storia Naturale! - Museo di Storia Naturale dell&#039;Universit\u00e0 di Pisa","og_description":"\u201cDi testa nostra: quattro idee per il Museo di Storia Naturale\u201d. \u00c8 il titolo del progetto presentato dai ragazzi della 5\u00b0D del Liceo Scientifico XXV Aprile di Pontedera luned\u00ec 10 febbraio 2020.","og_url":"https:\/\/www.msn.unipi.it\/it\/il-museo-contesto-creativo-di-testa-nostra-quattro-idee-per-il-museo-di-storia-naturale\/","og_site_name":"Museo di Storia Naturale dell&#039;Universit\u00e0 di Pisa","article_publisher":"https:\/\/www.facebook.com\/Museo-di-Storia-Naturale-Universit%c3%a0-di-Pisa-277794215612108\/","article_published_time":"2020-03-09T09:40:38+00:00","article_modified_time":"2020-04-15T11:22:16+00:00","og_image":[{"width":657,"height":888,"url":"https:\/\/www.msn.unipi.it\/wp-content\/uploads\/2020\/03\/Immagine1.jpg","type":"image\/jpeg"}],"author":"a012780@unipi.it","twitter_card":"summary_large_image","twitter_creator":"@msncalci","twitter_site":"@msncalci","twitter_misc":{"Scritto da":"a012780@unipi.it","Tempo di lettura stimato":"3 minuti"},"schema":{"@context":"https:\/\/schema.org","@graph":[{"@type":"Article","@id":"https:\/\/www.msn.unipi.it\/it\/il-museo-contesto-creativo-di-testa-nostra-quattro-idee-per-il-museo-di-storia-naturale\/#article","isPartOf":{"@id":"https:\/\/www.msn.unipi.it\/it\/il-museo-contesto-creativo-di-testa-nostra-quattro-idee-per-il-museo-di-storia-naturale\/"},"author":{"name":"a012780@unipi.it","@id":"https:\/\/www.msn.unipi.it\/it\/#\/schema\/person\/20631df3667b84d79cffe30e020188a1"},"headline":"Il Museo contesto creativo. Di testa nostra: quattro idee per il Museo di Storia Naturale!","datePublished":"2020-03-09T09:40:38+00:00","dateModified":"2020-04-15T11:22:16+00:00","mainEntityOfPage":{"@id":"https:\/\/www.msn.unipi.it\/it\/il-museo-contesto-creativo-di-testa-nostra-quattro-idee-per-il-museo-di-storia-naturale\/"},"wordCount":656,"publisher":{"@id":"https:\/\/www.msn.unipi.it\/it\/#organization"},"image":{"@id":"https:\/\/www.msn.unipi.it\/it\/il-museo-contesto-creativo-di-testa-nostra-quattro-idee-per-il-museo-di-storia-naturale\/#primaryimage"},"thumbnailUrl":"https:\/\/www.msn.unipi.it\/wp-content\/uploads\/2020\/03\/Immagine1.jpg","articleSection":["Diario del museo"],"inLanguage":"it-IT"},{"@type":"WebPage","@id":"https:\/\/www.msn.unipi.it\/it\/il-museo-contesto-creativo-di-testa-nostra-quattro-idee-per-il-museo-di-storia-naturale\/","url":"https:\/\/www.msn.unipi.it\/it\/il-museo-contesto-creativo-di-testa-nostra-quattro-idee-per-il-museo-di-storia-naturale\/","name":"Il Museo contesto creativo. Di testa nostra: quattro idee per il Museo di Storia Naturale! - Museo di Storia Naturale dell&#039;Universit\u00e0 di Pisa","isPartOf":{"@id":"https:\/\/www.msn.unipi.it\/it\/#website"},"primaryImageOfPage":{"@id":"https:\/\/www.msn.unipi.it\/it\/il-museo-contesto-creativo-di-testa-nostra-quattro-idee-per-il-museo-di-storia-naturale\/#primaryimage"},"image":{"@id":"https:\/\/www.msn.unipi.it\/it\/il-museo-contesto-creativo-di-testa-nostra-quattro-idee-per-il-museo-di-storia-naturale\/#primaryimage"},"thumbnailUrl":"https:\/\/www.msn.unipi.it\/wp-content\/uploads\/2020\/03\/Immagine1.jpg","datePublished":"2020-03-09T09:40:38+00:00","dateModified":"2020-04-15T11:22:16+00:00","description":"\u201cDi testa nostra: quattro idee per il Museo di Storia Naturale\u201d. \u00c8 il titolo del progetto presentato dai ragazzi della 5\u00b0D del Liceo Scientifico XXV Aprile di Pontedera luned\u00ec 10 febbraio 2020.","breadcrumb":{"@id":"https:\/\/www.msn.unipi.it\/it\/il-museo-contesto-creativo-di-testa-nostra-quattro-idee-per-il-museo-di-storia-naturale\/#breadcrumb"},"inLanguage":"it-IT","potentialAction":[{"@type":"ReadAction","target":["https:\/\/www.msn.unipi.it\/it\/il-museo-contesto-creativo-di-testa-nostra-quattro-idee-per-il-museo-di-storia-naturale\/"]}]},{"@type":"ImageObject","inLanguage":"it-IT","@id":"https:\/\/www.msn.unipi.it\/it\/il-museo-contesto-creativo-di-testa-nostra-quattro-idee-per-il-museo-di-storia-naturale\/#primaryimage","url":"https:\/\/www.msn.unipi.it\/wp-content\/uploads\/2020\/03\/Immagine1.jpg","contentUrl":"https:\/\/www.msn.unipi.it\/wp-content\/uploads\/2020\/03\/Immagine1.jpg","width":657,"height":888},{"@type":"BreadcrumbList","@id":"https:\/\/www.msn.unipi.it\/it\/il-museo-contesto-creativo-di-testa-nostra-quattro-idee-per-il-museo-di-storia-naturale\/#breadcrumb","itemListElement":[{"@type":"ListItem","position":1,"name":"Home","item":"https:\/\/www.msn.unipi.it\/it\/"},{"@type":"ListItem","position":2,"name":"Il Museo contesto creativo. Di testa nostra: quattro idee per il Museo di Storia Naturale!"}]},{"@type":"WebSite","@id":"https:\/\/www.msn.unipi.it\/it\/#website","url":"https:\/\/www.msn.unipi.it\/it\/","name":"Museo di Storia Naturale dell&#039;Universit\u00e0 di Pisa","description":"","publisher":{"@id":"https:\/\/www.msn.unipi.it\/it\/#organization"},"potentialAction":[{"@type":"SearchAction","target":{"@type":"EntryPoint","urlTemplate":"https:\/\/www.msn.unipi.it\/it\/?s={search_term_string}"},"query-input":{"@type":"PropertyValueSpecification","valueRequired":true,"valueName":"search_term_string"}}],"inLanguage":"it-IT"},{"@type":"Organization","@id":"https:\/\/www.msn.unipi.it\/it\/#organization","name":"Museo di Storia Naturale dell'Universit\u00e0 di Pisa","url":"https:\/\/www.msn.unipi.it\/it\/","logo":{"@type":"ImageObject","inLanguage":"it-IT","@id":"https:\/\/www.msn.unipi.it\/it\/#\/schema\/logo\/image\/","url":"https:\/\/www.msn.unipi.it\/wp-content\/uploads\/2016\/07\/footer-logo.png","contentUrl":"https:\/\/www.msn.unipi.it\/wp-content\/uploads\/2016\/07\/footer-logo.png","width":220,"height":95,"caption":"Museo di Storia Naturale dell'Universit\u00e0 di Pisa"},"image":{"@id":"https:\/\/www.msn.unipi.it\/it\/#\/schema\/logo\/image\/"},"sameAs":["https:\/\/www.facebook.com\/Museo-di-Storia-Naturale-Universit\u00e0-di-Pisa-277794215612108\/","https:\/\/x.com\/msncalci","https:\/\/www.instagram.com\/museostorianaturale_calci\/","https:\/\/www.youtube.com\/channel\/UCDaMBe_RegmdCnxLPmryMxw"]},{"@type":"Person","@id":"https:\/\/www.msn.unipi.it\/it\/#\/schema\/person\/20631df3667b84d79cffe30e020188a1","name":"a012780@unipi.it","image":{"@type":"ImageObject","inLanguage":"it-IT","@id":"https:\/\/www.msn.unipi.it\/it\/#\/schema\/person\/image\/","url":"https:\/\/secure.gravatar.com\/avatar\/42f33f3cae0d7f62a78cb1395dffdd09?s=96&d=mm&r=g","contentUrl":"https:\/\/secure.gravatar.com\/avatar\/42f33f3cae0d7f62a78cb1395dffdd09?s=96&d=mm&r=g","caption":"a012780@unipi.it"}}]}},"jetpack_featured_media_url":"https:\/\/www.msn.unipi.it\/wp-content\/uploads\/2020\/03\/Immagine1.jpg","jetpack_sharing_enabled":true,"_links":{"self":[{"href":"https:\/\/www.msn.unipi.it\/it\/wp-json\/wp\/v2\/posts\/18950","targetHints":{"allow":["GET"]}}],"collection":[{"href":"https:\/\/www.msn.unipi.it\/it\/wp-json\/wp\/v2\/posts"}],"about":[{"href":"https:\/\/www.msn.unipi.it\/it\/wp-json\/wp\/v2\/types\/post"}],"author":[{"embeddable":true,"href":"https:\/\/www.msn.unipi.it\/it\/wp-json\/wp\/v2\/users\/7"}],"replies":[{"embeddable":true,"href":"https:\/\/www.msn.unipi.it\/it\/wp-json\/wp\/v2\/comments?post=18950"}],"version-history":[{"count":5,"href":"https:\/\/www.msn.unipi.it\/it\/wp-json\/wp\/v2\/posts\/18950\/revisions"}],"predecessor-version":[{"id":18969,"href":"https:\/\/www.msn.unipi.it\/it\/wp-json\/wp\/v2\/posts\/18950\/revisions\/18969"}],"wp:featuredmedia":[{"embeddable":true,"href":"https:\/\/www.msn.unipi.it\/it\/wp-json\/wp\/v2\/media\/18962"}],"wp:attachment":[{"href":"https:\/\/www.msn.unipi.it\/it\/wp-json\/wp\/v2\/media?parent=18950"}],"wp:term":[{"taxonomy":"category","embeddable":true,"href":"https:\/\/www.msn.unipi.it\/it\/wp-json\/wp\/v2\/categories?post=18950"},{"taxonomy":"post_tag","embeddable":true,"href":"https:\/\/www.msn.unipi.it\/it\/wp-json\/wp\/v2\/tags?post=18950"}],"curies":[{"name":"wp","href":"https:\/\/api.w.org\/{rel}","templated":true}]}}