{"id":19001,"date":"2020-05-07T10:06:06","date_gmt":"2020-05-07T08:06:06","guid":{"rendered":"https:\/\/www.msn.unipi.it\/?p=19001"},"modified":"2020-07-22T10:06:44","modified_gmt":"2020-07-22T08:06:44","slug":"iorestoacasa-in-compagnia-del-museo","status":"publish","type":"post","link":"https:\/\/www.msn.unipi.it\/it\/iorestoacasa-in-compagnia-del-museo\/","title":{"rendered":"#iorestoacasa, in compagnia del Museo"},"content":{"rendered":"<p>In questi giorni in cui il Museo \u00e8 fisicamente chiuso, desidera rimanere \u201caperto\u201d e in contatto con il suo pubblico grazie a una serie di iniziative, dedicate ad adulti e bambini, che propone tramite i propri canali digitali: il sito web e i due principali canali social, Facebook e Instagram.<\/p>\n<p>Scoprite le nostre iniziative:<\/p>\n<p>&nbsp;<\/p>\n<p><span class=\"lightviolet\"><strong>VISITA IL MUSEO DA CASA TUA<br \/>\n<\/strong><span style=\"color: #000000;\">Ogni giorno, il Museo d\u00e0 la buonanotte raccontando un pezzetto delle sue esposizioni.<\/span><\/span><\/p>\n<p><span class=\"lightviolet\"><span style=\"color: #000000;\"><em>In questi giorni di lentezza forzata in cui le nostre case diventano il nostro rifugio, il Museo sceglie di farvi compagnia, di entrare nelle vostre case, di starvi accanto mentre siete seduti sul divano. Ogni giorno vi diamo la buonanotte raccontandovi un pezzetto del Museo, condividendo con voi un reperto, una sala espositiva, una curiosit\u00e0. Online restiamo aperti. Se vi va, continuate a seguirci.<\/em><\/span><\/span><\/p>\n<p><span class=\"lightviolet\"><span style=\"color: #000000;\">#iorestoacasa #visitailmuseodacasatua #buonanottedalmuseo #UnipiNonsiFerma\u00a0<\/span><\/span><\/p>\n<p><span class=\"lightviolet\"><span style=\"color: #000000;\">(Sulla <a href=\"https:\/\/www.facebook.com\/museostorianaturalepisa\/\" target=\"_blank\" rel=\"noopener noreferrer\">pagina Facebook<\/a> e <a href=\"https:\/\/www.instagram.com\/museostorianaturale_calci\/\" target=\"_blank\" rel=\"noopener noreferrer\">Instagram<\/a><\/span><\/span>)<\/p>\n<p>&nbsp;<\/p>\n<p><span class=\"lightviolet\"><strong>RACCONTACI IL MUSEO DA CASA TUA<br \/>\n<\/strong><span style=\"color: #000000;\">Il Museo accoglie e condivide ricordi, pensieri, disegni e foto dei visitatori.<\/span><\/span><\/p>\n<p><em><span class=\"lightviolet\" style=\"color: #000000;\">Ricordi la prima volta che sei entrato in questo o in un altro Museo? Qual \u00e8 il reperto che pi\u00f9 ti ha colpito?Quale emozione hai provato? Il Museo \u00e8 chiuso, ma desidera rimanere in contatto con voi e accoglie ogni vostro pensiero, disegno, foto, ricordo del vostro passaggio da qua. Bambini, adulti, adesso che il tempo a casa non manca, se volete potete sbizzarrirvi e condividere i vostri ricordi pubblicandoli sui canali Facebook e Instagram con gli hashtag\u00a0 <\/span><\/em><span class=\"lightviolet\" style=\"color: #000000;\">#iorestoacasa #raccontaciilmuseodacasatua #ricordidalmuseo #museostorianaturale_calci<\/span><em><span class=\"lightviolet\" style=\"color: #000000;\">.<br \/>\nPu\u00f2 essere un piccolo e importante gesto per tenerci compagnia a distanza, mettendo insieme ci\u00f2 che di bello abbiamo. Siamo chiusi, ma siamo aperti ai vostri pensieri, alle vostre foto, ai vostri disegni, ai vostri ricordi! In seguito, tutti i vostri ricordi saranno pubblicati sulla pagina ufficiale del Museo.<\/span><\/em><\/p>\n<p><span class=\"lightviolet\"><span style=\"color: #000000;\">(Sulla <a href=\"https:\/\/www.facebook.com\/museostorianaturalepisa\/\" target=\"_blank\" rel=\"noopener noreferrer\">pagina Facebook<\/a> e <a href=\"https:\/\/www.instagram.com\/museostorianaturale_calci\/\" target=\"_blank\" rel=\"noopener noreferrer\">Instagram<\/a>)<\/span><\/span><\/p>\n<p>&nbsp;<\/p>\n<p><span class=\"lightviolet\"><strong>A MERENDA CON IL MUSEO<br \/>\n<\/strong><span style=\"color: #000000;\">Una rubrica interattiva pensata per piccoli e grandi appassionati di Natura.<\/span><\/span><\/p>\n<p><em><span style=\"color: #000000;\">Bambini, \u00e8 l&#8217;ora della merenda! \ud83d\ude42<\/span><\/em><br \/>\n<em><span style=\"color: #000000;\">Parte una nuova rubrica del Museo, pensata per piccoli e grandi appassionati di Natura.<\/span><\/em><br \/>\n<em><span style=\"color: #000000;\">Enigmi, filastrocche, labirinti, indovinelli, unisci i puntini, trova le differenze, colora e altro ancora per stare in compagnia da casa e divertirsi insieme.<\/span><\/em><br \/>\n<em><span style=\"color: #000000;\">Ogni mattina, alle 9.00, proponiamo un gioco da fare e ogni pomeriggio, alle 17.00, ne diamo la soluzione. All&#8217;ora della merenda, perch\u00e9 la merenda, si sa, \u00e8 un momento da gustare, una coccola senza tempo.<\/span><\/em><br \/>\n<em><span style=\"color: #000000;\">Vi piace l&#8217;idea?<\/span><\/em><\/p>\n<p><span style=\"color: #000000;\">#iorestoacasa #amerendaconilmuseo #UnipiNonsiFerma<\/span><\/p>\n<p><span class=\"lightviolet\"><span style=\"color: #000000;\">(Sulla <a href=\"https:\/\/www.facebook.com\/museostorianaturalepisa\/\" target=\"_blank\" rel=\"noopener noreferrer\">pagina Facebook<\/a> e <a href=\"https:\/\/www.instagram.com\/museostorianaturale_calci\/\" target=\"_blank\" rel=\"noopener noreferrer\">Instagram<\/a>)<\/span><\/span><\/p>\n<p>Qui \u00e8 possibile scaricare i giochi della rubrica:<\/p>\n\n\t\t<style type=\"text\/css\">\n\t\t\t#gallery-1 {\n\t\t\t\tmargin: auto;\n\t\t\t}\n\t\t\t#gallery-1 .gallery-item {\n\t\t\t\tfloat: left;\n\t\t\t\tmargin-top: 10px;\n\t\t\t\ttext-align: center;\n\t\t\t\twidth: 16%;\n\t\t\t}\n\t\t\t#gallery-1 img {\n\t\t\t\tborder: 2px solid #cfcfcf;\n\t\t\t}\n\t\t\t#gallery-1 .gallery-caption {\n\t\t\t\tmargin-left: 0;\n\t\t\t}\n\t\t\t\/* see gallery_shortcode() in wp-includes\/media.php *\/\n\t\t<\/style>\n\t\t<div id='gallery-1' class='gallery galleryid-19001 gallery-columns-6 gallery-size-thumbnail'><dl class='gallery-item'>\n\t\t\t<dt class='gallery-icon landscape'>\n\t\t\t\t<a href='https:\/\/www.msn.unipi.it\/it\/scoiattolo-2\/'><img loading=\"lazy\" decoding=\"async\" width=\"150\" height=\"150\" src=\"https:\/\/www.msn.unipi.it\/wp-content\/uploads\/2020\/04\/scoiattolo-150x150.jpg\" class=\"attachment-thumbnail size-thumbnail\" alt=\"\" srcset=\"https:\/\/www.msn.unipi.it\/wp-content\/uploads\/2020\/04\/scoiattolo-150x150.jpg 150w, https:\/\/www.msn.unipi.it\/wp-content\/uploads\/2020\/04\/scoiattolo-450x450.jpg 450w, https:\/\/www.msn.unipi.it\/wp-content\/uploads\/2020\/04\/scoiattolo-800x800.jpg 800w, https:\/\/www.msn.unipi.it\/wp-content\/uploads\/2020\/04\/scoiattolo-768x768.jpg 768w, https:\/\/www.msn.unipi.it\/wp-content\/uploads\/2020\/04\/scoiattolo.jpg 1417w\" sizes=\"auto, (max-width: 150px) 100vw, 150px\" \/><\/a>\n\t\t\t<\/dt><\/dl><dl class='gallery-item'>\n\t\t\t<dt class='gallery-icon portrait'>\n\t\t\t\t<a href='https:\/\/www.msn.unipi.it\/it\/pipistrello-grotta\/'><img loading=\"lazy\" decoding=\"async\" width=\"150\" height=\"150\" src=\"https:\/\/www.msn.unipi.it\/wp-content\/uploads\/2020\/04\/pipistrello-grotta-150x150.jpg\" class=\"attachment-thumbnail size-thumbnail\" alt=\"\" \/><\/a>\n\t\t\t<\/dt><\/dl><dl class='gallery-item'>\n\t\t\t<dt class='gallery-icon portrait'>\n\t\t\t\t<a href='https:\/\/www.msn.unipi.it\/it\/istrice\/'><img loading=\"lazy\" decoding=\"async\" width=\"150\" height=\"150\" src=\"https:\/\/www.msn.unipi.it\/wp-content\/uploads\/2020\/04\/istrice-150x150.jpg\" class=\"attachment-thumbnail size-thumbnail\" alt=\"\" \/><\/a>\n\t\t\t<\/dt><\/dl><dl class='gallery-item'>\n\t\t\t<dt class='gallery-icon portrait'>\n\t\t\t\t<a href='https:\/\/www.msn.unipi.it\/it\/ghiro-2\/'><img loading=\"lazy\" decoding=\"async\" width=\"150\" height=\"150\" src=\"https:\/\/www.msn.unipi.it\/wp-content\/uploads\/2020\/04\/ghiro-150x150.jpg\" class=\"attachment-thumbnail size-thumbnail\" alt=\"\" \/><\/a>\n\t\t\t<\/dt><\/dl><dl class='gallery-item'>\n\t\t\t<dt class='gallery-icon landscape'>\n\t\t\t\t<a href='https:\/\/www.msn.unipi.it\/it\/iorestoacasa-in-compagnia-del-museo\/unisci-i-puntini-1\/'><img loading=\"lazy\" decoding=\"async\" width=\"150\" height=\"150\" src=\"https:\/\/www.msn.unipi.it\/wp-content\/uploads\/2020\/04\/Unisci-i-puntini-1-150x150.jpg\" class=\"attachment-thumbnail size-thumbnail\" alt=\"\" \/><\/a>\n\t\t\t<\/dt><\/dl><dl class='gallery-item'>\n\t\t\t<dt class='gallery-icon portrait'>\n\t\t\t\t<a href='https:\/\/www.msn.unipi.it\/it\/iorestoacasa-in-compagnia-del-museo\/unisci-i-puntini-2\/'><img loading=\"lazy\" decoding=\"async\" width=\"150\" height=\"150\" src=\"https:\/\/www.msn.unipi.it\/wp-content\/uploads\/2020\/04\/Unisci-i-puntini-2-150x150.jpg\" class=\"attachment-thumbnail size-thumbnail\" alt=\"\" \/><\/a>\n\t\t\t<\/dt><\/dl><br style=\"clear: both\" \/><dl class='gallery-item'>\n\t\t\t<dt class='gallery-icon landscape'>\n\t\t\t\t<a href='https:\/\/www.msn.unipi.it\/it\/iorestoacasa-in-compagnia-del-museo\/unisci-i-puntini-3\/'><img loading=\"lazy\" decoding=\"async\" width=\"150\" height=\"150\" src=\"https:\/\/www.msn.unipi.it\/wp-content\/uploads\/2020\/04\/Unisci-i-puntini-3-150x150.jpg\" class=\"attachment-thumbnail size-thumbnail\" alt=\"\" \/><\/a>\n\t\t\t<\/dt><\/dl><dl class='gallery-item'>\n\t\t\t<dt class='gallery-icon landscape'>\n\t\t\t\t<a href='https:\/\/www.msn.unipi.it\/it\/iorestoacasa-in-compagnia-del-museo\/unisci-i-puntini-4\/'><img loading=\"lazy\" decoding=\"async\" width=\"150\" height=\"150\" src=\"https:\/\/www.msn.unipi.it\/wp-content\/uploads\/2020\/04\/Unisci-i-puntini-4-150x150.jpg\" class=\"attachment-thumbnail size-thumbnail\" alt=\"\" \/><\/a>\n\t\t\t<\/dt><\/dl><dl class='gallery-item'>\n\t\t\t<dt class='gallery-icon portrait'>\n\t\t\t\t<a href='https:\/\/www.msn.unipi.it\/it\/iorestoacasa-in-compagnia-del-museo\/unisci-i-puntini-5\/'><img loading=\"lazy\" decoding=\"async\" width=\"150\" height=\"150\" src=\"https:\/\/www.msn.unipi.it\/wp-content\/uploads\/2020\/04\/Unisci-i-puntini-5-150x150.jpg\" class=\"attachment-thumbnail size-thumbnail\" alt=\"\" \/><\/a>\n\t\t\t<\/dt><\/dl><dl class='gallery-item'>\n\t\t\t<dt class='gallery-icon portrait'>\n\t\t\t\t<a href='https:\/\/www.msn.unipi.it\/it\/iorestoacasa-in-compagnia-del-museo\/unisci-i-puntini-6\/'><img loading=\"lazy\" decoding=\"async\" width=\"150\" height=\"150\" src=\"https:\/\/www.msn.unipi.it\/wp-content\/uploads\/2020\/04\/Unisci-i-puntini-6-150x150.jpg\" class=\"attachment-thumbnail size-thumbnail\" alt=\"\" \/><\/a>\n\t\t\t<\/dt><\/dl><dl class='gallery-item'>\n\t\t\t<dt class='gallery-icon landscape'>\n\t\t\t\t<a href='https:\/\/www.msn.unipi.it\/it\/iorestoacasa-in-compagnia-del-museo\/trova-le-differenze-1\/'><img loading=\"lazy\" decoding=\"async\" width=\"150\" height=\"150\" src=\"https:\/\/www.msn.unipi.it\/wp-content\/uploads\/2020\/04\/Trova-le-differenze-1-150x150.jpg\" class=\"attachment-thumbnail size-thumbnail\" alt=\"\" \/><\/a>\n\t\t\t<\/dt><\/dl><dl class='gallery-item'>\n\t\t\t<dt class='gallery-icon landscape'>\n\t\t\t\t<a href='https:\/\/www.msn.unipi.it\/it\/iorestoacasa-in-compagnia-del-museo\/created-with-gimp\/'><img loading=\"lazy\" decoding=\"async\" width=\"150\" height=\"150\" src=\"https:\/\/www.msn.unipi.it\/wp-content\/uploads\/2020\/04\/Trova-le-differenze-2-150x150.jpg\" class=\"attachment-thumbnail size-thumbnail\" alt=\"\" \/><\/a>\n\t\t\t<\/dt><\/dl><br style=\"clear: both\" \/>\n\t\t<\/div>\n\n<p>&nbsp;<\/p>\n<p><span class=\"lightviolet\"><strong>DIARIO DEL MUSEO<br \/>\n<\/strong><\/span><span class=\"lightviolet\" style=\"color: #000000;\">Il blog del Museo<\/span><\/p>\n<p><em><span class=\"lightviolet\" style=\"color: #000000;\">Il blog \u00e8 una finestra aperta sulla vita del Museo, un modo per farvi entrare dietro le quinte a curiosare un po\u2019, per condividere con voi aneddoti, curiosit\u00e0 e imprevisti di un posto vivo e meraviglioso, dove ogni giorno \u00e8 diverso dall\u2019altro.<\/span><\/em><\/p>\n<p>(<a href=\"https:\/\/www.msn.unipi.it\/it\/diariodelmuseo\/\" target=\"_blank\" rel=\"noopener noreferrer\">Sul sito web<\/a>)<\/p>\n<p>&nbsp;<\/p>\n<p><span class=\"lightviolet\"><strong>#FEEDINGSUNDAY<\/strong><\/span><\/p>\n<p><em><span class=\"lightviolet\" style=\"color: #000000;\">Ogni domenica vi raccontiamo il pranzo di uno dei nostri abitanti dell&#8217;Acquario!<br \/>\n<\/span><\/em><span class=\"lightviolet\" style=\"color: #000000;\">#feedingsunday<\/span><\/p>\n<p><span class=\"lightviolet\"><span style=\"color: #000000;\">(Sulla <a href=\"https:\/\/www.facebook.com\/museostorianaturalepisa\/\" target=\"_blank\" rel=\"noopener noreferrer\">pagina Facebook<\/a> e <a href=\"https:\/\/www.instagram.com\/museostorianaturale_calci\/\" target=\"_blank\" rel=\"noopener noreferrer\">Instagram<\/a>)<\/span><\/span><\/p>\n<p>&nbsp;<\/p>\n<p><strong style=\"color: #9d5468;\">INSTA-QUIZ e GIOCHI<\/strong><\/p>\n<p><em>Ogni settimana, quiz e giochi a tema sulla pagina Instagram del Museo!<\/em><\/p>\n<p><span class=\"lightviolet\"><span style=\"color: #000000;\">(Sulla pagina <a href=\"https:\/\/www.instagram.com\/museostorianaturale_calci\/\" target=\"_blank\" rel=\"noopener noreferrer\">Instagram<\/a>)<\/span><\/span><\/p>\n<p>&nbsp;<\/p>\n<p><span class=\"lightviolet\"><strong>L&#8217;UOVO E&#8217; UN&#8217;OPERA D&#8217;ARTE. CREA LA TUA!<br \/>\n<\/strong><\/span>In occasione della Pasqua<span class=\"lightviolet\"><strong><br \/>\n<\/strong><\/span><\/p>\n<p><em>Tra poco sar\u00e0 Pasqua, una Pasqua diversa.<br \/>\nAvete gi\u00e0 pensato all&#8217;uovo?<br \/>\nVogliamo lasciarci ispirare dalla Natura e lavorare con la nostra fantasia?<br \/>\nApriamo il frigorifero&#8230; probabilmente qualche uovo ce l&#8217;abbiamo. E se non ce l&#8217;abbiamo lo realizziamo, lo inventiamo.<br \/>\nPuoi decorare un uovo, puoi trasformarlo in un animale o in un personaggio, puoi prendere un foglio o qualunque altra superficie e disegnarlo, puoi fare un collage, puoi cucirlo, puoi&#8230;<br \/>\nPoi inviaci la foto di ci\u00f2 che hai creato all&#8217;indirizzo info.msn@unipi.it oppure come messaggio privato sulla pagina fb del Museo entro il 15 aprile 2020.<br \/>\nTutte le immagini arrivate saranno pubblicate su questa pagina il 17 aprile. L&#8217;immagine che avr\u00e0 ricevuto il maggior numero di &#8220;mi piace&#8221; sar\u00e0 premiata con una piccola e bella sorpresa dal Museo!<br \/>\nL&#8217;uovo realizzato sar\u00e0 un bel pensiero da regalare a chi vuoi bene.<br \/>\nE ricorda, c&#8217;\u00e8 tempo fino a domenica 19 aprile per votare (e invitare a votare) l&#8217;uovo che preferisci!<\/em><\/p>\n<p><span class=\"lightviolet\"><span style=\"color: #000000;\">(Sulla <a href=\"https:\/\/www.facebook.com\/museostorianaturalepisa\/\" target=\"_blank\" rel=\"noopener noreferrer\">pagina Facebook<\/a>)<\/span><\/span><\/p>\n<p><strong><a href=\"https:\/\/www.msn.unipi.it\/it\/luovo-e-unopera-darte-crea-la-tua\/\">A questo link potete vedere le opere che ci avete mandato!<\/a><\/strong><\/p>\n<p>&nbsp;<\/p>\n<p><span class=\"lightviolet\"><strong>STORIE DI UOVA<br \/>\n<\/strong><\/span>In occasione della Pasqua<\/p>\n<p><em>Le uova sono tutte uguali?<br \/>\nQuante forme hanno? E i colori?<br \/>\nSe le osserviamo bene, le uova ci mostrano bellezze sorprendenti: macchie, puntini, ghirigori, sfumature, linee, velature, &#8230;<br \/>\nGrandi e piccole, ma sempre rotondeggianti, fragili e difficili da manipolare, le uova di rado vengono esposte al pubblico.<br \/>\nAnche il nostro Museo ne ha una collezione, tanto bella quanto ricca: circa 250 nidi e 550 uova.<br \/>\nLa settimana successiva alla Pasqua, vi facciamo compagnia raccontandovi storie di uova e dintorni, entrando nel mondo degli uccelli e delle loro vite.<\/em><\/p>\n<p><em><span class=\"lightviolet\"><span style=\"color: #000000;\">(Sulla <a href=\"https:\/\/www.facebook.com\/museostorianaturalepisa\/\" target=\"_blank\" rel=\"noopener noreferrer\">pagina Facebook<\/a>)<\/span><\/span><br \/>\n<\/em><\/p>\n<p>&nbsp;<\/p>\n<p><span class=\"lightviolet\"><strong>LA NATURA E&#8217; SVEGLIA<br \/>\n<\/strong><\/span><span class=\"lightviolet\" style=\"color: #000000;\">Contest su Instagram<\/span><\/p>\n<p><em><span class=\"lightviolet\" style=\"color: #000000;\">Il contest ha come obiettivo la raccolta di immagini che raccontano, attraverso fotografie di ambienti, elementi naturali e opere artistiche inedite (pitture, sculture, illustrazioni, collage, ecc.), il periodo dell\u2019anno della primavera e del risvegliarsi della Natura. Il tema scelto vuole essere anche un messaggio positivo di una \u201cnuova primavera\u201d per tutti noi che stiamo vivendo un periodo storico molto importante e complesso.<br \/>\n<\/span><\/em><em>Chi desidera partecipare al contest deve utilizzare l\u2019app Instagram e postare le immagini con a commento l\u2019hashtag #lanatura\u00e8sveglia e il tag @museostorianaturale_calci.<br \/>\n<\/em><em>I primi tre classificati riceveranno un gadget originale del Museo. \u00c8 prevista, inoltre, la condivisione sulla pagina Facebook e su altri profili\/gruppi social network del Museo.<\/em><\/p>\n<p><em><span class=\"lightviolet\" style=\"color: #000000;\">Informazioni al link: <a href=\"https:\/\/www.msn.unipi.it\/it\/la-natura-e-sveglia\/\">https:\/\/www.msn.unipi.it\/it\/la-natura-e-sveglia\/<\/a><\/span><\/em><\/p>\n<p><span class=\"lightviolet\"><span style=\"color: #000000;\">(Sulla pagina <a href=\"https:\/\/www.instagram.com\/museostorianaturale_calci\/\" target=\"_blank\" rel=\"noopener noreferrer\">Instagram<\/a>)<\/span><\/span><\/p>\n<p>&nbsp;<\/p>\n<p><span class=\"lightviolet\"><strong>TI RACCONTO UN LIBRO<\/strong><\/span><\/p>\n<p><em>Ci sono molte cose che si possono fare a casa, tra cui leggere.<\/em><br \/>\n<em>Ecco che nasce una nuova rubrica, attraverso la quale il personale del <\/em><em>Museo si presenta e in qualche modo racconta di s\u00e9, del proprio <\/em><em>lavoro, del rapporto che ha con la natura. <\/em><em>E lo fa, appunto, consigliando e \u201craccontando\u201d un libro.<\/em><br \/>\n<em>Un modo, un altro modo ancora per conoscerci di pi\u00f9 e per essere <\/em><em>vicini in questo periodo in cui le esposizioni sono chiuse al <\/em><em>pubblico.<\/em><\/p>\n<p>#iorestoacasa #unipinonsiferma #laculturacura #tiraccontounlibro<\/p>\n<p><span class=\"lightviolet\"><span style=\"color: #000000;\">(Sulla <a href=\"https:\/\/www.facebook.com\/museostorianaturalepisa\/\" target=\"_blank\" rel=\"noopener noreferrer\">pagina Facebook<\/a>)<\/span><\/span><\/p>\n<p>&nbsp;<\/p>\n<p><span class=\"lightviolet\"><strong>SCOPRI IL MUSEO DA CASA TUA<br \/>\n<\/strong><span style=\"color: #000000;\">Ogni giorno, il Museo presenta un pezzetto delle sue collezioni.<\/span><\/span><\/p>\n<p><span class=\"lightviolet\"><span style=\"color: #000000;\">#iorestoacasa #scopriilmuseodacasatua #UnipiNonsiFerma\u00a0<\/span><\/span><\/p>\n<p><span class=\"lightviolet\"><span style=\"color: #000000;\">(Sulla <a href=\"https:\/\/www.facebook.com\/museostorianaturalepisa\/\" target=\"_blank\" rel=\"noopener noreferrer\">pagina Facebook\u00a0<\/a>\u00a0<\/span><\/span>e <span class=\"lightviolet\"><span style=\"color: #000000;\"><a href=\"https:\/\/www.instagram.com\/museostorianaturale_calci\/\" target=\"_blank\" rel=\"noopener noreferrer\">Instagram<\/a><\/span><\/span>)<\/p>\n<p>&nbsp;<\/p>\n<p>&nbsp;<\/p>\n<p>&nbsp;<\/p>\n<p><a href=\"https:\/\/www.msn.unipi.it\/wp-content\/uploads\/2020\/03\/Coronavirus-copertina.jpg\" data-lbwps-width=\"2048\" data-lbwps-height=\"783\" data-lbwps-srcsmall=\"https:\/\/www.msn.unipi.it\/wp-content\/uploads\/2020\/03\/Coronavirus-copertina-450x172.jpg\"><img loading=\"lazy\" decoding=\"async\" class=\"aligncenter wp-image-19002 size-large\" src=\"https:\/\/www.msn.unipi.it\/wp-content\/uploads\/2020\/03\/Coronavirus-copertina-1024x392.jpg\" alt=\"\" width=\"847\" height=\"324\" srcset=\"https:\/\/www.msn.unipi.it\/wp-content\/uploads\/2020\/03\/Coronavirus-copertina-1024x392.jpg 1024w, https:\/\/www.msn.unipi.it\/wp-content\/uploads\/2020\/03\/Coronavirus-copertina-450x172.jpg 450w, https:\/\/www.msn.unipi.it\/wp-content\/uploads\/2020\/03\/Coronavirus-copertina-768x294.jpg 768w, https:\/\/www.msn.unipi.it\/wp-content\/uploads\/2020\/03\/Coronavirus-copertina-1536x587.jpg 1536w, https:\/\/www.msn.unipi.it\/wp-content\/uploads\/2020\/03\/Coronavirus-copertina.jpg 2048w\" sizes=\"auto, (max-width: 847px) 100vw, 847px\" \/><\/a><\/p>\n","protected":false},"excerpt":{"rendered":"<p>In questi giorni in cui il Museo \u00e8 fisicamente chiuso, desidera rimanere \u201caperto\u201d e in contatto con il suo pubblico grazie a una serie di iniziative, dedicate ad adulti e bambini, che propone tramite i propri canali digitali: il sito web e i due principali canali social, Facebook e Instagram. Scoprite le nostre iniziative: &nbsp;&nbsp; <a href=\"https:\/\/www.msn.unipi.it\/it\/iorestoacasa-in-compagnia-del-museo\/\">&hellip;  <i class=\"fa fa-chevron-right\"><\/i><\/a><\/p>\n","protected":false},"author":7,"featured_media":19004,"comment_status":"closed","ping_status":"closed","sticky":false,"template":"","format":"standard","meta":{"_jetpack_memberships_contains_paid_content":false,"footnotes":""},"categories":[1],"tags":[],"class_list":["post-19001","post","type-post","status-publish","format-standard","has-post-thumbnail","hentry","category-news"],"yoast_head":"<!-- This site is optimized with the Yoast SEO plugin v26.8 - https:\/\/yoast.com\/product\/yoast-seo-wordpress\/ -->\n<title>#iorestoacasa, in compagnia del Museo - Museo di Storia Naturale dell&#039;Universit\u00e0 di Pisa<\/title>\n<meta name=\"description\" content=\"In questi giorni in cui il Museo \u00e8 fisicamente chiuso, desidera rimanere \u201caperto\u201d e in contatto con il suo pubblico grazie a una serie di iniziative,\" \/>\n<meta name=\"robots\" content=\"index, follow, max-snippet:-1, max-image-preview:large, max-video-preview:-1\" \/>\n<link rel=\"canonical\" href=\"https:\/\/www.msn.unipi.it\/it\/iorestoacasa-in-compagnia-del-museo\/\" \/>\n<meta property=\"og:locale\" content=\"it_IT\" \/>\n<meta property=\"og:type\" content=\"article\" \/>\n<meta property=\"og:title\" content=\"#iorestoacasa, in compagnia del Museo - Museo di Storia Naturale dell&#039;Universit\u00e0 di Pisa\" \/>\n<meta property=\"og:description\" content=\"In questi giorni in cui il Museo \u00e8 fisicamente chiuso, desidera rimanere \u201caperto\u201d e in contatto con il suo pubblico grazie a una serie di iniziative,\" \/>\n<meta property=\"og:url\" content=\"https:\/\/www.msn.unipi.it\/it\/iorestoacasa-in-compagnia-del-museo\/\" \/>\n<meta property=\"og:site_name\" content=\"Museo di Storia Naturale dell&#039;Universit\u00e0 di Pisa\" \/>\n<meta property=\"article:publisher\" content=\"https:\/\/www.facebook.com\/Museo-di-Storia-Naturale-Universit%c3%a0-di-Pisa-277794215612108\/\" \/>\n<meta property=\"article:published_time\" content=\"2020-05-07T08:06:06+00:00\" \/>\n<meta property=\"article:modified_time\" content=\"2020-07-22T08:06:44+00:00\" \/>\n<meta property=\"og:image\" content=\"https:\/\/www.msn.unipi.it\/wp-content\/uploads\/2020\/03\/iorestoacasa-in-compagnia-del-Museo-quadrato.jpg\" \/>\n\t<meta property=\"og:image:width\" content=\"1180\" \/>\n\t<meta property=\"og:image:height\" content=\"1180\" \/>\n\t<meta property=\"og:image:type\" content=\"image\/jpeg\" \/>\n<meta name=\"author\" content=\"a012780@unipi.it\" \/>\n<meta name=\"twitter:card\" content=\"summary_large_image\" \/>\n<meta name=\"twitter:creator\" content=\"@msncalci\" \/>\n<meta name=\"twitter:site\" content=\"@msncalci\" \/>\n<meta name=\"twitter:label1\" content=\"Scritto da\" \/>\n\t<meta name=\"twitter:data1\" content=\"a012780@unipi.it\" \/>\n\t<meta name=\"twitter:label2\" content=\"Tempo di lettura stimato\" \/>\n\t<meta name=\"twitter:data2\" content=\"5 minuti\" \/>\n<script type=\"application\/ld+json\" class=\"yoast-schema-graph\">{\"@context\":\"https:\/\/schema.org\",\"@graph\":[{\"@type\":\"Article\",\"@id\":\"https:\/\/www.msn.unipi.it\/it\/iorestoacasa-in-compagnia-del-museo\/#article\",\"isPartOf\":{\"@id\":\"https:\/\/www.msn.unipi.it\/it\/iorestoacasa-in-compagnia-del-museo\/\"},\"author\":{\"name\":\"a012780@unipi.it\",\"@id\":\"https:\/\/www.msn.unipi.it\/it\/#\/schema\/person\/20631df3667b84d79cffe30e020188a1\"},\"headline\":\"#iorestoacasa, in compagnia del Museo\",\"datePublished\":\"2020-05-07T08:06:06+00:00\",\"dateModified\":\"2020-07-22T08:06:44+00:00\",\"mainEntityOfPage\":{\"@id\":\"https:\/\/www.msn.unipi.it\/it\/iorestoacasa-in-compagnia-del-museo\/\"},\"wordCount\":1041,\"publisher\":{\"@id\":\"https:\/\/www.msn.unipi.it\/it\/#organization\"},\"image\":{\"@id\":\"https:\/\/www.msn.unipi.it\/it\/iorestoacasa-in-compagnia-del-museo\/#primaryimage\"},\"thumbnailUrl\":\"https:\/\/www.msn.unipi.it\/wp-content\/uploads\/2020\/03\/iorestoacasa-in-compagnia-del-Museo-quadrato.jpg\",\"articleSection\":[\"News\"],\"inLanguage\":\"it-IT\"},{\"@type\":\"WebPage\",\"@id\":\"https:\/\/www.msn.unipi.it\/it\/iorestoacasa-in-compagnia-del-museo\/\",\"url\":\"https:\/\/www.msn.unipi.it\/it\/iorestoacasa-in-compagnia-del-museo\/\",\"name\":\"#iorestoacasa, in compagnia del Museo - Museo di Storia Naturale dell&#039;Universit\u00e0 di Pisa\",\"isPartOf\":{\"@id\":\"https:\/\/www.msn.unipi.it\/it\/#website\"},\"primaryImageOfPage\":{\"@id\":\"https:\/\/www.msn.unipi.it\/it\/iorestoacasa-in-compagnia-del-museo\/#primaryimage\"},\"image\":{\"@id\":\"https:\/\/www.msn.unipi.it\/it\/iorestoacasa-in-compagnia-del-museo\/#primaryimage\"},\"thumbnailUrl\":\"https:\/\/www.msn.unipi.it\/wp-content\/uploads\/2020\/03\/iorestoacasa-in-compagnia-del-Museo-quadrato.jpg\",\"datePublished\":\"2020-05-07T08:06:06+00:00\",\"dateModified\":\"2020-07-22T08:06:44+00:00\",\"description\":\"In questi giorni in cui il Museo \u00e8 fisicamente chiuso, desidera rimanere \u201caperto\u201d e in contatto con il suo pubblico grazie a una serie di iniziative,\",\"breadcrumb\":{\"@id\":\"https:\/\/www.msn.unipi.it\/it\/iorestoacasa-in-compagnia-del-museo\/#breadcrumb\"},\"inLanguage\":\"it-IT\",\"potentialAction\":[{\"@type\":\"ReadAction\",\"target\":[\"https:\/\/www.msn.unipi.it\/it\/iorestoacasa-in-compagnia-del-museo\/\"]}]},{\"@type\":\"ImageObject\",\"inLanguage\":\"it-IT\",\"@id\":\"https:\/\/www.msn.unipi.it\/it\/iorestoacasa-in-compagnia-del-museo\/#primaryimage\",\"url\":\"https:\/\/www.msn.unipi.it\/wp-content\/uploads\/2020\/03\/iorestoacasa-in-compagnia-del-Museo-quadrato.jpg\",\"contentUrl\":\"https:\/\/www.msn.unipi.it\/wp-content\/uploads\/2020\/03\/iorestoacasa-in-compagnia-del-Museo-quadrato.jpg\",\"width\":1180,\"height\":1180},{\"@type\":\"BreadcrumbList\",\"@id\":\"https:\/\/www.msn.unipi.it\/it\/iorestoacasa-in-compagnia-del-museo\/#breadcrumb\",\"itemListElement\":[{\"@type\":\"ListItem\",\"position\":1,\"name\":\"Home\",\"item\":\"https:\/\/www.msn.unipi.it\/it\/\"},{\"@type\":\"ListItem\",\"position\":2,\"name\":\"#iorestoacasa, in compagnia del Museo\"}]},{\"@type\":\"WebSite\",\"@id\":\"https:\/\/www.msn.unipi.it\/it\/#website\",\"url\":\"https:\/\/www.msn.unipi.it\/it\/\",\"name\":\"Museo di Storia Naturale dell&#039;Universit\u00e0 di Pisa\",\"description\":\"\",\"publisher\":{\"@id\":\"https:\/\/www.msn.unipi.it\/it\/#organization\"},\"potentialAction\":[{\"@type\":\"SearchAction\",\"target\":{\"@type\":\"EntryPoint\",\"urlTemplate\":\"https:\/\/www.msn.unipi.it\/it\/?s={search_term_string}\"},\"query-input\":{\"@type\":\"PropertyValueSpecification\",\"valueRequired\":true,\"valueName\":\"search_term_string\"}}],\"inLanguage\":\"it-IT\"},{\"@type\":\"Organization\",\"@id\":\"https:\/\/www.msn.unipi.it\/it\/#organization\",\"name\":\"Museo di Storia Naturale dell'Universit\u00e0 di Pisa\",\"url\":\"https:\/\/www.msn.unipi.it\/it\/\",\"logo\":{\"@type\":\"ImageObject\",\"inLanguage\":\"it-IT\",\"@id\":\"https:\/\/www.msn.unipi.it\/it\/#\/schema\/logo\/image\/\",\"url\":\"https:\/\/www.msn.unipi.it\/wp-content\/uploads\/2016\/07\/footer-logo.png\",\"contentUrl\":\"https:\/\/www.msn.unipi.it\/wp-content\/uploads\/2016\/07\/footer-logo.png\",\"width\":220,\"height\":95,\"caption\":\"Museo di Storia Naturale dell'Universit\u00e0 di Pisa\"},\"image\":{\"@id\":\"https:\/\/www.msn.unipi.it\/it\/#\/schema\/logo\/image\/\"},\"sameAs\":[\"https:\/\/www.facebook.com\/Museo-di-Storia-Naturale-Universit\u00e0-di-Pisa-277794215612108\/\",\"https:\/\/x.com\/msncalci\",\"https:\/\/www.instagram.com\/museostorianaturale_calci\/\",\"https:\/\/www.youtube.com\/channel\/UCDaMBe_RegmdCnxLPmryMxw\"]},{\"@type\":\"Person\",\"@id\":\"https:\/\/www.msn.unipi.it\/it\/#\/schema\/person\/20631df3667b84d79cffe30e020188a1\",\"name\":\"a012780@unipi.it\",\"image\":{\"@type\":\"ImageObject\",\"inLanguage\":\"it-IT\",\"@id\":\"https:\/\/www.msn.unipi.it\/it\/#\/schema\/person\/image\/\",\"url\":\"https:\/\/secure.gravatar.com\/avatar\/42f33f3cae0d7f62a78cb1395dffdd09?s=96&d=mm&r=g\",\"contentUrl\":\"https:\/\/secure.gravatar.com\/avatar\/42f33f3cae0d7f62a78cb1395dffdd09?s=96&d=mm&r=g\",\"caption\":\"a012780@unipi.it\"}}]}<\/script>\n<!-- \/ Yoast SEO plugin. -->","yoast_head_json":{"title":"#iorestoacasa, in compagnia del Museo - Museo di Storia Naturale dell&#039;Universit\u00e0 di Pisa","description":"In questi giorni in cui il Museo \u00e8 fisicamente chiuso, desidera rimanere \u201caperto\u201d e in contatto con il suo pubblico grazie a una serie di iniziative,","robots":{"index":"index","follow":"follow","max-snippet":"max-snippet:-1","max-image-preview":"max-image-preview:large","max-video-preview":"max-video-preview:-1"},"canonical":"https:\/\/www.msn.unipi.it\/it\/iorestoacasa-in-compagnia-del-museo\/","og_locale":"it_IT","og_type":"article","og_title":"#iorestoacasa, in compagnia del Museo - Museo di Storia Naturale dell&#039;Universit\u00e0 di Pisa","og_description":"In questi giorni in cui il Museo \u00e8 fisicamente chiuso, desidera rimanere \u201caperto\u201d e in contatto con il suo pubblico grazie a una serie di iniziative,","og_url":"https:\/\/www.msn.unipi.it\/it\/iorestoacasa-in-compagnia-del-museo\/","og_site_name":"Museo di Storia Naturale dell&#039;Universit\u00e0 di Pisa","article_publisher":"https:\/\/www.facebook.com\/Museo-di-Storia-Naturale-Universit%c3%a0-di-Pisa-277794215612108\/","article_published_time":"2020-05-07T08:06:06+00:00","article_modified_time":"2020-07-22T08:06:44+00:00","og_image":[{"width":1180,"height":1180,"url":"https:\/\/www.msn.unipi.it\/wp-content\/uploads\/2020\/03\/iorestoacasa-in-compagnia-del-Museo-quadrato.jpg","type":"image\/jpeg"}],"author":"a012780@unipi.it","twitter_card":"summary_large_image","twitter_creator":"@msncalci","twitter_site":"@msncalci","twitter_misc":{"Scritto da":"a012780@unipi.it","Tempo di lettura stimato":"5 minuti"},"schema":{"@context":"https:\/\/schema.org","@graph":[{"@type":"Article","@id":"https:\/\/www.msn.unipi.it\/it\/iorestoacasa-in-compagnia-del-museo\/#article","isPartOf":{"@id":"https:\/\/www.msn.unipi.it\/it\/iorestoacasa-in-compagnia-del-museo\/"},"author":{"name":"a012780@unipi.it","@id":"https:\/\/www.msn.unipi.it\/it\/#\/schema\/person\/20631df3667b84d79cffe30e020188a1"},"headline":"#iorestoacasa, in compagnia del Museo","datePublished":"2020-05-07T08:06:06+00:00","dateModified":"2020-07-22T08:06:44+00:00","mainEntityOfPage":{"@id":"https:\/\/www.msn.unipi.it\/it\/iorestoacasa-in-compagnia-del-museo\/"},"wordCount":1041,"publisher":{"@id":"https:\/\/www.msn.unipi.it\/it\/#organization"},"image":{"@id":"https:\/\/www.msn.unipi.it\/it\/iorestoacasa-in-compagnia-del-museo\/#primaryimage"},"thumbnailUrl":"https:\/\/www.msn.unipi.it\/wp-content\/uploads\/2020\/03\/iorestoacasa-in-compagnia-del-Museo-quadrato.jpg","articleSection":["News"],"inLanguage":"it-IT"},{"@type":"WebPage","@id":"https:\/\/www.msn.unipi.it\/it\/iorestoacasa-in-compagnia-del-museo\/","url":"https:\/\/www.msn.unipi.it\/it\/iorestoacasa-in-compagnia-del-museo\/","name":"#iorestoacasa, in compagnia del Museo - Museo di Storia Naturale dell&#039;Universit\u00e0 di Pisa","isPartOf":{"@id":"https:\/\/www.msn.unipi.it\/it\/#website"},"primaryImageOfPage":{"@id":"https:\/\/www.msn.unipi.it\/it\/iorestoacasa-in-compagnia-del-museo\/#primaryimage"},"image":{"@id":"https:\/\/www.msn.unipi.it\/it\/iorestoacasa-in-compagnia-del-museo\/#primaryimage"},"thumbnailUrl":"https:\/\/www.msn.unipi.it\/wp-content\/uploads\/2020\/03\/iorestoacasa-in-compagnia-del-Museo-quadrato.jpg","datePublished":"2020-05-07T08:06:06+00:00","dateModified":"2020-07-22T08:06:44+00:00","description":"In questi giorni in cui il Museo \u00e8 fisicamente chiuso, desidera rimanere \u201caperto\u201d e in contatto con il suo pubblico grazie a una serie di iniziative,","breadcrumb":{"@id":"https:\/\/www.msn.unipi.it\/it\/iorestoacasa-in-compagnia-del-museo\/#breadcrumb"},"inLanguage":"it-IT","potentialAction":[{"@type":"ReadAction","target":["https:\/\/www.msn.unipi.it\/it\/iorestoacasa-in-compagnia-del-museo\/"]}]},{"@type":"ImageObject","inLanguage":"it-IT","@id":"https:\/\/www.msn.unipi.it\/it\/iorestoacasa-in-compagnia-del-museo\/#primaryimage","url":"https:\/\/www.msn.unipi.it\/wp-content\/uploads\/2020\/03\/iorestoacasa-in-compagnia-del-Museo-quadrato.jpg","contentUrl":"https:\/\/www.msn.unipi.it\/wp-content\/uploads\/2020\/03\/iorestoacasa-in-compagnia-del-Museo-quadrato.jpg","width":1180,"height":1180},{"@type":"BreadcrumbList","@id":"https:\/\/www.msn.unipi.it\/it\/iorestoacasa-in-compagnia-del-museo\/#breadcrumb","itemListElement":[{"@type":"ListItem","position":1,"name":"Home","item":"https:\/\/www.msn.unipi.it\/it\/"},{"@type":"ListItem","position":2,"name":"#iorestoacasa, in compagnia del Museo"}]},{"@type":"WebSite","@id":"https:\/\/www.msn.unipi.it\/it\/#website","url":"https:\/\/www.msn.unipi.it\/it\/","name":"Museo di Storia Naturale dell&#039;Universit\u00e0 di Pisa","description":"","publisher":{"@id":"https:\/\/www.msn.unipi.it\/it\/#organization"},"potentialAction":[{"@type":"SearchAction","target":{"@type":"EntryPoint","urlTemplate":"https:\/\/www.msn.unipi.it\/it\/?s={search_term_string}"},"query-input":{"@type":"PropertyValueSpecification","valueRequired":true,"valueName":"search_term_string"}}],"inLanguage":"it-IT"},{"@type":"Organization","@id":"https:\/\/www.msn.unipi.it\/it\/#organization","name":"Museo di Storia Naturale dell'Universit\u00e0 di Pisa","url":"https:\/\/www.msn.unipi.it\/it\/","logo":{"@type":"ImageObject","inLanguage":"it-IT","@id":"https:\/\/www.msn.unipi.it\/it\/#\/schema\/logo\/image\/","url":"https:\/\/www.msn.unipi.it\/wp-content\/uploads\/2016\/07\/footer-logo.png","contentUrl":"https:\/\/www.msn.unipi.it\/wp-content\/uploads\/2016\/07\/footer-logo.png","width":220,"height":95,"caption":"Museo di Storia Naturale dell'Universit\u00e0 di Pisa"},"image":{"@id":"https:\/\/www.msn.unipi.it\/it\/#\/schema\/logo\/image\/"},"sameAs":["https:\/\/www.facebook.com\/Museo-di-Storia-Naturale-Universit\u00e0-di-Pisa-277794215612108\/","https:\/\/x.com\/msncalci","https:\/\/www.instagram.com\/museostorianaturale_calci\/","https:\/\/www.youtube.com\/channel\/UCDaMBe_RegmdCnxLPmryMxw"]},{"@type":"Person","@id":"https:\/\/www.msn.unipi.it\/it\/#\/schema\/person\/20631df3667b84d79cffe30e020188a1","name":"a012780@unipi.it","image":{"@type":"ImageObject","inLanguage":"it-IT","@id":"https:\/\/www.msn.unipi.it\/it\/#\/schema\/person\/image\/","url":"https:\/\/secure.gravatar.com\/avatar\/42f33f3cae0d7f62a78cb1395dffdd09?s=96&d=mm&r=g","contentUrl":"https:\/\/secure.gravatar.com\/avatar\/42f33f3cae0d7f62a78cb1395dffdd09?s=96&d=mm&r=g","caption":"a012780@unipi.it"}}]}},"jetpack_featured_media_url":"https:\/\/www.msn.unipi.it\/wp-content\/uploads\/2020\/03\/iorestoacasa-in-compagnia-del-Museo-quadrato.jpg","jetpack_sharing_enabled":true,"_links":{"self":[{"href":"https:\/\/www.msn.unipi.it\/it\/wp-json\/wp\/v2\/posts\/19001","targetHints":{"allow":["GET"]}}],"collection":[{"href":"https:\/\/www.msn.unipi.it\/it\/wp-json\/wp\/v2\/posts"}],"about":[{"href":"https:\/\/www.msn.unipi.it\/it\/wp-json\/wp\/v2\/types\/post"}],"author":[{"embeddable":true,"href":"https:\/\/www.msn.unipi.it\/it\/wp-json\/wp\/v2\/users\/7"}],"replies":[{"embeddable":true,"href":"https:\/\/www.msn.unipi.it\/it\/wp-json\/wp\/v2\/comments?post=19001"}],"version-history":[{"count":10,"href":"https:\/\/www.msn.unipi.it\/it\/wp-json\/wp\/v2\/posts\/19001\/revisions"}],"predecessor-version":[{"id":19241,"href":"https:\/\/www.msn.unipi.it\/it\/wp-json\/wp\/v2\/posts\/19001\/revisions\/19241"}],"wp:featuredmedia":[{"embeddable":true,"href":"https:\/\/www.msn.unipi.it\/it\/wp-json\/wp\/v2\/media\/19004"}],"wp:attachment":[{"href":"https:\/\/www.msn.unipi.it\/it\/wp-json\/wp\/v2\/media?parent=19001"}],"wp:term":[{"taxonomy":"category","embeddable":true,"href":"https:\/\/www.msn.unipi.it\/it\/wp-json\/wp\/v2\/categories?post=19001"},{"taxonomy":"post_tag","embeddable":true,"href":"https:\/\/www.msn.unipi.it\/it\/wp-json\/wp\/v2\/tags?post=19001"}],"curies":[{"name":"wp","href":"https:\/\/api.w.org\/{rel}","templated":true}]}}