{"id":19338,"date":"2020-07-06T07:42:52","date_gmt":"2020-07-06T05:42:52","guid":{"rendered":"https:\/\/www.msn.unipi.it\/?p=19338"},"modified":"2020-07-22T08:17:12","modified_gmt":"2020-07-22T06:17:12","slug":"il-museo-si-prepara-alla-riapertura","status":"publish","type":"post","link":"https:\/\/www.msn.unipi.it\/it\/il-museo-si-prepara-alla-riapertura\/","title":{"rendered":"Il Museo si prepara alla riapertura"},"content":{"rendered":"<p><strong>Comunichiamo ai gentili visitatori che il Museo si sta preparando per la riapertura e appena possibile ne comunicher\u00e0 la data, fino a tale momento IL MUSEO E&#8217; ANCORA CHIUSO.<\/strong><\/p>\n<p>In attesa di nuove comunicazioni, condividiamo questo messaggio con tutti i nostri visitatori:<\/p>\n<p><em>C&#8217;\u00e8 un bisogno primario che riguarda universalmente ogni museo ed \u00e8 quello del raccontarsi.<\/em><br \/>\n<em>In questo periodo di \u201cchiusura\u201d, il Museo lo ha fatto continuando a comunicare e interagire con l&#8217;esterno attraverso i suoi canali social, proponendo rubriche e giochi, presentando sale e collezioni, raccogliendo emozioni e pensieri che i visitatori hanno inviato dalle loro case.<\/em><br \/>\n<em>Un modo, l&#8217;unico adesso, per non interrompere quel rapporto di vicinanza che con gli anni si \u00e8 creato con il visitatore.<\/em><br \/>\n<em>La vita del Museo, infatti, non si \u00e8 interrotta: accanto alle tante attivit\u00e0 proposte per farci compagnia, abbiamo continuato a pensare al futuro e a quando avremmo potuto vederci di nuovo.<\/em><br \/>\n<em>Perch\u00e9 il Museo vive di persone che calpestano i suoi pavimenti, si meravigliano davanti alle teche, ascoltano le guide, fanno domande, toccano i reperti, respirano l&#8217;aria.<\/em><br \/>\n<em>Per questo, anche se ancora non c&#8217;\u00e8 una data, il Museo sar\u00e0 felice di riaprire la porta appena possibile. Lo far\u00e0 con prudenza e in sicurezza, rispettando la normativa. Con alcune belle novit\u00e0 e una calorosa accoglienza, quella che si riserva a chi non si vede da tempo.<\/em><\/p>\n<p>&nbsp;<\/p>\n","protected":false},"excerpt":{"rendered":"<p>Comunichiamo ai gentili visitatori che il Museo si sta preparando per la riapertura e appena possibile ne comunicher\u00e0 la data, fino a tale momento IL MUSEO E&#8217; ANCORA CHIUSO. In attesa di nuove comunicazioni, condividiamo questo messaggio con tutti i nostri visitatori: C&#8217;\u00e8 un bisogno primario che riguarda universalmente ogni museo ed \u00e8 quello del&nbsp; <a href=\"https:\/\/www.msn.unipi.it\/it\/il-museo-si-prepara-alla-riapertura\/\">&hellip;  <i class=\"fa fa-chevron-right\"><\/i><\/a><\/p>\n","protected":false},"author":7,"featured_media":16244,"comment_status":"closed","ping_status":"closed","sticky":false,"template":"","format":"standard","meta":{"_jetpack_memberships_contains_paid_content":false,"footnotes":""},"categories":[9,457,1],"tags":[],"class_list":["post-19338","post","type-post","status-publish","format-standard","has-post-thumbnail","hentry","category-archivio","category-avviso","category-news"],"yoast_head":"<!-- This site is optimized with the Yoast SEO plugin v26.8 - https:\/\/yoast.com\/product\/yoast-seo-wordpress\/ -->\n<title>Il Museo si prepara alla riapertura - Museo di Storia Naturale dell&#039;Universit\u00e0 di Pisa<\/title>\n<meta name=\"description\" content=\"Comunichiamo ai gentili visitatori che il Museo si sta preparando per la riapertura e appena possibile ne comunicher\u00e0 la data, fino a tale momento IL\" \/>\n<meta name=\"robots\" content=\"index, follow, max-snippet:-1, max-image-preview:large, max-video-preview:-1\" \/>\n<link rel=\"canonical\" href=\"https:\/\/www.msn.unipi.it\/it\/il-museo-si-prepara-alla-riapertura\/\" \/>\n<meta property=\"og:locale\" content=\"it_IT\" \/>\n<meta property=\"og:type\" content=\"article\" \/>\n<meta property=\"og:title\" content=\"Il Museo si prepara alla riapertura - Museo di Storia Naturale dell&#039;Universit\u00e0 di Pisa\" \/>\n<meta property=\"og:description\" content=\"Comunichiamo ai gentili visitatori che il Museo si sta preparando per la riapertura e appena possibile ne comunicher\u00e0 la data, fino a tale momento IL\" \/>\n<meta property=\"og:url\" content=\"https:\/\/www.msn.unipi.it\/it\/il-museo-si-prepara-alla-riapertura\/\" \/>\n<meta property=\"og:site_name\" content=\"Museo di Storia Naturale dell&#039;Universit\u00e0 di Pisa\" \/>\n<meta property=\"article:publisher\" content=\"https:\/\/www.facebook.com\/Museo-di-Storia-Naturale-Universit%c3%a0-di-Pisa-277794215612108\/\" \/>\n<meta property=\"article:published_time\" content=\"2020-07-06T05:42:52+00:00\" \/>\n<meta property=\"article:modified_time\" content=\"2020-07-22T06:17:12+00:00\" \/>\n<meta property=\"og:image\" content=\"https:\/\/www.msn.unipi.it\/wp-content\/uploads\/2019\/03\/2bis.jpg\" \/>\n\t<meta property=\"og:image:width\" content=\"2048\" \/>\n\t<meta property=\"og:image:height\" content=\"2048\" \/>\n\t<meta property=\"og:image:type\" content=\"image\/jpeg\" \/>\n<meta name=\"author\" content=\"a012780@unipi.it\" \/>\n<meta name=\"twitter:card\" content=\"summary_large_image\" \/>\n<meta name=\"twitter:creator\" content=\"@msncalci\" \/>\n<meta name=\"twitter:site\" content=\"@msncalci\" \/>\n<meta name=\"twitter:label1\" content=\"Scritto da\" \/>\n\t<meta name=\"twitter:data1\" content=\"a012780@unipi.it\" \/>\n\t<meta name=\"twitter:label2\" content=\"Tempo di lettura stimato\" \/>\n\t<meta name=\"twitter:data2\" content=\"1 minuto\" \/>\n<script type=\"application\/ld+json\" class=\"yoast-schema-graph\">{\"@context\":\"https:\/\/schema.org\",\"@graph\":[{\"@type\":\"Article\",\"@id\":\"https:\/\/www.msn.unipi.it\/it\/il-museo-si-prepara-alla-riapertura\/#article\",\"isPartOf\":{\"@id\":\"https:\/\/www.msn.unipi.it\/it\/il-museo-si-prepara-alla-riapertura\/\"},\"author\":{\"name\":\"a012780@unipi.it\",\"@id\":\"https:\/\/www.msn.unipi.it\/it\/#\/schema\/person\/20631df3667b84d79cffe30e020188a1\"},\"headline\":\"Il Museo si prepara alla riapertura\",\"datePublished\":\"2020-07-06T05:42:52+00:00\",\"dateModified\":\"2020-07-22T06:17:12+00:00\",\"mainEntityOfPage\":{\"@id\":\"https:\/\/www.msn.unipi.it\/it\/il-museo-si-prepara-alla-riapertura\/\"},\"wordCount\":228,\"publisher\":{\"@id\":\"https:\/\/www.msn.unipi.it\/it\/#organization\"},\"image\":{\"@id\":\"https:\/\/www.msn.unipi.it\/it\/il-museo-si-prepara-alla-riapertura\/#primaryimage\"},\"thumbnailUrl\":\"https:\/\/www.msn.unipi.it\/wp-content\/uploads\/2019\/03\/2bis.jpg\",\"articleSection\":[\"Archivio notizie\",\"Avviso\",\"News\"],\"inLanguage\":\"it-IT\"},{\"@type\":\"WebPage\",\"@id\":\"https:\/\/www.msn.unipi.it\/it\/il-museo-si-prepara-alla-riapertura\/\",\"url\":\"https:\/\/www.msn.unipi.it\/it\/il-museo-si-prepara-alla-riapertura\/\",\"name\":\"Il Museo si prepara alla riapertura - Museo di Storia Naturale dell&#039;Universit\u00e0 di Pisa\",\"isPartOf\":{\"@id\":\"https:\/\/www.msn.unipi.it\/it\/#website\"},\"primaryImageOfPage\":{\"@id\":\"https:\/\/www.msn.unipi.it\/it\/il-museo-si-prepara-alla-riapertura\/#primaryimage\"},\"image\":{\"@id\":\"https:\/\/www.msn.unipi.it\/it\/il-museo-si-prepara-alla-riapertura\/#primaryimage\"},\"thumbnailUrl\":\"https:\/\/www.msn.unipi.it\/wp-content\/uploads\/2019\/03\/2bis.jpg\",\"datePublished\":\"2020-07-06T05:42:52+00:00\",\"dateModified\":\"2020-07-22T06:17:12+00:00\",\"description\":\"Comunichiamo ai gentili visitatori che il Museo si sta preparando per la riapertura e appena possibile ne comunicher\u00e0 la data, fino a tale momento IL\",\"breadcrumb\":{\"@id\":\"https:\/\/www.msn.unipi.it\/it\/il-museo-si-prepara-alla-riapertura\/#breadcrumb\"},\"inLanguage\":\"it-IT\",\"potentialAction\":[{\"@type\":\"ReadAction\",\"target\":[\"https:\/\/www.msn.unipi.it\/it\/il-museo-si-prepara-alla-riapertura\/\"]}]},{\"@type\":\"ImageObject\",\"inLanguage\":\"it-IT\",\"@id\":\"https:\/\/www.msn.unipi.it\/it\/il-museo-si-prepara-alla-riapertura\/#primaryimage\",\"url\":\"https:\/\/www.msn.unipi.it\/wp-content\/uploads\/2019\/03\/2bis.jpg\",\"contentUrl\":\"https:\/\/www.msn.unipi.it\/wp-content\/uploads\/2019\/03\/2bis.jpg\",\"width\":2048,\"height\":2048},{\"@type\":\"BreadcrumbList\",\"@id\":\"https:\/\/www.msn.unipi.it\/it\/il-museo-si-prepara-alla-riapertura\/#breadcrumb\",\"itemListElement\":[{\"@type\":\"ListItem\",\"position\":1,\"name\":\"Home\",\"item\":\"https:\/\/www.msn.unipi.it\/it\/\"},{\"@type\":\"ListItem\",\"position\":2,\"name\":\"Il Museo si prepara alla riapertura\"}]},{\"@type\":\"WebSite\",\"@id\":\"https:\/\/www.msn.unipi.it\/it\/#website\",\"url\":\"https:\/\/www.msn.unipi.it\/it\/\",\"name\":\"Museo di Storia Naturale dell&#039;Universit\u00e0 di Pisa\",\"description\":\"\",\"publisher\":{\"@id\":\"https:\/\/www.msn.unipi.it\/it\/#organization\"},\"potentialAction\":[{\"@type\":\"SearchAction\",\"target\":{\"@type\":\"EntryPoint\",\"urlTemplate\":\"https:\/\/www.msn.unipi.it\/it\/?s={search_term_string}\"},\"query-input\":{\"@type\":\"PropertyValueSpecification\",\"valueRequired\":true,\"valueName\":\"search_term_string\"}}],\"inLanguage\":\"it-IT\"},{\"@type\":\"Organization\",\"@id\":\"https:\/\/www.msn.unipi.it\/it\/#organization\",\"name\":\"Museo di Storia Naturale dell'Universit\u00e0 di Pisa\",\"url\":\"https:\/\/www.msn.unipi.it\/it\/\",\"logo\":{\"@type\":\"ImageObject\",\"inLanguage\":\"it-IT\",\"@id\":\"https:\/\/www.msn.unipi.it\/it\/#\/schema\/logo\/image\/\",\"url\":\"https:\/\/www.msn.unipi.it\/wp-content\/uploads\/2016\/07\/footer-logo.png\",\"contentUrl\":\"https:\/\/www.msn.unipi.it\/wp-content\/uploads\/2016\/07\/footer-logo.png\",\"width\":220,\"height\":95,\"caption\":\"Museo di Storia Naturale dell'Universit\u00e0 di Pisa\"},\"image\":{\"@id\":\"https:\/\/www.msn.unipi.it\/it\/#\/schema\/logo\/image\/\"},\"sameAs\":[\"https:\/\/www.facebook.com\/Museo-di-Storia-Naturale-Universit\u00e0-di-Pisa-277794215612108\/\",\"https:\/\/x.com\/msncalci\",\"https:\/\/www.instagram.com\/museostorianaturale_calci\/\",\"https:\/\/www.youtube.com\/channel\/UCDaMBe_RegmdCnxLPmryMxw\"]},{\"@type\":\"Person\",\"@id\":\"https:\/\/www.msn.unipi.it\/it\/#\/schema\/person\/20631df3667b84d79cffe30e020188a1\",\"name\":\"a012780@unipi.it\",\"image\":{\"@type\":\"ImageObject\",\"inLanguage\":\"it-IT\",\"@id\":\"https:\/\/www.msn.unipi.it\/it\/#\/schema\/person\/image\/\",\"url\":\"https:\/\/secure.gravatar.com\/avatar\/42f33f3cae0d7f62a78cb1395dffdd09?s=96&d=mm&r=g\",\"contentUrl\":\"https:\/\/secure.gravatar.com\/avatar\/42f33f3cae0d7f62a78cb1395dffdd09?s=96&d=mm&r=g\",\"caption\":\"a012780@unipi.it\"}}]}<\/script>\n<!-- \/ Yoast SEO plugin. -->","yoast_head_json":{"title":"Il Museo si prepara alla riapertura - Museo di Storia Naturale dell&#039;Universit\u00e0 di Pisa","description":"Comunichiamo ai gentili visitatori che il Museo si sta preparando per la riapertura e appena possibile ne comunicher\u00e0 la data, fino a tale momento IL","robots":{"index":"index","follow":"follow","max-snippet":"max-snippet:-1","max-image-preview":"max-image-preview:large","max-video-preview":"max-video-preview:-1"},"canonical":"https:\/\/www.msn.unipi.it\/it\/il-museo-si-prepara-alla-riapertura\/","og_locale":"it_IT","og_type":"article","og_title":"Il Museo si prepara alla riapertura - Museo di Storia Naturale dell&#039;Universit\u00e0 di Pisa","og_description":"Comunichiamo ai gentili visitatori che il Museo si sta preparando per la riapertura e appena possibile ne comunicher\u00e0 la data, fino a tale momento IL","og_url":"https:\/\/www.msn.unipi.it\/it\/il-museo-si-prepara-alla-riapertura\/","og_site_name":"Museo di Storia Naturale dell&#039;Universit\u00e0 di Pisa","article_publisher":"https:\/\/www.facebook.com\/Museo-di-Storia-Naturale-Universit%c3%a0-di-Pisa-277794215612108\/","article_published_time":"2020-07-06T05:42:52+00:00","article_modified_time":"2020-07-22T06:17:12+00:00","og_image":[{"width":2048,"height":2048,"url":"https:\/\/www.msn.unipi.it\/wp-content\/uploads\/2019\/03\/2bis.jpg","type":"image\/jpeg"}],"author":"a012780@unipi.it","twitter_card":"summary_large_image","twitter_creator":"@msncalci","twitter_site":"@msncalci","twitter_misc":{"Scritto da":"a012780@unipi.it","Tempo di lettura stimato":"1 minuto"},"schema":{"@context":"https:\/\/schema.org","@graph":[{"@type":"Article","@id":"https:\/\/www.msn.unipi.it\/it\/il-museo-si-prepara-alla-riapertura\/#article","isPartOf":{"@id":"https:\/\/www.msn.unipi.it\/it\/il-museo-si-prepara-alla-riapertura\/"},"author":{"name":"a012780@unipi.it","@id":"https:\/\/www.msn.unipi.it\/it\/#\/schema\/person\/20631df3667b84d79cffe30e020188a1"},"headline":"Il Museo si prepara alla riapertura","datePublished":"2020-07-06T05:42:52+00:00","dateModified":"2020-07-22T06:17:12+00:00","mainEntityOfPage":{"@id":"https:\/\/www.msn.unipi.it\/it\/il-museo-si-prepara-alla-riapertura\/"},"wordCount":228,"publisher":{"@id":"https:\/\/www.msn.unipi.it\/it\/#organization"},"image":{"@id":"https:\/\/www.msn.unipi.it\/it\/il-museo-si-prepara-alla-riapertura\/#primaryimage"},"thumbnailUrl":"https:\/\/www.msn.unipi.it\/wp-content\/uploads\/2019\/03\/2bis.jpg","articleSection":["Archivio notizie","Avviso","News"],"inLanguage":"it-IT"},{"@type":"WebPage","@id":"https:\/\/www.msn.unipi.it\/it\/il-museo-si-prepara-alla-riapertura\/","url":"https:\/\/www.msn.unipi.it\/it\/il-museo-si-prepara-alla-riapertura\/","name":"Il Museo si prepara alla riapertura - Museo di Storia Naturale dell&#039;Universit\u00e0 di Pisa","isPartOf":{"@id":"https:\/\/www.msn.unipi.it\/it\/#website"},"primaryImageOfPage":{"@id":"https:\/\/www.msn.unipi.it\/it\/il-museo-si-prepara-alla-riapertura\/#primaryimage"},"image":{"@id":"https:\/\/www.msn.unipi.it\/it\/il-museo-si-prepara-alla-riapertura\/#primaryimage"},"thumbnailUrl":"https:\/\/www.msn.unipi.it\/wp-content\/uploads\/2019\/03\/2bis.jpg","datePublished":"2020-07-06T05:42:52+00:00","dateModified":"2020-07-22T06:17:12+00:00","description":"Comunichiamo ai gentili visitatori che il Museo si sta preparando per la riapertura e appena possibile ne comunicher\u00e0 la data, fino a tale momento IL","breadcrumb":{"@id":"https:\/\/www.msn.unipi.it\/it\/il-museo-si-prepara-alla-riapertura\/#breadcrumb"},"inLanguage":"it-IT","potentialAction":[{"@type":"ReadAction","target":["https:\/\/www.msn.unipi.it\/it\/il-museo-si-prepara-alla-riapertura\/"]}]},{"@type":"ImageObject","inLanguage":"it-IT","@id":"https:\/\/www.msn.unipi.it\/it\/il-museo-si-prepara-alla-riapertura\/#primaryimage","url":"https:\/\/www.msn.unipi.it\/wp-content\/uploads\/2019\/03\/2bis.jpg","contentUrl":"https:\/\/www.msn.unipi.it\/wp-content\/uploads\/2019\/03\/2bis.jpg","width":2048,"height":2048},{"@type":"BreadcrumbList","@id":"https:\/\/www.msn.unipi.it\/it\/il-museo-si-prepara-alla-riapertura\/#breadcrumb","itemListElement":[{"@type":"ListItem","position":1,"name":"Home","item":"https:\/\/www.msn.unipi.it\/it\/"},{"@type":"ListItem","position":2,"name":"Il Museo si prepara alla riapertura"}]},{"@type":"WebSite","@id":"https:\/\/www.msn.unipi.it\/it\/#website","url":"https:\/\/www.msn.unipi.it\/it\/","name":"Museo di Storia Naturale dell&#039;Universit\u00e0 di Pisa","description":"","publisher":{"@id":"https:\/\/www.msn.unipi.it\/it\/#organization"},"potentialAction":[{"@type":"SearchAction","target":{"@type":"EntryPoint","urlTemplate":"https:\/\/www.msn.unipi.it\/it\/?s={search_term_string}"},"query-input":{"@type":"PropertyValueSpecification","valueRequired":true,"valueName":"search_term_string"}}],"inLanguage":"it-IT"},{"@type":"Organization","@id":"https:\/\/www.msn.unipi.it\/it\/#organization","name":"Museo di Storia Naturale dell'Universit\u00e0 di Pisa","url":"https:\/\/www.msn.unipi.it\/it\/","logo":{"@type":"ImageObject","inLanguage":"it-IT","@id":"https:\/\/www.msn.unipi.it\/it\/#\/schema\/logo\/image\/","url":"https:\/\/www.msn.unipi.it\/wp-content\/uploads\/2016\/07\/footer-logo.png","contentUrl":"https:\/\/www.msn.unipi.it\/wp-content\/uploads\/2016\/07\/footer-logo.png","width":220,"height":95,"caption":"Museo di Storia Naturale dell'Universit\u00e0 di Pisa"},"image":{"@id":"https:\/\/www.msn.unipi.it\/it\/#\/schema\/logo\/image\/"},"sameAs":["https:\/\/www.facebook.com\/Museo-di-Storia-Naturale-Universit\u00e0-di-Pisa-277794215612108\/","https:\/\/x.com\/msncalci","https:\/\/www.instagram.com\/museostorianaturale_calci\/","https:\/\/www.youtube.com\/channel\/UCDaMBe_RegmdCnxLPmryMxw"]},{"@type":"Person","@id":"https:\/\/www.msn.unipi.it\/it\/#\/schema\/person\/20631df3667b84d79cffe30e020188a1","name":"a012780@unipi.it","image":{"@type":"ImageObject","inLanguage":"it-IT","@id":"https:\/\/www.msn.unipi.it\/it\/#\/schema\/person\/image\/","url":"https:\/\/secure.gravatar.com\/avatar\/42f33f3cae0d7f62a78cb1395dffdd09?s=96&d=mm&r=g","contentUrl":"https:\/\/secure.gravatar.com\/avatar\/42f33f3cae0d7f62a78cb1395dffdd09?s=96&d=mm&r=g","caption":"a012780@unipi.it"}}]}},"jetpack_featured_media_url":"https:\/\/www.msn.unipi.it\/wp-content\/uploads\/2019\/03\/2bis.jpg","jetpack_sharing_enabled":true,"_links":{"self":[{"href":"https:\/\/www.msn.unipi.it\/it\/wp-json\/wp\/v2\/posts\/19338","targetHints":{"allow":["GET"]}}],"collection":[{"href":"https:\/\/www.msn.unipi.it\/it\/wp-json\/wp\/v2\/posts"}],"about":[{"href":"https:\/\/www.msn.unipi.it\/it\/wp-json\/wp\/v2\/types\/post"}],"author":[{"embeddable":true,"href":"https:\/\/www.msn.unipi.it\/it\/wp-json\/wp\/v2\/users\/7"}],"replies":[{"embeddable":true,"href":"https:\/\/www.msn.unipi.it\/it\/wp-json\/wp\/v2\/comments?post=19338"}],"version-history":[{"count":4,"href":"https:\/\/www.msn.unipi.it\/it\/wp-json\/wp\/v2\/posts\/19338\/revisions"}],"predecessor-version":[{"id":19610,"href":"https:\/\/www.msn.unipi.it\/it\/wp-json\/wp\/v2\/posts\/19338\/revisions\/19610"}],"wp:featuredmedia":[{"embeddable":true,"href":"https:\/\/www.msn.unipi.it\/it\/wp-json\/wp\/v2\/media\/16244"}],"wp:attachment":[{"href":"https:\/\/www.msn.unipi.it\/it\/wp-json\/wp\/v2\/media?parent=19338"}],"wp:term":[{"taxonomy":"category","embeddable":true,"href":"https:\/\/www.msn.unipi.it\/it\/wp-json\/wp\/v2\/categories?post=19338"},{"taxonomy":"post_tag","embeddable":true,"href":"https:\/\/www.msn.unipi.it\/it\/wp-json\/wp\/v2\/tags?post=19338"}],"curies":[{"name":"wp","href":"https:\/\/api.w.org\/{rel}","templated":true}]}}