{"id":19557,"date":"2020-07-20T08:11:55","date_gmt":"2020-07-20T06:11:55","guid":{"rendered":"https:\/\/www.msn.unipi.it\/?p=19557"},"modified":"2020-12-22T10:56:31","modified_gmt":"2020-12-22T09:56:31","slug":"in-piena-estate-al-museo","status":"publish","type":"post","link":"https:\/\/www.msn.unipi.it\/it\/in-piena-estate-al-museo\/","title":{"rendered":"In piena estate&#8230; al Museo!"},"content":{"rendered":"<blockquote><p>\u201cPasseggio per i campi con il cuore sospeso nel sole.\u201d<br \/>\nPeppino Impastato<\/p><\/blockquote>\n<p>Il sole alto, le sale pronte, le giornate lunghe, l&#8217;erba tagliata, le collezioni curate, le luci accese, le persone sorridenti. E qualche novit\u00e0!<br \/>\nIl Museo riapre le sue porte felice di accogliervi di nuovo.<br \/>\nIn sicurezza, seguendo le norme indicate dalle disposizioni governative, affinch\u00e8 la visita risulti piacevole e serena per tutti.<\/p>\n<p>La direttrice del Museo, Elena Bonaccorsi, racconta cos\u00ec la riapertura:<br \/>\n<em>\u201cDietro la porta del Museo di Storia Naturale tutto il personale sta lavorando sodo per la riapertura. Riapriremo al pubblico il 24 luglio: in piena sicurezza, inaugurando una nuova mostra sul tema della plastica, con una nuova illuminazione del bookshop e un biglietto unico e ridotto, che comprender\u00e0 sia le esposizioni permanenti sia la visita all&#8217;acquario di acqua dolce pi\u00f9 grande d&#8217;Italia. Con gli investimenti della nostra Universit\u00e0 sulla parte edilizia della Certosa, con i progetti competitivi finanziati dagli enti del territorio, con il supporto istituzionale della Regione che ci valuta tutti gli anni e anche quest&#8217;anno ci ha indicato primi nella graduatoria dei musei di rilevanza regionale. E &#8211; soprattutto &#8211; con l&#8217;appoggio e la presenza dei tanti visitatori con cui abbiamo dialogato costantemente e con un forte coinvolgimento, anche se a distanza, in questo periodo di emergenza sanitaria. La porta, sulla quale sventoleranno le bandiere nuove, sar\u00e0 di nuovo aperta a tutte le persone che verranno a trovarci: per noi sar\u00e0 una grande, attesissima, festa.\u201d<\/em><\/p>\n<p>Quando verrai, troverai un orso che ti accompagner\u00e0 lungo i percorsi di visita. Non dovrai fare altro che seguire le sue impronte e lasciarti guidare dalla meraviglia.<br \/>\nDopo che il Covid ha scompigliato le carte e rivoluzionato i progetti, dopo mesi di chiusura, eccoci di nuovo qua. Pronti per passeggiare tra le sale e le gallerie, come nei campi, con il cuore sospeso.<br \/>\nPer scoprire nuove storie, immagazzinare profumi, creare ricordi e imparare ancora.<br \/>\nCon l&#8217;impegno del Museo a diventare sempre pi\u00f9 un luogo di incontro e di dialogo.<br \/>\nTi aspettiamo!<\/p>\n<p>S.B.<\/p>\n<p><a href=\"https:\/\/www.msn.unipi.it\/wp-content\/uploads\/2020\/07\/il-museo-riapre-1.jpg\" data-lbwps-width=\"2048\" data-lbwps-height=\"1365\" data-lbwps-srcsmall=\"https:\/\/www.msn.unipi.it\/wp-content\/uploads\/2020\/07\/il-museo-riapre-1-450x300.jpg\"><img loading=\"lazy\" decoding=\"async\" class=\"aligncenter size-medium wp-image-19661\" src=\"https:\/\/www.msn.unipi.it\/wp-content\/uploads\/2020\/07\/il-museo-riapre-1-450x300.jpg\" alt=\"\" width=\"450\" height=\"300\" srcset=\"https:\/\/www.msn.unipi.it\/wp-content\/uploads\/2020\/07\/il-museo-riapre-1-450x300.jpg 450w, https:\/\/www.msn.unipi.it\/wp-content\/uploads\/2020\/07\/il-museo-riapre-1-1024x683.jpg 1024w, https:\/\/www.msn.unipi.it\/wp-content\/uploads\/2020\/07\/il-museo-riapre-1-768x512.jpg 768w, https:\/\/www.msn.unipi.it\/wp-content\/uploads\/2020\/07\/il-museo-riapre-1-1536x1024.jpg 1536w, https:\/\/www.msn.unipi.it\/wp-content\/uploads\/2020\/07\/il-museo-riapre-1.jpg 2048w\" sizes=\"auto, (max-width: 450px) 100vw, 450px\" \/><\/a><\/p>\n","protected":false},"excerpt":{"rendered":"<p>Il sole alto, le sale pronte, le giornate lunghe, l&#8217;erba tagliata, le collezioni curate, le luci accese, le persone sorridenti. E qualche novit\u00e0!<br \/>\nIl Museo riapre le sue porte felice di accogliervi di nuovo.<br \/>\nIn sicurezza, seguendo le norme indicate dalle disposizioni governative, affinch\u00e8 la visita risulti piacevole e serena per tutti.<\/p>\n","protected":false},"author":7,"featured_media":19661,"comment_status":"closed","ping_status":"closed","sticky":false,"template":"","format":"standard","meta":{"_jetpack_memberships_contains_paid_content":false,"footnotes":""},"categories":[444],"tags":[],"class_list":["post-19557","post","type-post","status-publish","format-standard","has-post-thumbnail","hentry","category-blog"],"yoast_head":"<!-- This site is optimized with the Yoast SEO plugin v26.8 - https:\/\/yoast.com\/product\/yoast-seo-wordpress\/ -->\n<title>In piena estate... al Museo! - Museo di Storia Naturale dell&#039;Universit\u00e0 di Pisa<\/title>\n<meta name=\"description\" content=\"Il sole alto, le sale pronte, le giornate lunghe, l&#039;erba tagliata, le collezioni curate, le luci accese, le persone sorridenti. E qualche novit\u00e0! Il Museo riapre le sue porte felice di accogliervi di nuovo. In sicurezza, seguendo le norme indicate dalle disposizioni governative, affinch\u00e8 la visita risulti piacevole e serena per tutti.\" \/>\n<meta name=\"robots\" content=\"index, follow, max-snippet:-1, max-image-preview:large, max-video-preview:-1\" \/>\n<link rel=\"canonical\" href=\"https:\/\/www.msn.unipi.it\/it\/in-piena-estate-al-museo\/\" \/>\n<meta property=\"og:locale\" content=\"it_IT\" \/>\n<meta property=\"og:type\" content=\"article\" \/>\n<meta property=\"og:title\" content=\"In piena estate... al Museo! - Museo di Storia Naturale dell&#039;Universit\u00e0 di Pisa\" \/>\n<meta property=\"og:description\" content=\"Il sole alto, le sale pronte, le giornate lunghe, l&#039;erba tagliata, le collezioni curate, le luci accese, le persone sorridenti. E qualche novit\u00e0! Il Museo riapre le sue porte felice di accogliervi di nuovo. In sicurezza, seguendo le norme indicate dalle disposizioni governative, affinch\u00e8 la visita risulti piacevole e serena per tutti.\" \/>\n<meta property=\"og:url\" content=\"https:\/\/www.msn.unipi.it\/it\/in-piena-estate-al-museo\/\" \/>\n<meta property=\"og:site_name\" content=\"Museo di Storia Naturale dell&#039;Universit\u00e0 di Pisa\" \/>\n<meta property=\"article:publisher\" content=\"https:\/\/www.facebook.com\/Museo-di-Storia-Naturale-Universit%c3%a0-di-Pisa-277794215612108\/\" \/>\n<meta property=\"article:published_time\" content=\"2020-07-20T06:11:55+00:00\" \/>\n<meta property=\"article:modified_time\" content=\"2020-12-22T09:56:31+00:00\" \/>\n<meta property=\"og:image\" content=\"https:\/\/www.msn.unipi.it\/wp-content\/uploads\/2020\/07\/il-museo-riapre-1.jpg\" \/>\n\t<meta property=\"og:image:width\" content=\"2048\" \/>\n\t<meta property=\"og:image:height\" content=\"1365\" \/>\n\t<meta property=\"og:image:type\" content=\"image\/jpeg\" \/>\n<meta name=\"author\" content=\"a012780@unipi.it\" \/>\n<meta name=\"twitter:card\" content=\"summary_large_image\" \/>\n<meta name=\"twitter:creator\" content=\"@msncalci\" \/>\n<meta name=\"twitter:site\" content=\"@msncalci\" \/>\n<meta name=\"twitter:label1\" content=\"Scritto da\" \/>\n\t<meta name=\"twitter:data1\" content=\"a012780@unipi.it\" \/>\n\t<meta name=\"twitter:label2\" content=\"Tempo di lettura stimato\" \/>\n\t<meta name=\"twitter:data2\" content=\"2 minuti\" \/>\n<script type=\"application\/ld+json\" class=\"yoast-schema-graph\">{\"@context\":\"https:\/\/schema.org\",\"@graph\":[{\"@type\":\"Article\",\"@id\":\"https:\/\/www.msn.unipi.it\/it\/in-piena-estate-al-museo\/#article\",\"isPartOf\":{\"@id\":\"https:\/\/www.msn.unipi.it\/it\/in-piena-estate-al-museo\/\"},\"author\":{\"name\":\"a012780@unipi.it\",\"@id\":\"https:\/\/www.msn.unipi.it\/it\/#\/schema\/person\/20631df3667b84d79cffe30e020188a1\"},\"headline\":\"In piena estate&#8230; al Museo!\",\"datePublished\":\"2020-07-20T06:11:55+00:00\",\"dateModified\":\"2020-12-22T09:56:31+00:00\",\"mainEntityOfPage\":{\"@id\":\"https:\/\/www.msn.unipi.it\/it\/in-piena-estate-al-museo\/\"},\"wordCount\":338,\"publisher\":{\"@id\":\"https:\/\/www.msn.unipi.it\/it\/#organization\"},\"image\":{\"@id\":\"https:\/\/www.msn.unipi.it\/it\/in-piena-estate-al-museo\/#primaryimage\"},\"thumbnailUrl\":\"https:\/\/www.msn.unipi.it\/wp-content\/uploads\/2020\/07\/il-museo-riapre-1.jpg\",\"articleSection\":[\"Diario del museo\"],\"inLanguage\":\"it-IT\"},{\"@type\":\"WebPage\",\"@id\":\"https:\/\/www.msn.unipi.it\/it\/in-piena-estate-al-museo\/\",\"url\":\"https:\/\/www.msn.unipi.it\/it\/in-piena-estate-al-museo\/\",\"name\":\"In piena estate... al Museo! - Museo di Storia Naturale dell&#039;Universit\u00e0 di Pisa\",\"isPartOf\":{\"@id\":\"https:\/\/www.msn.unipi.it\/it\/#website\"},\"primaryImageOfPage\":{\"@id\":\"https:\/\/www.msn.unipi.it\/it\/in-piena-estate-al-museo\/#primaryimage\"},\"image\":{\"@id\":\"https:\/\/www.msn.unipi.it\/it\/in-piena-estate-al-museo\/#primaryimage\"},\"thumbnailUrl\":\"https:\/\/www.msn.unipi.it\/wp-content\/uploads\/2020\/07\/il-museo-riapre-1.jpg\",\"datePublished\":\"2020-07-20T06:11:55+00:00\",\"dateModified\":\"2020-12-22T09:56:31+00:00\",\"description\":\"Il sole alto, le sale pronte, le giornate lunghe, l'erba tagliata, le collezioni curate, le luci accese, le persone sorridenti. E qualche novit\u00e0! Il Museo riapre le sue porte felice di accogliervi di nuovo. In sicurezza, seguendo le norme indicate dalle disposizioni governative, affinch\u00e8 la visita risulti piacevole e serena per tutti.\",\"breadcrumb\":{\"@id\":\"https:\/\/www.msn.unipi.it\/it\/in-piena-estate-al-museo\/#breadcrumb\"},\"inLanguage\":\"it-IT\",\"potentialAction\":[{\"@type\":\"ReadAction\",\"target\":[\"https:\/\/www.msn.unipi.it\/it\/in-piena-estate-al-museo\/\"]}]},{\"@type\":\"ImageObject\",\"inLanguage\":\"it-IT\",\"@id\":\"https:\/\/www.msn.unipi.it\/it\/in-piena-estate-al-museo\/#primaryimage\",\"url\":\"https:\/\/www.msn.unipi.it\/wp-content\/uploads\/2020\/07\/il-museo-riapre-1.jpg\",\"contentUrl\":\"https:\/\/www.msn.unipi.it\/wp-content\/uploads\/2020\/07\/il-museo-riapre-1.jpg\",\"width\":2048,\"height\":1365},{\"@type\":\"BreadcrumbList\",\"@id\":\"https:\/\/www.msn.unipi.it\/it\/in-piena-estate-al-museo\/#breadcrumb\",\"itemListElement\":[{\"@type\":\"ListItem\",\"position\":1,\"name\":\"Home\",\"item\":\"https:\/\/www.msn.unipi.it\/it\/\"},{\"@type\":\"ListItem\",\"position\":2,\"name\":\"In piena estate&#8230; al Museo!\"}]},{\"@type\":\"WebSite\",\"@id\":\"https:\/\/www.msn.unipi.it\/it\/#website\",\"url\":\"https:\/\/www.msn.unipi.it\/it\/\",\"name\":\"Museo di Storia Naturale dell&#039;Universit\u00e0 di Pisa\",\"description\":\"\",\"publisher\":{\"@id\":\"https:\/\/www.msn.unipi.it\/it\/#organization\"},\"potentialAction\":[{\"@type\":\"SearchAction\",\"target\":{\"@type\":\"EntryPoint\",\"urlTemplate\":\"https:\/\/www.msn.unipi.it\/it\/?s={search_term_string}\"},\"query-input\":{\"@type\":\"PropertyValueSpecification\",\"valueRequired\":true,\"valueName\":\"search_term_string\"}}],\"inLanguage\":\"it-IT\"},{\"@type\":\"Organization\",\"@id\":\"https:\/\/www.msn.unipi.it\/it\/#organization\",\"name\":\"Museo di Storia Naturale dell'Universit\u00e0 di Pisa\",\"url\":\"https:\/\/www.msn.unipi.it\/it\/\",\"logo\":{\"@type\":\"ImageObject\",\"inLanguage\":\"it-IT\",\"@id\":\"https:\/\/www.msn.unipi.it\/it\/#\/schema\/logo\/image\/\",\"url\":\"https:\/\/www.msn.unipi.it\/wp-content\/uploads\/2016\/07\/footer-logo.png\",\"contentUrl\":\"https:\/\/www.msn.unipi.it\/wp-content\/uploads\/2016\/07\/footer-logo.png\",\"width\":220,\"height\":95,\"caption\":\"Museo di Storia Naturale dell'Universit\u00e0 di Pisa\"},\"image\":{\"@id\":\"https:\/\/www.msn.unipi.it\/it\/#\/schema\/logo\/image\/\"},\"sameAs\":[\"https:\/\/www.facebook.com\/Museo-di-Storia-Naturale-Universit\u00e0-di-Pisa-277794215612108\/\",\"https:\/\/x.com\/msncalci\",\"https:\/\/www.instagram.com\/museostorianaturale_calci\/\",\"https:\/\/www.youtube.com\/channel\/UCDaMBe_RegmdCnxLPmryMxw\"]},{\"@type\":\"Person\",\"@id\":\"https:\/\/www.msn.unipi.it\/it\/#\/schema\/person\/20631df3667b84d79cffe30e020188a1\",\"name\":\"a012780@unipi.it\",\"image\":{\"@type\":\"ImageObject\",\"inLanguage\":\"it-IT\",\"@id\":\"https:\/\/www.msn.unipi.it\/it\/#\/schema\/person\/image\/\",\"url\":\"https:\/\/secure.gravatar.com\/avatar\/42f33f3cae0d7f62a78cb1395dffdd09?s=96&d=mm&r=g\",\"contentUrl\":\"https:\/\/secure.gravatar.com\/avatar\/42f33f3cae0d7f62a78cb1395dffdd09?s=96&d=mm&r=g\",\"caption\":\"a012780@unipi.it\"}}]}<\/script>\n<!-- \/ Yoast SEO plugin. -->","yoast_head_json":{"title":"In piena estate... al Museo! - Museo di Storia Naturale dell&#039;Universit\u00e0 di Pisa","description":"Il sole alto, le sale pronte, le giornate lunghe, l'erba tagliata, le collezioni curate, le luci accese, le persone sorridenti. E qualche novit\u00e0! Il Museo riapre le sue porte felice di accogliervi di nuovo. In sicurezza, seguendo le norme indicate dalle disposizioni governative, affinch\u00e8 la visita risulti piacevole e serena per tutti.","robots":{"index":"index","follow":"follow","max-snippet":"max-snippet:-1","max-image-preview":"max-image-preview:large","max-video-preview":"max-video-preview:-1"},"canonical":"https:\/\/www.msn.unipi.it\/it\/in-piena-estate-al-museo\/","og_locale":"it_IT","og_type":"article","og_title":"In piena estate... al Museo! - Museo di Storia Naturale dell&#039;Universit\u00e0 di Pisa","og_description":"Il sole alto, le sale pronte, le giornate lunghe, l'erba tagliata, le collezioni curate, le luci accese, le persone sorridenti. E qualche novit\u00e0! Il Museo riapre le sue porte felice di accogliervi di nuovo. In sicurezza, seguendo le norme indicate dalle disposizioni governative, affinch\u00e8 la visita risulti piacevole e serena per tutti.","og_url":"https:\/\/www.msn.unipi.it\/it\/in-piena-estate-al-museo\/","og_site_name":"Museo di Storia Naturale dell&#039;Universit\u00e0 di Pisa","article_publisher":"https:\/\/www.facebook.com\/Museo-di-Storia-Naturale-Universit%c3%a0-di-Pisa-277794215612108\/","article_published_time":"2020-07-20T06:11:55+00:00","article_modified_time":"2020-12-22T09:56:31+00:00","og_image":[{"width":2048,"height":1365,"url":"https:\/\/www.msn.unipi.it\/wp-content\/uploads\/2020\/07\/il-museo-riapre-1.jpg","type":"image\/jpeg"}],"author":"a012780@unipi.it","twitter_card":"summary_large_image","twitter_creator":"@msncalci","twitter_site":"@msncalci","twitter_misc":{"Scritto da":"a012780@unipi.it","Tempo di lettura stimato":"2 minuti"},"schema":{"@context":"https:\/\/schema.org","@graph":[{"@type":"Article","@id":"https:\/\/www.msn.unipi.it\/it\/in-piena-estate-al-museo\/#article","isPartOf":{"@id":"https:\/\/www.msn.unipi.it\/it\/in-piena-estate-al-museo\/"},"author":{"name":"a012780@unipi.it","@id":"https:\/\/www.msn.unipi.it\/it\/#\/schema\/person\/20631df3667b84d79cffe30e020188a1"},"headline":"In piena estate&#8230; al Museo!","datePublished":"2020-07-20T06:11:55+00:00","dateModified":"2020-12-22T09:56:31+00:00","mainEntityOfPage":{"@id":"https:\/\/www.msn.unipi.it\/it\/in-piena-estate-al-museo\/"},"wordCount":338,"publisher":{"@id":"https:\/\/www.msn.unipi.it\/it\/#organization"},"image":{"@id":"https:\/\/www.msn.unipi.it\/it\/in-piena-estate-al-museo\/#primaryimage"},"thumbnailUrl":"https:\/\/www.msn.unipi.it\/wp-content\/uploads\/2020\/07\/il-museo-riapre-1.jpg","articleSection":["Diario del museo"],"inLanguage":"it-IT"},{"@type":"WebPage","@id":"https:\/\/www.msn.unipi.it\/it\/in-piena-estate-al-museo\/","url":"https:\/\/www.msn.unipi.it\/it\/in-piena-estate-al-museo\/","name":"In piena estate... al Museo! - Museo di Storia Naturale dell&#039;Universit\u00e0 di Pisa","isPartOf":{"@id":"https:\/\/www.msn.unipi.it\/it\/#website"},"primaryImageOfPage":{"@id":"https:\/\/www.msn.unipi.it\/it\/in-piena-estate-al-museo\/#primaryimage"},"image":{"@id":"https:\/\/www.msn.unipi.it\/it\/in-piena-estate-al-museo\/#primaryimage"},"thumbnailUrl":"https:\/\/www.msn.unipi.it\/wp-content\/uploads\/2020\/07\/il-museo-riapre-1.jpg","datePublished":"2020-07-20T06:11:55+00:00","dateModified":"2020-12-22T09:56:31+00:00","description":"Il sole alto, le sale pronte, le giornate lunghe, l'erba tagliata, le collezioni curate, le luci accese, le persone sorridenti. E qualche novit\u00e0! Il Museo riapre le sue porte felice di accogliervi di nuovo. In sicurezza, seguendo le norme indicate dalle disposizioni governative, affinch\u00e8 la visita risulti piacevole e serena per tutti.","breadcrumb":{"@id":"https:\/\/www.msn.unipi.it\/it\/in-piena-estate-al-museo\/#breadcrumb"},"inLanguage":"it-IT","potentialAction":[{"@type":"ReadAction","target":["https:\/\/www.msn.unipi.it\/it\/in-piena-estate-al-museo\/"]}]},{"@type":"ImageObject","inLanguage":"it-IT","@id":"https:\/\/www.msn.unipi.it\/it\/in-piena-estate-al-museo\/#primaryimage","url":"https:\/\/www.msn.unipi.it\/wp-content\/uploads\/2020\/07\/il-museo-riapre-1.jpg","contentUrl":"https:\/\/www.msn.unipi.it\/wp-content\/uploads\/2020\/07\/il-museo-riapre-1.jpg","width":2048,"height":1365},{"@type":"BreadcrumbList","@id":"https:\/\/www.msn.unipi.it\/it\/in-piena-estate-al-museo\/#breadcrumb","itemListElement":[{"@type":"ListItem","position":1,"name":"Home","item":"https:\/\/www.msn.unipi.it\/it\/"},{"@type":"ListItem","position":2,"name":"In piena estate&#8230; al Museo!"}]},{"@type":"WebSite","@id":"https:\/\/www.msn.unipi.it\/it\/#website","url":"https:\/\/www.msn.unipi.it\/it\/","name":"Museo di Storia Naturale dell&#039;Universit\u00e0 di Pisa","description":"","publisher":{"@id":"https:\/\/www.msn.unipi.it\/it\/#organization"},"potentialAction":[{"@type":"SearchAction","target":{"@type":"EntryPoint","urlTemplate":"https:\/\/www.msn.unipi.it\/it\/?s={search_term_string}"},"query-input":{"@type":"PropertyValueSpecification","valueRequired":true,"valueName":"search_term_string"}}],"inLanguage":"it-IT"},{"@type":"Organization","@id":"https:\/\/www.msn.unipi.it\/it\/#organization","name":"Museo di Storia Naturale dell'Universit\u00e0 di Pisa","url":"https:\/\/www.msn.unipi.it\/it\/","logo":{"@type":"ImageObject","inLanguage":"it-IT","@id":"https:\/\/www.msn.unipi.it\/it\/#\/schema\/logo\/image\/","url":"https:\/\/www.msn.unipi.it\/wp-content\/uploads\/2016\/07\/footer-logo.png","contentUrl":"https:\/\/www.msn.unipi.it\/wp-content\/uploads\/2016\/07\/footer-logo.png","width":220,"height":95,"caption":"Museo di Storia Naturale dell'Universit\u00e0 di Pisa"},"image":{"@id":"https:\/\/www.msn.unipi.it\/it\/#\/schema\/logo\/image\/"},"sameAs":["https:\/\/www.facebook.com\/Museo-di-Storia-Naturale-Universit\u00e0-di-Pisa-277794215612108\/","https:\/\/x.com\/msncalci","https:\/\/www.instagram.com\/museostorianaturale_calci\/","https:\/\/www.youtube.com\/channel\/UCDaMBe_RegmdCnxLPmryMxw"]},{"@type":"Person","@id":"https:\/\/www.msn.unipi.it\/it\/#\/schema\/person\/20631df3667b84d79cffe30e020188a1","name":"a012780@unipi.it","image":{"@type":"ImageObject","inLanguage":"it-IT","@id":"https:\/\/www.msn.unipi.it\/it\/#\/schema\/person\/image\/","url":"https:\/\/secure.gravatar.com\/avatar\/42f33f3cae0d7f62a78cb1395dffdd09?s=96&d=mm&r=g","contentUrl":"https:\/\/secure.gravatar.com\/avatar\/42f33f3cae0d7f62a78cb1395dffdd09?s=96&d=mm&r=g","caption":"a012780@unipi.it"}}]}},"jetpack_featured_media_url":"https:\/\/www.msn.unipi.it\/wp-content\/uploads\/2020\/07\/il-museo-riapre-1.jpg","jetpack_sharing_enabled":true,"_links":{"self":[{"href":"https:\/\/www.msn.unipi.it\/it\/wp-json\/wp\/v2\/posts\/19557","targetHints":{"allow":["GET"]}}],"collection":[{"href":"https:\/\/www.msn.unipi.it\/it\/wp-json\/wp\/v2\/posts"}],"about":[{"href":"https:\/\/www.msn.unipi.it\/it\/wp-json\/wp\/v2\/types\/post"}],"author":[{"embeddable":true,"href":"https:\/\/www.msn.unipi.it\/it\/wp-json\/wp\/v2\/users\/7"}],"replies":[{"embeddable":true,"href":"https:\/\/www.msn.unipi.it\/it\/wp-json\/wp\/v2\/comments?post=19557"}],"version-history":[{"count":6,"href":"https:\/\/www.msn.unipi.it\/it\/wp-json\/wp\/v2\/posts\/19557\/revisions"}],"predecessor-version":[{"id":20632,"href":"https:\/\/www.msn.unipi.it\/it\/wp-json\/wp\/v2\/posts\/19557\/revisions\/20632"}],"wp:featuredmedia":[{"embeddable":true,"href":"https:\/\/www.msn.unipi.it\/it\/wp-json\/wp\/v2\/media\/19661"}],"wp:attachment":[{"href":"https:\/\/www.msn.unipi.it\/it\/wp-json\/wp\/v2\/media?parent=19557"}],"wp:term":[{"taxonomy":"category","embeddable":true,"href":"https:\/\/www.msn.unipi.it\/it\/wp-json\/wp\/v2\/categories?post=19557"},{"taxonomy":"post_tag","embeddable":true,"href":"https:\/\/www.msn.unipi.it\/it\/wp-json\/wp\/v2\/tags?post=19557"}],"curies":[{"name":"wp","href":"https:\/\/api.w.org\/{rel}","templated":true}]}}