{"id":20493,"date":"2020-12-09T13:20:41","date_gmt":"2020-12-09T12:20:41","guid":{"rendered":"https:\/\/www.msn.unipi.it\/?p=20493"},"modified":"2021-01-20T08:34:01","modified_gmt":"2021-01-20T07:34:01","slug":"tornare-bambini","status":"publish","type":"post","link":"https:\/\/www.msn.unipi.it\/it\/tornare-bambini\/","title":{"rendered":"Tornare bambini"},"content":{"rendered":"<blockquote><p><em>Spesso il presepe, come altri dei pi\u00f9 teneri piaceri dell&#8217;infanzia, rimane tra i piccoli ricordi semplici e duraturi.<\/em><\/p><\/blockquote>\n<p><em>\u00a0<\/em><\/p>\n<p>Da qualche anno, la data dell&#8217;otto dicembre segna l&#8217;apertura dei presepi allestiti nelle sale del Museo. Presepi storici, meccanici, pensati e realizzati intorno alla met\u00e0 del secolo scorso dalle mani sapienti dei calcesani Alberto e Renzo Meucci, con l&#8217;aiuto di validi collaboratori.<\/p>\n<p>Il primo presepe, risalente al Natale del 1948, venne allestito nella pieve di Calci.<\/p>\n<p>Dopo ne furono costruiti altri che Renzo e Alberto portarono a Pisa, Livorno, Bologna, Verona, Milano, Torino, Parma, Ferrara, Roma, fino a Bogot\u00e0, in Colombia, facendo meravigliare grandi e piccini con i dettagli, le scenografie, i movimenti dei personaggi.<\/p>\n<p>Quest&#8217;anno, purtroppo, con il Museo chiuso al pubblico, i personaggi dei presepi non si animeranno, non prenderanno vita. Non sar\u00e0 possibile tornare a \u201cmeravigliarsi\u201d nel vederne i movimenti, belli, tanti, a volte quasi impercettibili quanto delicati.<\/p>\n<p>Per poter &#8220;ammirare&#8221; i presepi allestiti in Museo abbiamo pensato di raccontarne la storia: qualche giorno prima del Natale, la potremo vedere e ascoltare sui nostri canali social.<\/p>\n<p>I presepi Meucci, come molti altri diffusi in tutta la Toscana, fanno parte di <a href=\"https:\/\/terredipresepi.blogspot.com\/\" target=\"_blank\" rel=\"noopener noreferrer\">Terre di Presepi<\/a>, la rete che unisce e coordina i tantissimi presepi della Regione.<\/p>\n<p>In occasione di questo Natale cos\u00ec particolare \u201cTerre di Presepi\u201d ha ideato una iniziativa, a cui tutti possono aderire, che ha lo scopo di \u201cvedere\u201d i presepi senza andare ad ammirarli nei luoghi dove sono allestiti.<\/p>\n<p>Si tratta di un contest nazionale che, con lo slogan &#8220;E quindi uscimmo a riveder le stelle comete&#8221;, invita a fare il presepe, fotografarlo e inviare lo scatto a <a href=\"mailto:terredipresepi@gmail.com\">terredipresepi@gmail.com<\/a>. I presepi (le cui foto saranno caricate sulla pagina facebook \u201cTerre di Presepi\u201d) che riscuoteranno pi\u00f9 \u201cmi piace\u201d saranno candidati, il prossimo Natale, alla selezione per la mostra \u201c100 presepi in Vaticano\u201d.<\/p>\n<p>Tra storie e foto, anche quest&#8217;anno potremo vivere la magia del Natale, ricordandoci che la magia pi\u00f9 bella e pi\u00f9 vera \u00e8 quella di poterla condividere.<\/p>\n<p>S.B.<\/p>\n<p class=\"jetpack-slideshow-noscript robots-nocontent\">Questo slideshow richiede JavaScript.<\/p><div id=\"gallery-20493-1-slideshow\" class=\"jetpack-slideshow-window jetpack-slideshow jetpack-slideshow-black\" data-trans=\"fade\" data-autostart=\"1\" data-gallery=\"[{&quot;src&quot;:&quot;https:\\\/\\\/www.msn.unipi.it\\\/wp-content\\\/uploads\\\/2020\\\/12\\\/presepe-2020-1-530x800.jpg&quot;,&quot;id&quot;:&quot;20496&quot;,&quot;title&quot;:&quot;presepe 2020 (1)&quot;,&quot;alt&quot;:&quot;&quot;,&quot;caption&quot;:&quot;&quot;,&quot;itemprop&quot;:&quot;image&quot;},{&quot;src&quot;:&quot;https:\\\/\\\/www.msn.unipi.it\\\/wp-content\\\/uploads\\\/2020\\\/12\\\/presepe-2020-2-1024x679.jpg&quot;,&quot;id&quot;:&quot;20498&quot;,&quot;title&quot;:&quot;presepe 2020 (2)&quot;,&quot;alt&quot;:&quot;&quot;,&quot;caption&quot;:&quot;&quot;,&quot;itemprop&quot;:&quot;image&quot;},{&quot;src&quot;:&quot;https:\\\/\\\/www.msn.unipi.it\\\/wp-content\\\/uploads\\\/2020\\\/12\\\/presepe-2020-3-1024x679.jpg&quot;,&quot;id&quot;:&quot;20500&quot;,&quot;title&quot;:&quot;presepe 2020 (3)&quot;,&quot;alt&quot;:&quot;&quot;,&quot;caption&quot;:&quot;&quot;,&quot;itemprop&quot;:&quot;image&quot;},{&quot;src&quot;:&quot;https:\\\/\\\/www.msn.unipi.it\\\/wp-content\\\/uploads\\\/2020\\\/12\\\/presepe-2020-4-752x800.jpg&quot;,&quot;id&quot;:&quot;20502&quot;,&quot;title&quot;:&quot;presepe 2020 (4)&quot;,&quot;alt&quot;:&quot;&quot;,&quot;caption&quot;:&quot;&quot;,&quot;itemprop&quot;:&quot;image&quot;},{&quot;src&quot;:&quot;https:\\\/\\\/www.msn.unipi.it\\\/wp-content\\\/uploads\\\/2020\\\/12\\\/presepe-2020-5-1024x680.jpg&quot;,&quot;id&quot;:&quot;20504&quot;,&quot;title&quot;:&quot;presepe 2020 (5)&quot;,&quot;alt&quot;:&quot;&quot;,&quot;caption&quot;:&quot;&quot;,&quot;itemprop&quot;:&quot;image&quot;},{&quot;src&quot;:&quot;https:\\\/\\\/www.msn.unipi.it\\\/wp-content\\\/uploads\\\/2020\\\/12\\\/presepe-2020-6-1024x704.jpg&quot;,&quot;id&quot;:&quot;20506&quot;,&quot;title&quot;:&quot;presepe 2020 (6)&quot;,&quot;alt&quot;:&quot;&quot;,&quot;caption&quot;:&quot;&quot;,&quot;itemprop&quot;:&quot;image&quot;}]\" itemscope itemtype=\"https:\/\/schema.org\/ImageGallery\"><\/div>\n","protected":false},"excerpt":{"rendered":"<p>Da qualche anno, la data dell&#8217;otto dicembre segna l&#8217;apertura dei presepi allestiti nelle sale del Museo. Presepi storici, meccanici, pensati e realizzati intorno alla met\u00e0 del secolo scorso dalle mani sapienti dei calcesani Alberto e Renzo Meucci, con l&#8217;aiuto di validi collaboratori.<\/p>\n","protected":false},"author":7,"featured_media":20506,"comment_status":"closed","ping_status":"closed","sticky":false,"template":"","format":"standard","meta":{"_jetpack_memberships_contains_paid_content":false,"footnotes":""},"categories":[444],"tags":[],"class_list":["post-20493","post","type-post","status-publish","format-standard","has-post-thumbnail","hentry","category-blog"],"yoast_head":"<!-- This site is optimized with the Yoast SEO plugin v26.8 - https:\/\/yoast.com\/product\/yoast-seo-wordpress\/ -->\n<title>Tornare bambini - Museo di Storia Naturale dell&#039;Universit\u00e0 di Pisa<\/title>\n<meta name=\"description\" content=\"Da qualche anno, la data dell&#039;otto dicembre segna l&#039;apertura dei presepi allestiti nelle sale del Museo. Presepi storici, meccanici, pensati e realizzati intorno alla met\u00e0 del secolo scorso dalle mani sapienti dei calcesani Alberto e Renzo Meucci, con l&#039;aiuto di validi collaboratori.\" \/>\n<meta name=\"robots\" content=\"index, follow, max-snippet:-1, max-image-preview:large, max-video-preview:-1\" \/>\n<link rel=\"canonical\" href=\"https:\/\/www.msn.unipi.it\/it\/tornare-bambini\/\" \/>\n<meta property=\"og:locale\" content=\"it_IT\" \/>\n<meta property=\"og:type\" content=\"article\" \/>\n<meta property=\"og:title\" content=\"Tornare bambini - Museo di Storia Naturale dell&#039;Universit\u00e0 di Pisa\" \/>\n<meta property=\"og:description\" content=\"Da qualche anno, la data dell&#039;otto dicembre segna l&#039;apertura dei presepi allestiti nelle sale del Museo. Presepi storici, meccanici, pensati e realizzati intorno alla met\u00e0 del secolo scorso dalle mani sapienti dei calcesani Alberto e Renzo Meucci, con l&#039;aiuto di validi collaboratori.\" \/>\n<meta property=\"og:url\" content=\"https:\/\/www.msn.unipi.it\/it\/tornare-bambini\/\" \/>\n<meta property=\"og:site_name\" content=\"Museo di Storia Naturale dell&#039;Universit\u00e0 di Pisa\" \/>\n<meta property=\"article:publisher\" content=\"https:\/\/www.facebook.com\/Museo-di-Storia-Naturale-Universit%c3%a0-di-Pisa-277794215612108\/\" \/>\n<meta property=\"article:published_time\" content=\"2020-12-09T12:20:41+00:00\" \/>\n<meta property=\"article:modified_time\" content=\"2021-01-20T07:34:01+00:00\" \/>\n<meta property=\"og:image\" content=\"https:\/\/www.msn.unipi.it\/wp-content\/uploads\/2020\/12\/presepe-2020-6.jpg\" \/>\n\t<meta property=\"og:image:width\" content=\"2048\" \/>\n\t<meta property=\"og:image:height\" content=\"1407\" \/>\n\t<meta property=\"og:image:type\" content=\"image\/jpeg\" \/>\n<meta name=\"author\" content=\"a012780@unipi.it\" \/>\n<meta name=\"twitter:card\" content=\"summary_large_image\" \/>\n<meta name=\"twitter:creator\" content=\"@msncalci\" \/>\n<meta name=\"twitter:site\" content=\"@msncalci\" \/>\n<meta name=\"twitter:label1\" content=\"Scritto da\" \/>\n\t<meta name=\"twitter:data1\" content=\"a012780@unipi.it\" \/>\n\t<meta name=\"twitter:label2\" content=\"Tempo di lettura stimato\" \/>\n\t<meta name=\"twitter:data2\" content=\"2 minuti\" \/>\n<script type=\"application\/ld+json\" class=\"yoast-schema-graph\">{\"@context\":\"https:\/\/schema.org\",\"@graph\":[{\"@type\":\"Article\",\"@id\":\"https:\/\/www.msn.unipi.it\/it\/tornare-bambini\/#article\",\"isPartOf\":{\"@id\":\"https:\/\/www.msn.unipi.it\/it\/tornare-bambini\/\"},\"author\":{\"name\":\"a012780@unipi.it\",\"@id\":\"https:\/\/www.msn.unipi.it\/it\/#\/schema\/person\/20631df3667b84d79cffe30e020188a1\"},\"headline\":\"Tornare bambini\",\"datePublished\":\"2020-12-09T12:20:41+00:00\",\"dateModified\":\"2021-01-20T07:34:01+00:00\",\"mainEntityOfPage\":{\"@id\":\"https:\/\/www.msn.unipi.it\/it\/tornare-bambini\/\"},\"wordCount\":338,\"publisher\":{\"@id\":\"https:\/\/www.msn.unipi.it\/it\/#organization\"},\"image\":{\"@id\":\"https:\/\/www.msn.unipi.it\/it\/tornare-bambini\/#primaryimage\"},\"thumbnailUrl\":\"https:\/\/www.msn.unipi.it\/wp-content\/uploads\/2020\/12\/presepe-2020-6.jpg\",\"articleSection\":[\"Diario del museo\"],\"inLanguage\":\"it-IT\"},{\"@type\":\"WebPage\",\"@id\":\"https:\/\/www.msn.unipi.it\/it\/tornare-bambini\/\",\"url\":\"https:\/\/www.msn.unipi.it\/it\/tornare-bambini\/\",\"name\":\"Tornare bambini - Museo di Storia Naturale dell&#039;Universit\u00e0 di Pisa\",\"isPartOf\":{\"@id\":\"https:\/\/www.msn.unipi.it\/it\/#website\"},\"primaryImageOfPage\":{\"@id\":\"https:\/\/www.msn.unipi.it\/it\/tornare-bambini\/#primaryimage\"},\"image\":{\"@id\":\"https:\/\/www.msn.unipi.it\/it\/tornare-bambini\/#primaryimage\"},\"thumbnailUrl\":\"https:\/\/www.msn.unipi.it\/wp-content\/uploads\/2020\/12\/presepe-2020-6.jpg\",\"datePublished\":\"2020-12-09T12:20:41+00:00\",\"dateModified\":\"2021-01-20T07:34:01+00:00\",\"description\":\"Da qualche anno, la data dell'otto dicembre segna l'apertura dei presepi allestiti nelle sale del Museo. Presepi storici, meccanici, pensati e realizzati intorno alla met\u00e0 del secolo scorso dalle mani sapienti dei calcesani Alberto e Renzo Meucci, con l'aiuto di validi collaboratori.\",\"breadcrumb\":{\"@id\":\"https:\/\/www.msn.unipi.it\/it\/tornare-bambini\/#breadcrumb\"},\"inLanguage\":\"it-IT\",\"potentialAction\":[{\"@type\":\"ReadAction\",\"target\":[\"https:\/\/www.msn.unipi.it\/it\/tornare-bambini\/\"]}]},{\"@type\":\"ImageObject\",\"inLanguage\":\"it-IT\",\"@id\":\"https:\/\/www.msn.unipi.it\/it\/tornare-bambini\/#primaryimage\",\"url\":\"https:\/\/www.msn.unipi.it\/wp-content\/uploads\/2020\/12\/presepe-2020-6.jpg\",\"contentUrl\":\"https:\/\/www.msn.unipi.it\/wp-content\/uploads\/2020\/12\/presepe-2020-6.jpg\",\"width\":2048,\"height\":1407},{\"@type\":\"BreadcrumbList\",\"@id\":\"https:\/\/www.msn.unipi.it\/it\/tornare-bambini\/#breadcrumb\",\"itemListElement\":[{\"@type\":\"ListItem\",\"position\":1,\"name\":\"Home\",\"item\":\"https:\/\/www.msn.unipi.it\/it\/\"},{\"@type\":\"ListItem\",\"position\":2,\"name\":\"Tornare bambini\"}]},{\"@type\":\"WebSite\",\"@id\":\"https:\/\/www.msn.unipi.it\/it\/#website\",\"url\":\"https:\/\/www.msn.unipi.it\/it\/\",\"name\":\"Museo di Storia Naturale dell&#039;Universit\u00e0 di Pisa\",\"description\":\"\",\"publisher\":{\"@id\":\"https:\/\/www.msn.unipi.it\/it\/#organization\"},\"potentialAction\":[{\"@type\":\"SearchAction\",\"target\":{\"@type\":\"EntryPoint\",\"urlTemplate\":\"https:\/\/www.msn.unipi.it\/it\/?s={search_term_string}\"},\"query-input\":{\"@type\":\"PropertyValueSpecification\",\"valueRequired\":true,\"valueName\":\"search_term_string\"}}],\"inLanguage\":\"it-IT\"},{\"@type\":\"Organization\",\"@id\":\"https:\/\/www.msn.unipi.it\/it\/#organization\",\"name\":\"Museo di Storia Naturale dell'Universit\u00e0 di Pisa\",\"url\":\"https:\/\/www.msn.unipi.it\/it\/\",\"logo\":{\"@type\":\"ImageObject\",\"inLanguage\":\"it-IT\",\"@id\":\"https:\/\/www.msn.unipi.it\/it\/#\/schema\/logo\/image\/\",\"url\":\"https:\/\/www.msn.unipi.it\/wp-content\/uploads\/2016\/07\/footer-logo.png\",\"contentUrl\":\"https:\/\/www.msn.unipi.it\/wp-content\/uploads\/2016\/07\/footer-logo.png\",\"width\":220,\"height\":95,\"caption\":\"Museo di Storia Naturale dell'Universit\u00e0 di Pisa\"},\"image\":{\"@id\":\"https:\/\/www.msn.unipi.it\/it\/#\/schema\/logo\/image\/\"},\"sameAs\":[\"https:\/\/www.facebook.com\/Museo-di-Storia-Naturale-Universit\u00e0-di-Pisa-277794215612108\/\",\"https:\/\/x.com\/msncalci\",\"https:\/\/www.instagram.com\/museostorianaturale_calci\/\",\"https:\/\/www.youtube.com\/channel\/UCDaMBe_RegmdCnxLPmryMxw\"]},{\"@type\":\"Person\",\"@id\":\"https:\/\/www.msn.unipi.it\/it\/#\/schema\/person\/20631df3667b84d79cffe30e020188a1\",\"name\":\"a012780@unipi.it\",\"image\":{\"@type\":\"ImageObject\",\"inLanguage\":\"it-IT\",\"@id\":\"https:\/\/www.msn.unipi.it\/it\/#\/schema\/person\/image\/\",\"url\":\"https:\/\/secure.gravatar.com\/avatar\/42f33f3cae0d7f62a78cb1395dffdd09?s=96&d=mm&r=g\",\"contentUrl\":\"https:\/\/secure.gravatar.com\/avatar\/42f33f3cae0d7f62a78cb1395dffdd09?s=96&d=mm&r=g\",\"caption\":\"a012780@unipi.it\"}}]}<\/script>\n<!-- \/ Yoast SEO plugin. -->","yoast_head_json":{"title":"Tornare bambini - Museo di Storia Naturale dell&#039;Universit\u00e0 di Pisa","description":"Da qualche anno, la data dell'otto dicembre segna l'apertura dei presepi allestiti nelle sale del Museo. Presepi storici, meccanici, pensati e realizzati intorno alla met\u00e0 del secolo scorso dalle mani sapienti dei calcesani Alberto e Renzo Meucci, con l'aiuto di validi collaboratori.","robots":{"index":"index","follow":"follow","max-snippet":"max-snippet:-1","max-image-preview":"max-image-preview:large","max-video-preview":"max-video-preview:-1"},"canonical":"https:\/\/www.msn.unipi.it\/it\/tornare-bambini\/","og_locale":"it_IT","og_type":"article","og_title":"Tornare bambini - Museo di Storia Naturale dell&#039;Universit\u00e0 di Pisa","og_description":"Da qualche anno, la data dell'otto dicembre segna l'apertura dei presepi allestiti nelle sale del Museo. Presepi storici, meccanici, pensati e realizzati intorno alla met\u00e0 del secolo scorso dalle mani sapienti dei calcesani Alberto e Renzo Meucci, con l'aiuto di validi collaboratori.","og_url":"https:\/\/www.msn.unipi.it\/it\/tornare-bambini\/","og_site_name":"Museo di Storia Naturale dell&#039;Universit\u00e0 di Pisa","article_publisher":"https:\/\/www.facebook.com\/Museo-di-Storia-Naturale-Universit%c3%a0-di-Pisa-277794215612108\/","article_published_time":"2020-12-09T12:20:41+00:00","article_modified_time":"2021-01-20T07:34:01+00:00","og_image":[{"width":2048,"height":1407,"url":"https:\/\/www.msn.unipi.it\/wp-content\/uploads\/2020\/12\/presepe-2020-6.jpg","type":"image\/jpeg"}],"author":"a012780@unipi.it","twitter_card":"summary_large_image","twitter_creator":"@msncalci","twitter_site":"@msncalci","twitter_misc":{"Scritto da":"a012780@unipi.it","Tempo di lettura stimato":"2 minuti"},"schema":{"@context":"https:\/\/schema.org","@graph":[{"@type":"Article","@id":"https:\/\/www.msn.unipi.it\/it\/tornare-bambini\/#article","isPartOf":{"@id":"https:\/\/www.msn.unipi.it\/it\/tornare-bambini\/"},"author":{"name":"a012780@unipi.it","@id":"https:\/\/www.msn.unipi.it\/it\/#\/schema\/person\/20631df3667b84d79cffe30e020188a1"},"headline":"Tornare bambini","datePublished":"2020-12-09T12:20:41+00:00","dateModified":"2021-01-20T07:34:01+00:00","mainEntityOfPage":{"@id":"https:\/\/www.msn.unipi.it\/it\/tornare-bambini\/"},"wordCount":338,"publisher":{"@id":"https:\/\/www.msn.unipi.it\/it\/#organization"},"image":{"@id":"https:\/\/www.msn.unipi.it\/it\/tornare-bambini\/#primaryimage"},"thumbnailUrl":"https:\/\/www.msn.unipi.it\/wp-content\/uploads\/2020\/12\/presepe-2020-6.jpg","articleSection":["Diario del museo"],"inLanguage":"it-IT"},{"@type":"WebPage","@id":"https:\/\/www.msn.unipi.it\/it\/tornare-bambini\/","url":"https:\/\/www.msn.unipi.it\/it\/tornare-bambini\/","name":"Tornare bambini - Museo di Storia Naturale dell&#039;Universit\u00e0 di Pisa","isPartOf":{"@id":"https:\/\/www.msn.unipi.it\/it\/#website"},"primaryImageOfPage":{"@id":"https:\/\/www.msn.unipi.it\/it\/tornare-bambini\/#primaryimage"},"image":{"@id":"https:\/\/www.msn.unipi.it\/it\/tornare-bambini\/#primaryimage"},"thumbnailUrl":"https:\/\/www.msn.unipi.it\/wp-content\/uploads\/2020\/12\/presepe-2020-6.jpg","datePublished":"2020-12-09T12:20:41+00:00","dateModified":"2021-01-20T07:34:01+00:00","description":"Da qualche anno, la data dell'otto dicembre segna l'apertura dei presepi allestiti nelle sale del Museo. Presepi storici, meccanici, pensati e realizzati intorno alla met\u00e0 del secolo scorso dalle mani sapienti dei calcesani Alberto e Renzo Meucci, con l'aiuto di validi collaboratori.","breadcrumb":{"@id":"https:\/\/www.msn.unipi.it\/it\/tornare-bambini\/#breadcrumb"},"inLanguage":"it-IT","potentialAction":[{"@type":"ReadAction","target":["https:\/\/www.msn.unipi.it\/it\/tornare-bambini\/"]}]},{"@type":"ImageObject","inLanguage":"it-IT","@id":"https:\/\/www.msn.unipi.it\/it\/tornare-bambini\/#primaryimage","url":"https:\/\/www.msn.unipi.it\/wp-content\/uploads\/2020\/12\/presepe-2020-6.jpg","contentUrl":"https:\/\/www.msn.unipi.it\/wp-content\/uploads\/2020\/12\/presepe-2020-6.jpg","width":2048,"height":1407},{"@type":"BreadcrumbList","@id":"https:\/\/www.msn.unipi.it\/it\/tornare-bambini\/#breadcrumb","itemListElement":[{"@type":"ListItem","position":1,"name":"Home","item":"https:\/\/www.msn.unipi.it\/it\/"},{"@type":"ListItem","position":2,"name":"Tornare bambini"}]},{"@type":"WebSite","@id":"https:\/\/www.msn.unipi.it\/it\/#website","url":"https:\/\/www.msn.unipi.it\/it\/","name":"Museo di Storia Naturale dell&#039;Universit\u00e0 di Pisa","description":"","publisher":{"@id":"https:\/\/www.msn.unipi.it\/it\/#organization"},"potentialAction":[{"@type":"SearchAction","target":{"@type":"EntryPoint","urlTemplate":"https:\/\/www.msn.unipi.it\/it\/?s={search_term_string}"},"query-input":{"@type":"PropertyValueSpecification","valueRequired":true,"valueName":"search_term_string"}}],"inLanguage":"it-IT"},{"@type":"Organization","@id":"https:\/\/www.msn.unipi.it\/it\/#organization","name":"Museo di Storia Naturale dell'Universit\u00e0 di Pisa","url":"https:\/\/www.msn.unipi.it\/it\/","logo":{"@type":"ImageObject","inLanguage":"it-IT","@id":"https:\/\/www.msn.unipi.it\/it\/#\/schema\/logo\/image\/","url":"https:\/\/www.msn.unipi.it\/wp-content\/uploads\/2016\/07\/footer-logo.png","contentUrl":"https:\/\/www.msn.unipi.it\/wp-content\/uploads\/2016\/07\/footer-logo.png","width":220,"height":95,"caption":"Museo di Storia Naturale dell'Universit\u00e0 di Pisa"},"image":{"@id":"https:\/\/www.msn.unipi.it\/it\/#\/schema\/logo\/image\/"},"sameAs":["https:\/\/www.facebook.com\/Museo-di-Storia-Naturale-Universit\u00e0-di-Pisa-277794215612108\/","https:\/\/x.com\/msncalci","https:\/\/www.instagram.com\/museostorianaturale_calci\/","https:\/\/www.youtube.com\/channel\/UCDaMBe_RegmdCnxLPmryMxw"]},{"@type":"Person","@id":"https:\/\/www.msn.unipi.it\/it\/#\/schema\/person\/20631df3667b84d79cffe30e020188a1","name":"a012780@unipi.it","image":{"@type":"ImageObject","inLanguage":"it-IT","@id":"https:\/\/www.msn.unipi.it\/it\/#\/schema\/person\/image\/","url":"https:\/\/secure.gravatar.com\/avatar\/42f33f3cae0d7f62a78cb1395dffdd09?s=96&d=mm&r=g","contentUrl":"https:\/\/secure.gravatar.com\/avatar\/42f33f3cae0d7f62a78cb1395dffdd09?s=96&d=mm&r=g","caption":"a012780@unipi.it"}}]}},"jetpack_featured_media_url":"https:\/\/www.msn.unipi.it\/wp-content\/uploads\/2020\/12\/presepe-2020-6.jpg","jetpack_sharing_enabled":true,"_links":{"self":[{"href":"https:\/\/www.msn.unipi.it\/it\/wp-json\/wp\/v2\/posts\/20493","targetHints":{"allow":["GET"]}}],"collection":[{"href":"https:\/\/www.msn.unipi.it\/it\/wp-json\/wp\/v2\/posts"}],"about":[{"href":"https:\/\/www.msn.unipi.it\/it\/wp-json\/wp\/v2\/types\/post"}],"author":[{"embeddable":true,"href":"https:\/\/www.msn.unipi.it\/it\/wp-json\/wp\/v2\/users\/7"}],"replies":[{"embeddable":true,"href":"https:\/\/www.msn.unipi.it\/it\/wp-json\/wp\/v2\/comments?post=20493"}],"version-history":[{"count":6,"href":"https:\/\/www.msn.unipi.it\/it\/wp-json\/wp\/v2\/posts\/20493\/revisions"}],"predecessor-version":[{"id":20624,"href":"https:\/\/www.msn.unipi.it\/it\/wp-json\/wp\/v2\/posts\/20493\/revisions\/20624"}],"wp:featuredmedia":[{"embeddable":true,"href":"https:\/\/www.msn.unipi.it\/it\/wp-json\/wp\/v2\/media\/20506"}],"wp:attachment":[{"href":"https:\/\/www.msn.unipi.it\/it\/wp-json\/wp\/v2\/media?parent=20493"}],"wp:term":[{"taxonomy":"category","embeddable":true,"href":"https:\/\/www.msn.unipi.it\/it\/wp-json\/wp\/v2\/categories?post=20493"},{"taxonomy":"post_tag","embeddable":true,"href":"https:\/\/www.msn.unipi.it\/it\/wp-json\/wp\/v2\/tags?post=20493"}],"curies":[{"name":"wp","href":"https:\/\/api.w.org\/{rel}","templated":true}]}}