{"id":22597,"date":"2021-07-13T11:45:30","date_gmt":"2021-07-13T09:45:30","guid":{"rendered":"https:\/\/www.msn.unipi.it\/?p=22597"},"modified":"2021-09-15T10:44:55","modified_gmt":"2021-09-15T08:44:55","slug":"la-visione-fantastica-di-dante","status":"publish","type":"post","link":"https:\/\/www.msn.unipi.it\/it\/la-visione-fantastica-di-dante\/","title":{"rendered":"La visione fantastica di Dante"},"content":{"rendered":"<p>In occasione dell&#8217;esposizione temporanea <a href=\"https:\/\/www.msn.unipi.it\/it\/eventi\/inferno-bestiario-dantesco\/\" target=\"_blank\" rel=\"noopener\">&#8220;Inferno. Bestiario dantesco&#8221;<\/a>, vi proponiamo un&#8217;intervista con il personale di <a href=\"https:\/\/www.naturaliter.com\/\" target=\"_blank\" rel=\"noopener\">Naturaliter<\/a> che ha ideato e realizzato la mostra.<\/p>\n<p>&nbsp;<\/p>\n<p><a href=\"https:\/\/www.msn.unipi.it\/wp-content\/uploads\/2021\/07\/Foto-ditta-Naturaliter-1.jpg\" data-lbwps-width=\"689\" data-lbwps-height=\"459\" data-lbwps-srcsmall=\"https:\/\/www.msn.unipi.it\/wp-content\/uploads\/2021\/07\/Foto-ditta-Naturaliter-1-450x300.jpg\"><img loading=\"lazy\" decoding=\"async\" class=\"aligncenter size-medium wp-image-22598\" src=\"https:\/\/www.msn.unipi.it\/wp-content\/uploads\/2021\/07\/Foto-ditta-Naturaliter-1-450x300.jpg\" alt=\"\" width=\"450\" height=\"300\" srcset=\"https:\/\/www.msn.unipi.it\/wp-content\/uploads\/2021\/07\/Foto-ditta-Naturaliter-1-450x300.jpg 450w, https:\/\/www.msn.unipi.it\/wp-content\/uploads\/2021\/07\/Foto-ditta-Naturaliter-1.jpg 689w\" sizes=\"auto, (max-width: 450px) 100vw, 450px\" \/><\/a><\/p>\n<p>&nbsp;<\/p>\n<p><strong>Com\u2019\u00e8 nata l\u2019idea di una mostra dedicata a Dante?<\/strong><br \/>\nEssendo toscani, amanti dell\u2019arte e della natura, abbiamo pensato di poter condensare le nostre passioni, utilizzando un toscano DOC , appunto Dante Alighieri, che tutti noi abbiamo studiato e che \u00e8 riuscito con la sua visione fantastica, molto fantasy, dell\u2019altro mondo, a impressionare le nostre memorie con le sue \u201c descrizioni\u201d.<\/p>\n<p><strong>Perch\u00e9 avete scelto di ispirarvi alle illustrazioni di Gustave Dor\u00e8?<\/strong><br \/>\nPerch\u00e9 tra tutti gli illustratori \u00e8 quello che per noi \u00e8 stato pi\u00f9 fedele alla descrizione delle scene immaginate da Dante, ed \u00e8 anche l\u2019illustratore che si \u00e8 legato indissolubilmente alla Divina Commedia pi\u00f9 di altri.<\/p>\n<p><strong>Qual \u00e8 stato l\u2019aspetto pi\u00f9 bello e quello pi\u00f9 difficile nella realizzazione della mostra?<\/strong><br \/>\nIl pi\u00f9 bello \u00e8 sempre avere la possibilit\u00e0 di costruire tridimensionalmente una fantasia, renderla \u201cvera\u201d, poterla osservare e, una volta ultimata, toccarla.<br \/>\nLa difficolt\u00e0 \u00e8 stata quella di riuscire a rendere alcuni disegni \u201creali\u201d, con muscolatura e posizioni che a volte il disegno esaspera o manipola in maniera disanatomica.<\/p>\n<p><strong>Quanto tempo ci \u00e8 voluto per progettarla e realizzarla?<\/strong><br \/>\nPer pensarla e progettarla pochi mesi.<br \/>\nPer realizzarla ci abbiamo messo anni tra proiezioni, filmati, testi scenografie e ricostruzioni. Normalmente, dati i costi alti per la preparazione, dopo aver realizzato una o due scenografie, cerchiamo di capire se il progetto ha una validit\u00e0 e se al pubblico piace.<\/p>\n<p><strong>Qual \u00e8 la scena a cui siete pi\u00f9 affezionati?<\/strong><br \/>\nLa scena delle tre erinni, Megera, Aletto e Tisifone: una scena gi\u00e0 molto bella nella descrizione di Dante e anche splendidamente resa nell&#8217;illustrazione di Dor\u00e8.<br \/>\nE&#8217; stata la prima scenografia che abbiamo affrontato. Il progetto e la realizzazione sono durati vari mesi. La scena \u00e8 stata montata nella loggia dei Banchi di Pisa nel 2017, e l\u00ec abbiamo avuto la conferma che il progetto, oltre che essere interessante, piaceva alla gente.<\/p>\n<p>&nbsp;<\/p>\n<p class=\"jetpack-slideshow-noscript robots-nocontent\">Questo slideshow richiede JavaScript.<\/p><div id=\"gallery-22597-1-slideshow\" class=\"jetpack-slideshow-window jetpack-slideshow jetpack-slideshow-black\" data-trans=\"fade\" data-autostart=\"1\" data-gallery=\"[{&quot;src&quot;:&quot;https:\\\/\\\/www.msn.unipi.it\\\/wp-content\\\/uploads\\\/2021\\\/07\\\/Foto-ditta-Naturaliter-1.jpg&quot;,&quot;id&quot;:&quot;22598&quot;,&quot;title&quot;:&quot;Foto-ditta-Naturaliter-1&quot;,&quot;alt&quot;:&quot;&quot;,&quot;caption&quot;:&quot;&quot;,&quot;itemprop&quot;:&quot;image&quot;},{&quot;src&quot;:&quot;https:\\\/\\\/www.msn.unipi.it\\\/wp-content\\\/uploads\\\/2021\\\/07\\\/202818833_4259196960805127_3890834225739490548_n.jpg&quot;,&quot;id&quot;:&quot;22600&quot;,&quot;title&quot;:&quot;202818833_4259196960805127_3890834225739490548_n&quot;,&quot;alt&quot;:&quot;&quot;,&quot;caption&quot;:&quot;&quot;,&quot;itemprop&quot;:&quot;image&quot;},{&quot;src&quot;:&quot;https:\\\/\\\/www.msn.unipi.it\\\/wp-content\\\/uploads\\\/2021\\\/07\\\/204319445_4259199864138170_1843340634222003486_n.jpg&quot;,&quot;id&quot;:&quot;22602&quot;,&quot;title&quot;:&quot;204319445_4259199864138170_1843340634222003486_n&quot;,&quot;alt&quot;:&quot;&quot;,&quot;caption&quot;:&quot;&quot;,&quot;itemprop&quot;:&quot;image&quot;},{&quot;src&quot;:&quot;https:\\\/\\\/www.msn.unipi.it\\\/wp-content\\\/uploads\\\/2021\\\/07\\\/Inferno.-Bestiario-dantesco-8.jpg&quot;,&quot;id&quot;:&quot;22604&quot;,&quot;title&quot;:&quot;Inferno. Bestiario dantesco (8)&quot;,&quot;alt&quot;:&quot;&quot;,&quot;caption&quot;:&quot;&quot;,&quot;itemprop&quot;:&quot;image&quot;},{&quot;src&quot;:&quot;https:\\\/\\\/www.msn.unipi.it\\\/wp-content\\\/uploads\\\/2021\\\/07\\\/Inferno.-Bestiario-dantesco-22.jpg&quot;,&quot;id&quot;:&quot;22606&quot;,&quot;title&quot;:&quot;Inferno. Bestiario dantesco (22)&quot;,&quot;alt&quot;:&quot;&quot;,&quot;caption&quot;:&quot;&quot;,&quot;itemprop&quot;:&quot;image&quot;},{&quot;src&quot;:&quot;https:\\\/\\\/www.msn.unipi.it\\\/wp-content\\\/uploads\\\/2021\\\/07\\\/Inferno.-Bestiario-dantesco-75.jpg&quot;,&quot;id&quot;:&quot;22608&quot;,&quot;title&quot;:&quot;Inferno. Bestiario dantesco (75)&quot;,&quot;alt&quot;:&quot;&quot;,&quot;caption&quot;:&quot;&quot;,&quot;itemprop&quot;:&quot;image&quot;},{&quot;src&quot;:&quot;https:\\\/\\\/www.msn.unipi.it\\\/wp-content\\\/uploads\\\/2021\\\/07\\\/Inferno.-Bestiario-dantesco-10.jpg&quot;,&quot;id&quot;:&quot;22611&quot;,&quot;title&quot;:&quot;Inferno. Bestiario dantesco (10)&quot;,&quot;alt&quot;:&quot;&quot;,&quot;caption&quot;:&quot;&quot;,&quot;itemprop&quot;:&quot;image&quot;},{&quot;src&quot;:&quot;https:\\\/\\\/www.msn.unipi.it\\\/wp-content\\\/uploads\\\/2021\\\/06\\\/Inferno.-Bestiario-dantesco-51.jpg&quot;,&quot;id&quot;:&quot;22462&quot;,&quot;title&quot;:&quot;Inferno. Bestiario dantesco (51)&quot;,&quot;alt&quot;:&quot;&quot;,&quot;caption&quot;:&quot;&quot;,&quot;itemprop&quot;:&quot;image&quot;},{&quot;src&quot;:&quot;https:\\\/\\\/www.msn.unipi.it\\\/wp-content\\\/uploads\\\/2021\\\/07\\\/Inferno.-Bestiario-dantesco-15.jpg&quot;,&quot;id&quot;:&quot;22613&quot;,&quot;title&quot;:&quot;Inferno. Bestiario dantesco (15)&quot;,&quot;alt&quot;:&quot;&quot;,&quot;caption&quot;:&quot;&quot;,&quot;itemprop&quot;:&quot;image&quot;},{&quot;src&quot;:&quot;https:\\\/\\\/www.msn.unipi.it\\\/wp-content\\\/uploads\\\/2021\\\/06\\\/Inferno.-Bestiario-dantesco-14.jpg&quot;,&quot;id&quot;:&quot;22448&quot;,&quot;title&quot;:&quot;Inferno. Bestiario dantesco (14)&quot;,&quot;alt&quot;:&quot;&quot;,&quot;caption&quot;:&quot;&quot;,&quot;itemprop&quot;:&quot;image&quot;}]\" itemscope itemtype=\"https:\/\/schema.org\/ImageGallery\"><\/div>\n","protected":false},"excerpt":{"rendered":"<p>In occasione dell&#8217;esposizione temporanea &#8220;Inferno. Bestiario dantesco&#8221;, vi proponiamo un&#8217;intervista con il personale di Naturaliter che ha ideato e realizzato la mostra.<\/p>\n","protected":false},"author":7,"featured_media":22598,"comment_status":"closed","ping_status":"closed","sticky":false,"template":"","format":"standard","meta":{"_jetpack_memberships_contains_paid_content":false,"footnotes":""},"categories":[444],"tags":[],"class_list":["post-22597","post","type-post","status-publish","format-standard","has-post-thumbnail","hentry","category-blog"],"yoast_head":"<!-- This site is optimized with the Yoast SEO plugin v26.8 - https:\/\/yoast.com\/product\/yoast-seo-wordpress\/ -->\n<title>La visione fantastica di Dante - Museo di Storia Naturale dell&#039;Universit\u00e0 di Pisa<\/title>\n<meta name=\"description\" content=\"In occasione dell&#039;esposizione temporanea &quot;Inferno. Bestiario dantesco&quot;, vi proponiamo un&#039;intervista con il personale di Naturaliter che ha ideato e realizzato la mostra.\" \/>\n<meta name=\"robots\" content=\"index, follow, max-snippet:-1, max-image-preview:large, max-video-preview:-1\" \/>\n<link rel=\"canonical\" href=\"https:\/\/www.msn.unipi.it\/it\/la-visione-fantastica-di-dante\/\" \/>\n<meta property=\"og:locale\" content=\"it_IT\" \/>\n<meta property=\"og:type\" content=\"article\" \/>\n<meta property=\"og:title\" content=\"La visione fantastica di Dante - Museo di Storia Naturale dell&#039;Universit\u00e0 di Pisa\" \/>\n<meta property=\"og:description\" content=\"In occasione dell&#039;esposizione temporanea &quot;Inferno. Bestiario dantesco&quot;, vi proponiamo un&#039;intervista con il personale di Naturaliter che ha ideato e realizzato la mostra.\" \/>\n<meta property=\"og:url\" content=\"https:\/\/www.msn.unipi.it\/it\/la-visione-fantastica-di-dante\/\" \/>\n<meta property=\"og:site_name\" content=\"Museo di Storia Naturale dell&#039;Universit\u00e0 di Pisa\" \/>\n<meta property=\"article:publisher\" content=\"https:\/\/www.facebook.com\/Museo-di-Storia-Naturale-Universit%c3%a0-di-Pisa-277794215612108\/\" \/>\n<meta property=\"article:published_time\" content=\"2021-07-13T09:45:30+00:00\" \/>\n<meta property=\"article:modified_time\" content=\"2021-09-15T08:44:55+00:00\" \/>\n<meta property=\"og:image\" content=\"https:\/\/www.msn.unipi.it\/wp-content\/uploads\/2021\/07\/Foto-ditta-Naturaliter-1.jpg\" \/>\n\t<meta property=\"og:image:width\" content=\"689\" \/>\n\t<meta property=\"og:image:height\" content=\"459\" \/>\n\t<meta property=\"og:image:type\" content=\"image\/jpeg\" \/>\n<meta name=\"author\" content=\"a012780@unipi.it\" \/>\n<meta name=\"twitter:card\" content=\"summary_large_image\" \/>\n<meta name=\"twitter:creator\" content=\"@msncalci\" \/>\n<meta name=\"twitter:site\" content=\"@msncalci\" \/>\n<meta name=\"twitter:label1\" content=\"Scritto da\" \/>\n\t<meta name=\"twitter:data1\" content=\"a012780@unipi.it\" \/>\n\t<meta name=\"twitter:label2\" content=\"Tempo di lettura stimato\" \/>\n\t<meta name=\"twitter:data2\" content=\"2 minuti\" \/>\n<script type=\"application\/ld+json\" class=\"yoast-schema-graph\">{\"@context\":\"https:\/\/schema.org\",\"@graph\":[{\"@type\":\"Article\",\"@id\":\"https:\/\/www.msn.unipi.it\/it\/la-visione-fantastica-di-dante\/#article\",\"isPartOf\":{\"@id\":\"https:\/\/www.msn.unipi.it\/it\/la-visione-fantastica-di-dante\/\"},\"author\":{\"name\":\"a012780@unipi.it\",\"@id\":\"https:\/\/www.msn.unipi.it\/it\/#\/schema\/person\/20631df3667b84d79cffe30e020188a1\"},\"headline\":\"La visione fantastica di Dante\",\"datePublished\":\"2021-07-13T09:45:30+00:00\",\"dateModified\":\"2021-09-15T08:44:55+00:00\",\"mainEntityOfPage\":{\"@id\":\"https:\/\/www.msn.unipi.it\/it\/la-visione-fantastica-di-dante\/\"},\"wordCount\":333,\"publisher\":{\"@id\":\"https:\/\/www.msn.unipi.it\/it\/#organization\"},\"image\":{\"@id\":\"https:\/\/www.msn.unipi.it\/it\/la-visione-fantastica-di-dante\/#primaryimage\"},\"thumbnailUrl\":\"https:\/\/www.msn.unipi.it\/wp-content\/uploads\/2021\/07\/Foto-ditta-Naturaliter-1.jpg\",\"articleSection\":[\"Diario del museo\"],\"inLanguage\":\"it-IT\"},{\"@type\":\"WebPage\",\"@id\":\"https:\/\/www.msn.unipi.it\/it\/la-visione-fantastica-di-dante\/\",\"url\":\"https:\/\/www.msn.unipi.it\/it\/la-visione-fantastica-di-dante\/\",\"name\":\"La visione fantastica di Dante - Museo di Storia Naturale dell&#039;Universit\u00e0 di Pisa\",\"isPartOf\":{\"@id\":\"https:\/\/www.msn.unipi.it\/it\/#website\"},\"primaryImageOfPage\":{\"@id\":\"https:\/\/www.msn.unipi.it\/it\/la-visione-fantastica-di-dante\/#primaryimage\"},\"image\":{\"@id\":\"https:\/\/www.msn.unipi.it\/it\/la-visione-fantastica-di-dante\/#primaryimage\"},\"thumbnailUrl\":\"https:\/\/www.msn.unipi.it\/wp-content\/uploads\/2021\/07\/Foto-ditta-Naturaliter-1.jpg\",\"datePublished\":\"2021-07-13T09:45:30+00:00\",\"dateModified\":\"2021-09-15T08:44:55+00:00\",\"description\":\"In occasione dell'esposizione temporanea \\\"Inferno. Bestiario dantesco\\\", vi proponiamo un'intervista con il personale di Naturaliter che ha ideato e realizzato la mostra.\",\"breadcrumb\":{\"@id\":\"https:\/\/www.msn.unipi.it\/it\/la-visione-fantastica-di-dante\/#breadcrumb\"},\"inLanguage\":\"it-IT\",\"potentialAction\":[{\"@type\":\"ReadAction\",\"target\":[\"https:\/\/www.msn.unipi.it\/it\/la-visione-fantastica-di-dante\/\"]}]},{\"@type\":\"ImageObject\",\"inLanguage\":\"it-IT\",\"@id\":\"https:\/\/www.msn.unipi.it\/it\/la-visione-fantastica-di-dante\/#primaryimage\",\"url\":\"https:\/\/www.msn.unipi.it\/wp-content\/uploads\/2021\/07\/Foto-ditta-Naturaliter-1.jpg\",\"contentUrl\":\"https:\/\/www.msn.unipi.it\/wp-content\/uploads\/2021\/07\/Foto-ditta-Naturaliter-1.jpg\",\"width\":689,\"height\":459},{\"@type\":\"BreadcrumbList\",\"@id\":\"https:\/\/www.msn.unipi.it\/it\/la-visione-fantastica-di-dante\/#breadcrumb\",\"itemListElement\":[{\"@type\":\"ListItem\",\"position\":1,\"name\":\"Home\",\"item\":\"https:\/\/www.msn.unipi.it\/it\/\"},{\"@type\":\"ListItem\",\"position\":2,\"name\":\"La visione fantastica di Dante\"}]},{\"@type\":\"WebSite\",\"@id\":\"https:\/\/www.msn.unipi.it\/it\/#website\",\"url\":\"https:\/\/www.msn.unipi.it\/it\/\",\"name\":\"Museo di Storia Naturale dell&#039;Universit\u00e0 di Pisa\",\"description\":\"\",\"publisher\":{\"@id\":\"https:\/\/www.msn.unipi.it\/it\/#organization\"},\"potentialAction\":[{\"@type\":\"SearchAction\",\"target\":{\"@type\":\"EntryPoint\",\"urlTemplate\":\"https:\/\/www.msn.unipi.it\/it\/?s={search_term_string}\"},\"query-input\":{\"@type\":\"PropertyValueSpecification\",\"valueRequired\":true,\"valueName\":\"search_term_string\"}}],\"inLanguage\":\"it-IT\"},{\"@type\":\"Organization\",\"@id\":\"https:\/\/www.msn.unipi.it\/it\/#organization\",\"name\":\"Museo di Storia Naturale dell'Universit\u00e0 di Pisa\",\"url\":\"https:\/\/www.msn.unipi.it\/it\/\",\"logo\":{\"@type\":\"ImageObject\",\"inLanguage\":\"it-IT\",\"@id\":\"https:\/\/www.msn.unipi.it\/it\/#\/schema\/logo\/image\/\",\"url\":\"https:\/\/www.msn.unipi.it\/wp-content\/uploads\/2016\/07\/footer-logo.png\",\"contentUrl\":\"https:\/\/www.msn.unipi.it\/wp-content\/uploads\/2016\/07\/footer-logo.png\",\"width\":220,\"height\":95,\"caption\":\"Museo di Storia Naturale dell'Universit\u00e0 di Pisa\"},\"image\":{\"@id\":\"https:\/\/www.msn.unipi.it\/it\/#\/schema\/logo\/image\/\"},\"sameAs\":[\"https:\/\/www.facebook.com\/Museo-di-Storia-Naturale-Universit\u00e0-di-Pisa-277794215612108\/\",\"https:\/\/x.com\/msncalci\",\"https:\/\/www.instagram.com\/museostorianaturale_calci\/\",\"https:\/\/www.youtube.com\/channel\/UCDaMBe_RegmdCnxLPmryMxw\"]},{\"@type\":\"Person\",\"@id\":\"https:\/\/www.msn.unipi.it\/it\/#\/schema\/person\/20631df3667b84d79cffe30e020188a1\",\"name\":\"a012780@unipi.it\",\"image\":{\"@type\":\"ImageObject\",\"inLanguage\":\"it-IT\",\"@id\":\"https:\/\/www.msn.unipi.it\/it\/#\/schema\/person\/image\/\",\"url\":\"https:\/\/secure.gravatar.com\/avatar\/42f33f3cae0d7f62a78cb1395dffdd09?s=96&d=mm&r=g\",\"contentUrl\":\"https:\/\/secure.gravatar.com\/avatar\/42f33f3cae0d7f62a78cb1395dffdd09?s=96&d=mm&r=g\",\"caption\":\"a012780@unipi.it\"}}]}<\/script>\n<!-- \/ Yoast SEO plugin. -->","yoast_head_json":{"title":"La visione fantastica di Dante - Museo di Storia Naturale dell&#039;Universit\u00e0 di Pisa","description":"In occasione dell'esposizione temporanea \"Inferno. Bestiario dantesco\", vi proponiamo un'intervista con il personale di Naturaliter che ha ideato e realizzato la mostra.","robots":{"index":"index","follow":"follow","max-snippet":"max-snippet:-1","max-image-preview":"max-image-preview:large","max-video-preview":"max-video-preview:-1"},"canonical":"https:\/\/www.msn.unipi.it\/it\/la-visione-fantastica-di-dante\/","og_locale":"it_IT","og_type":"article","og_title":"La visione fantastica di Dante - Museo di Storia Naturale dell&#039;Universit\u00e0 di Pisa","og_description":"In occasione dell'esposizione temporanea \"Inferno. Bestiario dantesco\", vi proponiamo un'intervista con il personale di Naturaliter che ha ideato e realizzato la mostra.","og_url":"https:\/\/www.msn.unipi.it\/it\/la-visione-fantastica-di-dante\/","og_site_name":"Museo di Storia Naturale dell&#039;Universit\u00e0 di Pisa","article_publisher":"https:\/\/www.facebook.com\/Museo-di-Storia-Naturale-Universit%c3%a0-di-Pisa-277794215612108\/","article_published_time":"2021-07-13T09:45:30+00:00","article_modified_time":"2021-09-15T08:44:55+00:00","og_image":[{"width":689,"height":459,"url":"https:\/\/www.msn.unipi.it\/wp-content\/uploads\/2021\/07\/Foto-ditta-Naturaliter-1.jpg","type":"image\/jpeg"}],"author":"a012780@unipi.it","twitter_card":"summary_large_image","twitter_creator":"@msncalci","twitter_site":"@msncalci","twitter_misc":{"Scritto da":"a012780@unipi.it","Tempo di lettura stimato":"2 minuti"},"schema":{"@context":"https:\/\/schema.org","@graph":[{"@type":"Article","@id":"https:\/\/www.msn.unipi.it\/it\/la-visione-fantastica-di-dante\/#article","isPartOf":{"@id":"https:\/\/www.msn.unipi.it\/it\/la-visione-fantastica-di-dante\/"},"author":{"name":"a012780@unipi.it","@id":"https:\/\/www.msn.unipi.it\/it\/#\/schema\/person\/20631df3667b84d79cffe30e020188a1"},"headline":"La visione fantastica di Dante","datePublished":"2021-07-13T09:45:30+00:00","dateModified":"2021-09-15T08:44:55+00:00","mainEntityOfPage":{"@id":"https:\/\/www.msn.unipi.it\/it\/la-visione-fantastica-di-dante\/"},"wordCount":333,"publisher":{"@id":"https:\/\/www.msn.unipi.it\/it\/#organization"},"image":{"@id":"https:\/\/www.msn.unipi.it\/it\/la-visione-fantastica-di-dante\/#primaryimage"},"thumbnailUrl":"https:\/\/www.msn.unipi.it\/wp-content\/uploads\/2021\/07\/Foto-ditta-Naturaliter-1.jpg","articleSection":["Diario del museo"],"inLanguage":"it-IT"},{"@type":"WebPage","@id":"https:\/\/www.msn.unipi.it\/it\/la-visione-fantastica-di-dante\/","url":"https:\/\/www.msn.unipi.it\/it\/la-visione-fantastica-di-dante\/","name":"La visione fantastica di Dante - Museo di Storia Naturale dell&#039;Universit\u00e0 di Pisa","isPartOf":{"@id":"https:\/\/www.msn.unipi.it\/it\/#website"},"primaryImageOfPage":{"@id":"https:\/\/www.msn.unipi.it\/it\/la-visione-fantastica-di-dante\/#primaryimage"},"image":{"@id":"https:\/\/www.msn.unipi.it\/it\/la-visione-fantastica-di-dante\/#primaryimage"},"thumbnailUrl":"https:\/\/www.msn.unipi.it\/wp-content\/uploads\/2021\/07\/Foto-ditta-Naturaliter-1.jpg","datePublished":"2021-07-13T09:45:30+00:00","dateModified":"2021-09-15T08:44:55+00:00","description":"In occasione dell'esposizione temporanea \"Inferno. Bestiario dantesco\", vi proponiamo un'intervista con il personale di Naturaliter che ha ideato e realizzato la mostra.","breadcrumb":{"@id":"https:\/\/www.msn.unipi.it\/it\/la-visione-fantastica-di-dante\/#breadcrumb"},"inLanguage":"it-IT","potentialAction":[{"@type":"ReadAction","target":["https:\/\/www.msn.unipi.it\/it\/la-visione-fantastica-di-dante\/"]}]},{"@type":"ImageObject","inLanguage":"it-IT","@id":"https:\/\/www.msn.unipi.it\/it\/la-visione-fantastica-di-dante\/#primaryimage","url":"https:\/\/www.msn.unipi.it\/wp-content\/uploads\/2021\/07\/Foto-ditta-Naturaliter-1.jpg","contentUrl":"https:\/\/www.msn.unipi.it\/wp-content\/uploads\/2021\/07\/Foto-ditta-Naturaliter-1.jpg","width":689,"height":459},{"@type":"BreadcrumbList","@id":"https:\/\/www.msn.unipi.it\/it\/la-visione-fantastica-di-dante\/#breadcrumb","itemListElement":[{"@type":"ListItem","position":1,"name":"Home","item":"https:\/\/www.msn.unipi.it\/it\/"},{"@type":"ListItem","position":2,"name":"La visione fantastica di Dante"}]},{"@type":"WebSite","@id":"https:\/\/www.msn.unipi.it\/it\/#website","url":"https:\/\/www.msn.unipi.it\/it\/","name":"Museo di Storia Naturale dell&#039;Universit\u00e0 di Pisa","description":"","publisher":{"@id":"https:\/\/www.msn.unipi.it\/it\/#organization"},"potentialAction":[{"@type":"SearchAction","target":{"@type":"EntryPoint","urlTemplate":"https:\/\/www.msn.unipi.it\/it\/?s={search_term_string}"},"query-input":{"@type":"PropertyValueSpecification","valueRequired":true,"valueName":"search_term_string"}}],"inLanguage":"it-IT"},{"@type":"Organization","@id":"https:\/\/www.msn.unipi.it\/it\/#organization","name":"Museo di Storia Naturale dell'Universit\u00e0 di Pisa","url":"https:\/\/www.msn.unipi.it\/it\/","logo":{"@type":"ImageObject","inLanguage":"it-IT","@id":"https:\/\/www.msn.unipi.it\/it\/#\/schema\/logo\/image\/","url":"https:\/\/www.msn.unipi.it\/wp-content\/uploads\/2016\/07\/footer-logo.png","contentUrl":"https:\/\/www.msn.unipi.it\/wp-content\/uploads\/2016\/07\/footer-logo.png","width":220,"height":95,"caption":"Museo di Storia Naturale dell'Universit\u00e0 di Pisa"},"image":{"@id":"https:\/\/www.msn.unipi.it\/it\/#\/schema\/logo\/image\/"},"sameAs":["https:\/\/www.facebook.com\/Museo-di-Storia-Naturale-Universit\u00e0-di-Pisa-277794215612108\/","https:\/\/x.com\/msncalci","https:\/\/www.instagram.com\/museostorianaturale_calci\/","https:\/\/www.youtube.com\/channel\/UCDaMBe_RegmdCnxLPmryMxw"]},{"@type":"Person","@id":"https:\/\/www.msn.unipi.it\/it\/#\/schema\/person\/20631df3667b84d79cffe30e020188a1","name":"a012780@unipi.it","image":{"@type":"ImageObject","inLanguage":"it-IT","@id":"https:\/\/www.msn.unipi.it\/it\/#\/schema\/person\/image\/","url":"https:\/\/secure.gravatar.com\/avatar\/42f33f3cae0d7f62a78cb1395dffdd09?s=96&d=mm&r=g","contentUrl":"https:\/\/secure.gravatar.com\/avatar\/42f33f3cae0d7f62a78cb1395dffdd09?s=96&d=mm&r=g","caption":"a012780@unipi.it"}}]}},"jetpack_featured_media_url":"https:\/\/www.msn.unipi.it\/wp-content\/uploads\/2021\/07\/Foto-ditta-Naturaliter-1.jpg","jetpack_sharing_enabled":true,"_links":{"self":[{"href":"https:\/\/www.msn.unipi.it\/it\/wp-json\/wp\/v2\/posts\/22597","targetHints":{"allow":["GET"]}}],"collection":[{"href":"https:\/\/www.msn.unipi.it\/it\/wp-json\/wp\/v2\/posts"}],"about":[{"href":"https:\/\/www.msn.unipi.it\/it\/wp-json\/wp\/v2\/types\/post"}],"author":[{"embeddable":true,"href":"https:\/\/www.msn.unipi.it\/it\/wp-json\/wp\/v2\/users\/7"}],"replies":[{"embeddable":true,"href":"https:\/\/www.msn.unipi.it\/it\/wp-json\/wp\/v2\/comments?post=22597"}],"version-history":[{"count":7,"href":"https:\/\/www.msn.unipi.it\/it\/wp-json\/wp\/v2\/posts\/22597\/revisions"}],"predecessor-version":[{"id":22621,"href":"https:\/\/www.msn.unipi.it\/it\/wp-json\/wp\/v2\/posts\/22597\/revisions\/22621"}],"wp:featuredmedia":[{"embeddable":true,"href":"https:\/\/www.msn.unipi.it\/it\/wp-json\/wp\/v2\/media\/22598"}],"wp:attachment":[{"href":"https:\/\/www.msn.unipi.it\/it\/wp-json\/wp\/v2\/media?parent=22597"}],"wp:term":[{"taxonomy":"category","embeddable":true,"href":"https:\/\/www.msn.unipi.it\/it\/wp-json\/wp\/v2\/categories?post=22597"},{"taxonomy":"post_tag","embeddable":true,"href":"https:\/\/www.msn.unipi.it\/it\/wp-json\/wp\/v2\/tags?post=22597"}],"curies":[{"name":"wp","href":"https:\/\/api.w.org\/{rel}","templated":true}]}}