{"id":22672,"date":"2021-08-05T11:37:51","date_gmt":"2021-08-05T09:37:51","guid":{"rendered":"https:\/\/www.msn.unipi.it\/?p=22672"},"modified":"2021-09-16T11:04:07","modified_gmt":"2021-09-16T09:04:07","slug":"il-lupo-e-il-nostro-territorio","status":"publish","type":"post","link":"https:\/\/www.msn.unipi.it\/it\/il-lupo-e-il-nostro-territorio\/","title":{"rendered":"Il lupo e il nostro territorio"},"content":{"rendered":"<p>Sabato 31 luglio oltre 70 persone hanno sfidato il caldo estivo per assistere al Convegno <i>\u201cIl lupo e il nostro territorio &#8211; alla ricerca di un nuovo equilibrio\u201d <\/i>organizzato dallo <a href=\"http:\/\/www.agroecologiacalci.it\/\" target=\"_blank\" rel=\"noopener\">Sportello di Agroecologia di Calci<\/a> con la collaborazione del Museo di Storia Naturale dell&#8217;Universit\u00e0 di Pisa e il patrocinio del <a href=\"https:\/\/www.comune.calci.pi.it\/\" target=\"_blank\" rel=\"noopener\">Comune di Calci<\/a>.<\/p>\n<p>Il Convegno nasce dalla volont\u00e0 dello Sportello di Agroecologia di Calci di far conoscere il lupo e di creare reti per la ricerca di un equilibrio tra questo predatore, fondamentale per la stabilit\u00e0 dei nostri ecosistemi naturali, e le attivit\u00e0 umane, in particolare le piccole attivit\u00e0 agro-pastorali.<\/p>\n<p>Il Convegno, inserito nel programma della storica Fiera di Sant\u2019Ermolao di Calci (PI), \u00e8 stato il primo evento divulgativo in cui si \u00e8 parlato del <a href=\"https:\/\/www.isprambiente.gov.it\/it\/attivita\/biodiversita\/monitoraggio-nazionale-del-lupo\" target=\"_blank\" rel=\"noopener\">Monitoraggio Nazionale Lupo<\/a>, coordinato da ISPRA su incarico del Ministero dell\u2019Ambiente (ora Ministero della Transizione Ecologica), che si \u00e8 svolto da ottobre 2020 ad aprile 2021 all\u2019interno di circa 1.000 celle di 100 km<sup>2 <\/sup>distribuite su tutto il territorio nazionale.<\/p>\n<p>Portavoce per ISPRA, il tecnico faunista Marco Lucchesi (Wildlife Biologist) ha spiegato la necessit\u00e0 di effettuare una campagna di raccolta dati sistematica e organica in un periodo di tempo ristretto e su tutto il territorio nazionale al fine di rispondere a due quesiti chiave relativi a questa specie da sempre strettamente legate all\u2019uomo che, dopo secoli di persecuzione, sta lentamente riconquistando il territorio nazionale: <i>dov\u2019\u00e8 distribuita? Con quale consistenza?<\/i><\/p>\n<p>Il Monitoraggio si \u00e8 avvalso di varie tipologie di segni di presenza: immagini e video da foto-trappole, impronte, carcasse, tracce di predazione, ma soprattutto escrementi che hanno restituito anche materiale biologico idoneo per effettuare le analisi genetiche necessarie per l\u2019individuazione dei genotipi. Dai genotipi \u00e8 possibile stimare anche la percentuale di incroci tra lupo e cane, un fenomeno che potrebbe compromettere la conservazione della specie selvatica; ma Marco Lucchesi ha spiegato che questa ibridazione sottospecifica \u00e8 essenzialmente monodirezionale con cani maschi che si accoppiano con lupi femmina; ci\u00f2 comporta un \u201cinquinamento genetico\u201d, ma l\u2019allevamento dei cuccioli \u201cibridi\u201d \u00e8 tutto a carico del branco di lupi e quindi riescono a sviluppare tutti i normali comportamenti della specie selvatica, incluso l\u2019accoppiamento con individui selvatici, portando cos\u00ec nella seconda generazione a una \u201cdiluizione\u201d dei geni della specie domestica.<\/p>\n<p>Per il Monitoraggio \u00e8 stato creato un Network Lupo costituito da numerosi volontari formati localmente, per il territorio pisano sono state coinvolte tre Associazioni: EcoLato Comune, D\u00e8i Camminanti e Selvatica. I rispettivi portavoce: Irene Di Vittorio, Federica Ottanelli e Dario Canaccini hanno raccontato con passione ed entusiasmo la loro esperienza sul campo.<\/p>\n<p><a name=\"_GoBack\"><\/a>Durante la seconda parte del Convegno Francesca Coppola (Centro di Ricerche Agro-Ambientali \u201cEnrico Avanzi\u201d- Universit\u00e0 di Pisa), Samuele Baldanti (Dipartimento di Scienze Veterinarie &#8211; Universit\u00e0 di Pisa) e Alessia di Rosso (Dipartimento di Scienze Veterinarie &#8211; Universit\u00e0 di Pisa) hanno presentato i risultati del loro recente studio condotto su un branco di lupi che frequenta il Vallin delle Streghe, una zona delle colline pisane inferiori caratterizzata da aree verdi con boschi, prati e coltivi alternate ad aree industriali e residenziali. Tale studio \u00e8 uno dei pochi condotti in Italia su lupi che vivono in territori fortemente antropizzati e fornisce fondamentali informazioni sulle modalit\u00e0 di interazione tra lupo e attivit\u00e0 umane; ad esempio, durante le prime analisi degli escrementi \u00e8 emersa un\u2019interessante presenza di resti di nutria e, purtroppo, anche una certa percentuale di rifiuti di plastica.<\/p>\n<p>Questi studi rappresentano un punto di partenza oggettivo per creare un dialogo collaborativo con enti e cittadini al fine di stabilire un rapporto di sana convivenza con il lupo e con tutti gli altri animali selvatici del nostro territorio. In particolare, lo Sportello di Agroecologia ha concluso sottolineando la necessit\u00e0 di trovare un equilibrio tra il lupo e le piccole attivit\u00e0 agro-pastorali, adottando strategie efficaci di prevenzione che possano portare a un significativo abbassamento della percentuale di danni da predazione da lupo tale da rientrare nel normale rischio d\u2019impresa e da non compromettere la salute complessiva degli animali al pascolo.<\/p>\n<p>S.S.<\/p>\n<p class=\"jetpack-slideshow-noscript robots-nocontent\">Questo slideshow richiede JavaScript.<\/p><div id=\"gallery-22672-1-slideshow\" class=\"jetpack-slideshow-window jetpack-slideshow jetpack-slideshow-black\" data-trans=\"fade\" data-autostart=\"1\" data-gallery=\"[{&quot;src&quot;:&quot;https:\\\/\\\/www.msn.unipi.it\\\/wp-content\\\/uploads\\\/2021\\\/08\\\/POSTER-seminario-lupo.jpg&quot;,&quot;id&quot;:&quot;22683&quot;,&quot;title&quot;:&quot;POSTER seminario lupo.cdr&quot;,&quot;alt&quot;:&quot;&quot;,&quot;caption&quot;:&quot;&quot;,&quot;itemprop&quot;:&quot;image&quot;},{&quot;src&quot;:&quot;https:\\\/\\\/www.msn.unipi.it\\\/wp-content\\\/uploads\\\/2021\\\/08\\\/lupo4.jpg&quot;,&quot;id&quot;:&quot;22681&quot;,&quot;title&quot;:&quot;lupo4&quot;,&quot;alt&quot;:&quot;&quot;,&quot;caption&quot;:&quot;Il branco del Vallin delle Streghe&quot;,&quot;itemprop&quot;:&quot;image&quot;},{&quot;src&quot;:&quot;https:\\\/\\\/www.msn.unipi.it\\\/wp-content\\\/uploads\\\/2021\\\/08\\\/lupo3.jpg&quot;,&quot;id&quot;:&quot;22679&quot;,&quot;title&quot;:&quot;lupo3&quot;,&quot;alt&quot;:&quot;&quot;,&quot;caption&quot;:&quot;Il branco del Vallin delle Streghe&quot;,&quot;itemprop&quot;:&quot;image&quot;},{&quot;src&quot;:&quot;https:\\\/\\\/www.msn.unipi.it\\\/wp-content\\\/uploads\\\/2021\\\/08\\\/lupo2.jpg&quot;,&quot;id&quot;:&quot;22677&quot;,&quot;title&quot;:&quot;lupo2&quot;,&quot;alt&quot;:&quot;&quot;,&quot;caption&quot;:&quot;Il branco del Vallin delle Streghe&quot;,&quot;itemprop&quot;:&quot;image&quot;},{&quot;src&quot;:&quot;https:\\\/\\\/www.msn.unipi.it\\\/wp-content\\\/uploads\\\/2021\\\/08\\\/lupo1-1.jpg&quot;,&quot;id&quot;:&quot;22675&quot;,&quot;title&quot;:&quot;lupo1&quot;,&quot;alt&quot;:&quot;&quot;,&quot;caption&quot;:&quot;Il branco del Vallin delle Streghe&quot;,&quot;itemprop&quot;:&quot;image&quot;}]\" itemscope itemtype=\"https:\/\/schema.org\/ImageGallery\"><\/div>\n<p>&nbsp;<\/p>\n","protected":false},"excerpt":{"rendered":"<p>Sabato 31 luglio oltre 70 persone hanno sfidato il caldo estivo per assistere al Convegno \u201cIl lupo e il nostro territorio &#8211; alla ricerca di un nuovo equilibrio\u201d organizzato dallo Sportello di Agroecologia di Calci con la collaborazione del Museo di Storia Naturale dell&#8217;Universit\u00e0 di Pisa e il patrocinio del Comune di Calci. Il Convegno&nbsp; <a href=\"https:\/\/www.msn.unipi.it\/it\/il-lupo-e-il-nostro-territorio\/\">&hellip;  <i class=\"fa fa-chevron-right\"><\/i><\/a><\/p>\n","protected":false},"author":11,"featured_media":22669,"comment_status":"closed","ping_status":"closed","sticky":false,"template":"","format":"standard","meta":{"_jetpack_memberships_contains_paid_content":false,"footnotes":""},"categories":[444],"tags":[],"class_list":["post-22672","post","type-post","status-publish","format-standard","has-post-thumbnail","hentry","category-blog"],"yoast_head":"<!-- This site is optimized with the Yoast SEO plugin v26.8 - https:\/\/yoast.com\/product\/yoast-seo-wordpress\/ -->\n<title>Il lupo e il nostro territorio - Museo di Storia Naturale dell&#039;Universit\u00e0 di Pisa<\/title>\n<meta name=\"description\" content=\"Sabato 31 luglio oltre 70 persone hanno sfidato il caldo estivo per assistere al Convegno \u201cIl lupo e il nostro territorio - alla ricerca di un nuovo\" \/>\n<meta name=\"robots\" content=\"index, follow, max-snippet:-1, max-image-preview:large, max-video-preview:-1\" \/>\n<link rel=\"canonical\" href=\"https:\/\/www.msn.unipi.it\/it\/il-lupo-e-il-nostro-territorio\/\" \/>\n<meta property=\"og:locale\" content=\"it_IT\" \/>\n<meta property=\"og:type\" content=\"article\" \/>\n<meta property=\"og:title\" content=\"Il lupo e il nostro territorio - Museo di Storia Naturale dell&#039;Universit\u00e0 di Pisa\" \/>\n<meta property=\"og:description\" content=\"Sabato 31 luglio oltre 70 persone hanno sfidato il caldo estivo per assistere al Convegno \u201cIl lupo e il nostro territorio - alla ricerca di un nuovo\" \/>\n<meta property=\"og:url\" content=\"https:\/\/www.msn.unipi.it\/it\/il-lupo-e-il-nostro-territorio\/\" \/>\n<meta property=\"og:site_name\" content=\"Museo di Storia Naturale dell&#039;Universit\u00e0 di Pisa\" \/>\n<meta property=\"article:publisher\" content=\"https:\/\/www.facebook.com\/Museo-di-Storia-Naturale-Universit%c3%a0-di-Pisa-277794215612108\/\" \/>\n<meta property=\"article:published_time\" content=\"2021-08-05T09:37:51+00:00\" \/>\n<meta property=\"article:modified_time\" content=\"2021-09-16T09:04:07+00:00\" \/>\n<meta property=\"og:image\" content=\"https:\/\/www.msn.unipi.it\/wp-content\/uploads\/2021\/08\/lupo1.jpg\" \/>\n\t<meta property=\"og:image:width\" content=\"2048\" \/>\n\t<meta property=\"og:image:height\" content=\"1024\" \/>\n\t<meta property=\"og:image:type\" content=\"image\/jpeg\" \/>\n<meta name=\"author\" content=\"a006479@unipi.it\" \/>\n<meta name=\"twitter:card\" content=\"summary_large_image\" \/>\n<meta name=\"twitter:creator\" content=\"@msncalci\" \/>\n<meta name=\"twitter:site\" content=\"@msncalci\" \/>\n<meta name=\"twitter:label1\" content=\"Scritto da\" \/>\n\t<meta name=\"twitter:data1\" content=\"a006479@unipi.it\" \/>\n\t<meta name=\"twitter:label2\" content=\"Tempo di lettura stimato\" \/>\n\t<meta name=\"twitter:data2\" content=\"3 minuti\" \/>\n<script type=\"application\/ld+json\" class=\"yoast-schema-graph\">{\"@context\":\"https:\/\/schema.org\",\"@graph\":[{\"@type\":\"Article\",\"@id\":\"https:\/\/www.msn.unipi.it\/it\/il-lupo-e-il-nostro-territorio\/#article\",\"isPartOf\":{\"@id\":\"https:\/\/www.msn.unipi.it\/it\/il-lupo-e-il-nostro-territorio\/\"},\"author\":{\"name\":\"a006479@unipi.it\",\"@id\":\"https:\/\/www.msn.unipi.it\/it\/#\/schema\/person\/9d8f1a27a2ab431b63d029b5f8a21794\"},\"headline\":\"Il lupo e il nostro territorio\",\"datePublished\":\"2021-08-05T09:37:51+00:00\",\"dateModified\":\"2021-09-16T09:04:07+00:00\",\"mainEntityOfPage\":{\"@id\":\"https:\/\/www.msn.unipi.it\/it\/il-lupo-e-il-nostro-territorio\/\"},\"wordCount\":668,\"publisher\":{\"@id\":\"https:\/\/www.msn.unipi.it\/it\/#organization\"},\"image\":{\"@id\":\"https:\/\/www.msn.unipi.it\/it\/il-lupo-e-il-nostro-territorio\/#primaryimage\"},\"thumbnailUrl\":\"https:\/\/www.msn.unipi.it\/wp-content\/uploads\/2021\/08\/lupo1.jpg\",\"articleSection\":[\"Diario del museo\"],\"inLanguage\":\"it-IT\"},{\"@type\":\"WebPage\",\"@id\":\"https:\/\/www.msn.unipi.it\/it\/il-lupo-e-il-nostro-territorio\/\",\"url\":\"https:\/\/www.msn.unipi.it\/it\/il-lupo-e-il-nostro-territorio\/\",\"name\":\"Il lupo e il nostro territorio - Museo di Storia Naturale dell&#039;Universit\u00e0 di Pisa\",\"isPartOf\":{\"@id\":\"https:\/\/www.msn.unipi.it\/it\/#website\"},\"primaryImageOfPage\":{\"@id\":\"https:\/\/www.msn.unipi.it\/it\/il-lupo-e-il-nostro-territorio\/#primaryimage\"},\"image\":{\"@id\":\"https:\/\/www.msn.unipi.it\/it\/il-lupo-e-il-nostro-territorio\/#primaryimage\"},\"thumbnailUrl\":\"https:\/\/www.msn.unipi.it\/wp-content\/uploads\/2021\/08\/lupo1.jpg\",\"datePublished\":\"2021-08-05T09:37:51+00:00\",\"dateModified\":\"2021-09-16T09:04:07+00:00\",\"description\":\"Sabato 31 luglio oltre 70 persone hanno sfidato il caldo estivo per assistere al Convegno \u201cIl lupo e il nostro territorio - alla ricerca di un nuovo\",\"breadcrumb\":{\"@id\":\"https:\/\/www.msn.unipi.it\/it\/il-lupo-e-il-nostro-territorio\/#breadcrumb\"},\"inLanguage\":\"it-IT\",\"potentialAction\":[{\"@type\":\"ReadAction\",\"target\":[\"https:\/\/www.msn.unipi.it\/it\/il-lupo-e-il-nostro-territorio\/\"]}]},{\"@type\":\"ImageObject\",\"inLanguage\":\"it-IT\",\"@id\":\"https:\/\/www.msn.unipi.it\/it\/il-lupo-e-il-nostro-territorio\/#primaryimage\",\"url\":\"https:\/\/www.msn.unipi.it\/wp-content\/uploads\/2021\/08\/lupo1.jpg\",\"contentUrl\":\"https:\/\/www.msn.unipi.it\/wp-content\/uploads\/2021\/08\/lupo1.jpg\",\"width\":2048,\"height\":1024},{\"@type\":\"BreadcrumbList\",\"@id\":\"https:\/\/www.msn.unipi.it\/it\/il-lupo-e-il-nostro-territorio\/#breadcrumb\",\"itemListElement\":[{\"@type\":\"ListItem\",\"position\":1,\"name\":\"Home\",\"item\":\"https:\/\/www.msn.unipi.it\/it\/\"},{\"@type\":\"ListItem\",\"position\":2,\"name\":\"Il lupo e il nostro territorio\"}]},{\"@type\":\"WebSite\",\"@id\":\"https:\/\/www.msn.unipi.it\/it\/#website\",\"url\":\"https:\/\/www.msn.unipi.it\/it\/\",\"name\":\"Museo di Storia Naturale dell&#039;Universit\u00e0 di Pisa\",\"description\":\"\",\"publisher\":{\"@id\":\"https:\/\/www.msn.unipi.it\/it\/#organization\"},\"potentialAction\":[{\"@type\":\"SearchAction\",\"target\":{\"@type\":\"EntryPoint\",\"urlTemplate\":\"https:\/\/www.msn.unipi.it\/it\/?s={search_term_string}\"},\"query-input\":{\"@type\":\"PropertyValueSpecification\",\"valueRequired\":true,\"valueName\":\"search_term_string\"}}],\"inLanguage\":\"it-IT\"},{\"@type\":\"Organization\",\"@id\":\"https:\/\/www.msn.unipi.it\/it\/#organization\",\"name\":\"Museo di Storia Naturale dell'Universit\u00e0 di Pisa\",\"url\":\"https:\/\/www.msn.unipi.it\/it\/\",\"logo\":{\"@type\":\"ImageObject\",\"inLanguage\":\"it-IT\",\"@id\":\"https:\/\/www.msn.unipi.it\/it\/#\/schema\/logo\/image\/\",\"url\":\"https:\/\/www.msn.unipi.it\/wp-content\/uploads\/2016\/07\/footer-logo.png\",\"contentUrl\":\"https:\/\/www.msn.unipi.it\/wp-content\/uploads\/2016\/07\/footer-logo.png\",\"width\":220,\"height\":95,\"caption\":\"Museo di Storia Naturale dell'Universit\u00e0 di Pisa\"},\"image\":{\"@id\":\"https:\/\/www.msn.unipi.it\/it\/#\/schema\/logo\/image\/\"},\"sameAs\":[\"https:\/\/www.facebook.com\/Museo-di-Storia-Naturale-Universit\u00e0-di-Pisa-277794215612108\/\",\"https:\/\/x.com\/msncalci\",\"https:\/\/www.instagram.com\/museostorianaturale_calci\/\",\"https:\/\/www.youtube.com\/channel\/UCDaMBe_RegmdCnxLPmryMxw\"]},{\"@type\":\"Person\",\"@id\":\"https:\/\/www.msn.unipi.it\/it\/#\/schema\/person\/9d8f1a27a2ab431b63d029b5f8a21794\",\"name\":\"a006479@unipi.it\",\"image\":{\"@type\":\"ImageObject\",\"inLanguage\":\"it-IT\",\"@id\":\"https:\/\/www.msn.unipi.it\/it\/#\/schema\/person\/image\/\",\"url\":\"https:\/\/secure.gravatar.com\/avatar\/164c9da11aac6f5eaf06e4d2780c4129?s=96&d=mm&r=g\",\"contentUrl\":\"https:\/\/secure.gravatar.com\/avatar\/164c9da11aac6f5eaf06e4d2780c4129?s=96&d=mm&r=g\",\"caption\":\"a006479@unipi.it\"}}]}<\/script>\n<!-- \/ Yoast SEO plugin. -->","yoast_head_json":{"title":"Il lupo e il nostro territorio - Museo di Storia Naturale dell&#039;Universit\u00e0 di Pisa","description":"Sabato 31 luglio oltre 70 persone hanno sfidato il caldo estivo per assistere al Convegno \u201cIl lupo e il nostro territorio - alla ricerca di un nuovo","robots":{"index":"index","follow":"follow","max-snippet":"max-snippet:-1","max-image-preview":"max-image-preview:large","max-video-preview":"max-video-preview:-1"},"canonical":"https:\/\/www.msn.unipi.it\/it\/il-lupo-e-il-nostro-territorio\/","og_locale":"it_IT","og_type":"article","og_title":"Il lupo e il nostro territorio - Museo di Storia Naturale dell&#039;Universit\u00e0 di Pisa","og_description":"Sabato 31 luglio oltre 70 persone hanno sfidato il caldo estivo per assistere al Convegno \u201cIl lupo e il nostro territorio - alla ricerca di un nuovo","og_url":"https:\/\/www.msn.unipi.it\/it\/il-lupo-e-il-nostro-territorio\/","og_site_name":"Museo di Storia Naturale dell&#039;Universit\u00e0 di Pisa","article_publisher":"https:\/\/www.facebook.com\/Museo-di-Storia-Naturale-Universit%c3%a0-di-Pisa-277794215612108\/","article_published_time":"2021-08-05T09:37:51+00:00","article_modified_time":"2021-09-16T09:04:07+00:00","og_image":[{"width":2048,"height":1024,"url":"https:\/\/www.msn.unipi.it\/wp-content\/uploads\/2021\/08\/lupo1.jpg","type":"image\/jpeg"}],"author":"a006479@unipi.it","twitter_card":"summary_large_image","twitter_creator":"@msncalci","twitter_site":"@msncalci","twitter_misc":{"Scritto da":"a006479@unipi.it","Tempo di lettura stimato":"3 minuti"},"schema":{"@context":"https:\/\/schema.org","@graph":[{"@type":"Article","@id":"https:\/\/www.msn.unipi.it\/it\/il-lupo-e-il-nostro-territorio\/#article","isPartOf":{"@id":"https:\/\/www.msn.unipi.it\/it\/il-lupo-e-il-nostro-territorio\/"},"author":{"name":"a006479@unipi.it","@id":"https:\/\/www.msn.unipi.it\/it\/#\/schema\/person\/9d8f1a27a2ab431b63d029b5f8a21794"},"headline":"Il lupo e il nostro territorio","datePublished":"2021-08-05T09:37:51+00:00","dateModified":"2021-09-16T09:04:07+00:00","mainEntityOfPage":{"@id":"https:\/\/www.msn.unipi.it\/it\/il-lupo-e-il-nostro-territorio\/"},"wordCount":668,"publisher":{"@id":"https:\/\/www.msn.unipi.it\/it\/#organization"},"image":{"@id":"https:\/\/www.msn.unipi.it\/it\/il-lupo-e-il-nostro-territorio\/#primaryimage"},"thumbnailUrl":"https:\/\/www.msn.unipi.it\/wp-content\/uploads\/2021\/08\/lupo1.jpg","articleSection":["Diario del museo"],"inLanguage":"it-IT"},{"@type":"WebPage","@id":"https:\/\/www.msn.unipi.it\/it\/il-lupo-e-il-nostro-territorio\/","url":"https:\/\/www.msn.unipi.it\/it\/il-lupo-e-il-nostro-territorio\/","name":"Il lupo e il nostro territorio - Museo di Storia Naturale dell&#039;Universit\u00e0 di Pisa","isPartOf":{"@id":"https:\/\/www.msn.unipi.it\/it\/#website"},"primaryImageOfPage":{"@id":"https:\/\/www.msn.unipi.it\/it\/il-lupo-e-il-nostro-territorio\/#primaryimage"},"image":{"@id":"https:\/\/www.msn.unipi.it\/it\/il-lupo-e-il-nostro-territorio\/#primaryimage"},"thumbnailUrl":"https:\/\/www.msn.unipi.it\/wp-content\/uploads\/2021\/08\/lupo1.jpg","datePublished":"2021-08-05T09:37:51+00:00","dateModified":"2021-09-16T09:04:07+00:00","description":"Sabato 31 luglio oltre 70 persone hanno sfidato il caldo estivo per assistere al Convegno \u201cIl lupo e il nostro territorio - alla ricerca di un nuovo","breadcrumb":{"@id":"https:\/\/www.msn.unipi.it\/it\/il-lupo-e-il-nostro-territorio\/#breadcrumb"},"inLanguage":"it-IT","potentialAction":[{"@type":"ReadAction","target":["https:\/\/www.msn.unipi.it\/it\/il-lupo-e-il-nostro-territorio\/"]}]},{"@type":"ImageObject","inLanguage":"it-IT","@id":"https:\/\/www.msn.unipi.it\/it\/il-lupo-e-il-nostro-territorio\/#primaryimage","url":"https:\/\/www.msn.unipi.it\/wp-content\/uploads\/2021\/08\/lupo1.jpg","contentUrl":"https:\/\/www.msn.unipi.it\/wp-content\/uploads\/2021\/08\/lupo1.jpg","width":2048,"height":1024},{"@type":"BreadcrumbList","@id":"https:\/\/www.msn.unipi.it\/it\/il-lupo-e-il-nostro-territorio\/#breadcrumb","itemListElement":[{"@type":"ListItem","position":1,"name":"Home","item":"https:\/\/www.msn.unipi.it\/it\/"},{"@type":"ListItem","position":2,"name":"Il lupo e il nostro territorio"}]},{"@type":"WebSite","@id":"https:\/\/www.msn.unipi.it\/it\/#website","url":"https:\/\/www.msn.unipi.it\/it\/","name":"Museo di Storia Naturale dell&#039;Universit\u00e0 di Pisa","description":"","publisher":{"@id":"https:\/\/www.msn.unipi.it\/it\/#organization"},"potentialAction":[{"@type":"SearchAction","target":{"@type":"EntryPoint","urlTemplate":"https:\/\/www.msn.unipi.it\/it\/?s={search_term_string}"},"query-input":{"@type":"PropertyValueSpecification","valueRequired":true,"valueName":"search_term_string"}}],"inLanguage":"it-IT"},{"@type":"Organization","@id":"https:\/\/www.msn.unipi.it\/it\/#organization","name":"Museo di Storia Naturale dell'Universit\u00e0 di Pisa","url":"https:\/\/www.msn.unipi.it\/it\/","logo":{"@type":"ImageObject","inLanguage":"it-IT","@id":"https:\/\/www.msn.unipi.it\/it\/#\/schema\/logo\/image\/","url":"https:\/\/www.msn.unipi.it\/wp-content\/uploads\/2016\/07\/footer-logo.png","contentUrl":"https:\/\/www.msn.unipi.it\/wp-content\/uploads\/2016\/07\/footer-logo.png","width":220,"height":95,"caption":"Museo di Storia Naturale dell'Universit\u00e0 di Pisa"},"image":{"@id":"https:\/\/www.msn.unipi.it\/it\/#\/schema\/logo\/image\/"},"sameAs":["https:\/\/www.facebook.com\/Museo-di-Storia-Naturale-Universit\u00e0-di-Pisa-277794215612108\/","https:\/\/x.com\/msncalci","https:\/\/www.instagram.com\/museostorianaturale_calci\/","https:\/\/www.youtube.com\/channel\/UCDaMBe_RegmdCnxLPmryMxw"]},{"@type":"Person","@id":"https:\/\/www.msn.unipi.it\/it\/#\/schema\/person\/9d8f1a27a2ab431b63d029b5f8a21794","name":"a006479@unipi.it","image":{"@type":"ImageObject","inLanguage":"it-IT","@id":"https:\/\/www.msn.unipi.it\/it\/#\/schema\/person\/image\/","url":"https:\/\/secure.gravatar.com\/avatar\/164c9da11aac6f5eaf06e4d2780c4129?s=96&d=mm&r=g","contentUrl":"https:\/\/secure.gravatar.com\/avatar\/164c9da11aac6f5eaf06e4d2780c4129?s=96&d=mm&r=g","caption":"a006479@unipi.it"}}]}},"jetpack_featured_media_url":"https:\/\/www.msn.unipi.it\/wp-content\/uploads\/2021\/08\/lupo1.jpg","jetpack_sharing_enabled":true,"_links":{"self":[{"href":"https:\/\/www.msn.unipi.it\/it\/wp-json\/wp\/v2\/posts\/22672","targetHints":{"allow":["GET"]}}],"collection":[{"href":"https:\/\/www.msn.unipi.it\/it\/wp-json\/wp\/v2\/posts"}],"about":[{"href":"https:\/\/www.msn.unipi.it\/it\/wp-json\/wp\/v2\/types\/post"}],"author":[{"embeddable":true,"href":"https:\/\/www.msn.unipi.it\/it\/wp-json\/wp\/v2\/users\/11"}],"replies":[{"embeddable":true,"href":"https:\/\/www.msn.unipi.it\/it\/wp-json\/wp\/v2\/comments?post=22672"}],"version-history":[{"count":9,"href":"https:\/\/www.msn.unipi.it\/it\/wp-json\/wp\/v2\/posts\/22672\/revisions"}],"predecessor-version":[{"id":22693,"href":"https:\/\/www.msn.unipi.it\/it\/wp-json\/wp\/v2\/posts\/22672\/revisions\/22693"}],"wp:featuredmedia":[{"embeddable":true,"href":"https:\/\/www.msn.unipi.it\/it\/wp-json\/wp\/v2\/media\/22669"}],"wp:attachment":[{"href":"https:\/\/www.msn.unipi.it\/it\/wp-json\/wp\/v2\/media?parent=22672"}],"wp:term":[{"taxonomy":"category","embeddable":true,"href":"https:\/\/www.msn.unipi.it\/it\/wp-json\/wp\/v2\/categories?post=22672"},{"taxonomy":"post_tag","embeddable":true,"href":"https:\/\/www.msn.unipi.it\/it\/wp-json\/wp\/v2\/tags?post=22672"}],"curies":[{"name":"wp","href":"https:\/\/api.w.org\/{rel}","templated":true}]}}