{"id":23753,"date":"2022-03-15T09:34:14","date_gmt":"2022-03-15T08:34:14","guid":{"rendered":"https:\/\/www.msn.unipi.it\/?p=23753"},"modified":"2022-05-13T10:04:16","modified_gmt":"2022-05-13T08:04:16","slug":"i-primi-40-anni-del-museo-di-storia-naturale-nella-certosa-di-pisa-a-calci","status":"publish","type":"post","link":"https:\/\/www.msn.unipi.it\/it\/i-primi-40-anni-del-museo-di-storia-naturale-nella-certosa-di-pisa-a-calci\/","title":{"rendered":"I primi 40 anni del Museo nella Certosa di Pisa a Calci"},"content":{"rendered":"<p><strong>I primi 40 anni del Museo di Storia Naturale nella Certosa di Pisa a Calci<\/strong><\/p>\n<p>Con il decreto del Rettore n\u00b0 148 del 18 marzo del 1982, il Professor Ezio Tongiorgi, ordinario di Geologia Nucleare alla Facolt\u00e0 di Scienze Matematiche, Fisiche e Naturali dell\u2019Universit\u00e0 di Pisa, viene nominato Direttore del \u201cMuseo di Storia Naturale e del Territorio &#8211; Certosa di Calci\u201d.<br \/>\nE\u2019 con questa data che inizia la \u201cseconda vita\u201d del Museo nel nuovo spazio della Certosa di Pisa, presso Calci, di cui oggi ricorre il 40esimo anniversario.<br \/>\n\u00c8 proprio grazie all\u2019iniziativa e alla volont\u00e0 di Ezio Tongiorgi, infatti, che le collezioni trovano la loro definitiva collocazione presso la Certosa, lasciata libera dagli ultimi monaci nel 1972. Prima di quel momento le collezioni, dal secondo dopoguerra non pi\u00f9 accessibili al pubblico, occupavano alcuni spazi del complesso di edifici posti in via Volta e in via Santa Maria e parte dei locali del convento di Santa Croce in Fossabanda a Pisa.<\/p>\n<p>A partire dagli inizi degli anni \u201880, le collezioni di Zoologia e Anatomia comparata, Geologia e Paleontologia, Mineralogia e Petrografia sono trasferite alla Certosa. Nei locali di servizio del monastero, nel corso del tempo, iniziano a prendere forma gli allestimenti. Tra questi la Galleria dei cetacei, il cui primo nucleo espositivo nasce proprio negli anni \u201880 con il fissaggio dei grandi scheletri della balenottera azzurra e della balenottera comune e con la chiusura del loggiato con le grandi vetrate che ancora oggi consentono di osservare gli uliveti e il frutteto della Certosa.<br \/>\nIn quarant\u2019anni si sono succeduti sette tra direttori e direttrici, decine di unit\u00e0 di personale strutturato, moltissimi collaboratori e centinaia di migliaia di visitatori che hanno permesso al Museo di crescere e di diventare una realt\u00e0 museale affermata nel panorama locale e nazionale.<\/p>\n<p>I primi 40 anni del Museo nella Certosa saranno ricordati con due iniziative. Dal 1\u00b0 ottobre 2022 al 15 gennaio 2023 verr\u00e0 allestita una mostra fotografica sulla storia recente del Museo e, nel corso dell\u2019anno, sar\u00e0 curata una rubrica sui canali social che ripercorrer\u00e0 i momenti pi\u00f9 significativi degli ultimi decenni. Queste due iniziative permetteranno di mettere in luce la profonda evoluzione del Museo e di scoprire, grazie a fotografie inedite, piccole storie del passato e dare valore al lavoro delle tantissime persone che hanno contribuito, in vario modo e a vario titolo, alla costruzione del Museo che tutti possiamo ammirare oggi.<\/p>\n<p>&nbsp;<\/p>\n<p style=\"text-align: right;\">Il Direttore del Museo di Storia Naturale<br \/>\nProfessor Damiano Marchi<\/p>\n<p>&nbsp;<\/p>\n","protected":false},"excerpt":{"rendered":"<p>I primi 40 anni del Museo di Storia Naturale nella Certosa di Pisa a Calci Con il decreto del Rettore n\u00b0 148 del 18 marzo del 1982, il Professor Ezio Tongiorgi, ordinario di Geologia Nucleare alla Facolt\u00e0 di Scienze Matematiche, Fisiche e Naturali dell\u2019Universit\u00e0 di Pisa, viene nominato Direttore del \u201cMuseo di Storia Naturale e&nbsp; <a href=\"https:\/\/www.msn.unipi.it\/it\/i-primi-40-anni-del-museo-di-storia-naturale-nella-certosa-di-pisa-a-calci\/\">&hellip;  <i class=\"fa fa-chevron-right\"><\/i><\/a><\/p>\n","protected":false},"author":7,"featured_media":23754,"comment_status":"closed","ping_status":"closed","sticky":false,"template":"","format":"standard","meta":{"_jetpack_memberships_contains_paid_content":false,"footnotes":""},"categories":[1],"tags":[],"class_list":["post-23753","post","type-post","status-publish","format-standard","has-post-thumbnail","hentry","category-news"],"yoast_head":"<!-- This site is optimized with the Yoast SEO plugin v26.8 - https:\/\/yoast.com\/product\/yoast-seo-wordpress\/ -->\n<title>I primi 40 anni del Museo nella Certosa di Pisa a Calci - Museo di Storia Naturale dell&#039;Universit\u00e0 di Pisa<\/title>\n<meta name=\"description\" content=\"I primi 40 anni del Museo di Storia Naturale nella Certosa di Pisa a Calci Con il decreto del Rettore n\u00b0 148 del 18 marzo del 1982, il Professor Ezio\" \/>\n<meta name=\"robots\" content=\"index, follow, max-snippet:-1, max-image-preview:large, max-video-preview:-1\" \/>\n<link rel=\"canonical\" href=\"https:\/\/www.msn.unipi.it\/it\/i-primi-40-anni-del-museo-di-storia-naturale-nella-certosa-di-pisa-a-calci\/\" \/>\n<meta property=\"og:locale\" content=\"it_IT\" \/>\n<meta property=\"og:type\" content=\"article\" \/>\n<meta property=\"og:title\" content=\"I primi 40 anni del Museo nella Certosa di Pisa a Calci - Museo di Storia Naturale dell&#039;Universit\u00e0 di Pisa\" \/>\n<meta property=\"og:description\" content=\"I primi 40 anni del Museo di Storia Naturale nella Certosa di Pisa a Calci Con il decreto del Rettore n\u00b0 148 del 18 marzo del 1982, il Professor Ezio\" \/>\n<meta property=\"og:url\" content=\"https:\/\/www.msn.unipi.it\/it\/i-primi-40-anni-del-museo-di-storia-naturale-nella-certosa-di-pisa-a-calci\/\" \/>\n<meta property=\"og:site_name\" content=\"Museo di Storia Naturale dell&#039;Universit\u00e0 di Pisa\" \/>\n<meta property=\"article:publisher\" content=\"https:\/\/www.facebook.com\/Museo-di-Storia-Naturale-Universit%c3%a0-di-Pisa-277794215612108\/\" \/>\n<meta property=\"article:published_time\" content=\"2022-03-15T08:34:14+00:00\" \/>\n<meta property=\"article:modified_time\" content=\"2022-05-13T08:04:16+00:00\" \/>\n<meta property=\"og:image\" content=\"https:\/\/www.msn.unipi.it\/wp-content\/uploads\/2022\/03\/Galleria-cetacei-foto-darchivio.jpg\" \/>\n\t<meta property=\"og:image:width\" content=\"2048\" \/>\n\t<meta property=\"og:image:height\" content=\"1379\" \/>\n\t<meta property=\"og:image:type\" content=\"image\/jpeg\" \/>\n<meta name=\"author\" content=\"a012780@unipi.it\" \/>\n<meta name=\"twitter:card\" content=\"summary_large_image\" \/>\n<meta name=\"twitter:creator\" content=\"@msncalci\" \/>\n<meta name=\"twitter:site\" content=\"@msncalci\" \/>\n<meta name=\"twitter:label1\" content=\"Scritto da\" \/>\n\t<meta name=\"twitter:data1\" content=\"a012780@unipi.it\" \/>\n\t<meta name=\"twitter:label2\" content=\"Tempo di lettura stimato\" \/>\n\t<meta name=\"twitter:data2\" content=\"3 minuti\" \/>\n<script type=\"application\/ld+json\" class=\"yoast-schema-graph\">{\"@context\":\"https:\/\/schema.org\",\"@graph\":[{\"@type\":\"Article\",\"@id\":\"https:\/\/www.msn.unipi.it\/it\/i-primi-40-anni-del-museo-di-storia-naturale-nella-certosa-di-pisa-a-calci\/#article\",\"isPartOf\":{\"@id\":\"https:\/\/www.msn.unipi.it\/it\/i-primi-40-anni-del-museo-di-storia-naturale-nella-certosa-di-pisa-a-calci\/\"},\"author\":{\"name\":\"a012780@unipi.it\",\"@id\":\"https:\/\/www.msn.unipi.it\/it\/#\/schema\/person\/20631df3667b84d79cffe30e020188a1\"},\"headline\":\"I primi 40 anni del Museo nella Certosa di Pisa a Calci\",\"datePublished\":\"2022-03-15T08:34:14+00:00\",\"dateModified\":\"2022-05-13T08:04:16+00:00\",\"mainEntityOfPage\":{\"@id\":\"https:\/\/www.msn.unipi.it\/it\/i-primi-40-anni-del-museo-di-storia-naturale-nella-certosa-di-pisa-a-calci\/\"},\"wordCount\":411,\"publisher\":{\"@id\":\"https:\/\/www.msn.unipi.it\/it\/#organization\"},\"image\":{\"@id\":\"https:\/\/www.msn.unipi.it\/it\/i-primi-40-anni-del-museo-di-storia-naturale-nella-certosa-di-pisa-a-calci\/#primaryimage\"},\"thumbnailUrl\":\"https:\/\/www.msn.unipi.it\/wp-content\/uploads\/2022\/03\/Galleria-cetacei-foto-darchivio.jpg\",\"articleSection\":[\"News\"],\"inLanguage\":\"it-IT\"},{\"@type\":\"WebPage\",\"@id\":\"https:\/\/www.msn.unipi.it\/it\/i-primi-40-anni-del-museo-di-storia-naturale-nella-certosa-di-pisa-a-calci\/\",\"url\":\"https:\/\/www.msn.unipi.it\/it\/i-primi-40-anni-del-museo-di-storia-naturale-nella-certosa-di-pisa-a-calci\/\",\"name\":\"I primi 40 anni del Museo nella Certosa di Pisa a Calci - Museo di Storia Naturale dell&#039;Universit\u00e0 di Pisa\",\"isPartOf\":{\"@id\":\"https:\/\/www.msn.unipi.it\/it\/#website\"},\"primaryImageOfPage\":{\"@id\":\"https:\/\/www.msn.unipi.it\/it\/i-primi-40-anni-del-museo-di-storia-naturale-nella-certosa-di-pisa-a-calci\/#primaryimage\"},\"image\":{\"@id\":\"https:\/\/www.msn.unipi.it\/it\/i-primi-40-anni-del-museo-di-storia-naturale-nella-certosa-di-pisa-a-calci\/#primaryimage\"},\"thumbnailUrl\":\"https:\/\/www.msn.unipi.it\/wp-content\/uploads\/2022\/03\/Galleria-cetacei-foto-darchivio.jpg\",\"datePublished\":\"2022-03-15T08:34:14+00:00\",\"dateModified\":\"2022-05-13T08:04:16+00:00\",\"description\":\"I primi 40 anni del Museo di Storia Naturale nella Certosa di Pisa a Calci Con il decreto del Rettore n\u00b0 148 del 18 marzo del 1982, il Professor Ezio\",\"breadcrumb\":{\"@id\":\"https:\/\/www.msn.unipi.it\/it\/i-primi-40-anni-del-museo-di-storia-naturale-nella-certosa-di-pisa-a-calci\/#breadcrumb\"},\"inLanguage\":\"it-IT\",\"potentialAction\":[{\"@type\":\"ReadAction\",\"target\":[\"https:\/\/www.msn.unipi.it\/it\/i-primi-40-anni-del-museo-di-storia-naturale-nella-certosa-di-pisa-a-calci\/\"]}]},{\"@type\":\"ImageObject\",\"inLanguage\":\"it-IT\",\"@id\":\"https:\/\/www.msn.unipi.it\/it\/i-primi-40-anni-del-museo-di-storia-naturale-nella-certosa-di-pisa-a-calci\/#primaryimage\",\"url\":\"https:\/\/www.msn.unipi.it\/wp-content\/uploads\/2022\/03\/Galleria-cetacei-foto-darchivio.jpg\",\"contentUrl\":\"https:\/\/www.msn.unipi.it\/wp-content\/uploads\/2022\/03\/Galleria-cetacei-foto-darchivio.jpg\",\"width\":2048,\"height\":1379},{\"@type\":\"BreadcrumbList\",\"@id\":\"https:\/\/www.msn.unipi.it\/it\/i-primi-40-anni-del-museo-di-storia-naturale-nella-certosa-di-pisa-a-calci\/#breadcrumb\",\"itemListElement\":[{\"@type\":\"ListItem\",\"position\":1,\"name\":\"Home\",\"item\":\"https:\/\/www.msn.unipi.it\/it\/\"},{\"@type\":\"ListItem\",\"position\":2,\"name\":\"I primi 40 anni del Museo nella Certosa di Pisa a Calci\"}]},{\"@type\":\"WebSite\",\"@id\":\"https:\/\/www.msn.unipi.it\/it\/#website\",\"url\":\"https:\/\/www.msn.unipi.it\/it\/\",\"name\":\"Museo di Storia Naturale dell&#039;Universit\u00e0 di Pisa\",\"description\":\"\",\"publisher\":{\"@id\":\"https:\/\/www.msn.unipi.it\/it\/#organization\"},\"potentialAction\":[{\"@type\":\"SearchAction\",\"target\":{\"@type\":\"EntryPoint\",\"urlTemplate\":\"https:\/\/www.msn.unipi.it\/it\/?s={search_term_string}\"},\"query-input\":{\"@type\":\"PropertyValueSpecification\",\"valueRequired\":true,\"valueName\":\"search_term_string\"}}],\"inLanguage\":\"it-IT\"},{\"@type\":\"Organization\",\"@id\":\"https:\/\/www.msn.unipi.it\/it\/#organization\",\"name\":\"Museo di Storia Naturale dell'Universit\u00e0 di Pisa\",\"url\":\"https:\/\/www.msn.unipi.it\/it\/\",\"logo\":{\"@type\":\"ImageObject\",\"inLanguage\":\"it-IT\",\"@id\":\"https:\/\/www.msn.unipi.it\/it\/#\/schema\/logo\/image\/\",\"url\":\"https:\/\/www.msn.unipi.it\/wp-content\/uploads\/2016\/07\/footer-logo.png\",\"contentUrl\":\"https:\/\/www.msn.unipi.it\/wp-content\/uploads\/2016\/07\/footer-logo.png\",\"width\":220,\"height\":95,\"caption\":\"Museo di Storia Naturale dell'Universit\u00e0 di Pisa\"},\"image\":{\"@id\":\"https:\/\/www.msn.unipi.it\/it\/#\/schema\/logo\/image\/\"},\"sameAs\":[\"https:\/\/www.facebook.com\/Museo-di-Storia-Naturale-Universit\u00e0-di-Pisa-277794215612108\/\",\"https:\/\/x.com\/msncalci\",\"https:\/\/www.instagram.com\/museostorianaturale_calci\/\",\"https:\/\/www.youtube.com\/channel\/UCDaMBe_RegmdCnxLPmryMxw\"]},{\"@type\":\"Person\",\"@id\":\"https:\/\/www.msn.unipi.it\/it\/#\/schema\/person\/20631df3667b84d79cffe30e020188a1\",\"name\":\"a012780@unipi.it\",\"image\":{\"@type\":\"ImageObject\",\"inLanguage\":\"it-IT\",\"@id\":\"https:\/\/www.msn.unipi.it\/it\/#\/schema\/person\/image\/\",\"url\":\"https:\/\/secure.gravatar.com\/avatar\/42f33f3cae0d7f62a78cb1395dffdd09?s=96&d=mm&r=g\",\"contentUrl\":\"https:\/\/secure.gravatar.com\/avatar\/42f33f3cae0d7f62a78cb1395dffdd09?s=96&d=mm&r=g\",\"caption\":\"a012780@unipi.it\"}}]}<\/script>\n<!-- \/ Yoast SEO plugin. -->","yoast_head_json":{"title":"I primi 40 anni del Museo nella Certosa di Pisa a Calci - Museo di Storia Naturale dell&#039;Universit\u00e0 di Pisa","description":"I primi 40 anni del Museo di Storia Naturale nella Certosa di Pisa a Calci Con il decreto del Rettore n\u00b0 148 del 18 marzo del 1982, il Professor Ezio","robots":{"index":"index","follow":"follow","max-snippet":"max-snippet:-1","max-image-preview":"max-image-preview:large","max-video-preview":"max-video-preview:-1"},"canonical":"https:\/\/www.msn.unipi.it\/it\/i-primi-40-anni-del-museo-di-storia-naturale-nella-certosa-di-pisa-a-calci\/","og_locale":"it_IT","og_type":"article","og_title":"I primi 40 anni del Museo nella Certosa di Pisa a Calci - Museo di Storia Naturale dell&#039;Universit\u00e0 di Pisa","og_description":"I primi 40 anni del Museo di Storia Naturale nella Certosa di Pisa a Calci Con il decreto del Rettore n\u00b0 148 del 18 marzo del 1982, il Professor Ezio","og_url":"https:\/\/www.msn.unipi.it\/it\/i-primi-40-anni-del-museo-di-storia-naturale-nella-certosa-di-pisa-a-calci\/","og_site_name":"Museo di Storia Naturale dell&#039;Universit\u00e0 di Pisa","article_publisher":"https:\/\/www.facebook.com\/Museo-di-Storia-Naturale-Universit%c3%a0-di-Pisa-277794215612108\/","article_published_time":"2022-03-15T08:34:14+00:00","article_modified_time":"2022-05-13T08:04:16+00:00","og_image":[{"width":2048,"height":1379,"url":"https:\/\/www.msn.unipi.it\/wp-content\/uploads\/2022\/03\/Galleria-cetacei-foto-darchivio.jpg","type":"image\/jpeg"}],"author":"a012780@unipi.it","twitter_card":"summary_large_image","twitter_creator":"@msncalci","twitter_site":"@msncalci","twitter_misc":{"Scritto da":"a012780@unipi.it","Tempo di lettura stimato":"3 minuti"},"schema":{"@context":"https:\/\/schema.org","@graph":[{"@type":"Article","@id":"https:\/\/www.msn.unipi.it\/it\/i-primi-40-anni-del-museo-di-storia-naturale-nella-certosa-di-pisa-a-calci\/#article","isPartOf":{"@id":"https:\/\/www.msn.unipi.it\/it\/i-primi-40-anni-del-museo-di-storia-naturale-nella-certosa-di-pisa-a-calci\/"},"author":{"name":"a012780@unipi.it","@id":"https:\/\/www.msn.unipi.it\/it\/#\/schema\/person\/20631df3667b84d79cffe30e020188a1"},"headline":"I primi 40 anni del Museo nella Certosa di Pisa a Calci","datePublished":"2022-03-15T08:34:14+00:00","dateModified":"2022-05-13T08:04:16+00:00","mainEntityOfPage":{"@id":"https:\/\/www.msn.unipi.it\/it\/i-primi-40-anni-del-museo-di-storia-naturale-nella-certosa-di-pisa-a-calci\/"},"wordCount":411,"publisher":{"@id":"https:\/\/www.msn.unipi.it\/it\/#organization"},"image":{"@id":"https:\/\/www.msn.unipi.it\/it\/i-primi-40-anni-del-museo-di-storia-naturale-nella-certosa-di-pisa-a-calci\/#primaryimage"},"thumbnailUrl":"https:\/\/www.msn.unipi.it\/wp-content\/uploads\/2022\/03\/Galleria-cetacei-foto-darchivio.jpg","articleSection":["News"],"inLanguage":"it-IT"},{"@type":"WebPage","@id":"https:\/\/www.msn.unipi.it\/it\/i-primi-40-anni-del-museo-di-storia-naturale-nella-certosa-di-pisa-a-calci\/","url":"https:\/\/www.msn.unipi.it\/it\/i-primi-40-anni-del-museo-di-storia-naturale-nella-certosa-di-pisa-a-calci\/","name":"I primi 40 anni del Museo nella Certosa di Pisa a Calci - Museo di Storia Naturale dell&#039;Universit\u00e0 di Pisa","isPartOf":{"@id":"https:\/\/www.msn.unipi.it\/it\/#website"},"primaryImageOfPage":{"@id":"https:\/\/www.msn.unipi.it\/it\/i-primi-40-anni-del-museo-di-storia-naturale-nella-certosa-di-pisa-a-calci\/#primaryimage"},"image":{"@id":"https:\/\/www.msn.unipi.it\/it\/i-primi-40-anni-del-museo-di-storia-naturale-nella-certosa-di-pisa-a-calci\/#primaryimage"},"thumbnailUrl":"https:\/\/www.msn.unipi.it\/wp-content\/uploads\/2022\/03\/Galleria-cetacei-foto-darchivio.jpg","datePublished":"2022-03-15T08:34:14+00:00","dateModified":"2022-05-13T08:04:16+00:00","description":"I primi 40 anni del Museo di Storia Naturale nella Certosa di Pisa a Calci Con il decreto del Rettore n\u00b0 148 del 18 marzo del 1982, il Professor Ezio","breadcrumb":{"@id":"https:\/\/www.msn.unipi.it\/it\/i-primi-40-anni-del-museo-di-storia-naturale-nella-certosa-di-pisa-a-calci\/#breadcrumb"},"inLanguage":"it-IT","potentialAction":[{"@type":"ReadAction","target":["https:\/\/www.msn.unipi.it\/it\/i-primi-40-anni-del-museo-di-storia-naturale-nella-certosa-di-pisa-a-calci\/"]}]},{"@type":"ImageObject","inLanguage":"it-IT","@id":"https:\/\/www.msn.unipi.it\/it\/i-primi-40-anni-del-museo-di-storia-naturale-nella-certosa-di-pisa-a-calci\/#primaryimage","url":"https:\/\/www.msn.unipi.it\/wp-content\/uploads\/2022\/03\/Galleria-cetacei-foto-darchivio.jpg","contentUrl":"https:\/\/www.msn.unipi.it\/wp-content\/uploads\/2022\/03\/Galleria-cetacei-foto-darchivio.jpg","width":2048,"height":1379},{"@type":"BreadcrumbList","@id":"https:\/\/www.msn.unipi.it\/it\/i-primi-40-anni-del-museo-di-storia-naturale-nella-certosa-di-pisa-a-calci\/#breadcrumb","itemListElement":[{"@type":"ListItem","position":1,"name":"Home","item":"https:\/\/www.msn.unipi.it\/it\/"},{"@type":"ListItem","position":2,"name":"I primi 40 anni del Museo nella Certosa di Pisa a Calci"}]},{"@type":"WebSite","@id":"https:\/\/www.msn.unipi.it\/it\/#website","url":"https:\/\/www.msn.unipi.it\/it\/","name":"Museo di Storia Naturale dell&#039;Universit\u00e0 di Pisa","description":"","publisher":{"@id":"https:\/\/www.msn.unipi.it\/it\/#organization"},"potentialAction":[{"@type":"SearchAction","target":{"@type":"EntryPoint","urlTemplate":"https:\/\/www.msn.unipi.it\/it\/?s={search_term_string}"},"query-input":{"@type":"PropertyValueSpecification","valueRequired":true,"valueName":"search_term_string"}}],"inLanguage":"it-IT"},{"@type":"Organization","@id":"https:\/\/www.msn.unipi.it\/it\/#organization","name":"Museo di Storia Naturale dell'Universit\u00e0 di Pisa","url":"https:\/\/www.msn.unipi.it\/it\/","logo":{"@type":"ImageObject","inLanguage":"it-IT","@id":"https:\/\/www.msn.unipi.it\/it\/#\/schema\/logo\/image\/","url":"https:\/\/www.msn.unipi.it\/wp-content\/uploads\/2016\/07\/footer-logo.png","contentUrl":"https:\/\/www.msn.unipi.it\/wp-content\/uploads\/2016\/07\/footer-logo.png","width":220,"height":95,"caption":"Museo di Storia Naturale dell'Universit\u00e0 di Pisa"},"image":{"@id":"https:\/\/www.msn.unipi.it\/it\/#\/schema\/logo\/image\/"},"sameAs":["https:\/\/www.facebook.com\/Museo-di-Storia-Naturale-Universit\u00e0-di-Pisa-277794215612108\/","https:\/\/x.com\/msncalci","https:\/\/www.instagram.com\/museostorianaturale_calci\/","https:\/\/www.youtube.com\/channel\/UCDaMBe_RegmdCnxLPmryMxw"]},{"@type":"Person","@id":"https:\/\/www.msn.unipi.it\/it\/#\/schema\/person\/20631df3667b84d79cffe30e020188a1","name":"a012780@unipi.it","image":{"@type":"ImageObject","inLanguage":"it-IT","@id":"https:\/\/www.msn.unipi.it\/it\/#\/schema\/person\/image\/","url":"https:\/\/secure.gravatar.com\/avatar\/42f33f3cae0d7f62a78cb1395dffdd09?s=96&d=mm&r=g","contentUrl":"https:\/\/secure.gravatar.com\/avatar\/42f33f3cae0d7f62a78cb1395dffdd09?s=96&d=mm&r=g","caption":"a012780@unipi.it"}}]}},"jetpack_featured_media_url":"https:\/\/www.msn.unipi.it\/wp-content\/uploads\/2022\/03\/Galleria-cetacei-foto-darchivio.jpg","jetpack_sharing_enabled":true,"_links":{"self":[{"href":"https:\/\/www.msn.unipi.it\/it\/wp-json\/wp\/v2\/posts\/23753","targetHints":{"allow":["GET"]}}],"collection":[{"href":"https:\/\/www.msn.unipi.it\/it\/wp-json\/wp\/v2\/posts"}],"about":[{"href":"https:\/\/www.msn.unipi.it\/it\/wp-json\/wp\/v2\/types\/post"}],"author":[{"embeddable":true,"href":"https:\/\/www.msn.unipi.it\/it\/wp-json\/wp\/v2\/users\/7"}],"replies":[{"embeddable":true,"href":"https:\/\/www.msn.unipi.it\/it\/wp-json\/wp\/v2\/comments?post=23753"}],"version-history":[{"count":3,"href":"https:\/\/www.msn.unipi.it\/it\/wp-json\/wp\/v2\/posts\/23753\/revisions"}],"predecessor-version":[{"id":23758,"href":"https:\/\/www.msn.unipi.it\/it\/wp-json\/wp\/v2\/posts\/23753\/revisions\/23758"}],"wp:featuredmedia":[{"embeddable":true,"href":"https:\/\/www.msn.unipi.it\/it\/wp-json\/wp\/v2\/media\/23754"}],"wp:attachment":[{"href":"https:\/\/www.msn.unipi.it\/it\/wp-json\/wp\/v2\/media?parent=23753"}],"wp:term":[{"taxonomy":"category","embeddable":true,"href":"https:\/\/www.msn.unipi.it\/it\/wp-json\/wp\/v2\/categories?post=23753"},{"taxonomy":"post_tag","embeddable":true,"href":"https:\/\/www.msn.unipi.it\/it\/wp-json\/wp\/v2\/tags?post=23753"}],"curies":[{"name":"wp","href":"https:\/\/api.w.org\/{rel}","templated":true}]}}