{"id":24972,"date":"2022-10-07T12:10:12","date_gmt":"2022-10-07T10:10:12","guid":{"rendered":"https:\/\/www.msn.unipi.it\/?p=24972"},"modified":"2022-10-13T08:48:37","modified_gmt":"2022-10-13T06:48:37","slug":"inclusive-design-e-comunita-accessibili","status":"publish","type":"post","link":"https:\/\/www.msn.unipi.it\/it\/inclusive-design-e-comunita-accessibili\/","title":{"rendered":"Inclusive design e comunit\u00e0 accessibili"},"content":{"rendered":"<p>Luned\u00ec 10 ottobre 2022 presso l&#8217;Auditorium delle Officine Garibaldi, Via Vincenzo Gioberti, 39 a Pisa, si svolger\u00e0 l&#8217;evento &#8220;Inclusive design e comunit\u00e0 accessibili\u201d Progetto Ceilings IV che pu\u00f2 essere seguito anche in streaming a questo indirizzo: <a href=\"https:\/\/meet.google.com\/niz-vxoa-sna\">https:\/\/meet.google.com\/niz-vxoa-sna<\/a>.<\/p>\n<p>Il Museo parteciper\u00e0 con un intervento dedicato all&#8217;accessibilit\u00e0 dell&#8217;Acquario.<\/p>\n<p>&nbsp;<\/p>\n<p>Programma:<\/p>\n<p>Ore 9:00 \u2013 13:00<\/p>\n<p>Barbara Leporini, CNR-ISTI<br \/>\n<strong>Interazione multimediale e multimodale a supporto di una cultura accessibile ed inclusiva<\/strong><\/p>\n<p>Dario Matteoni, Accademia di Belle Arti di Pisa, Alma Artis<br \/>\n<strong>Il museo diventa digitale e interattivo<\/strong><\/p>\n<p>Angela Dini e Paola Nicolosi, Museo di Storia Naturale, Universit\u00e0 di Pisa<br \/>\n<strong>Un Acquario per tutti: un caso per l\u2019accessibilit\u00e0 e l\u2019inclusione<\/strong><\/p>\n<p>Monica Bernacchia, Museo Omero<br \/>\n<strong>Comunicare accessibile non \u00e8 solo una questione tecnica<\/strong><\/p>\n<p>Massimo Magrini, CNR-ISTI<br \/>\n<strong>Tecnologie per soluzioni accessibili per la fruizione di contenuti museali<\/strong><br \/>\nPresentazione del progetto elaborato dagli studenti dell&#8217;Accademia di Belle Arti di Pisa, Alma Artis: Un occhio nella Chiesa della Spina<\/p>\n<p>ore 14:00<\/p>\n<p>Enrico Bisenzi, Accademia di Belle Arti di Pisa Alma Artis e di Roma, esperto in accessibilit\u00e0<br \/>\n<strong>Inclusive Design per siti web, app e videogame<\/strong><br \/>\nIn vista della normativa europea del 2025 vengono illustrate le possibilit\u00e0 di inclusive design relativamente ad applicazioni, videogiochi e siti web, utilizzando strumenti produttivi e di analisi adatto allo scopo<\/p>\n<p>ore 16:00<\/p>\n<p>Andrea Alessandri &#8211; Founder 21am<br \/>\n<strong>Design significativo: il progetto a servizio delle fragilit\u00e0<\/strong><br \/>\nL&#8217;incontro tratter\u00e0 il tema del design a servizio dell&#8217;accessibilit\u00e0, a prodotti e servizi con un approccio molto trasversale, includendo accessibilit\u00e0 economica, culturale e di contesto, portando esperienze concrete e chiamando quindi i partecipanti a commentare le scelte e i risultati reali sugli utenti.<\/p>\n<p>Coordina gli interventi<br \/>\nMaurizio Lucchini, Accademia di Belle Arti di Catanzaro &#8211; Progetto Ceilings<\/p>\n<p>&nbsp;<\/p>\n<blockquote class=\"wp-embedded-content\" data-secret=\"TMlDk1Nn4O\"><p><a href=\"https:\/\/almaartis.it\/blog\/inclusive-design-e-comunita-accessibili-progetto-ceilings-iv\/\">Inclusive design e comunit\u00e0 accessibili<\/a><\/p><\/blockquote>\n<p><iframe loading=\"lazy\" class=\"wp-embedded-content\" sandbox=\"allow-scripts\" security=\"restricted\" style=\"position: absolute; clip: rect(1px, 1px, 1px, 1px);\" title=\"&#8220;Inclusive design e comunit\u00e0 accessibili&#8221; &#8212; Alma Artis\" src=\"https:\/\/almaartis.it\/blog\/inclusive-design-e-comunita-accessibili-progetto-ceilings-iv\/embed\/#?secret=TMlDk1Nn4O\" data-secret=\"TMlDk1Nn4O\" width=\"600\" height=\"338\" frameborder=\"0\" marginwidth=\"0\" marginheight=\"0\" scrolling=\"no\"><\/iframe><\/p>\n","protected":false},"excerpt":{"rendered":"<p>Luned\u00ec 10 ottobre 2022 presso l&#8217;Auditorium delle Officine Garibaldi, Via Vincenzo Gioberti, 39 a Pisa, si svolger\u00e0 l&#8217;evento &#8220;Inclusive design e comunit\u00e0 accessibili\u201d Progetto Ceilings IV che pu\u00f2 essere seguito anche in streaming a questo indirizzo: https:\/\/meet.google.com\/niz-vxoa-sna. Il Museo parteciper\u00e0 con un intervento dedicato all&#8217;accessibilit\u00e0 dell&#8217;Acquario. &nbsp; Programma: Ore 9:00 \u2013 13:00 Barbara Leporini, CNR-ISTI&nbsp; <a href=\"https:\/\/www.msn.unipi.it\/it\/inclusive-design-e-comunita-accessibili\/\">&hellip;  <i class=\"fa fa-chevron-right\"><\/i><\/a><\/p>\n","protected":false},"author":7,"featured_media":24973,"comment_status":"closed","ping_status":"closed","sticky":false,"template":"","format":"standard","meta":{"_jetpack_memberships_contains_paid_content":false,"footnotes":""},"categories":[1],"tags":[],"class_list":["post-24972","post","type-post","status-publish","format-standard","has-post-thumbnail","hentry","category-news"],"yoast_head":"<!-- This site is optimized with the Yoast SEO plugin v26.8 - https:\/\/yoast.com\/product\/yoast-seo-wordpress\/ -->\n<title>Inclusive design e comunit\u00e0 accessibili - Museo di Storia Naturale dell&#039;Universit\u00e0 di Pisa<\/title>\n<meta name=\"description\" content=\"Luned\u00ec 10 ottobre 2022 presso l&#039;Auditorium delle Officine Garibaldi, Via Vincenzo Gioberti, 39 a Pisa, si svolger\u00e0 l&#039;evento &quot;Inclusive design e comunit\u00e0\" \/>\n<meta name=\"robots\" content=\"index, follow, max-snippet:-1, max-image-preview:large, max-video-preview:-1\" \/>\n<link rel=\"canonical\" href=\"https:\/\/www.msn.unipi.it\/it\/inclusive-design-e-comunita-accessibili\/\" \/>\n<meta property=\"og:locale\" content=\"it_IT\" \/>\n<meta property=\"og:type\" content=\"article\" \/>\n<meta property=\"og:title\" content=\"Inclusive design e comunit\u00e0 accessibili - Museo di Storia Naturale dell&#039;Universit\u00e0 di Pisa\" \/>\n<meta property=\"og:description\" content=\"Luned\u00ec 10 ottobre 2022 presso l&#039;Auditorium delle Officine Garibaldi, Via Vincenzo Gioberti, 39 a Pisa, si svolger\u00e0 l&#039;evento &quot;Inclusive design e comunit\u00e0\" \/>\n<meta property=\"og:url\" content=\"https:\/\/www.msn.unipi.it\/it\/inclusive-design-e-comunita-accessibili\/\" \/>\n<meta property=\"og:site_name\" content=\"Museo di Storia Naturale dell&#039;Universit\u00e0 di Pisa\" \/>\n<meta property=\"article:publisher\" content=\"https:\/\/www.facebook.com\/Museo-di-Storia-Naturale-Universit%c3%a0-di-Pisa-277794215612108\/\" \/>\n<meta property=\"article:published_time\" content=\"2022-10-07T10:10:12+00:00\" \/>\n<meta property=\"article:modified_time\" content=\"2022-10-13T06:48:37+00:00\" \/>\n<meta property=\"og:image\" content=\"https:\/\/www.msn.unipi.it\/wp-content\/uploads\/2022\/10\/inclusive-design-examples.jpeg\" \/>\n\t<meta property=\"og:image:width\" content=\"512\" \/>\n\t<meta property=\"og:image:height\" content=\"512\" \/>\n\t<meta property=\"og:image:type\" content=\"image\/jpeg\" \/>\n<meta name=\"author\" content=\"a012780@unipi.it\" \/>\n<meta name=\"twitter:card\" content=\"summary_large_image\" \/>\n<meta name=\"twitter:creator\" content=\"@msncalci\" \/>\n<meta name=\"twitter:site\" content=\"@msncalci\" \/>\n<meta name=\"twitter:label1\" content=\"Scritto da\" \/>\n\t<meta name=\"twitter:data1\" content=\"a012780@unipi.it\" \/>\n\t<meta name=\"twitter:label2\" content=\"Tempo di lettura stimato\" \/>\n\t<meta name=\"twitter:data2\" content=\"2 minuti\" \/>\n<script type=\"application\/ld+json\" class=\"yoast-schema-graph\">{\"@context\":\"https:\/\/schema.org\",\"@graph\":[{\"@type\":\"Article\",\"@id\":\"https:\/\/www.msn.unipi.it\/it\/inclusive-design-e-comunita-accessibili\/#article\",\"isPartOf\":{\"@id\":\"https:\/\/www.msn.unipi.it\/it\/inclusive-design-e-comunita-accessibili\/\"},\"author\":{\"name\":\"a012780@unipi.it\",\"@id\":\"https:\/\/www.msn.unipi.it\/it\/#\/schema\/person\/20631df3667b84d79cffe30e020188a1\"},\"headline\":\"Inclusive design e comunit\u00e0 accessibili\",\"datePublished\":\"2022-10-07T10:10:12+00:00\",\"dateModified\":\"2022-10-13T06:48:37+00:00\",\"mainEntityOfPage\":{\"@id\":\"https:\/\/www.msn.unipi.it\/it\/inclusive-design-e-comunita-accessibili\/\"},\"wordCount\":285,\"publisher\":{\"@id\":\"https:\/\/www.msn.unipi.it\/it\/#organization\"},\"image\":{\"@id\":\"https:\/\/www.msn.unipi.it\/it\/inclusive-design-e-comunita-accessibili\/#primaryimage\"},\"thumbnailUrl\":\"https:\/\/www.msn.unipi.it\/wp-content\/uploads\/2022\/10\/inclusive-design-examples.jpeg\",\"articleSection\":[\"News\"],\"inLanguage\":\"it-IT\"},{\"@type\":\"WebPage\",\"@id\":\"https:\/\/www.msn.unipi.it\/it\/inclusive-design-e-comunita-accessibili\/\",\"url\":\"https:\/\/www.msn.unipi.it\/it\/inclusive-design-e-comunita-accessibili\/\",\"name\":\"Inclusive design e comunit\u00e0 accessibili - Museo di Storia Naturale dell&#039;Universit\u00e0 di Pisa\",\"isPartOf\":{\"@id\":\"https:\/\/www.msn.unipi.it\/it\/#website\"},\"primaryImageOfPage\":{\"@id\":\"https:\/\/www.msn.unipi.it\/it\/inclusive-design-e-comunita-accessibili\/#primaryimage\"},\"image\":{\"@id\":\"https:\/\/www.msn.unipi.it\/it\/inclusive-design-e-comunita-accessibili\/#primaryimage\"},\"thumbnailUrl\":\"https:\/\/www.msn.unipi.it\/wp-content\/uploads\/2022\/10\/inclusive-design-examples.jpeg\",\"datePublished\":\"2022-10-07T10:10:12+00:00\",\"dateModified\":\"2022-10-13T06:48:37+00:00\",\"description\":\"Luned\u00ec 10 ottobre 2022 presso l'Auditorium delle Officine Garibaldi, Via Vincenzo Gioberti, 39 a Pisa, si svolger\u00e0 l'evento \\\"Inclusive design e comunit\u00e0\",\"breadcrumb\":{\"@id\":\"https:\/\/www.msn.unipi.it\/it\/inclusive-design-e-comunita-accessibili\/#breadcrumb\"},\"inLanguage\":\"it-IT\",\"potentialAction\":[{\"@type\":\"ReadAction\",\"target\":[\"https:\/\/www.msn.unipi.it\/it\/inclusive-design-e-comunita-accessibili\/\"]}]},{\"@type\":\"ImageObject\",\"inLanguage\":\"it-IT\",\"@id\":\"https:\/\/www.msn.unipi.it\/it\/inclusive-design-e-comunita-accessibili\/#primaryimage\",\"url\":\"https:\/\/www.msn.unipi.it\/wp-content\/uploads\/2022\/10\/inclusive-design-examples.jpeg\",\"contentUrl\":\"https:\/\/www.msn.unipi.it\/wp-content\/uploads\/2022\/10\/inclusive-design-examples.jpeg\",\"width\":512,\"height\":512},{\"@type\":\"BreadcrumbList\",\"@id\":\"https:\/\/www.msn.unipi.it\/it\/inclusive-design-e-comunita-accessibili\/#breadcrumb\",\"itemListElement\":[{\"@type\":\"ListItem\",\"position\":1,\"name\":\"Home\",\"item\":\"https:\/\/www.msn.unipi.it\/it\/\"},{\"@type\":\"ListItem\",\"position\":2,\"name\":\"Inclusive design e comunit\u00e0 accessibili\"}]},{\"@type\":\"WebSite\",\"@id\":\"https:\/\/www.msn.unipi.it\/it\/#website\",\"url\":\"https:\/\/www.msn.unipi.it\/it\/\",\"name\":\"Museo di Storia Naturale dell&#039;Universit\u00e0 di Pisa\",\"description\":\"\",\"publisher\":{\"@id\":\"https:\/\/www.msn.unipi.it\/it\/#organization\"},\"potentialAction\":[{\"@type\":\"SearchAction\",\"target\":{\"@type\":\"EntryPoint\",\"urlTemplate\":\"https:\/\/www.msn.unipi.it\/it\/?s={search_term_string}\"},\"query-input\":{\"@type\":\"PropertyValueSpecification\",\"valueRequired\":true,\"valueName\":\"search_term_string\"}}],\"inLanguage\":\"it-IT\"},{\"@type\":\"Organization\",\"@id\":\"https:\/\/www.msn.unipi.it\/it\/#organization\",\"name\":\"Museo di Storia Naturale dell'Universit\u00e0 di Pisa\",\"url\":\"https:\/\/www.msn.unipi.it\/it\/\",\"logo\":{\"@type\":\"ImageObject\",\"inLanguage\":\"it-IT\",\"@id\":\"https:\/\/www.msn.unipi.it\/it\/#\/schema\/logo\/image\/\",\"url\":\"https:\/\/www.msn.unipi.it\/wp-content\/uploads\/2016\/07\/footer-logo.png\",\"contentUrl\":\"https:\/\/www.msn.unipi.it\/wp-content\/uploads\/2016\/07\/footer-logo.png\",\"width\":220,\"height\":95,\"caption\":\"Museo di Storia Naturale dell'Universit\u00e0 di Pisa\"},\"image\":{\"@id\":\"https:\/\/www.msn.unipi.it\/it\/#\/schema\/logo\/image\/\"},\"sameAs\":[\"https:\/\/www.facebook.com\/Museo-di-Storia-Naturale-Universit\u00e0-di-Pisa-277794215612108\/\",\"https:\/\/x.com\/msncalci\",\"https:\/\/www.instagram.com\/museostorianaturale_calci\/\",\"https:\/\/www.youtube.com\/channel\/UCDaMBe_RegmdCnxLPmryMxw\"]},{\"@type\":\"Person\",\"@id\":\"https:\/\/www.msn.unipi.it\/it\/#\/schema\/person\/20631df3667b84d79cffe30e020188a1\",\"name\":\"a012780@unipi.it\",\"image\":{\"@type\":\"ImageObject\",\"inLanguage\":\"it-IT\",\"@id\":\"https:\/\/www.msn.unipi.it\/it\/#\/schema\/person\/image\/\",\"url\":\"https:\/\/secure.gravatar.com\/avatar\/42f33f3cae0d7f62a78cb1395dffdd09?s=96&d=mm&r=g\",\"contentUrl\":\"https:\/\/secure.gravatar.com\/avatar\/42f33f3cae0d7f62a78cb1395dffdd09?s=96&d=mm&r=g\",\"caption\":\"a012780@unipi.it\"}}]}<\/script>\n<!-- \/ Yoast SEO plugin. -->","yoast_head_json":{"title":"Inclusive design e comunit\u00e0 accessibili - Museo di Storia Naturale dell&#039;Universit\u00e0 di Pisa","description":"Luned\u00ec 10 ottobre 2022 presso l'Auditorium delle Officine Garibaldi, Via Vincenzo Gioberti, 39 a Pisa, si svolger\u00e0 l'evento \"Inclusive design e comunit\u00e0","robots":{"index":"index","follow":"follow","max-snippet":"max-snippet:-1","max-image-preview":"max-image-preview:large","max-video-preview":"max-video-preview:-1"},"canonical":"https:\/\/www.msn.unipi.it\/it\/inclusive-design-e-comunita-accessibili\/","og_locale":"it_IT","og_type":"article","og_title":"Inclusive design e comunit\u00e0 accessibili - Museo di Storia Naturale dell&#039;Universit\u00e0 di Pisa","og_description":"Luned\u00ec 10 ottobre 2022 presso l'Auditorium delle Officine Garibaldi, Via Vincenzo Gioberti, 39 a Pisa, si svolger\u00e0 l'evento \"Inclusive design e comunit\u00e0","og_url":"https:\/\/www.msn.unipi.it\/it\/inclusive-design-e-comunita-accessibili\/","og_site_name":"Museo di Storia Naturale dell&#039;Universit\u00e0 di Pisa","article_publisher":"https:\/\/www.facebook.com\/Museo-di-Storia-Naturale-Universit%c3%a0-di-Pisa-277794215612108\/","article_published_time":"2022-10-07T10:10:12+00:00","article_modified_time":"2022-10-13T06:48:37+00:00","og_image":[{"width":512,"height":512,"url":"https:\/\/www.msn.unipi.it\/wp-content\/uploads\/2022\/10\/inclusive-design-examples.jpeg","type":"image\/jpeg"}],"author":"a012780@unipi.it","twitter_card":"summary_large_image","twitter_creator":"@msncalci","twitter_site":"@msncalci","twitter_misc":{"Scritto da":"a012780@unipi.it","Tempo di lettura stimato":"2 minuti"},"schema":{"@context":"https:\/\/schema.org","@graph":[{"@type":"Article","@id":"https:\/\/www.msn.unipi.it\/it\/inclusive-design-e-comunita-accessibili\/#article","isPartOf":{"@id":"https:\/\/www.msn.unipi.it\/it\/inclusive-design-e-comunita-accessibili\/"},"author":{"name":"a012780@unipi.it","@id":"https:\/\/www.msn.unipi.it\/it\/#\/schema\/person\/20631df3667b84d79cffe30e020188a1"},"headline":"Inclusive design e comunit\u00e0 accessibili","datePublished":"2022-10-07T10:10:12+00:00","dateModified":"2022-10-13T06:48:37+00:00","mainEntityOfPage":{"@id":"https:\/\/www.msn.unipi.it\/it\/inclusive-design-e-comunita-accessibili\/"},"wordCount":285,"publisher":{"@id":"https:\/\/www.msn.unipi.it\/it\/#organization"},"image":{"@id":"https:\/\/www.msn.unipi.it\/it\/inclusive-design-e-comunita-accessibili\/#primaryimage"},"thumbnailUrl":"https:\/\/www.msn.unipi.it\/wp-content\/uploads\/2022\/10\/inclusive-design-examples.jpeg","articleSection":["News"],"inLanguage":"it-IT"},{"@type":"WebPage","@id":"https:\/\/www.msn.unipi.it\/it\/inclusive-design-e-comunita-accessibili\/","url":"https:\/\/www.msn.unipi.it\/it\/inclusive-design-e-comunita-accessibili\/","name":"Inclusive design e comunit\u00e0 accessibili - Museo di Storia Naturale dell&#039;Universit\u00e0 di Pisa","isPartOf":{"@id":"https:\/\/www.msn.unipi.it\/it\/#website"},"primaryImageOfPage":{"@id":"https:\/\/www.msn.unipi.it\/it\/inclusive-design-e-comunita-accessibili\/#primaryimage"},"image":{"@id":"https:\/\/www.msn.unipi.it\/it\/inclusive-design-e-comunita-accessibili\/#primaryimage"},"thumbnailUrl":"https:\/\/www.msn.unipi.it\/wp-content\/uploads\/2022\/10\/inclusive-design-examples.jpeg","datePublished":"2022-10-07T10:10:12+00:00","dateModified":"2022-10-13T06:48:37+00:00","description":"Luned\u00ec 10 ottobre 2022 presso l'Auditorium delle Officine Garibaldi, Via Vincenzo Gioberti, 39 a Pisa, si svolger\u00e0 l'evento \"Inclusive design e comunit\u00e0","breadcrumb":{"@id":"https:\/\/www.msn.unipi.it\/it\/inclusive-design-e-comunita-accessibili\/#breadcrumb"},"inLanguage":"it-IT","potentialAction":[{"@type":"ReadAction","target":["https:\/\/www.msn.unipi.it\/it\/inclusive-design-e-comunita-accessibili\/"]}]},{"@type":"ImageObject","inLanguage":"it-IT","@id":"https:\/\/www.msn.unipi.it\/it\/inclusive-design-e-comunita-accessibili\/#primaryimage","url":"https:\/\/www.msn.unipi.it\/wp-content\/uploads\/2022\/10\/inclusive-design-examples.jpeg","contentUrl":"https:\/\/www.msn.unipi.it\/wp-content\/uploads\/2022\/10\/inclusive-design-examples.jpeg","width":512,"height":512},{"@type":"BreadcrumbList","@id":"https:\/\/www.msn.unipi.it\/it\/inclusive-design-e-comunita-accessibili\/#breadcrumb","itemListElement":[{"@type":"ListItem","position":1,"name":"Home","item":"https:\/\/www.msn.unipi.it\/it\/"},{"@type":"ListItem","position":2,"name":"Inclusive design e comunit\u00e0 accessibili"}]},{"@type":"WebSite","@id":"https:\/\/www.msn.unipi.it\/it\/#website","url":"https:\/\/www.msn.unipi.it\/it\/","name":"Museo di Storia Naturale dell&#039;Universit\u00e0 di Pisa","description":"","publisher":{"@id":"https:\/\/www.msn.unipi.it\/it\/#organization"},"potentialAction":[{"@type":"SearchAction","target":{"@type":"EntryPoint","urlTemplate":"https:\/\/www.msn.unipi.it\/it\/?s={search_term_string}"},"query-input":{"@type":"PropertyValueSpecification","valueRequired":true,"valueName":"search_term_string"}}],"inLanguage":"it-IT"},{"@type":"Organization","@id":"https:\/\/www.msn.unipi.it\/it\/#organization","name":"Museo di Storia Naturale dell'Universit\u00e0 di Pisa","url":"https:\/\/www.msn.unipi.it\/it\/","logo":{"@type":"ImageObject","inLanguage":"it-IT","@id":"https:\/\/www.msn.unipi.it\/it\/#\/schema\/logo\/image\/","url":"https:\/\/www.msn.unipi.it\/wp-content\/uploads\/2016\/07\/footer-logo.png","contentUrl":"https:\/\/www.msn.unipi.it\/wp-content\/uploads\/2016\/07\/footer-logo.png","width":220,"height":95,"caption":"Museo di Storia Naturale dell'Universit\u00e0 di Pisa"},"image":{"@id":"https:\/\/www.msn.unipi.it\/it\/#\/schema\/logo\/image\/"},"sameAs":["https:\/\/www.facebook.com\/Museo-di-Storia-Naturale-Universit\u00e0-di-Pisa-277794215612108\/","https:\/\/x.com\/msncalci","https:\/\/www.instagram.com\/museostorianaturale_calci\/","https:\/\/www.youtube.com\/channel\/UCDaMBe_RegmdCnxLPmryMxw"]},{"@type":"Person","@id":"https:\/\/www.msn.unipi.it\/it\/#\/schema\/person\/20631df3667b84d79cffe30e020188a1","name":"a012780@unipi.it","image":{"@type":"ImageObject","inLanguage":"it-IT","@id":"https:\/\/www.msn.unipi.it\/it\/#\/schema\/person\/image\/","url":"https:\/\/secure.gravatar.com\/avatar\/42f33f3cae0d7f62a78cb1395dffdd09?s=96&d=mm&r=g","contentUrl":"https:\/\/secure.gravatar.com\/avatar\/42f33f3cae0d7f62a78cb1395dffdd09?s=96&d=mm&r=g","caption":"a012780@unipi.it"}}]}},"jetpack_featured_media_url":"https:\/\/www.msn.unipi.it\/wp-content\/uploads\/2022\/10\/inclusive-design-examples.jpeg","jetpack_sharing_enabled":true,"_links":{"self":[{"href":"https:\/\/www.msn.unipi.it\/it\/wp-json\/wp\/v2\/posts\/24972","targetHints":{"allow":["GET"]}}],"collection":[{"href":"https:\/\/www.msn.unipi.it\/it\/wp-json\/wp\/v2\/posts"}],"about":[{"href":"https:\/\/www.msn.unipi.it\/it\/wp-json\/wp\/v2\/types\/post"}],"author":[{"embeddable":true,"href":"https:\/\/www.msn.unipi.it\/it\/wp-json\/wp\/v2\/users\/7"}],"replies":[{"embeddable":true,"href":"https:\/\/www.msn.unipi.it\/it\/wp-json\/wp\/v2\/comments?post=24972"}],"version-history":[{"count":1,"href":"https:\/\/www.msn.unipi.it\/it\/wp-json\/wp\/v2\/posts\/24972\/revisions"}],"predecessor-version":[{"id":24975,"href":"https:\/\/www.msn.unipi.it\/it\/wp-json\/wp\/v2\/posts\/24972\/revisions\/24975"}],"wp:featuredmedia":[{"embeddable":true,"href":"https:\/\/www.msn.unipi.it\/it\/wp-json\/wp\/v2\/media\/24973"}],"wp:attachment":[{"href":"https:\/\/www.msn.unipi.it\/it\/wp-json\/wp\/v2\/media?parent=24972"}],"wp:term":[{"taxonomy":"category","embeddable":true,"href":"https:\/\/www.msn.unipi.it\/it\/wp-json\/wp\/v2\/categories?post=24972"},{"taxonomy":"post_tag","embeddable":true,"href":"https:\/\/www.msn.unipi.it\/it\/wp-json\/wp\/v2\/tags?post=24972"}],"curies":[{"name":"wp","href":"https:\/\/api.w.org\/{rel}","templated":true}]}}