{"id":26587,"date":"2023-02-27T13:44:47","date_gmt":"2023-02-27T12:44:47","guid":{"rendered":"https:\/\/www.msn.unipi.it\/?p=26587"},"modified":"2023-03-01T12:15:05","modified_gmt":"2023-03-01T11:15:05","slug":"chiusura-museo-martedi-28-febbraio","status":"publish","type":"post","link":"https:\/\/www.msn.unipi.it\/it\/chiusura-museo-martedi-28-febbraio\/","title":{"rendered":"Chiusura Museo marted\u00ec 28 febbraio"},"content":{"rendered":"<p>Comunichiamo ai gentili visitatori che marted\u00ec 28 febbraio 2023 il Museo sar\u00e0 chiuso al pubblico a causa di lavori inderogabili agli impianti della rete elettrica previsti da parte di ENEL. I lavori, che si sono resi necessari in seguito ai danni subiti nella giornata di domenica 26 febbraio, comporteranno una interruzione della fornitura elettrica dalle ore 10.00 alle ore 18.00, per questo motivo il Museo rester\u00e0 chiuso.<\/p>\n<p>Ci scusiamo per il disagio e ringraziamo per la comprensione.<\/p>\n","protected":false},"excerpt":{"rendered":"<p>Comunichiamo ai gentili visitatori che marted\u00ec 28 febbraio 2023 il Museo sar\u00e0 chiuso al pubblico a causa di lavori inderogabili agli impianti della rete elettrica previsti da parte di ENEL. I lavori, che si sono resi necessari in seguito ai danni subiti nella giornata di domenica 26 febbraio, comporteranno una interruzione della fornitura elettrica dalle&nbsp; <a href=\"https:\/\/www.msn.unipi.it\/it\/chiusura-museo-martedi-28-febbraio\/\">&hellip;  <i class=\"fa fa-chevron-right\"><\/i><\/a><\/p>\n","protected":false},"author":7,"featured_media":26588,"comment_status":"closed","ping_status":"closed","sticky":false,"template":"","format":"standard","meta":{"_jetpack_memberships_contains_paid_content":false,"footnotes":""},"categories":[9,457],"tags":[],"class_list":["post-26587","post","type-post","status-publish","format-standard","has-post-thumbnail","hentry","category-archivio","category-avviso"],"yoast_head":"<!-- This site is optimized with the Yoast SEO plugin v26.8 - https:\/\/yoast.com\/product\/yoast-seo-wordpress\/ -->\n<title>Chiusura Museo marted\u00ec 28 febbraio - Museo di Storia Naturale dell&#039;Universit\u00e0 di Pisa<\/title>\n<meta name=\"description\" content=\"Comunichiamo ai gentili visitatori che marted\u00ec 28 febbraio 2023 il Museo sar\u00e0 chiuso al pubblico a causa di lavori inderogabili agli impianti della rete\" \/>\n<meta name=\"robots\" content=\"index, follow, max-snippet:-1, max-image-preview:large, max-video-preview:-1\" \/>\n<link rel=\"canonical\" href=\"https:\/\/www.msn.unipi.it\/it\/chiusura-museo-martedi-28-febbraio\/\" \/>\n<meta property=\"og:locale\" content=\"it_IT\" \/>\n<meta property=\"og:type\" content=\"article\" \/>\n<meta property=\"og:title\" content=\"Chiusura Museo marted\u00ec 28 febbraio - Museo di Storia Naturale dell&#039;Universit\u00e0 di Pisa\" \/>\n<meta property=\"og:description\" content=\"Comunichiamo ai gentili visitatori che marted\u00ec 28 febbraio 2023 il Museo sar\u00e0 chiuso al pubblico a causa di lavori inderogabili agli impianti della rete\" \/>\n<meta property=\"og:url\" content=\"https:\/\/www.msn.unipi.it\/it\/chiusura-museo-martedi-28-febbraio\/\" \/>\n<meta property=\"og:site_name\" content=\"Museo di Storia Naturale dell&#039;Universit\u00e0 di Pisa\" \/>\n<meta property=\"article:publisher\" content=\"https:\/\/www.facebook.com\/Museo-di-Storia-Naturale-Universit%c3%a0-di-Pisa-277794215612108\/\" \/>\n<meta property=\"article:published_time\" content=\"2023-02-27T12:44:47+00:00\" \/>\n<meta property=\"article:modified_time\" content=\"2023-03-01T11:15:05+00:00\" \/>\n<meta property=\"og:image\" content=\"https:\/\/www.msn.unipi.it\/wp-content\/uploads\/2023\/02\/20230227_081502.jpg\" \/>\n\t<meta property=\"og:image:width\" content=\"2048\" \/>\n\t<meta property=\"og:image:height\" content=\"1152\" \/>\n\t<meta property=\"og:image:type\" content=\"image\/jpeg\" \/>\n<meta name=\"author\" content=\"a012780@unipi.it\" \/>\n<meta name=\"twitter:card\" content=\"summary_large_image\" \/>\n<meta name=\"twitter:creator\" content=\"@msncalci\" \/>\n<meta name=\"twitter:site\" content=\"@msncalci\" \/>\n<meta name=\"twitter:label1\" content=\"Scritto da\" \/>\n\t<meta name=\"twitter:data1\" content=\"a012780@unipi.it\" \/>\n\t<meta name=\"twitter:label2\" content=\"Tempo di lettura stimato\" \/>\n\t<meta name=\"twitter:data2\" content=\"1 minuto\" \/>\n<script type=\"application\/ld+json\" class=\"yoast-schema-graph\">{\"@context\":\"https:\/\/schema.org\",\"@graph\":[{\"@type\":\"Article\",\"@id\":\"https:\/\/www.msn.unipi.it\/it\/chiusura-museo-martedi-28-febbraio\/#article\",\"isPartOf\":{\"@id\":\"https:\/\/www.msn.unipi.it\/it\/chiusura-museo-martedi-28-febbraio\/\"},\"author\":{\"name\":\"a012780@unipi.it\",\"@id\":\"https:\/\/www.msn.unipi.it\/it\/#\/schema\/person\/20631df3667b84d79cffe30e020188a1\"},\"headline\":\"Chiusura Museo marted\u00ec 28 febbraio\",\"datePublished\":\"2023-02-27T12:44:47+00:00\",\"dateModified\":\"2023-03-01T11:15:05+00:00\",\"mainEntityOfPage\":{\"@id\":\"https:\/\/www.msn.unipi.it\/it\/chiusura-museo-martedi-28-febbraio\/\"},\"wordCount\":76,\"publisher\":{\"@id\":\"https:\/\/www.msn.unipi.it\/it\/#organization\"},\"image\":{\"@id\":\"https:\/\/www.msn.unipi.it\/it\/chiusura-museo-martedi-28-febbraio\/#primaryimage\"},\"thumbnailUrl\":\"https:\/\/www.msn.unipi.it\/wp-content\/uploads\/2023\/02\/20230227_081502.jpg\",\"articleSection\":[\"Archivio notizie\",\"Avviso\"],\"inLanguage\":\"it-IT\"},{\"@type\":\"WebPage\",\"@id\":\"https:\/\/www.msn.unipi.it\/it\/chiusura-museo-martedi-28-febbraio\/\",\"url\":\"https:\/\/www.msn.unipi.it\/it\/chiusura-museo-martedi-28-febbraio\/\",\"name\":\"Chiusura Museo marted\u00ec 28 febbraio - Museo di Storia Naturale dell&#039;Universit\u00e0 di Pisa\",\"isPartOf\":{\"@id\":\"https:\/\/www.msn.unipi.it\/it\/#website\"},\"primaryImageOfPage\":{\"@id\":\"https:\/\/www.msn.unipi.it\/it\/chiusura-museo-martedi-28-febbraio\/#primaryimage\"},\"image\":{\"@id\":\"https:\/\/www.msn.unipi.it\/it\/chiusura-museo-martedi-28-febbraio\/#primaryimage\"},\"thumbnailUrl\":\"https:\/\/www.msn.unipi.it\/wp-content\/uploads\/2023\/02\/20230227_081502.jpg\",\"datePublished\":\"2023-02-27T12:44:47+00:00\",\"dateModified\":\"2023-03-01T11:15:05+00:00\",\"description\":\"Comunichiamo ai gentili visitatori che marted\u00ec 28 febbraio 2023 il Museo sar\u00e0 chiuso al pubblico a causa di lavori inderogabili agli impianti della rete\",\"breadcrumb\":{\"@id\":\"https:\/\/www.msn.unipi.it\/it\/chiusura-museo-martedi-28-febbraio\/#breadcrumb\"},\"inLanguage\":\"it-IT\",\"potentialAction\":[{\"@type\":\"ReadAction\",\"target\":[\"https:\/\/www.msn.unipi.it\/it\/chiusura-museo-martedi-28-febbraio\/\"]}]},{\"@type\":\"ImageObject\",\"inLanguage\":\"it-IT\",\"@id\":\"https:\/\/www.msn.unipi.it\/it\/chiusura-museo-martedi-28-febbraio\/#primaryimage\",\"url\":\"https:\/\/www.msn.unipi.it\/wp-content\/uploads\/2023\/02\/20230227_081502.jpg\",\"contentUrl\":\"https:\/\/www.msn.unipi.it\/wp-content\/uploads\/2023\/02\/20230227_081502.jpg\",\"width\":2048,\"height\":1152},{\"@type\":\"BreadcrumbList\",\"@id\":\"https:\/\/www.msn.unipi.it\/it\/chiusura-museo-martedi-28-febbraio\/#breadcrumb\",\"itemListElement\":[{\"@type\":\"ListItem\",\"position\":1,\"name\":\"Home\",\"item\":\"https:\/\/www.msn.unipi.it\/it\/\"},{\"@type\":\"ListItem\",\"position\":2,\"name\":\"Chiusura Museo marted\u00ec 28 febbraio\"}]},{\"@type\":\"WebSite\",\"@id\":\"https:\/\/www.msn.unipi.it\/it\/#website\",\"url\":\"https:\/\/www.msn.unipi.it\/it\/\",\"name\":\"Museo di Storia Naturale dell&#039;Universit\u00e0 di Pisa\",\"description\":\"\",\"publisher\":{\"@id\":\"https:\/\/www.msn.unipi.it\/it\/#organization\"},\"potentialAction\":[{\"@type\":\"SearchAction\",\"target\":{\"@type\":\"EntryPoint\",\"urlTemplate\":\"https:\/\/www.msn.unipi.it\/it\/?s={search_term_string}\"},\"query-input\":{\"@type\":\"PropertyValueSpecification\",\"valueRequired\":true,\"valueName\":\"search_term_string\"}}],\"inLanguage\":\"it-IT\"},{\"@type\":\"Organization\",\"@id\":\"https:\/\/www.msn.unipi.it\/it\/#organization\",\"name\":\"Museo di Storia Naturale dell'Universit\u00e0 di Pisa\",\"url\":\"https:\/\/www.msn.unipi.it\/it\/\",\"logo\":{\"@type\":\"ImageObject\",\"inLanguage\":\"it-IT\",\"@id\":\"https:\/\/www.msn.unipi.it\/it\/#\/schema\/logo\/image\/\",\"url\":\"https:\/\/www.msn.unipi.it\/wp-content\/uploads\/2016\/07\/footer-logo.png\",\"contentUrl\":\"https:\/\/www.msn.unipi.it\/wp-content\/uploads\/2016\/07\/footer-logo.png\",\"width\":220,\"height\":95,\"caption\":\"Museo di Storia Naturale dell'Universit\u00e0 di Pisa\"},\"image\":{\"@id\":\"https:\/\/www.msn.unipi.it\/it\/#\/schema\/logo\/image\/\"},\"sameAs\":[\"https:\/\/www.facebook.com\/Museo-di-Storia-Naturale-Universit\u00e0-di-Pisa-277794215612108\/\",\"https:\/\/x.com\/msncalci\",\"https:\/\/www.instagram.com\/museostorianaturale_calci\/\",\"https:\/\/www.youtube.com\/channel\/UCDaMBe_RegmdCnxLPmryMxw\"]},{\"@type\":\"Person\",\"@id\":\"https:\/\/www.msn.unipi.it\/it\/#\/schema\/person\/20631df3667b84d79cffe30e020188a1\",\"name\":\"a012780@unipi.it\",\"image\":{\"@type\":\"ImageObject\",\"inLanguage\":\"it-IT\",\"@id\":\"https:\/\/www.msn.unipi.it\/it\/#\/schema\/person\/image\/\",\"url\":\"https:\/\/secure.gravatar.com\/avatar\/42f33f3cae0d7f62a78cb1395dffdd09?s=96&d=mm&r=g\",\"contentUrl\":\"https:\/\/secure.gravatar.com\/avatar\/42f33f3cae0d7f62a78cb1395dffdd09?s=96&d=mm&r=g\",\"caption\":\"a012780@unipi.it\"}}]}<\/script>\n<!-- \/ Yoast SEO plugin. -->","yoast_head_json":{"title":"Chiusura Museo marted\u00ec 28 febbraio - Museo di Storia Naturale dell&#039;Universit\u00e0 di Pisa","description":"Comunichiamo ai gentili visitatori che marted\u00ec 28 febbraio 2023 il Museo sar\u00e0 chiuso al pubblico a causa di lavori inderogabili agli impianti della rete","robots":{"index":"index","follow":"follow","max-snippet":"max-snippet:-1","max-image-preview":"max-image-preview:large","max-video-preview":"max-video-preview:-1"},"canonical":"https:\/\/www.msn.unipi.it\/it\/chiusura-museo-martedi-28-febbraio\/","og_locale":"it_IT","og_type":"article","og_title":"Chiusura Museo marted\u00ec 28 febbraio - Museo di Storia Naturale dell&#039;Universit\u00e0 di Pisa","og_description":"Comunichiamo ai gentili visitatori che marted\u00ec 28 febbraio 2023 il Museo sar\u00e0 chiuso al pubblico a causa di lavori inderogabili agli impianti della rete","og_url":"https:\/\/www.msn.unipi.it\/it\/chiusura-museo-martedi-28-febbraio\/","og_site_name":"Museo di Storia Naturale dell&#039;Universit\u00e0 di Pisa","article_publisher":"https:\/\/www.facebook.com\/Museo-di-Storia-Naturale-Universit%c3%a0-di-Pisa-277794215612108\/","article_published_time":"2023-02-27T12:44:47+00:00","article_modified_time":"2023-03-01T11:15:05+00:00","og_image":[{"width":2048,"height":1152,"url":"https:\/\/www.msn.unipi.it\/wp-content\/uploads\/2023\/02\/20230227_081502.jpg","type":"image\/jpeg"}],"author":"a012780@unipi.it","twitter_card":"summary_large_image","twitter_creator":"@msncalci","twitter_site":"@msncalci","twitter_misc":{"Scritto da":"a012780@unipi.it","Tempo di lettura stimato":"1 minuto"},"schema":{"@context":"https:\/\/schema.org","@graph":[{"@type":"Article","@id":"https:\/\/www.msn.unipi.it\/it\/chiusura-museo-martedi-28-febbraio\/#article","isPartOf":{"@id":"https:\/\/www.msn.unipi.it\/it\/chiusura-museo-martedi-28-febbraio\/"},"author":{"name":"a012780@unipi.it","@id":"https:\/\/www.msn.unipi.it\/it\/#\/schema\/person\/20631df3667b84d79cffe30e020188a1"},"headline":"Chiusura Museo marted\u00ec 28 febbraio","datePublished":"2023-02-27T12:44:47+00:00","dateModified":"2023-03-01T11:15:05+00:00","mainEntityOfPage":{"@id":"https:\/\/www.msn.unipi.it\/it\/chiusura-museo-martedi-28-febbraio\/"},"wordCount":76,"publisher":{"@id":"https:\/\/www.msn.unipi.it\/it\/#organization"},"image":{"@id":"https:\/\/www.msn.unipi.it\/it\/chiusura-museo-martedi-28-febbraio\/#primaryimage"},"thumbnailUrl":"https:\/\/www.msn.unipi.it\/wp-content\/uploads\/2023\/02\/20230227_081502.jpg","articleSection":["Archivio notizie","Avviso"],"inLanguage":"it-IT"},{"@type":"WebPage","@id":"https:\/\/www.msn.unipi.it\/it\/chiusura-museo-martedi-28-febbraio\/","url":"https:\/\/www.msn.unipi.it\/it\/chiusura-museo-martedi-28-febbraio\/","name":"Chiusura Museo marted\u00ec 28 febbraio - Museo di Storia Naturale dell&#039;Universit\u00e0 di Pisa","isPartOf":{"@id":"https:\/\/www.msn.unipi.it\/it\/#website"},"primaryImageOfPage":{"@id":"https:\/\/www.msn.unipi.it\/it\/chiusura-museo-martedi-28-febbraio\/#primaryimage"},"image":{"@id":"https:\/\/www.msn.unipi.it\/it\/chiusura-museo-martedi-28-febbraio\/#primaryimage"},"thumbnailUrl":"https:\/\/www.msn.unipi.it\/wp-content\/uploads\/2023\/02\/20230227_081502.jpg","datePublished":"2023-02-27T12:44:47+00:00","dateModified":"2023-03-01T11:15:05+00:00","description":"Comunichiamo ai gentili visitatori che marted\u00ec 28 febbraio 2023 il Museo sar\u00e0 chiuso al pubblico a causa di lavori inderogabili agli impianti della rete","breadcrumb":{"@id":"https:\/\/www.msn.unipi.it\/it\/chiusura-museo-martedi-28-febbraio\/#breadcrumb"},"inLanguage":"it-IT","potentialAction":[{"@type":"ReadAction","target":["https:\/\/www.msn.unipi.it\/it\/chiusura-museo-martedi-28-febbraio\/"]}]},{"@type":"ImageObject","inLanguage":"it-IT","@id":"https:\/\/www.msn.unipi.it\/it\/chiusura-museo-martedi-28-febbraio\/#primaryimage","url":"https:\/\/www.msn.unipi.it\/wp-content\/uploads\/2023\/02\/20230227_081502.jpg","contentUrl":"https:\/\/www.msn.unipi.it\/wp-content\/uploads\/2023\/02\/20230227_081502.jpg","width":2048,"height":1152},{"@type":"BreadcrumbList","@id":"https:\/\/www.msn.unipi.it\/it\/chiusura-museo-martedi-28-febbraio\/#breadcrumb","itemListElement":[{"@type":"ListItem","position":1,"name":"Home","item":"https:\/\/www.msn.unipi.it\/it\/"},{"@type":"ListItem","position":2,"name":"Chiusura Museo marted\u00ec 28 febbraio"}]},{"@type":"WebSite","@id":"https:\/\/www.msn.unipi.it\/it\/#website","url":"https:\/\/www.msn.unipi.it\/it\/","name":"Museo di Storia Naturale dell&#039;Universit\u00e0 di Pisa","description":"","publisher":{"@id":"https:\/\/www.msn.unipi.it\/it\/#organization"},"potentialAction":[{"@type":"SearchAction","target":{"@type":"EntryPoint","urlTemplate":"https:\/\/www.msn.unipi.it\/it\/?s={search_term_string}"},"query-input":{"@type":"PropertyValueSpecification","valueRequired":true,"valueName":"search_term_string"}}],"inLanguage":"it-IT"},{"@type":"Organization","@id":"https:\/\/www.msn.unipi.it\/it\/#organization","name":"Museo di Storia Naturale dell'Universit\u00e0 di Pisa","url":"https:\/\/www.msn.unipi.it\/it\/","logo":{"@type":"ImageObject","inLanguage":"it-IT","@id":"https:\/\/www.msn.unipi.it\/it\/#\/schema\/logo\/image\/","url":"https:\/\/www.msn.unipi.it\/wp-content\/uploads\/2016\/07\/footer-logo.png","contentUrl":"https:\/\/www.msn.unipi.it\/wp-content\/uploads\/2016\/07\/footer-logo.png","width":220,"height":95,"caption":"Museo di Storia Naturale dell'Universit\u00e0 di Pisa"},"image":{"@id":"https:\/\/www.msn.unipi.it\/it\/#\/schema\/logo\/image\/"},"sameAs":["https:\/\/www.facebook.com\/Museo-di-Storia-Naturale-Universit\u00e0-di-Pisa-277794215612108\/","https:\/\/x.com\/msncalci","https:\/\/www.instagram.com\/museostorianaturale_calci\/","https:\/\/www.youtube.com\/channel\/UCDaMBe_RegmdCnxLPmryMxw"]},{"@type":"Person","@id":"https:\/\/www.msn.unipi.it\/it\/#\/schema\/person\/20631df3667b84d79cffe30e020188a1","name":"a012780@unipi.it","image":{"@type":"ImageObject","inLanguage":"it-IT","@id":"https:\/\/www.msn.unipi.it\/it\/#\/schema\/person\/image\/","url":"https:\/\/secure.gravatar.com\/avatar\/42f33f3cae0d7f62a78cb1395dffdd09?s=96&d=mm&r=g","contentUrl":"https:\/\/secure.gravatar.com\/avatar\/42f33f3cae0d7f62a78cb1395dffdd09?s=96&d=mm&r=g","caption":"a012780@unipi.it"}}]}},"jetpack_featured_media_url":"https:\/\/www.msn.unipi.it\/wp-content\/uploads\/2023\/02\/20230227_081502.jpg","jetpack_sharing_enabled":true,"_links":{"self":[{"href":"https:\/\/www.msn.unipi.it\/it\/wp-json\/wp\/v2\/posts\/26587","targetHints":{"allow":["GET"]}}],"collection":[{"href":"https:\/\/www.msn.unipi.it\/it\/wp-json\/wp\/v2\/posts"}],"about":[{"href":"https:\/\/www.msn.unipi.it\/it\/wp-json\/wp\/v2\/types\/post"}],"author":[{"embeddable":true,"href":"https:\/\/www.msn.unipi.it\/it\/wp-json\/wp\/v2\/users\/7"}],"replies":[{"embeddable":true,"href":"https:\/\/www.msn.unipi.it\/it\/wp-json\/wp\/v2\/comments?post=26587"}],"version-history":[{"count":1,"href":"https:\/\/www.msn.unipi.it\/it\/wp-json\/wp\/v2\/posts\/26587\/revisions"}],"predecessor-version":[{"id":26590,"href":"https:\/\/www.msn.unipi.it\/it\/wp-json\/wp\/v2\/posts\/26587\/revisions\/26590"}],"wp:featuredmedia":[{"embeddable":true,"href":"https:\/\/www.msn.unipi.it\/it\/wp-json\/wp\/v2\/media\/26588"}],"wp:attachment":[{"href":"https:\/\/www.msn.unipi.it\/it\/wp-json\/wp\/v2\/media?parent=26587"}],"wp:term":[{"taxonomy":"category","embeddable":true,"href":"https:\/\/www.msn.unipi.it\/it\/wp-json\/wp\/v2\/categories?post=26587"},{"taxonomy":"post_tag","embeddable":true,"href":"https:\/\/www.msn.unipi.it\/it\/wp-json\/wp\/v2\/tags?post=26587"}],"curies":[{"name":"wp","href":"https:\/\/api.w.org\/{rel}","templated":true}]}}