{"id":28578,"date":"2024-01-15T07:58:26","date_gmt":"2024-01-15T06:58:26","guid":{"rendered":"https:\/\/www.msn.unipi.it\/?p=28578"},"modified":"2024-01-23T11:48:10","modified_gmt":"2024-01-23T10:48:10","slug":"essere-piccoli-viaggio-nel-microcosmo","status":"publish","type":"post","link":"https:\/\/www.msn.unipi.it\/it\/essere-piccoli-viaggio-nel-microcosmo\/","title":{"rendered":"\u201cEssere piccoli. Viaggio nel microcosmo\u201d"},"content":{"rendered":"<p>Il Museo di Storia Naturale dell\u2019Universit\u00e0 di Pisa propone un <strong>ciclo di incontri tematici dedicato ai microrganismi<\/strong>.<br \/>\nLa salvaguardia del nostro pianeta e la sopravvivenza dell\u2019umanit\u00e0 dipendono sempre pi\u00f9 dalla conservazione della biodiversit\u00e0, cio\u00e8 da ecosistemi popolati da un gran numero di specie diverse, tra loro interagenti. Spesso, la conservazione della biodiversit\u00e0 \u00e8 mirata a proteggere solo alcune specie vegetali e animali, ignorando i microrganismi, che, anche se invisibili ai nostri occhi e vivendo all\u2019interno e intorno ad animali e piante, svolgono un ruolo molto importante negli ecosistemi contribuendo a rendere il nostro pianeta abitabile per tutti gli esseri viventi.<\/p>\n<p>Le conferenze si svolgeranno in presenza nella Sala conferenze del Museo di Storia Naturale e sono ad accesso libero.<\/p>\n<p><strong>Programma:<\/strong><\/p>\n<p><strong>24 gennaio 2024, ore 16.30<\/strong><br \/>\n<em>Renato Fani, Prof. Ordinario di Genetica, Lab. di Evoluzione Microbica e Molecolare, Dipartimento di Biologia, Universit\u00e0 di Firenze<\/em><br \/>\n<strong>&#8220;La rivoluzione microbica: un viaggio nell&#8217;invisibile dalle profondit\u00e0 del tempo&#8221;<\/strong><\/p>\n<p>Straordinario mondo quello dei batteri! Invisibili, ubiquitari formano un universo vivente impalpabile, ma straordinariamente variegato ed affascinante. Presenti sulla Terra dall\u2019alba della Vita, pi\u00f9 o meno da 4 miliardi di anni, grazie alle loro incredibili capacit\u00e0 metaboliche, possono adattarsi a tutte le possibili condizioni ambientali. Per questo motivo, nel corso dell\u2019evoluzione, sono riusciti a colonizzare ogni possibile nicchia ecologica del nostro pianeta, anche le pi\u00f9 estreme, sopravvivendo e moltiplicandosi ad altissime o bassissime temperature, a pressioni enormi (nelle profondit\u00e0 degli oceani), od in ambienti a concentrazioni saline inimmaginabili, capaci di degradare sostanze tossiche e di utilizzare qualsiasi sostanza per la loro sopravvivenza.<br \/>\nMa \u00e8 strana, molto strana, la percezione di questo mondo da parte dell\u2019uomo. Nell\u2019immaginario comune, infatti, vengono spesso, se non sempre, associati alle malattie o, comunque, a qualcosa di nocivo. In realt\u00e0 i batteri \u201ccattivi\u201d sono una frazione esigua, piccolissima dell\u2019intero universo microbico. La maggior parte di essi ha invece effetti cos\u00ec positivi e benefici per tutti gli altri esseri viventi, vegetali, animali e per l\u2019uomo stesso che senza di loro noi non potremmo vivere. Tanto per avere un\u2019idea, nel nostro intestino vivono 100 mila miliardi di batteri, indispensabili per la nostra sopravvivenza. Ancora. Alcuni dei batteri del suolo, gli azotofissatori, funzionano da \u00abconcimanti biologici\u00bb. Altri sono capaci di mangiare le sostanze di rifiuto, e possono perci\u00f2 ripulire un terreno inquinato, altri ancora possono degradare le plastiche e il ferro, oppure depurare il terreno dai metalli pesanti e addirittura ripulire le acque contaminate da gasolio. Incredibilmente, esistono batteri che producono energia elettrica e, allo stesso tempo, \u201cmangiano\u201d materiali di scarto. Basterebbe quindi poterli studiare in modo pi\u00f9 approfondito di quanto non riusciamo a fare adesso e, probabilmente, molto dei problemi che affliggono l\u2019umanit\u00e0 potrebbero essere risolti da questo \u201cmicro-cosmo\u201d. I batteri, e i microrganismi in generale, sono quindi depositari di un \u201ctesoro metabolico\u201d di inestimabile importanza, poich\u00e9 producono un \u201coceano infinito\u201d di molecole bioattive.<br \/>\nStrano mondo quello dell\u2019invisibile!<\/p>\n<p><em>Al termine della conferenza \u00e8 prevista una breve visita guidata alla mostra fotografica \u201cMicrorganismi straordinari\u201d a cura dell\u2019Universit\u00e0 di Torino, del Dipartimento di Scienze della Vita e Biologia dei Sistemi e della Mycotheca Universitatis Taurinensis (MUT) di UniTo, ospitata al Museo dal 23 gennaio al 14 aprile 2024.<\/em><\/p>\n<p>&nbsp;<\/p>\n<p><strong>21 febbraio 2024, ore 16.30<\/strong><br \/>\n<em>Graziano Di Giuseppe, Professore Associato di Zoologia, Dipartimento di Biologia, Universit\u00e0 di Pisa; Societ\u00e0 Italiana di Protistologia (SIP) onlus.<\/em><br \/>\n<strong>&#8220;Il ruolo dei protisti nell&#8217;evoluzione della vita e come bio-indicatori&#8221;<\/strong><\/p>\n<p>Dopo l&#8217;origine della vita sulla Terra, rappresentata dai microrganismi procariotici (batteri), l\u2019evoluzione della cellula eucariote \u00e8 stata un\u2019altra delle tappe di fondamentale importanza nello sviluppo biologico, perch\u00e9 essa ha dato il via al percorso che avrebbe condotto alla strutturazione di tutti gli organismi pluricellulari. La prima manifestazione di questo nuovo tipo di cellula si ritrova nei protisti, microrganismi costituiti da singole cellule, ma capaci di essere veri e propri organismi, in grado di affrontare con successo tutte quelle sfide che la vita quotidiana pone alla loro sopravvivenza, quali cercare il cibo, le condizioni ambientali favorevoli ed i potenziali partners per la riproduzione sessuale, sfuggire la predazione, conquistare nuovi habitat e disperdersi nell\u2019ambiente per garantire la diffusione della specie.<br \/>\nLa loro presenza in qualsiasi tipo di habitat acquatico li rende inoltre degli ottimi bio-indicatori. Le crescenti attivit\u00e0 antropiche stanno influenzando la sostenibilit\u00e0 del sistema ambiente ed \u00e8 perci\u00f2 indispensabile conoscere l&#8217;impatto ambientale prodotto e attivamente cercare di ridurlo. In questo contesto, il compito principale dei vari operatori \u00e8 quello di estendere le conoscenze sull\u2019ambiente stesso e di utilizzare gli strumenti di indagine pi\u00f9 diversi, essendo ciascuno capace di aggiungere una nuova conoscenza alla complessa realt\u00e0 che un ambiente \u00e8 e di indicarci talora anche nuove prospettive lungo cui avvicinarsi a tale realt\u00e0. Uno di tali nuovi strumenti \u00e8 rappresentato dai protisti, che in tutti gli ecosistemi sono quelli che per prima percepiscono qualsiasi cambiamento ambientale e la loro reazione determina il comportamento dei livelli superiori.<\/p>\n<p><em>Al termine della conferenza sar\u00e0 possibile osservare al microscopio alcuni vetrini con cellule vive di protisti.<\/em><\/p>\n<p>&nbsp;<\/p>\n<p><strong>6 marzo 2024, ore 16.30 <\/strong><br \/>\n<em>Manuela Giovannetti, Professore Emerito di Microbiologia Agraria, Universit\u00e0 di Pisa<\/em><br \/>\n<strong>&#8220;La straordinaria attivit\u00e0 di lieviti e batteri utilizzati nelle produzioni alimentari&#8221;<\/strong><\/p>\n<p>Fin dalla nascita della civilt\u00e0, senza vederli e senza conoscerne l\u2019esistenza, abbiamo utilizzato lieviti e batteri per produrre cibi e bevande. E ancora oggi essi sono alla base della nostra vita quotidiana. Nella conferenza saranno illustrate le straordinarie attivit\u00e0 di questi microrganismi benefici, che sono alla base della produzione di molti cibi e bevande fermentati: pane, pizza, vino, birra, formaggi, aceto, yougurt, caff\u00e8, cioccolato, kefir, kombucha e molti altri.<\/p>\n<p><em>Al termine della conferenza sar\u00e0 possibile osservare al microscopio alcuni vetrini preparati direttamente in sede con lieviti e altri organismi.<\/em><\/p>\n<p>&nbsp;<\/p>\n<p><strong>10 aprile 2024, ore 16.30<\/strong><br \/>\n<em>Cristiana Sbrana, CNR-Istituto di Biologia e Biotecnologia Agraria, Pisa <\/em><br \/>\n<strong>&#8220;Le strategie ecologiche dei funghi, protagonisti invisibili della connessione tra suolo e piante&#8221;<\/strong><\/p>\n<p>Anche se siamo abituati a pensare ai funghi nelle forme che assumono quando sviluppano le fruttificazioni macroscopiche che noi usiamo come alimento, il vero corpo del fungo \u00e8 nel suolo, dove le sue cellule lunghe e filiformi, le ife, crescono mettendo in atto strategie di crescita, nutrizione e riproduzione diverse secondo il tipo di fungo. L\u2019ampia variabilit\u00e0 di condizioni che caratterizzano i suoli, dovute a differenze climatiche, nelle propriet\u00e0 fisiche, nella disponibilit\u00e0 di nutrienti minerali e di sostanza organica, nella presenza di predatori microbici, nella variabilit\u00e0 nel tempo e nello spazio delle comunit\u00e0 vegetali fa s\u00ec che i funghi possiedano una vasta diversit\u00e0. Infatti un ampio ventaglio di sistemi nutrizionali che vanno dal saprofitismo, al parassitismo e al mutualismo caratterizza gli organismi fungini e li rende capaci di colonizzare attivamente tutti gli ambienti e le diverse nicchie ecologiche. Un gruppo particolare di funghi, a cui appartengono specie caratteristiche degli ambienti boschivi, ad esempio il porcino e il tartufo, ma anche molti altri funghi non commestibili, sono quelli che formano micorrize, simbiosi mutualistiche tra fungo e radice presenti in gran parte delle piante spontanee e coltivate, sia erbacee che arboree. Nella radice micorrizata, il fungo forma strutture specializzate nello scambio di nutrienti e all\u2019esterno una fitta rete di ife che si estende nel terreno e trasferisce i nutrienti minerali dal suolo alla pianta, in cambio di zuccheri e lipidi. Questa cooperazione pianta-fungo permette lo sviluppo anche di quelle piante che, essendo prive di clorofilla, non possono usare la luce solare per la loro crescita. La rete micorrizica collega anche la comunit\u00e0 vegetale, trasportando nel suo flusso nutrienti e informazioni tra le diverse piante con cui il fungo si associa e facendo da \u201cautostrada\u201d a batteri benefici: questa connessione \u00e8 fondamentale per lo sviluppo e la difesa delle piante, perch\u00e9 sia i funghi micorrizici che i batteri ad essi associati facilitano la nutrizione, lo scambio di segnali e la tolleranza agli stress dei loro ospiti vegetali. Dobbiamo per\u00f2 ricordare che i molti benefici che gli agro-ecosistemi e i sistemi naturali traggono dalle particolari attivit\u00e0 dei funghi e dalla loro capacit\u00e0 di cooperazione sono sempre pi\u00f9 a rischio a causa della riduzione di biodiversit\u00e0, dell\u2019inquinamento e del disturbo del suolo, nonch\u00e9 dei cambiamenti climatici ormai in atto.<\/p>\n<p><em>Al termine della conferenza sar\u00e0 possibile osservare al microscopio come crescono in piastra i diversi funghi e osservare i corpi fruttiferi e la rete in vivo.<\/em><\/p>\n<p>&nbsp;<\/p>\n<p><a href=\"https:\/\/www.msn.unipi.it\/wp-content\/uploads\/2024\/01\/locandina-microrganismi.jpg\" data-lbwps-width=\"1434\" data-lbwps-height=\"2048\" data-lbwps-srcsmall=\"https:\/\/www.msn.unipi.it\/wp-content\/uploads\/2024\/01\/locandina-microrganismi-315x450.jpg\"><img loading=\"lazy\" decoding=\"async\" class=\"aligncenter size-medium wp-image-28579\" src=\"https:\/\/www.msn.unipi.it\/wp-content\/uploads\/2024\/01\/locandina-microrganismi-315x450.jpg\" alt=\"\" width=\"315\" height=\"450\" srcset=\"https:\/\/www.msn.unipi.it\/wp-content\/uploads\/2024\/01\/locandina-microrganismi-315x450.jpg 315w, https:\/\/www.msn.unipi.it\/wp-content\/uploads\/2024\/01\/locandina-microrganismi-560x800.jpg 560w, https:\/\/www.msn.unipi.it\/wp-content\/uploads\/2024\/01\/locandina-microrganismi-768x1097.jpg 768w, https:\/\/www.msn.unipi.it\/wp-content\/uploads\/2024\/01\/locandina-microrganismi-1076x1536.jpg 1076w, https:\/\/www.msn.unipi.it\/wp-content\/uploads\/2024\/01\/locandina-microrganismi.jpg 1434w\" sizes=\"auto, (max-width: 315px) 100vw, 315px\" \/><\/a><\/p>\n","protected":false},"excerpt":{"rendered":"<p>Il Museo di Storia Naturale dell\u2019Universit\u00e0 di Pisa propone un ciclo di incontri tematici dedicato ai microrganismi. La salvaguardia del nostro pianeta e la sopravvivenza dell\u2019umanit\u00e0 dipendono sempre pi\u00f9 dalla conservazione della biodiversit\u00e0, cio\u00e8 da ecosistemi popolati da un gran numero di specie diverse, tra loro interagenti. Spesso, la conservazione della biodiversit\u00e0 \u00e8 mirata a&nbsp; <a href=\"https:\/\/www.msn.unipi.it\/it\/essere-piccoli-viaggio-nel-microcosmo\/\">&hellip;  <i class=\"fa fa-chevron-right\"><\/i><\/a><\/p>\n","protected":false},"author":7,"featured_media":28581,"comment_status":"closed","ping_status":"closed","sticky":false,"template":"","format":"standard","meta":{"_jetpack_memberships_contains_paid_content":false,"footnotes":""},"categories":[326,1],"tags":[],"class_list":["post-28578","post","type-post","status-publish","format-standard","has-post-thumbnail","hentry","category-ciclo-di-conferenze","category-news"],"yoast_head":"<!-- This site is optimized with the Yoast SEO plugin v26.8 - https:\/\/yoast.com\/product\/yoast-seo-wordpress\/ -->\n<title>\u201cEssere piccoli. Viaggio nel microcosmo\u201d - Museo di Storia Naturale dell&#039;Universit\u00e0 di Pisa<\/title>\n<meta name=\"description\" content=\"Il Museo di Storia Naturale dell\u2019Universit\u00e0 di Pisa propone un ciclo di incontri tematici dedicato ai microrganismi. La salvaguardia del nostro pianeta e\" \/>\n<meta name=\"robots\" content=\"index, follow, max-snippet:-1, max-image-preview:large, max-video-preview:-1\" \/>\n<link rel=\"canonical\" href=\"https:\/\/www.msn.unipi.it\/it\/essere-piccoli-viaggio-nel-microcosmo\/\" \/>\n<meta property=\"og:locale\" content=\"it_IT\" \/>\n<meta property=\"og:type\" content=\"article\" \/>\n<meta property=\"og:title\" content=\"\u201cEssere piccoli. Viaggio nel microcosmo\u201d - Museo di Storia Naturale dell&#039;Universit\u00e0 di Pisa\" \/>\n<meta property=\"og:description\" content=\"Il Museo di Storia Naturale dell\u2019Universit\u00e0 di Pisa propone un ciclo di incontri tematici dedicato ai microrganismi. La salvaguardia del nostro pianeta e\" \/>\n<meta property=\"og:url\" content=\"https:\/\/www.msn.unipi.it\/it\/essere-piccoli-viaggio-nel-microcosmo\/\" \/>\n<meta property=\"og:site_name\" content=\"Museo di Storia Naturale dell&#039;Universit\u00e0 di Pisa\" \/>\n<meta property=\"article:publisher\" content=\"https:\/\/www.facebook.com\/Museo-di-Storia-Naturale-Universit%c3%a0-di-Pisa-277794215612108\/\" \/>\n<meta property=\"article:published_time\" content=\"2024-01-15T06:58:26+00:00\" \/>\n<meta property=\"article:modified_time\" content=\"2024-01-23T10:48:10+00:00\" \/>\n<meta property=\"og:image\" content=\"https:\/\/www.msn.unipi.it\/wp-content\/uploads\/2024\/01\/locandina-microrganismi-quadrato.jpg\" \/>\n\t<meta property=\"og:image:width\" content=\"2048\" \/>\n\t<meta property=\"og:image:height\" content=\"2048\" \/>\n\t<meta property=\"og:image:type\" content=\"image\/jpeg\" \/>\n<meta name=\"author\" content=\"a012780@unipi.it\" \/>\n<meta name=\"twitter:card\" content=\"summary_large_image\" \/>\n<meta name=\"twitter:creator\" content=\"@msncalci\" \/>\n<meta name=\"twitter:site\" content=\"@msncalci\" \/>\n<meta name=\"twitter:label1\" content=\"Scritto da\" \/>\n\t<meta name=\"twitter:data1\" content=\"a012780@unipi.it\" \/>\n\t<meta name=\"twitter:label2\" content=\"Tempo di lettura stimato\" \/>\n\t<meta name=\"twitter:data2\" content=\"8 minuti\" \/>\n<script type=\"application\/ld+json\" class=\"yoast-schema-graph\">{\"@context\":\"https:\/\/schema.org\",\"@graph\":[{\"@type\":\"Article\",\"@id\":\"https:\/\/www.msn.unipi.it\/it\/essere-piccoli-viaggio-nel-microcosmo\/#article\",\"isPartOf\":{\"@id\":\"https:\/\/www.msn.unipi.it\/it\/essere-piccoli-viaggio-nel-microcosmo\/\"},\"author\":{\"name\":\"a012780@unipi.it\",\"@id\":\"https:\/\/www.msn.unipi.it\/it\/#\/schema\/person\/20631df3667b84d79cffe30e020188a1\"},\"headline\":\"\u201cEssere piccoli. Viaggio nel microcosmo\u201d\",\"datePublished\":\"2024-01-15T06:58:26+00:00\",\"dateModified\":\"2024-01-23T10:48:10+00:00\",\"mainEntityOfPage\":{\"@id\":\"https:\/\/www.msn.unipi.it\/it\/essere-piccoli-viaggio-nel-microcosmo\/\"},\"wordCount\":1360,\"publisher\":{\"@id\":\"https:\/\/www.msn.unipi.it\/it\/#organization\"},\"image\":{\"@id\":\"https:\/\/www.msn.unipi.it\/it\/essere-piccoli-viaggio-nel-microcosmo\/#primaryimage\"},\"thumbnailUrl\":\"https:\/\/www.msn.unipi.it\/wp-content\/uploads\/2024\/01\/locandina-microrganismi-quadrato.jpg\",\"articleSection\":[\"Ciclo di conferenze\",\"News\"],\"inLanguage\":\"it-IT\"},{\"@type\":\"WebPage\",\"@id\":\"https:\/\/www.msn.unipi.it\/it\/essere-piccoli-viaggio-nel-microcosmo\/\",\"url\":\"https:\/\/www.msn.unipi.it\/it\/essere-piccoli-viaggio-nel-microcosmo\/\",\"name\":\"\u201cEssere piccoli. Viaggio nel microcosmo\u201d - Museo di Storia Naturale dell&#039;Universit\u00e0 di Pisa\",\"isPartOf\":{\"@id\":\"https:\/\/www.msn.unipi.it\/it\/#website\"},\"primaryImageOfPage\":{\"@id\":\"https:\/\/www.msn.unipi.it\/it\/essere-piccoli-viaggio-nel-microcosmo\/#primaryimage\"},\"image\":{\"@id\":\"https:\/\/www.msn.unipi.it\/it\/essere-piccoli-viaggio-nel-microcosmo\/#primaryimage\"},\"thumbnailUrl\":\"https:\/\/www.msn.unipi.it\/wp-content\/uploads\/2024\/01\/locandina-microrganismi-quadrato.jpg\",\"datePublished\":\"2024-01-15T06:58:26+00:00\",\"dateModified\":\"2024-01-23T10:48:10+00:00\",\"description\":\"Il Museo di Storia Naturale dell\u2019Universit\u00e0 di Pisa propone un ciclo di incontri tematici dedicato ai microrganismi. La salvaguardia del nostro pianeta e\",\"breadcrumb\":{\"@id\":\"https:\/\/www.msn.unipi.it\/it\/essere-piccoli-viaggio-nel-microcosmo\/#breadcrumb\"},\"inLanguage\":\"it-IT\",\"potentialAction\":[{\"@type\":\"ReadAction\",\"target\":[\"https:\/\/www.msn.unipi.it\/it\/essere-piccoli-viaggio-nel-microcosmo\/\"]}]},{\"@type\":\"ImageObject\",\"inLanguage\":\"it-IT\",\"@id\":\"https:\/\/www.msn.unipi.it\/it\/essere-piccoli-viaggio-nel-microcosmo\/#primaryimage\",\"url\":\"https:\/\/www.msn.unipi.it\/wp-content\/uploads\/2024\/01\/locandina-microrganismi-quadrato.jpg\",\"contentUrl\":\"https:\/\/www.msn.unipi.it\/wp-content\/uploads\/2024\/01\/locandina-microrganismi-quadrato.jpg\",\"width\":2048,\"height\":2048},{\"@type\":\"BreadcrumbList\",\"@id\":\"https:\/\/www.msn.unipi.it\/it\/essere-piccoli-viaggio-nel-microcosmo\/#breadcrumb\",\"itemListElement\":[{\"@type\":\"ListItem\",\"position\":1,\"name\":\"Home\",\"item\":\"https:\/\/www.msn.unipi.it\/it\/\"},{\"@type\":\"ListItem\",\"position\":2,\"name\":\"\u201cEssere piccoli. Viaggio nel microcosmo\u201d\"}]},{\"@type\":\"WebSite\",\"@id\":\"https:\/\/www.msn.unipi.it\/it\/#website\",\"url\":\"https:\/\/www.msn.unipi.it\/it\/\",\"name\":\"Museo di Storia Naturale dell&#039;Universit\u00e0 di Pisa\",\"description\":\"\",\"publisher\":{\"@id\":\"https:\/\/www.msn.unipi.it\/it\/#organization\"},\"potentialAction\":[{\"@type\":\"SearchAction\",\"target\":{\"@type\":\"EntryPoint\",\"urlTemplate\":\"https:\/\/www.msn.unipi.it\/it\/?s={search_term_string}\"},\"query-input\":{\"@type\":\"PropertyValueSpecification\",\"valueRequired\":true,\"valueName\":\"search_term_string\"}}],\"inLanguage\":\"it-IT\"},{\"@type\":\"Organization\",\"@id\":\"https:\/\/www.msn.unipi.it\/it\/#organization\",\"name\":\"Museo di Storia Naturale dell'Universit\u00e0 di Pisa\",\"url\":\"https:\/\/www.msn.unipi.it\/it\/\",\"logo\":{\"@type\":\"ImageObject\",\"inLanguage\":\"it-IT\",\"@id\":\"https:\/\/www.msn.unipi.it\/it\/#\/schema\/logo\/image\/\",\"url\":\"https:\/\/www.msn.unipi.it\/wp-content\/uploads\/2016\/07\/footer-logo.png\",\"contentUrl\":\"https:\/\/www.msn.unipi.it\/wp-content\/uploads\/2016\/07\/footer-logo.png\",\"width\":220,\"height\":95,\"caption\":\"Museo di Storia Naturale dell'Universit\u00e0 di Pisa\"},\"image\":{\"@id\":\"https:\/\/www.msn.unipi.it\/it\/#\/schema\/logo\/image\/\"},\"sameAs\":[\"https:\/\/www.facebook.com\/Museo-di-Storia-Naturale-Universit\u00e0-di-Pisa-277794215612108\/\",\"https:\/\/x.com\/msncalci\",\"https:\/\/www.instagram.com\/museostorianaturale_calci\/\",\"https:\/\/www.youtube.com\/channel\/UCDaMBe_RegmdCnxLPmryMxw\"]},{\"@type\":\"Person\",\"@id\":\"https:\/\/www.msn.unipi.it\/it\/#\/schema\/person\/20631df3667b84d79cffe30e020188a1\",\"name\":\"a012780@unipi.it\",\"image\":{\"@type\":\"ImageObject\",\"inLanguage\":\"it-IT\",\"@id\":\"https:\/\/www.msn.unipi.it\/it\/#\/schema\/person\/image\/\",\"url\":\"https:\/\/secure.gravatar.com\/avatar\/42f33f3cae0d7f62a78cb1395dffdd09?s=96&d=mm&r=g\",\"contentUrl\":\"https:\/\/secure.gravatar.com\/avatar\/42f33f3cae0d7f62a78cb1395dffdd09?s=96&d=mm&r=g\",\"caption\":\"a012780@unipi.it\"}}]}<\/script>\n<!-- \/ Yoast SEO plugin. -->","yoast_head_json":{"title":"\u201cEssere piccoli. Viaggio nel microcosmo\u201d - Museo di Storia Naturale dell&#039;Universit\u00e0 di Pisa","description":"Il Museo di Storia Naturale dell\u2019Universit\u00e0 di Pisa propone un ciclo di incontri tematici dedicato ai microrganismi. La salvaguardia del nostro pianeta e","robots":{"index":"index","follow":"follow","max-snippet":"max-snippet:-1","max-image-preview":"max-image-preview:large","max-video-preview":"max-video-preview:-1"},"canonical":"https:\/\/www.msn.unipi.it\/it\/essere-piccoli-viaggio-nel-microcosmo\/","og_locale":"it_IT","og_type":"article","og_title":"\u201cEssere piccoli. Viaggio nel microcosmo\u201d - Museo di Storia Naturale dell&#039;Universit\u00e0 di Pisa","og_description":"Il Museo di Storia Naturale dell\u2019Universit\u00e0 di Pisa propone un ciclo di incontri tematici dedicato ai microrganismi. La salvaguardia del nostro pianeta e","og_url":"https:\/\/www.msn.unipi.it\/it\/essere-piccoli-viaggio-nel-microcosmo\/","og_site_name":"Museo di Storia Naturale dell&#039;Universit\u00e0 di Pisa","article_publisher":"https:\/\/www.facebook.com\/Museo-di-Storia-Naturale-Universit%c3%a0-di-Pisa-277794215612108\/","article_published_time":"2024-01-15T06:58:26+00:00","article_modified_time":"2024-01-23T10:48:10+00:00","og_image":[{"width":2048,"height":2048,"url":"https:\/\/www.msn.unipi.it\/wp-content\/uploads\/2024\/01\/locandina-microrganismi-quadrato.jpg","type":"image\/jpeg"}],"author":"a012780@unipi.it","twitter_card":"summary_large_image","twitter_creator":"@msncalci","twitter_site":"@msncalci","twitter_misc":{"Scritto da":"a012780@unipi.it","Tempo di lettura stimato":"8 minuti"},"schema":{"@context":"https:\/\/schema.org","@graph":[{"@type":"Article","@id":"https:\/\/www.msn.unipi.it\/it\/essere-piccoli-viaggio-nel-microcosmo\/#article","isPartOf":{"@id":"https:\/\/www.msn.unipi.it\/it\/essere-piccoli-viaggio-nel-microcosmo\/"},"author":{"name":"a012780@unipi.it","@id":"https:\/\/www.msn.unipi.it\/it\/#\/schema\/person\/20631df3667b84d79cffe30e020188a1"},"headline":"\u201cEssere piccoli. Viaggio nel microcosmo\u201d","datePublished":"2024-01-15T06:58:26+00:00","dateModified":"2024-01-23T10:48:10+00:00","mainEntityOfPage":{"@id":"https:\/\/www.msn.unipi.it\/it\/essere-piccoli-viaggio-nel-microcosmo\/"},"wordCount":1360,"publisher":{"@id":"https:\/\/www.msn.unipi.it\/it\/#organization"},"image":{"@id":"https:\/\/www.msn.unipi.it\/it\/essere-piccoli-viaggio-nel-microcosmo\/#primaryimage"},"thumbnailUrl":"https:\/\/www.msn.unipi.it\/wp-content\/uploads\/2024\/01\/locandina-microrganismi-quadrato.jpg","articleSection":["Ciclo di conferenze","News"],"inLanguage":"it-IT"},{"@type":"WebPage","@id":"https:\/\/www.msn.unipi.it\/it\/essere-piccoli-viaggio-nel-microcosmo\/","url":"https:\/\/www.msn.unipi.it\/it\/essere-piccoli-viaggio-nel-microcosmo\/","name":"\u201cEssere piccoli. Viaggio nel microcosmo\u201d - Museo di Storia Naturale dell&#039;Universit\u00e0 di Pisa","isPartOf":{"@id":"https:\/\/www.msn.unipi.it\/it\/#website"},"primaryImageOfPage":{"@id":"https:\/\/www.msn.unipi.it\/it\/essere-piccoli-viaggio-nel-microcosmo\/#primaryimage"},"image":{"@id":"https:\/\/www.msn.unipi.it\/it\/essere-piccoli-viaggio-nel-microcosmo\/#primaryimage"},"thumbnailUrl":"https:\/\/www.msn.unipi.it\/wp-content\/uploads\/2024\/01\/locandina-microrganismi-quadrato.jpg","datePublished":"2024-01-15T06:58:26+00:00","dateModified":"2024-01-23T10:48:10+00:00","description":"Il Museo di Storia Naturale dell\u2019Universit\u00e0 di Pisa propone un ciclo di incontri tematici dedicato ai microrganismi. La salvaguardia del nostro pianeta e","breadcrumb":{"@id":"https:\/\/www.msn.unipi.it\/it\/essere-piccoli-viaggio-nel-microcosmo\/#breadcrumb"},"inLanguage":"it-IT","potentialAction":[{"@type":"ReadAction","target":["https:\/\/www.msn.unipi.it\/it\/essere-piccoli-viaggio-nel-microcosmo\/"]}]},{"@type":"ImageObject","inLanguage":"it-IT","@id":"https:\/\/www.msn.unipi.it\/it\/essere-piccoli-viaggio-nel-microcosmo\/#primaryimage","url":"https:\/\/www.msn.unipi.it\/wp-content\/uploads\/2024\/01\/locandina-microrganismi-quadrato.jpg","contentUrl":"https:\/\/www.msn.unipi.it\/wp-content\/uploads\/2024\/01\/locandina-microrganismi-quadrato.jpg","width":2048,"height":2048},{"@type":"BreadcrumbList","@id":"https:\/\/www.msn.unipi.it\/it\/essere-piccoli-viaggio-nel-microcosmo\/#breadcrumb","itemListElement":[{"@type":"ListItem","position":1,"name":"Home","item":"https:\/\/www.msn.unipi.it\/it\/"},{"@type":"ListItem","position":2,"name":"\u201cEssere piccoli. Viaggio nel microcosmo\u201d"}]},{"@type":"WebSite","@id":"https:\/\/www.msn.unipi.it\/it\/#website","url":"https:\/\/www.msn.unipi.it\/it\/","name":"Museo di Storia Naturale dell&#039;Universit\u00e0 di Pisa","description":"","publisher":{"@id":"https:\/\/www.msn.unipi.it\/it\/#organization"},"potentialAction":[{"@type":"SearchAction","target":{"@type":"EntryPoint","urlTemplate":"https:\/\/www.msn.unipi.it\/it\/?s={search_term_string}"},"query-input":{"@type":"PropertyValueSpecification","valueRequired":true,"valueName":"search_term_string"}}],"inLanguage":"it-IT"},{"@type":"Organization","@id":"https:\/\/www.msn.unipi.it\/it\/#organization","name":"Museo di Storia Naturale dell'Universit\u00e0 di Pisa","url":"https:\/\/www.msn.unipi.it\/it\/","logo":{"@type":"ImageObject","inLanguage":"it-IT","@id":"https:\/\/www.msn.unipi.it\/it\/#\/schema\/logo\/image\/","url":"https:\/\/www.msn.unipi.it\/wp-content\/uploads\/2016\/07\/footer-logo.png","contentUrl":"https:\/\/www.msn.unipi.it\/wp-content\/uploads\/2016\/07\/footer-logo.png","width":220,"height":95,"caption":"Museo di Storia Naturale dell'Universit\u00e0 di Pisa"},"image":{"@id":"https:\/\/www.msn.unipi.it\/it\/#\/schema\/logo\/image\/"},"sameAs":["https:\/\/www.facebook.com\/Museo-di-Storia-Naturale-Universit\u00e0-di-Pisa-277794215612108\/","https:\/\/x.com\/msncalci","https:\/\/www.instagram.com\/museostorianaturale_calci\/","https:\/\/www.youtube.com\/channel\/UCDaMBe_RegmdCnxLPmryMxw"]},{"@type":"Person","@id":"https:\/\/www.msn.unipi.it\/it\/#\/schema\/person\/20631df3667b84d79cffe30e020188a1","name":"a012780@unipi.it","image":{"@type":"ImageObject","inLanguage":"it-IT","@id":"https:\/\/www.msn.unipi.it\/it\/#\/schema\/person\/image\/","url":"https:\/\/secure.gravatar.com\/avatar\/42f33f3cae0d7f62a78cb1395dffdd09?s=96&d=mm&r=g","contentUrl":"https:\/\/secure.gravatar.com\/avatar\/42f33f3cae0d7f62a78cb1395dffdd09?s=96&d=mm&r=g","caption":"a012780@unipi.it"}}]}},"jetpack_featured_media_url":"https:\/\/www.msn.unipi.it\/wp-content\/uploads\/2024\/01\/locandina-microrganismi-quadrato.jpg","jetpack_sharing_enabled":true,"_links":{"self":[{"href":"https:\/\/www.msn.unipi.it\/it\/wp-json\/wp\/v2\/posts\/28578","targetHints":{"allow":["GET"]}}],"collection":[{"href":"https:\/\/www.msn.unipi.it\/it\/wp-json\/wp\/v2\/posts"}],"about":[{"href":"https:\/\/www.msn.unipi.it\/it\/wp-json\/wp\/v2\/types\/post"}],"author":[{"embeddable":true,"href":"https:\/\/www.msn.unipi.it\/it\/wp-json\/wp\/v2\/users\/7"}],"replies":[{"embeddable":true,"href":"https:\/\/www.msn.unipi.it\/it\/wp-json\/wp\/v2\/comments?post=28578"}],"version-history":[{"count":1,"href":"https:\/\/www.msn.unipi.it\/it\/wp-json\/wp\/v2\/posts\/28578\/revisions"}],"predecessor-version":[{"id":28583,"href":"https:\/\/www.msn.unipi.it\/it\/wp-json\/wp\/v2\/posts\/28578\/revisions\/28583"}],"wp:featuredmedia":[{"embeddable":true,"href":"https:\/\/www.msn.unipi.it\/it\/wp-json\/wp\/v2\/media\/28581"}],"wp:attachment":[{"href":"https:\/\/www.msn.unipi.it\/it\/wp-json\/wp\/v2\/media?parent=28578"}],"wp:term":[{"taxonomy":"category","embeddable":true,"href":"https:\/\/www.msn.unipi.it\/it\/wp-json\/wp\/v2\/categories?post=28578"},{"taxonomy":"post_tag","embeddable":true,"href":"https:\/\/www.msn.unipi.it\/it\/wp-json\/wp\/v2\/tags?post=28578"}],"curies":[{"name":"wp","href":"https:\/\/api.w.org\/{rel}","templated":true}]}}