{"id":2895,"date":"2013-03-06T09:10:51","date_gmt":"2013-03-06T08:10:51","guid":{"rendered":"http:\/\/msntest.unipi.it\/?p=2895"},"modified":"2013-03-06T09:12:18","modified_gmt":"2013-03-06T08:12:18","slug":"2895","status":"publish","type":"post","link":"https:\/\/www.msn.unipi.it\/it\/2895\/","title":{"rendered":"conferenza &#8220;La Verruca \u00e8 un vulcano? Il rischio vulcanico in Italia&#8221;"},"content":{"rendered":"<p><a href=\"http:\/\/www.msn.unipi.it\/wp-content\/uploads\/2013\/03\/Rischio-vulcanico-short.jpg\" data-lbwps-width=\"1370\" data-lbwps-height=\"1925\" data-lbwps-srcsmall=\"https:\/\/www.msn.unipi.it\/wp-content\/uploads\/2013\/03\/Rischio-vulcanico-short-320x450.jpg\"><img loading=\"lazy\" decoding=\"async\" class=\"alignleft size-medium wp-image-2896\" alt=\"Rischio vulcanico short\" src=\"http:\/\/www.msn.unipi.it\/wp-content\/uploads\/2013\/03\/Rischio-vulcanico-short-213x300.jpg\" width=\"213\" height=\"300\" \/><\/a>In varie occasioni abbiamo parlato dei Monti Pisani, dal punto di vista botanico, paleontologico, geologico e archeologico, quest&#8217;ultimo soprattutto in relazione al Castello della Verruca. Ma un punto \u00e8 restato in sospeso: &#8220;La Verruca \u00e8 un vulcano? Il Monte Verruca, sui Monti Pisani, gode infatti tra gli abitanti della zona la fama di vulcano, per la sua forma a cono. Ma l&#8217;unica sua &#8220;eruzione&#8221; \u00e8 quella artificiale, organizzata da un gruppo di buontermponi il primo Aprile di pochi anni f\u00e0, con gran fumo di frasche dall&#8217;interno del Castello.<\/p>\n<p>In Italia ci sono invece molti veri vulcani attivi o potenzialmente attivi, oltre a numeosi vulcani che vengono considerati ormai estinti.<br \/>\nDi questi problemi ci parler\u00e0 alla Certosa di Calci il prof. Roberto Santacroce (professore Ordinario di Vulcanologia dell&#8217;Universit\u00e0 di Pisa) Venerd\u00ec 22 Marzo 2013 alle ore 17, nella conferenza &#8220;La Verruca \u00e8 un vulcano? Il rischio vulcanico in Italia&#8221;, che l&#8217;Associazione &#8220;Amici del Museo Naturalistico di Calci&#8221; ha organizzato in collaborazione col Museo di Storia Naturale dell&#8217;Universit\u00e0 di Pisa e con la sezione di Cascina di &#8220;Italia Nostra&#8221;.<\/p>\n","protected":false},"excerpt":{"rendered":"<p>In varie occasioni abbiamo parlato dei Monti Pisani, dal punto di vista botanico, paleontologico, geologico e archeologico, quest&#8217;ultimo soprattutto in relazione al Castello della Verruca. Ma un punto \u00e8 restato in sospeso: &#8220;La Verruca \u00e8 un vulcano? Il Monte Verruca, sui Monti Pisani, gode infatti tra gli abitanti della zona la fama di vulcano, per&nbsp; <a href=\"https:\/\/www.msn.unipi.it\/it\/2895\/\">&hellip;  <i class=\"fa fa-chevron-right\"><\/i><\/a><\/p>\n","protected":false},"author":1,"featured_media":0,"comment_status":"closed","ping_status":"closed","sticky":false,"template":"","format":"standard","meta":{"_jetpack_memberships_contains_paid_content":false,"footnotes":""},"categories":[9],"tags":[],"class_list":["post-2895","post","type-post","status-publish","format-standard","hentry","category-archivio"],"yoast_head":"<!-- This site is optimized with the Yoast SEO plugin v26.8 - https:\/\/yoast.com\/product\/yoast-seo-wordpress\/ -->\n<title>conferenza &quot;La Verruca \u00e8 un vulcano? Il rischio vulcanico in Italia&quot; - Museo di Storia Naturale dell&#039;Universit\u00e0 di Pisa<\/title>\n<meta name=\"description\" content=\"In varie occasioni abbiamo parlato dei Monti Pisani, dal punto di vista botanico, paleontologico, geologico e archeologico, quest&#039;ultimo soprattutto in\" \/>\n<meta name=\"robots\" content=\"index, follow, max-snippet:-1, max-image-preview:large, max-video-preview:-1\" \/>\n<link rel=\"canonical\" href=\"https:\/\/www.msn.unipi.it\/it\/2895\/\" \/>\n<meta property=\"og:locale\" content=\"it_IT\" \/>\n<meta property=\"og:type\" content=\"article\" \/>\n<meta property=\"og:title\" content=\"conferenza &quot;La Verruca \u00e8 un vulcano? Il rischio vulcanico in Italia&quot; - Museo di Storia Naturale dell&#039;Universit\u00e0 di Pisa\" \/>\n<meta property=\"og:description\" content=\"In varie occasioni abbiamo parlato dei Monti Pisani, dal punto di vista botanico, paleontologico, geologico e archeologico, quest&#039;ultimo soprattutto in\" \/>\n<meta property=\"og:url\" content=\"https:\/\/www.msn.unipi.it\/it\/2895\/\" \/>\n<meta property=\"og:site_name\" content=\"Museo di Storia Naturale dell&#039;Universit\u00e0 di Pisa\" \/>\n<meta property=\"article:publisher\" content=\"https:\/\/www.facebook.com\/Museo-di-Storia-Naturale-Universit%c3%a0-di-Pisa-277794215612108\/\" \/>\n<meta property=\"article:published_time\" content=\"2013-03-06T08:10:51+00:00\" \/>\n<meta property=\"article:modified_time\" content=\"2013-03-06T08:12:18+00:00\" \/>\n<meta property=\"og:image\" content=\"http:\/\/www.msn.unipi.it\/wp-content\/uploads\/2013\/03\/Rischio-vulcanico-short-213x300.jpg\" \/>\n<meta name=\"author\" content=\"websoup\" \/>\n<meta name=\"twitter:card\" content=\"summary_large_image\" \/>\n<meta name=\"twitter:creator\" content=\"@msncalci\" \/>\n<meta name=\"twitter:site\" content=\"@msncalci\" \/>\n<meta name=\"twitter:label1\" content=\"Scritto da\" \/>\n\t<meta name=\"twitter:data1\" content=\"websoup\" \/>\n\t<meta name=\"twitter:label2\" content=\"Tempo di lettura stimato\" \/>\n\t<meta name=\"twitter:data2\" content=\"1 minuto\" \/>\n<script type=\"application\/ld+json\" class=\"yoast-schema-graph\">{\"@context\":\"https:\/\/schema.org\",\"@graph\":[{\"@type\":\"Article\",\"@id\":\"https:\/\/www.msn.unipi.it\/it\/2895\/#article\",\"isPartOf\":{\"@id\":\"https:\/\/www.msn.unipi.it\/it\/2895\/\"},\"author\":{\"name\":\"websoup\",\"@id\":\"https:\/\/www.msn.unipi.it\/it\/#\/schema\/person\/ed9b10c0618fabf77f29c32885d14a64\"},\"headline\":\"conferenza &#8220;La Verruca \u00e8 un vulcano? Il rischio vulcanico in Italia&#8221;\",\"datePublished\":\"2013-03-06T08:10:51+00:00\",\"dateModified\":\"2013-03-06T08:12:18+00:00\",\"mainEntityOfPage\":{\"@id\":\"https:\/\/www.msn.unipi.it\/it\/2895\/\"},\"wordCount\":180,\"publisher\":{\"@id\":\"https:\/\/www.msn.unipi.it\/it\/#organization\"},\"image\":{\"@id\":\"https:\/\/www.msn.unipi.it\/it\/2895\/#primaryimage\"},\"thumbnailUrl\":\"http:\/\/www.msn.unipi.it\/wp-content\/uploads\/2013\/03\/Rischio-vulcanico-short-213x300.jpg\",\"articleSection\":[\"Archivio notizie\"],\"inLanguage\":\"it-IT\"},{\"@type\":\"WebPage\",\"@id\":\"https:\/\/www.msn.unipi.it\/it\/2895\/\",\"url\":\"https:\/\/www.msn.unipi.it\/it\/2895\/\",\"name\":\"conferenza \\\"La Verruca \u00e8 un vulcano? Il rischio vulcanico in Italia\\\" - Museo di Storia Naturale dell&#039;Universit\u00e0 di Pisa\",\"isPartOf\":{\"@id\":\"https:\/\/www.msn.unipi.it\/it\/#website\"},\"primaryImageOfPage\":{\"@id\":\"https:\/\/www.msn.unipi.it\/it\/2895\/#primaryimage\"},\"image\":{\"@id\":\"https:\/\/www.msn.unipi.it\/it\/2895\/#primaryimage\"},\"thumbnailUrl\":\"http:\/\/www.msn.unipi.it\/wp-content\/uploads\/2013\/03\/Rischio-vulcanico-short-213x300.jpg\",\"datePublished\":\"2013-03-06T08:10:51+00:00\",\"dateModified\":\"2013-03-06T08:12:18+00:00\",\"description\":\"In varie occasioni abbiamo parlato dei Monti Pisani, dal punto di vista botanico, paleontologico, geologico e archeologico, quest'ultimo soprattutto in\",\"breadcrumb\":{\"@id\":\"https:\/\/www.msn.unipi.it\/it\/2895\/#breadcrumb\"},\"inLanguage\":\"it-IT\",\"potentialAction\":[{\"@type\":\"ReadAction\",\"target\":[\"https:\/\/www.msn.unipi.it\/it\/2895\/\"]}]},{\"@type\":\"ImageObject\",\"inLanguage\":\"it-IT\",\"@id\":\"https:\/\/www.msn.unipi.it\/it\/2895\/#primaryimage\",\"url\":\"http:\/\/www.msn.unipi.it\/wp-content\/uploads\/2013\/03\/Rischio-vulcanico-short-213x300.jpg\",\"contentUrl\":\"http:\/\/www.msn.unipi.it\/wp-content\/uploads\/2013\/03\/Rischio-vulcanico-short-213x300.jpg\"},{\"@type\":\"BreadcrumbList\",\"@id\":\"https:\/\/www.msn.unipi.it\/it\/2895\/#breadcrumb\",\"itemListElement\":[{\"@type\":\"ListItem\",\"position\":1,\"name\":\"Home\",\"item\":\"https:\/\/www.msn.unipi.it\/it\/\"},{\"@type\":\"ListItem\",\"position\":2,\"name\":\"conferenza &#8220;La Verruca \u00e8 un vulcano? Il rischio vulcanico in Italia&#8221;\"}]},{\"@type\":\"WebSite\",\"@id\":\"https:\/\/www.msn.unipi.it\/it\/#website\",\"url\":\"https:\/\/www.msn.unipi.it\/it\/\",\"name\":\"Museo di Storia Naturale dell&#039;Universit\u00e0 di Pisa\",\"description\":\"\",\"publisher\":{\"@id\":\"https:\/\/www.msn.unipi.it\/it\/#organization\"},\"potentialAction\":[{\"@type\":\"SearchAction\",\"target\":{\"@type\":\"EntryPoint\",\"urlTemplate\":\"https:\/\/www.msn.unipi.it\/it\/?s={search_term_string}\"},\"query-input\":{\"@type\":\"PropertyValueSpecification\",\"valueRequired\":true,\"valueName\":\"search_term_string\"}}],\"inLanguage\":\"it-IT\"},{\"@type\":\"Organization\",\"@id\":\"https:\/\/www.msn.unipi.it\/it\/#organization\",\"name\":\"Museo di Storia Naturale dell'Universit\u00e0 di Pisa\",\"url\":\"https:\/\/www.msn.unipi.it\/it\/\",\"logo\":{\"@type\":\"ImageObject\",\"inLanguage\":\"it-IT\",\"@id\":\"https:\/\/www.msn.unipi.it\/it\/#\/schema\/logo\/image\/\",\"url\":\"https:\/\/www.msn.unipi.it\/wp-content\/uploads\/2016\/07\/footer-logo.png\",\"contentUrl\":\"https:\/\/www.msn.unipi.it\/wp-content\/uploads\/2016\/07\/footer-logo.png\",\"width\":220,\"height\":95,\"caption\":\"Museo di Storia Naturale dell'Universit\u00e0 di Pisa\"},\"image\":{\"@id\":\"https:\/\/www.msn.unipi.it\/it\/#\/schema\/logo\/image\/\"},\"sameAs\":[\"https:\/\/www.facebook.com\/Museo-di-Storia-Naturale-Universit\u00e0-di-Pisa-277794215612108\/\",\"https:\/\/x.com\/msncalci\",\"https:\/\/www.instagram.com\/museostorianaturale_calci\/\",\"https:\/\/www.youtube.com\/channel\/UCDaMBe_RegmdCnxLPmryMxw\"]},{\"@type\":\"Person\",\"@id\":\"https:\/\/www.msn.unipi.it\/it\/#\/schema\/person\/ed9b10c0618fabf77f29c32885d14a64\",\"name\":\"websoup\",\"image\":{\"@type\":\"ImageObject\",\"inLanguage\":\"it-IT\",\"@id\":\"https:\/\/www.msn.unipi.it\/it\/#\/schema\/person\/image\/\",\"url\":\"https:\/\/secure.gravatar.com\/avatar\/4118c2ea32b6d8e2ac1a2f57333fd5d2?s=96&d=mm&r=g\",\"contentUrl\":\"https:\/\/secure.gravatar.com\/avatar\/4118c2ea32b6d8e2ac1a2f57333fd5d2?s=96&d=mm&r=g\",\"caption\":\"websoup\"}}]}<\/script>\n<!-- \/ Yoast SEO plugin. -->","yoast_head_json":{"title":"conferenza \"La Verruca \u00e8 un vulcano? Il rischio vulcanico in Italia\" - Museo di Storia Naturale dell&#039;Universit\u00e0 di Pisa","description":"In varie occasioni abbiamo parlato dei Monti Pisani, dal punto di vista botanico, paleontologico, geologico e archeologico, quest'ultimo soprattutto in","robots":{"index":"index","follow":"follow","max-snippet":"max-snippet:-1","max-image-preview":"max-image-preview:large","max-video-preview":"max-video-preview:-1"},"canonical":"https:\/\/www.msn.unipi.it\/it\/2895\/","og_locale":"it_IT","og_type":"article","og_title":"conferenza \"La Verruca \u00e8 un vulcano? Il rischio vulcanico in Italia\" - Museo di Storia Naturale dell&#039;Universit\u00e0 di Pisa","og_description":"In varie occasioni abbiamo parlato dei Monti Pisani, dal punto di vista botanico, paleontologico, geologico e archeologico, quest'ultimo soprattutto in","og_url":"https:\/\/www.msn.unipi.it\/it\/2895\/","og_site_name":"Museo di Storia Naturale dell&#039;Universit\u00e0 di Pisa","article_publisher":"https:\/\/www.facebook.com\/Museo-di-Storia-Naturale-Universit%c3%a0-di-Pisa-277794215612108\/","article_published_time":"2013-03-06T08:10:51+00:00","article_modified_time":"2013-03-06T08:12:18+00:00","og_image":[{"url":"http:\/\/www.msn.unipi.it\/wp-content\/uploads\/2013\/03\/Rischio-vulcanico-short-213x300.jpg","type":"","width":"","height":""}],"author":"websoup","twitter_card":"summary_large_image","twitter_creator":"@msncalci","twitter_site":"@msncalci","twitter_misc":{"Scritto da":"websoup","Tempo di lettura stimato":"1 minuto"},"schema":{"@context":"https:\/\/schema.org","@graph":[{"@type":"Article","@id":"https:\/\/www.msn.unipi.it\/it\/2895\/#article","isPartOf":{"@id":"https:\/\/www.msn.unipi.it\/it\/2895\/"},"author":{"name":"websoup","@id":"https:\/\/www.msn.unipi.it\/it\/#\/schema\/person\/ed9b10c0618fabf77f29c32885d14a64"},"headline":"conferenza &#8220;La Verruca \u00e8 un vulcano? Il rischio vulcanico in Italia&#8221;","datePublished":"2013-03-06T08:10:51+00:00","dateModified":"2013-03-06T08:12:18+00:00","mainEntityOfPage":{"@id":"https:\/\/www.msn.unipi.it\/it\/2895\/"},"wordCount":180,"publisher":{"@id":"https:\/\/www.msn.unipi.it\/it\/#organization"},"image":{"@id":"https:\/\/www.msn.unipi.it\/it\/2895\/#primaryimage"},"thumbnailUrl":"http:\/\/www.msn.unipi.it\/wp-content\/uploads\/2013\/03\/Rischio-vulcanico-short-213x300.jpg","articleSection":["Archivio notizie"],"inLanguage":"it-IT"},{"@type":"WebPage","@id":"https:\/\/www.msn.unipi.it\/it\/2895\/","url":"https:\/\/www.msn.unipi.it\/it\/2895\/","name":"conferenza \"La Verruca \u00e8 un vulcano? Il rischio vulcanico in Italia\" - Museo di Storia Naturale dell&#039;Universit\u00e0 di Pisa","isPartOf":{"@id":"https:\/\/www.msn.unipi.it\/it\/#website"},"primaryImageOfPage":{"@id":"https:\/\/www.msn.unipi.it\/it\/2895\/#primaryimage"},"image":{"@id":"https:\/\/www.msn.unipi.it\/it\/2895\/#primaryimage"},"thumbnailUrl":"http:\/\/www.msn.unipi.it\/wp-content\/uploads\/2013\/03\/Rischio-vulcanico-short-213x300.jpg","datePublished":"2013-03-06T08:10:51+00:00","dateModified":"2013-03-06T08:12:18+00:00","description":"In varie occasioni abbiamo parlato dei Monti Pisani, dal punto di vista botanico, paleontologico, geologico e archeologico, quest'ultimo soprattutto in","breadcrumb":{"@id":"https:\/\/www.msn.unipi.it\/it\/2895\/#breadcrumb"},"inLanguage":"it-IT","potentialAction":[{"@type":"ReadAction","target":["https:\/\/www.msn.unipi.it\/it\/2895\/"]}]},{"@type":"ImageObject","inLanguage":"it-IT","@id":"https:\/\/www.msn.unipi.it\/it\/2895\/#primaryimage","url":"http:\/\/www.msn.unipi.it\/wp-content\/uploads\/2013\/03\/Rischio-vulcanico-short-213x300.jpg","contentUrl":"http:\/\/www.msn.unipi.it\/wp-content\/uploads\/2013\/03\/Rischio-vulcanico-short-213x300.jpg"},{"@type":"BreadcrumbList","@id":"https:\/\/www.msn.unipi.it\/it\/2895\/#breadcrumb","itemListElement":[{"@type":"ListItem","position":1,"name":"Home","item":"https:\/\/www.msn.unipi.it\/it\/"},{"@type":"ListItem","position":2,"name":"conferenza &#8220;La Verruca \u00e8 un vulcano? Il rischio vulcanico in Italia&#8221;"}]},{"@type":"WebSite","@id":"https:\/\/www.msn.unipi.it\/it\/#website","url":"https:\/\/www.msn.unipi.it\/it\/","name":"Museo di Storia Naturale dell&#039;Universit\u00e0 di Pisa","description":"","publisher":{"@id":"https:\/\/www.msn.unipi.it\/it\/#organization"},"potentialAction":[{"@type":"SearchAction","target":{"@type":"EntryPoint","urlTemplate":"https:\/\/www.msn.unipi.it\/it\/?s={search_term_string}"},"query-input":{"@type":"PropertyValueSpecification","valueRequired":true,"valueName":"search_term_string"}}],"inLanguage":"it-IT"},{"@type":"Organization","@id":"https:\/\/www.msn.unipi.it\/it\/#organization","name":"Museo di Storia Naturale dell'Universit\u00e0 di Pisa","url":"https:\/\/www.msn.unipi.it\/it\/","logo":{"@type":"ImageObject","inLanguage":"it-IT","@id":"https:\/\/www.msn.unipi.it\/it\/#\/schema\/logo\/image\/","url":"https:\/\/www.msn.unipi.it\/wp-content\/uploads\/2016\/07\/footer-logo.png","contentUrl":"https:\/\/www.msn.unipi.it\/wp-content\/uploads\/2016\/07\/footer-logo.png","width":220,"height":95,"caption":"Museo di Storia Naturale dell'Universit\u00e0 di Pisa"},"image":{"@id":"https:\/\/www.msn.unipi.it\/it\/#\/schema\/logo\/image\/"},"sameAs":["https:\/\/www.facebook.com\/Museo-di-Storia-Naturale-Universit\u00e0-di-Pisa-277794215612108\/","https:\/\/x.com\/msncalci","https:\/\/www.instagram.com\/museostorianaturale_calci\/","https:\/\/www.youtube.com\/channel\/UCDaMBe_RegmdCnxLPmryMxw"]},{"@type":"Person","@id":"https:\/\/www.msn.unipi.it\/it\/#\/schema\/person\/ed9b10c0618fabf77f29c32885d14a64","name":"websoup","image":{"@type":"ImageObject","inLanguage":"it-IT","@id":"https:\/\/www.msn.unipi.it\/it\/#\/schema\/person\/image\/","url":"https:\/\/secure.gravatar.com\/avatar\/4118c2ea32b6d8e2ac1a2f57333fd5d2?s=96&d=mm&r=g","contentUrl":"https:\/\/secure.gravatar.com\/avatar\/4118c2ea32b6d8e2ac1a2f57333fd5d2?s=96&d=mm&r=g","caption":"websoup"}}]}},"jetpack_featured_media_url":"","jetpack_sharing_enabled":true,"_links":{"self":[{"href":"https:\/\/www.msn.unipi.it\/it\/wp-json\/wp\/v2\/posts\/2895","targetHints":{"allow":["GET"]}}],"collection":[{"href":"https:\/\/www.msn.unipi.it\/it\/wp-json\/wp\/v2\/posts"}],"about":[{"href":"https:\/\/www.msn.unipi.it\/it\/wp-json\/wp\/v2\/types\/post"}],"author":[{"embeddable":true,"href":"https:\/\/www.msn.unipi.it\/it\/wp-json\/wp\/v2\/users\/1"}],"replies":[{"embeddable":true,"href":"https:\/\/www.msn.unipi.it\/it\/wp-json\/wp\/v2\/comments?post=2895"}],"version-history":[{"count":0,"href":"https:\/\/www.msn.unipi.it\/it\/wp-json\/wp\/v2\/posts\/2895\/revisions"}],"wp:attachment":[{"href":"https:\/\/www.msn.unipi.it\/it\/wp-json\/wp\/v2\/media?parent=2895"}],"wp:term":[{"taxonomy":"category","embeddable":true,"href":"https:\/\/www.msn.unipi.it\/it\/wp-json\/wp\/v2\/categories?post=2895"},{"taxonomy":"post_tag","embeddable":true,"href":"https:\/\/www.msn.unipi.it\/it\/wp-json\/wp\/v2\/tags?post=2895"}],"curies":[{"name":"wp","href":"https:\/\/api.w.org\/{rel}","templated":true}]}}