{"id":340,"date":"2017-03-31T11:14:33","date_gmt":"2017-03-31T09:14:33","guid":{"rendered":"https:\/\/diariodelmuseo.wordpress.com\/?p=340"},"modified":"2017-09-19T15:10:44","modified_gmt":"2017-09-19T13:10:44","slug":"visite-al-museo","status":"publish","type":"post","link":"https:\/\/www.msn.unipi.it\/it\/visite-al-museo\/","title":{"rendered":"Visite al Museo"},"content":{"rendered":"<p>Abbiamo visite!<\/p>\n<p>Viandanti che ne hanno fatta, di strada: sono gli <strong>studenti<\/strong> della <strong>III A<\/strong> del <strong>liceo scientifico Costanza Varano<\/strong> di <strong>Camerino<\/strong>, citt\u00e0 marchigiana duramente colpita dal <strong>terremoto<\/strong> e che attualmente si trova nella cosiddetta \u201c<strong>zona rossa<\/strong>\u201d (quella, cio\u00e8, ad allerta massima).<\/p>\n<p><span id=\"yui_3_16_0_ym19_1_1490947772250_3180\">I ragazzi sono stati accompagnati dalle Prof.sse Laura Forte, Vicepreside, Leila Corsi e Maria Grazia Valtriani, Pio Gemondari e Francesco Rosati e dal Dottor Giampiero Trevisan e dal personale dei Servizi Educativi del Museo.<\/span><br \/>\nAd invitarli \u00e8 stata la III C del <strong>liceo Buonarroti<\/strong> di <strong>Pisa<\/strong>. Le due classi avevano stabilito un contatto gi\u00e0 a dicembre, quando, durante una trasmissione di Radio Aula 40 del CNR, gli studenti pisani avevano avuto la possibilit\u00e0 di fare domande in diretta telefonica ai compagni marchigiani e ai loro professori. Da questo contatto \u00e8 nato un <strong>gemellaggio<\/strong>, che \u00e8 sfociato in un <strong>incontro<\/strong> a Pisa: tra le tappe dell\u2019itinerario gli studenti hanno scelto di includere anche il Museo (del resto, secondo monumento pi\u00f9 visitato del pisano, dopo, ovviamente, Piazza dei Miracoli).<\/p>\n<p>Che dire, la Torre pendente \u00e8 come la saga di Harry Potter: tutti la conoscono o ne hanno sentito parlare. Ma non sempre l\u2019incanto \u00e8 sotto gli occhi di tutti, e i pisani hanno voluto condurre i loro colleghi marchigiani a scoprire quello del nostro Museo. La maggior parte delle persone ignora questa monumentale <strong>Certosa<\/strong> tra i monti, dentro la quale \u00e8 possibile scoprire, tra le meraviglie dell\u2019arte e dell&#8217;architettura, quelle del <strong>regno animale<\/strong>.<br \/>\nIl Museo ha offerto agli ospiti una <strong>visita guidata<\/strong>, che, ci auguriamo, li abbia soddisfatti. Se per\u00f2 soddisfatti non fossero, saremo felici di accoglierli per un secondo tour.<\/p>\n<p>A presto, Camerini!<\/p>\n<div id=\"attachment_350\" style=\"width: 3018px\" class=\"wp-caption alignnone\"><img loading=\"lazy\" decoding=\"async\" aria-describedby=\"caption-attachment-350\" class=\"alignnone size-full wp-image-350\" src=\"http:\/\/www.msn.unipi.it\/wp-content\/uploads\/2017\/03\/dsc_2386bis.jpg\" alt=\"DSC_2386bis\" width=\"3008\" height=\"2000\" srcset=\"https:\/\/www.msn.unipi.it\/wp-content\/uploads\/2017\/03\/dsc_2386bis.jpg 2048w, https:\/\/www.msn.unipi.it\/wp-content\/uploads\/2017\/03\/dsc_2386bis-450x299.jpg 450w, https:\/\/www.msn.unipi.it\/wp-content\/uploads\/2017\/03\/dsc_2386bis-768x511.jpg 768w, https:\/\/www.msn.unipi.it\/wp-content\/uploads\/2017\/03\/dsc_2386bis-1024x681.jpg 1024w\" sizes=\"auto, (max-width: 3008px) 100vw, 3008px\" \/><p id=\"caption-attachment-350\" class=\"wp-caption-text\">Le classi in visita alla mostra Felini, eleganza letale.<\/p><\/div>\n<p id=\"yui_3_16_0_ym19_1_1490947772250_3178\">Il programma completo delle attivit\u00e0 previste dal gemellaggio \u00e8 disponibile <a href=\"http:\/\/www.liceofilippobuonarroti.it\/files\/PIPS04000G\/Pieghevole_gemellaggio_camerino_1_Copy.pdf\" target=\"_blank\" rel=\"noopener\">qui<\/a>.\u00a0<b><\/b><\/p>\n<p>L.B.<\/p>\n","protected":false},"excerpt":{"rendered":"<p>Abbiamo visite!<\/p>\n<p>Viandanti che ne hanno fatta, di strada: sono gli studenti della III A del liceo scientifico Costanza Varano di Camerino, citt\u00e0 marchigiana duramente colpita dal terremoto e che attualmente si trova nella cosiddetta \u201czona rossa\u201d (quella, cio\u00e8, ad allerta massima).<\/p>\n","protected":false},"author":5,"featured_media":350,"comment_status":"closed","ping_status":"closed","sticky":false,"template":"","format":"standard","meta":{"_jetpack_memberships_contains_paid_content":false,"footnotes":""},"categories":[444],"tags":[],"class_list":["post-340","post","type-post","status-publish","format-standard","has-post-thumbnail","hentry","category-blog"],"yoast_head":"<!-- This site is optimized with the Yoast SEO plugin v26.8 - https:\/\/yoast.com\/product\/yoast-seo-wordpress\/ -->\n<title>Visite al Museo - Museo di Storia Naturale dell&#039;Universit\u00e0 di Pisa<\/title>\n<meta name=\"description\" content=\"Abbiamo visite!  Viandanti che ne hanno fatta, di strada: sono gli studenti della III A del liceo scientifico Costanza Varano di Camerino, citt\u00e0 marchigiana duramente colpita dal terremoto e che attualmente si trova nella cosiddetta \u201czona rossa\u201d (quella, cio\u00e8, ad allerta massima).\" \/>\n<meta name=\"robots\" content=\"index, follow, max-snippet:-1, max-image-preview:large, max-video-preview:-1\" \/>\n<link rel=\"canonical\" href=\"https:\/\/www.msn.unipi.it\/it\/visite-al-museo\/\" \/>\n<meta property=\"og:locale\" content=\"it_IT\" \/>\n<meta property=\"og:type\" content=\"article\" \/>\n<meta property=\"og:title\" content=\"Visite al Museo - Museo di Storia Naturale dell&#039;Universit\u00e0 di Pisa\" \/>\n<meta property=\"og:description\" content=\"Abbiamo visite!  Viandanti che ne hanno fatta, di strada: sono gli studenti della III A del liceo scientifico Costanza Varano di Camerino, citt\u00e0 marchigiana duramente colpita dal terremoto e che attualmente si trova nella cosiddetta \u201czona rossa\u201d (quella, cio\u00e8, ad allerta massima).\" \/>\n<meta property=\"og:url\" content=\"https:\/\/www.msn.unipi.it\/it\/visite-al-museo\/\" \/>\n<meta property=\"og:site_name\" content=\"Museo di Storia Naturale dell&#039;Universit\u00e0 di Pisa\" \/>\n<meta property=\"article:publisher\" content=\"https:\/\/www.facebook.com\/Museo-di-Storia-Naturale-Universit%c3%a0-di-Pisa-277794215612108\/\" \/>\n<meta property=\"article:published_time\" content=\"2017-03-31T09:14:33+00:00\" \/>\n<meta property=\"article:modified_time\" content=\"2017-09-19T13:10:44+00:00\" \/>\n<meta property=\"og:image\" content=\"https:\/\/www.msn.unipi.it\/wp-content\/uploads\/2017\/03\/dsc_2386bis.jpg\" \/>\n\t<meta property=\"og:image:width\" content=\"2048\" \/>\n\t<meta property=\"og:image:height\" content=\"1362\" \/>\n\t<meta property=\"og:image:type\" content=\"image\/jpeg\" \/>\n<meta name=\"author\" content=\"diariodelmuseo\" \/>\n<meta name=\"twitter:card\" content=\"summary_large_image\" \/>\n<meta name=\"twitter:creator\" content=\"@msncalci\" \/>\n<meta name=\"twitter:site\" content=\"@msncalci\" \/>\n<meta name=\"twitter:label1\" content=\"Scritto da\" \/>\n\t<meta name=\"twitter:data1\" content=\"diariodelmuseo\" \/>\n\t<meta name=\"twitter:label2\" content=\"Tempo di lettura stimato\" \/>\n\t<meta name=\"twitter:data2\" content=\"1 minuto\" \/>\n<script type=\"application\/ld+json\" class=\"yoast-schema-graph\">{\"@context\":\"https:\/\/schema.org\",\"@graph\":[{\"@type\":\"Article\",\"@id\":\"https:\/\/www.msn.unipi.it\/it\/visite-al-museo\/#article\",\"isPartOf\":{\"@id\":\"https:\/\/www.msn.unipi.it\/it\/visite-al-museo\/\"},\"author\":{\"name\":\"diariodelmuseo\",\"@id\":\"https:\/\/www.msn.unipi.it\/it\/#\/schema\/person\/6c43ab71d6db8475d0c7a9db9e9e993e\"},\"headline\":\"Visite al Museo\",\"datePublished\":\"2017-03-31T09:14:33+00:00\",\"dateModified\":\"2017-09-19T13:10:44+00:00\",\"mainEntityOfPage\":{\"@id\":\"https:\/\/www.msn.unipi.it\/it\/visite-al-museo\/\"},\"wordCount\":302,\"publisher\":{\"@id\":\"https:\/\/www.msn.unipi.it\/it\/#organization\"},\"image\":{\"@id\":\"https:\/\/www.msn.unipi.it\/it\/visite-al-museo\/#primaryimage\"},\"thumbnailUrl\":\"https:\/\/www.msn.unipi.it\/wp-content\/uploads\/2017\/03\/dsc_2386bis.jpg\",\"articleSection\":[\"Diario del museo\"],\"inLanguage\":\"it-IT\"},{\"@type\":\"WebPage\",\"@id\":\"https:\/\/www.msn.unipi.it\/it\/visite-al-museo\/\",\"url\":\"https:\/\/www.msn.unipi.it\/it\/visite-al-museo\/\",\"name\":\"Visite al Museo - Museo di Storia Naturale dell&#039;Universit\u00e0 di Pisa\",\"isPartOf\":{\"@id\":\"https:\/\/www.msn.unipi.it\/it\/#website\"},\"primaryImageOfPage\":{\"@id\":\"https:\/\/www.msn.unipi.it\/it\/visite-al-museo\/#primaryimage\"},\"image\":{\"@id\":\"https:\/\/www.msn.unipi.it\/it\/visite-al-museo\/#primaryimage\"},\"thumbnailUrl\":\"https:\/\/www.msn.unipi.it\/wp-content\/uploads\/2017\/03\/dsc_2386bis.jpg\",\"datePublished\":\"2017-03-31T09:14:33+00:00\",\"dateModified\":\"2017-09-19T13:10:44+00:00\",\"description\":\"Abbiamo visite! Viandanti che ne hanno fatta, di strada: sono gli studenti della III A del liceo scientifico Costanza Varano di Camerino, citt\u00e0 marchigiana duramente colpita dal terremoto e che attualmente si trova nella cosiddetta \u201czona rossa\u201d (quella, cio\u00e8, ad allerta massima).\",\"breadcrumb\":{\"@id\":\"https:\/\/www.msn.unipi.it\/it\/visite-al-museo\/#breadcrumb\"},\"inLanguage\":\"it-IT\",\"potentialAction\":[{\"@type\":\"ReadAction\",\"target\":[\"https:\/\/www.msn.unipi.it\/it\/visite-al-museo\/\"]}]},{\"@type\":\"ImageObject\",\"inLanguage\":\"it-IT\",\"@id\":\"https:\/\/www.msn.unipi.it\/it\/visite-al-museo\/#primaryimage\",\"url\":\"https:\/\/www.msn.unipi.it\/wp-content\/uploads\/2017\/03\/dsc_2386bis.jpg\",\"contentUrl\":\"https:\/\/www.msn.unipi.it\/wp-content\/uploads\/2017\/03\/dsc_2386bis.jpg\",\"width\":2048,\"height\":1362},{\"@type\":\"BreadcrumbList\",\"@id\":\"https:\/\/www.msn.unipi.it\/it\/visite-al-museo\/#breadcrumb\",\"itemListElement\":[{\"@type\":\"ListItem\",\"position\":1,\"name\":\"Home\",\"item\":\"https:\/\/www.msn.unipi.it\/it\/\"},{\"@type\":\"ListItem\",\"position\":2,\"name\":\"Visite al Museo\"}]},{\"@type\":\"WebSite\",\"@id\":\"https:\/\/www.msn.unipi.it\/it\/#website\",\"url\":\"https:\/\/www.msn.unipi.it\/it\/\",\"name\":\"Museo di Storia Naturale dell&#039;Universit\u00e0 di Pisa\",\"description\":\"\",\"publisher\":{\"@id\":\"https:\/\/www.msn.unipi.it\/it\/#organization\"},\"potentialAction\":[{\"@type\":\"SearchAction\",\"target\":{\"@type\":\"EntryPoint\",\"urlTemplate\":\"https:\/\/www.msn.unipi.it\/it\/?s={search_term_string}\"},\"query-input\":{\"@type\":\"PropertyValueSpecification\",\"valueRequired\":true,\"valueName\":\"search_term_string\"}}],\"inLanguage\":\"it-IT\"},{\"@type\":\"Organization\",\"@id\":\"https:\/\/www.msn.unipi.it\/it\/#organization\",\"name\":\"Museo di Storia Naturale dell'Universit\u00e0 di Pisa\",\"url\":\"https:\/\/www.msn.unipi.it\/it\/\",\"logo\":{\"@type\":\"ImageObject\",\"inLanguage\":\"it-IT\",\"@id\":\"https:\/\/www.msn.unipi.it\/it\/#\/schema\/logo\/image\/\",\"url\":\"https:\/\/www.msn.unipi.it\/wp-content\/uploads\/2016\/07\/footer-logo.png\",\"contentUrl\":\"https:\/\/www.msn.unipi.it\/wp-content\/uploads\/2016\/07\/footer-logo.png\",\"width\":220,\"height\":95,\"caption\":\"Museo di Storia Naturale dell'Universit\u00e0 di Pisa\"},\"image\":{\"@id\":\"https:\/\/www.msn.unipi.it\/it\/#\/schema\/logo\/image\/\"},\"sameAs\":[\"https:\/\/www.facebook.com\/Museo-di-Storia-Naturale-Universit\u00e0-di-Pisa-277794215612108\/\",\"https:\/\/x.com\/msncalci\",\"https:\/\/www.instagram.com\/museostorianaturale_calci\/\",\"https:\/\/www.youtube.com\/channel\/UCDaMBe_RegmdCnxLPmryMxw\"]},{\"@type\":\"Person\",\"@id\":\"https:\/\/www.msn.unipi.it\/it\/#\/schema\/person\/6c43ab71d6db8475d0c7a9db9e9e993e\",\"name\":\"diariodelmuseo\",\"image\":{\"@type\":\"ImageObject\",\"inLanguage\":\"it-IT\",\"@id\":\"https:\/\/www.msn.unipi.it\/it\/#\/schema\/person\/image\/\",\"url\":\"https:\/\/secure.gravatar.com\/avatar\/8b394ace78368dfc0e5f9c06c664e663?s=96&d=mm&r=g\",\"contentUrl\":\"https:\/\/secure.gravatar.com\/avatar\/8b394ace78368dfc0e5f9c06c664e663?s=96&d=mm&r=g\",\"caption\":\"diariodelmuseo\"}}]}<\/script>\n<!-- \/ Yoast SEO plugin. -->","yoast_head_json":{"title":"Visite al Museo - Museo di Storia Naturale dell&#039;Universit\u00e0 di Pisa","description":"Abbiamo visite!  Viandanti che ne hanno fatta, di strada: sono gli studenti della III A del liceo scientifico Costanza Varano di Camerino, citt\u00e0 marchigiana duramente colpita dal terremoto e che attualmente si trova nella cosiddetta \u201czona rossa\u201d (quella, cio\u00e8, ad allerta massima).","robots":{"index":"index","follow":"follow","max-snippet":"max-snippet:-1","max-image-preview":"max-image-preview:large","max-video-preview":"max-video-preview:-1"},"canonical":"https:\/\/www.msn.unipi.it\/it\/visite-al-museo\/","og_locale":"it_IT","og_type":"article","og_title":"Visite al Museo - Museo di Storia Naturale dell&#039;Universit\u00e0 di Pisa","og_description":"Abbiamo visite!  Viandanti che ne hanno fatta, di strada: sono gli studenti della III A del liceo scientifico Costanza Varano di Camerino, citt\u00e0 marchigiana duramente colpita dal terremoto e che attualmente si trova nella cosiddetta \u201czona rossa\u201d (quella, cio\u00e8, ad allerta massima).","og_url":"https:\/\/www.msn.unipi.it\/it\/visite-al-museo\/","og_site_name":"Museo di Storia Naturale dell&#039;Universit\u00e0 di Pisa","article_publisher":"https:\/\/www.facebook.com\/Museo-di-Storia-Naturale-Universit%c3%a0-di-Pisa-277794215612108\/","article_published_time":"2017-03-31T09:14:33+00:00","article_modified_time":"2017-09-19T13:10:44+00:00","og_image":[{"width":2048,"height":1362,"url":"https:\/\/www.msn.unipi.it\/wp-content\/uploads\/2017\/03\/dsc_2386bis.jpg","type":"image\/jpeg"}],"author":"diariodelmuseo","twitter_card":"summary_large_image","twitter_creator":"@msncalci","twitter_site":"@msncalci","twitter_misc":{"Scritto da":"diariodelmuseo","Tempo di lettura stimato":"1 minuto"},"schema":{"@context":"https:\/\/schema.org","@graph":[{"@type":"Article","@id":"https:\/\/www.msn.unipi.it\/it\/visite-al-museo\/#article","isPartOf":{"@id":"https:\/\/www.msn.unipi.it\/it\/visite-al-museo\/"},"author":{"name":"diariodelmuseo","@id":"https:\/\/www.msn.unipi.it\/it\/#\/schema\/person\/6c43ab71d6db8475d0c7a9db9e9e993e"},"headline":"Visite al Museo","datePublished":"2017-03-31T09:14:33+00:00","dateModified":"2017-09-19T13:10:44+00:00","mainEntityOfPage":{"@id":"https:\/\/www.msn.unipi.it\/it\/visite-al-museo\/"},"wordCount":302,"publisher":{"@id":"https:\/\/www.msn.unipi.it\/it\/#organization"},"image":{"@id":"https:\/\/www.msn.unipi.it\/it\/visite-al-museo\/#primaryimage"},"thumbnailUrl":"https:\/\/www.msn.unipi.it\/wp-content\/uploads\/2017\/03\/dsc_2386bis.jpg","articleSection":["Diario del museo"],"inLanguage":"it-IT"},{"@type":"WebPage","@id":"https:\/\/www.msn.unipi.it\/it\/visite-al-museo\/","url":"https:\/\/www.msn.unipi.it\/it\/visite-al-museo\/","name":"Visite al Museo - Museo di Storia Naturale dell&#039;Universit\u00e0 di Pisa","isPartOf":{"@id":"https:\/\/www.msn.unipi.it\/it\/#website"},"primaryImageOfPage":{"@id":"https:\/\/www.msn.unipi.it\/it\/visite-al-museo\/#primaryimage"},"image":{"@id":"https:\/\/www.msn.unipi.it\/it\/visite-al-museo\/#primaryimage"},"thumbnailUrl":"https:\/\/www.msn.unipi.it\/wp-content\/uploads\/2017\/03\/dsc_2386bis.jpg","datePublished":"2017-03-31T09:14:33+00:00","dateModified":"2017-09-19T13:10:44+00:00","description":"Abbiamo visite! Viandanti che ne hanno fatta, di strada: sono gli studenti della III A del liceo scientifico Costanza Varano di Camerino, citt\u00e0 marchigiana duramente colpita dal terremoto e che attualmente si trova nella cosiddetta \u201czona rossa\u201d (quella, cio\u00e8, ad allerta massima).","breadcrumb":{"@id":"https:\/\/www.msn.unipi.it\/it\/visite-al-museo\/#breadcrumb"},"inLanguage":"it-IT","potentialAction":[{"@type":"ReadAction","target":["https:\/\/www.msn.unipi.it\/it\/visite-al-museo\/"]}]},{"@type":"ImageObject","inLanguage":"it-IT","@id":"https:\/\/www.msn.unipi.it\/it\/visite-al-museo\/#primaryimage","url":"https:\/\/www.msn.unipi.it\/wp-content\/uploads\/2017\/03\/dsc_2386bis.jpg","contentUrl":"https:\/\/www.msn.unipi.it\/wp-content\/uploads\/2017\/03\/dsc_2386bis.jpg","width":2048,"height":1362},{"@type":"BreadcrumbList","@id":"https:\/\/www.msn.unipi.it\/it\/visite-al-museo\/#breadcrumb","itemListElement":[{"@type":"ListItem","position":1,"name":"Home","item":"https:\/\/www.msn.unipi.it\/it\/"},{"@type":"ListItem","position":2,"name":"Visite al Museo"}]},{"@type":"WebSite","@id":"https:\/\/www.msn.unipi.it\/it\/#website","url":"https:\/\/www.msn.unipi.it\/it\/","name":"Museo di Storia Naturale dell&#039;Universit\u00e0 di Pisa","description":"","publisher":{"@id":"https:\/\/www.msn.unipi.it\/it\/#organization"},"potentialAction":[{"@type":"SearchAction","target":{"@type":"EntryPoint","urlTemplate":"https:\/\/www.msn.unipi.it\/it\/?s={search_term_string}"},"query-input":{"@type":"PropertyValueSpecification","valueRequired":true,"valueName":"search_term_string"}}],"inLanguage":"it-IT"},{"@type":"Organization","@id":"https:\/\/www.msn.unipi.it\/it\/#organization","name":"Museo di Storia Naturale dell'Universit\u00e0 di Pisa","url":"https:\/\/www.msn.unipi.it\/it\/","logo":{"@type":"ImageObject","inLanguage":"it-IT","@id":"https:\/\/www.msn.unipi.it\/it\/#\/schema\/logo\/image\/","url":"https:\/\/www.msn.unipi.it\/wp-content\/uploads\/2016\/07\/footer-logo.png","contentUrl":"https:\/\/www.msn.unipi.it\/wp-content\/uploads\/2016\/07\/footer-logo.png","width":220,"height":95,"caption":"Museo di Storia Naturale dell'Universit\u00e0 di Pisa"},"image":{"@id":"https:\/\/www.msn.unipi.it\/it\/#\/schema\/logo\/image\/"},"sameAs":["https:\/\/www.facebook.com\/Museo-di-Storia-Naturale-Universit\u00e0-di-Pisa-277794215612108\/","https:\/\/x.com\/msncalci","https:\/\/www.instagram.com\/museostorianaturale_calci\/","https:\/\/www.youtube.com\/channel\/UCDaMBe_RegmdCnxLPmryMxw"]},{"@type":"Person","@id":"https:\/\/www.msn.unipi.it\/it\/#\/schema\/person\/6c43ab71d6db8475d0c7a9db9e9e993e","name":"diariodelmuseo","image":{"@type":"ImageObject","inLanguage":"it-IT","@id":"https:\/\/www.msn.unipi.it\/it\/#\/schema\/person\/image\/","url":"https:\/\/secure.gravatar.com\/avatar\/8b394ace78368dfc0e5f9c06c664e663?s=96&d=mm&r=g","contentUrl":"https:\/\/secure.gravatar.com\/avatar\/8b394ace78368dfc0e5f9c06c664e663?s=96&d=mm&r=g","caption":"diariodelmuseo"}}]}},"jetpack_featured_media_url":"https:\/\/www.msn.unipi.it\/wp-content\/uploads\/2017\/03\/dsc_2386bis.jpg","jetpack_sharing_enabled":true,"_links":{"self":[{"href":"https:\/\/www.msn.unipi.it\/it\/wp-json\/wp\/v2\/posts\/340","targetHints":{"allow":["GET"]}}],"collection":[{"href":"https:\/\/www.msn.unipi.it\/it\/wp-json\/wp\/v2\/posts"}],"about":[{"href":"https:\/\/www.msn.unipi.it\/it\/wp-json\/wp\/v2\/types\/post"}],"author":[{"embeddable":true,"href":"https:\/\/www.msn.unipi.it\/it\/wp-json\/wp\/v2\/users\/5"}],"replies":[{"embeddable":true,"href":"https:\/\/www.msn.unipi.it\/it\/wp-json\/wp\/v2\/comments?post=340"}],"version-history":[{"count":3,"href":"https:\/\/www.msn.unipi.it\/it\/wp-json\/wp\/v2\/posts\/340\/revisions"}],"predecessor-version":[{"id":10139,"href":"https:\/\/www.msn.unipi.it\/it\/wp-json\/wp\/v2\/posts\/340\/revisions\/10139"}],"wp:featuredmedia":[{"embeddable":true,"href":"https:\/\/www.msn.unipi.it\/it\/wp-json\/wp\/v2\/media\/350"}],"wp:attachment":[{"href":"https:\/\/www.msn.unipi.it\/it\/wp-json\/wp\/v2\/media?parent=340"}],"wp:term":[{"taxonomy":"category","embeddable":true,"href":"https:\/\/www.msn.unipi.it\/it\/wp-json\/wp\/v2\/categories?post=340"},{"taxonomy":"post_tag","embeddable":true,"href":"https:\/\/www.msn.unipi.it\/it\/wp-json\/wp\/v2\/tags?post=340"}],"curies":[{"name":"wp","href":"https:\/\/api.w.org\/{rel}","templated":true}]}}