{"id":377,"date":"2017-04-20T15:08:31","date_gmt":"2017-04-20T13:08:31","guid":{"rendered":"https:\/\/diariodelmuseo.wordpress.com\/?p=377"},"modified":"2017-09-19T15:09:54","modified_gmt":"2017-09-19T13:09:54","slug":"un-museo-da-osservare-emozionare-immaginare","status":"publish","type":"post","link":"https:\/\/www.msn.unipi.it\/it\/un-museo-da-osservare-emozionare-immaginare\/","title":{"rendered":"Un Museo da &#8230; osservare, emozionare, immaginare &#8230;"},"content":{"rendered":"<blockquote>\n<pre style=\"text-align: center;\"><strong>In un Mare di Emozioni:\u00a0Vibrazioni del Silenzio<\/strong><\/pre>\n<pre style=\"text-align: center;\">La bellezza di essere in mezzo al mare, \r\nla voglia di fare tutto quello che posso fare\r\nFelice di trovare le Persone\r\nLa grandezza... che tenerezza!\r\nUna membrana che respira \r\nParlo per farmi accogliere\r\ncome un bambino che voleva giocare.\r\nUn abisso isolato\r\nNatura che sovrasta\r\nPaura.\r\nLe immagini che vengono fuori\r\ncome se fosse musica.\r\nIl silenzio dell'acqua,\r\nil rumore del mio silenzio...\r\nIo ci sono, tu ci sei.<\/pre>\n<\/blockquote>\n<p style=\"text-align: right;\">Ricordo della visita alla Galleria dei Cetacei<\/p>\n<p><b><i>Il Museo per l&#8217;Alzheimer.<\/i><\/b><\/p>\n<p>Il Museo di Storia Naturale ha attivato a partire dal 2014 il progetto \u201cLa natura tra le mani\u201d, promosso e sostenuto dalla Regione Toscana; l\u2019iniziativa comprende una serie d\u2019incontri rivolti a persone affette da Alzheimer e da demenza senile in collaborazione con l\u2019Unit\u00e0 di Neurologia dell\u2019Azienda Ospedaliera Universitaria Pisana, le Residenze Sanitarie Assistite \u201cVilla Sorriso\u201d e \u201cSan Giuseppe\u201d di Pontedera, \u201cDr. Giampieri\u201d di Ponsacco e il Centro Diurno \u201cLa fenice\u201d di Peccioli.<\/p>\n<p>Il progetto nasce in seguito all\u2019esperienza del Museo Marino Marini di Firenze, promotore dell\u2019iniziativa \u201cl\u2019arte tra le mani\u201d, che ha previsto un percorso di formazione per operatori museali e geriatrici sostenuto dalla Regione Toscana. Un percorso finalizzato all\u2019acquisizione di abilit\u00e0 e competenze tali da poter operare nel contesto museale ideando un programma d&#8217;inclusione che aiuti l\u2019ospite ad uscire dall\u2019isolamento e rimanere il pi\u00f9 possibile se stesso.<\/p>\n<p>Sono stati quindi individuati appositi spazi all\u2019interno della sale pi\u00f9 rappresentative del Museo di Storia Naturale, spazi accoglienti e piacevoli dove poter realizzare attivit\u00e0 di socializzazione e relazione, cercando in questo modo di stimolare l\u2019interesse e la partecipazione contrastando il decorso neurodegenerativo della malattia.<\/p>\n<p><b><i>Osservare-Emozionare-Immaginare\u00a0<\/i><\/b><\/p>\n<p>Terapie non farmacologiche si sono dimostrate negli ultimi anni clinicamente utili nel migliorare lo stato funzionale del soggetto e nel diminuire i disturbi comportamentali; questi interventi si concentrano primariamente sugli aspetti cognitivi e comportamentali tipici della demenza, secondo un&#8217;ottica che vede le modificazioni indotte dal deterioramento cerebrale non come una perdita di informazioni e di autonomia ma come una serie di <strong>risorse<\/strong> e <strong>potenzialit\u00e0<\/strong> <strong>residue<\/strong> ancora <strong>fruibili<\/strong> tramite nuovi canali comunicativi.<\/p>\n<p>Il Museo di Storia Naturale mette a disposizione alcuni dei suoi ambienti pi\u00f9 evocativi per svolgere le visite in pi\u00f9 sessioni: la <strong>galleria degli acquari<\/strong>, il c<strong>ortile dei dinosauri<\/strong>, la <strong>galleria storica<\/strong> con i diorami di Paolo Savi, la <strong>galleria dei primati<\/strong> e la <strong>galleria dei cetacei<\/strong>. Il percorso museale diventa cos\u00ec uno <strong>spazio informale<\/strong> per i pazienti,\u00a0gli assistenti e i famigliari dove trascorrere del tempo atto a socializzare e scoprire nuove forme di comunicazione secondo i tempi e le modalit\u00e0 che meglio preferiscono.<\/p>\n<p>Le <strong>voci<\/strong> dei partecipanti, le loro <strong>impressioni<\/strong> e i loro <strong>ricordi<\/strong>, vengono infine raccolte e restituite loro tramite una <strong>narrazione condivisa<\/strong> in forma di breve racconto o poesia; testimonianza non solo di ci\u00f2 che \u00e8 stato visto ma anche e soprattutto di ci\u00f2 che si \u00e8 provato personalmente seconde le proprie differenti sensibilit\u00e0. La poesia iniziale ne \u00e8 una chiara dimostrazione.<\/p>\n<p class=\"jetpack-slideshow-noscript robots-nocontent\">Questo slideshow richiede JavaScript.<\/p><div id=\"gallery-377-1-slideshow\" class=\"jetpack-slideshow-window jetpack-slideshow jetpack-slideshow-black\" data-trans=\"fade\" data-autostart=\"1\" data-gallery=\"[{&quot;src&quot;:&quot;https:\\\/\\\/www.msn.unipi.it\\\/wp-content\\\/uploads\\\/2017\\\/04\\\/dsc_0450.jpg&quot;,&quot;id&quot;:&quot;395&quot;,&quot;title&quot;:&quot;DSC_0450&quot;,&quot;alt&quot;:&quot;&quot;,&quot;caption&quot;:&quot;&quot;,&quot;itemprop&quot;:&quot;image&quot;},{&quot;src&quot;:&quot;https:\\\/\\\/www.msn.unipi.it\\\/wp-content\\\/uploads\\\/2017\\\/04\\\/dsc_0576.jpg&quot;,&quot;id&quot;:&quot;398&quot;,&quot;title&quot;:&quot;DSC_0576&quot;,&quot;alt&quot;:&quot;&quot;,&quot;caption&quot;:&quot;&quot;,&quot;itemprop&quot;:&quot;image&quot;},{&quot;src&quot;:&quot;https:\\\/\\\/www.msn.unipi.it\\\/wp-content\\\/uploads\\\/2017\\\/04\\\/dsc_0579.jpg&quot;,&quot;id&quot;:&quot;397&quot;,&quot;title&quot;:&quot;DSC_0579&quot;,&quot;alt&quot;:&quot;&quot;,&quot;caption&quot;:&quot;&quot;,&quot;itemprop&quot;:&quot;image&quot;},{&quot;src&quot;:&quot;https:\\\/\\\/www.msn.unipi.it\\\/wp-content\\\/uploads\\\/2017\\\/04\\\/dsc_0568.jpg&quot;,&quot;id&quot;:&quot;396&quot;,&quot;title&quot;:&quot;DSC_0568&quot;,&quot;alt&quot;:&quot;&quot;,&quot;caption&quot;:&quot;&quot;,&quot;itemprop&quot;:&quot;image&quot;}]\" itemscope itemtype=\"https:\/\/schema.org\/ImageGallery\"><\/div>\n<p>P.S. &amp; G.C.<\/p>\n","protected":false},"excerpt":{"rendered":"<p>Il Museo per l&#8217;Alzheimer.<br \/>\nIl Museo di Storia Naturale ha attivato a partire dal 2014 il progetto \u201cLa natura tra le mani\u201d, promosso e sostenuto dalla Regione Toscana; l\u2019iniziativa comprende una serie d\u2019incontri rivolti a persone affette da Alzheimer e da demenza senile.<\/p>\n","protected":false},"author":5,"featured_media":397,"comment_status":"closed","ping_status":"closed","sticky":false,"template":"","format":"standard","meta":{"_jetpack_memberships_contains_paid_content":false,"footnotes":""},"categories":[444],"tags":[],"class_list":["post-377","post","type-post","status-publish","format-standard","has-post-thumbnail","hentry","category-blog"],"yoast_head":"<!-- This site is optimized with the Yoast SEO plugin v26.8 - https:\/\/yoast.com\/product\/yoast-seo-wordpress\/ -->\n<title>Un Museo da ... osservare, emozionare, immaginare ... - Museo di Storia Naturale dell&#039;Universit\u00e0 di Pisa<\/title>\n<meta name=\"description\" content=\"Il Museo per l&#039;Alzheimer. Il Museo di Storia Naturale ha attivato a partire dal 2014 il progetto \u201cLa natura tra le mani\u201d, promosso e sostenuto dalla Regione Toscana; l\u2019iniziativa comprende una serie d\u2019incontri rivolti a persone affette da Alzheimer e da demenza senile.\" \/>\n<meta name=\"robots\" content=\"index, follow, max-snippet:-1, max-image-preview:large, max-video-preview:-1\" \/>\n<link rel=\"canonical\" href=\"https:\/\/www.msn.unipi.it\/it\/un-museo-da-osservare-emozionare-immaginare\/\" \/>\n<meta property=\"og:locale\" content=\"it_IT\" \/>\n<meta property=\"og:type\" content=\"article\" \/>\n<meta property=\"og:title\" content=\"Un Museo da ... osservare, emozionare, immaginare ... - Museo di Storia Naturale dell&#039;Universit\u00e0 di Pisa\" \/>\n<meta property=\"og:description\" content=\"Il Museo per l&#039;Alzheimer. Il Museo di Storia Naturale ha attivato a partire dal 2014 il progetto \u201cLa natura tra le mani\u201d, promosso e sostenuto dalla Regione Toscana; l\u2019iniziativa comprende una serie d\u2019incontri rivolti a persone affette da Alzheimer e da demenza senile.\" \/>\n<meta property=\"og:url\" content=\"https:\/\/www.msn.unipi.it\/it\/un-museo-da-osservare-emozionare-immaginare\/\" \/>\n<meta property=\"og:site_name\" content=\"Museo di Storia Naturale dell&#039;Universit\u00e0 di Pisa\" \/>\n<meta property=\"article:publisher\" content=\"https:\/\/www.facebook.com\/Museo-di-Storia-Naturale-Universit%c3%a0-di-Pisa-277794215612108\/\" \/>\n<meta property=\"article:published_time\" content=\"2017-04-20T13:08:31+00:00\" \/>\n<meta property=\"article:modified_time\" content=\"2017-09-19T13:09:54+00:00\" \/>\n<meta property=\"og:image\" content=\"https:\/\/www.msn.unipi.it\/wp-content\/uploads\/2017\/04\/dsc_0579.jpg\" \/>\n\t<meta property=\"og:image:width\" content=\"2048\" \/>\n\t<meta property=\"og:image:height\" content=\"1362\" \/>\n\t<meta property=\"og:image:type\" content=\"image\/jpeg\" \/>\n<meta name=\"author\" content=\"diariodelmuseo\" \/>\n<meta name=\"twitter:card\" content=\"summary_large_image\" \/>\n<meta name=\"twitter:creator\" content=\"@msncalci\" \/>\n<meta name=\"twitter:site\" content=\"@msncalci\" \/>\n<meta name=\"twitter:label1\" content=\"Scritto da\" \/>\n\t<meta name=\"twitter:data1\" content=\"diariodelmuseo\" \/>\n\t<meta name=\"twitter:label2\" content=\"Tempo di lettura stimato\" \/>\n\t<meta name=\"twitter:data2\" content=\"3 minuti\" \/>\n<script type=\"application\/ld+json\" class=\"yoast-schema-graph\">{\"@context\":\"https:\/\/schema.org\",\"@graph\":[{\"@type\":\"Article\",\"@id\":\"https:\/\/www.msn.unipi.it\/it\/un-museo-da-osservare-emozionare-immaginare\/#article\",\"isPartOf\":{\"@id\":\"https:\/\/www.msn.unipi.it\/it\/un-museo-da-osservare-emozionare-immaginare\/\"},\"author\":{\"name\":\"diariodelmuseo\",\"@id\":\"https:\/\/www.msn.unipi.it\/it\/#\/schema\/person\/6c43ab71d6db8475d0c7a9db9e9e993e\"},\"headline\":\"Un Museo da &#8230; osservare, emozionare, immaginare &#8230;\",\"datePublished\":\"2017-04-20T13:08:31+00:00\",\"dateModified\":\"2017-09-19T13:09:54+00:00\",\"mainEntityOfPage\":{\"@id\":\"https:\/\/www.msn.unipi.it\/it\/un-museo-da-osservare-emozionare-immaginare\/\"},\"wordCount\":434,\"publisher\":{\"@id\":\"https:\/\/www.msn.unipi.it\/it\/#organization\"},\"image\":{\"@id\":\"https:\/\/www.msn.unipi.it\/it\/un-museo-da-osservare-emozionare-immaginare\/#primaryimage\"},\"thumbnailUrl\":\"https:\/\/www.msn.unipi.it\/wp-content\/uploads\/2017\/04\/dsc_0579.jpg\",\"articleSection\":[\"Diario del museo\"],\"inLanguage\":\"it-IT\"},{\"@type\":\"WebPage\",\"@id\":\"https:\/\/www.msn.unipi.it\/it\/un-museo-da-osservare-emozionare-immaginare\/\",\"url\":\"https:\/\/www.msn.unipi.it\/it\/un-museo-da-osservare-emozionare-immaginare\/\",\"name\":\"Un Museo da ... osservare, emozionare, immaginare ... - Museo di Storia Naturale dell&#039;Universit\u00e0 di Pisa\",\"isPartOf\":{\"@id\":\"https:\/\/www.msn.unipi.it\/it\/#website\"},\"primaryImageOfPage\":{\"@id\":\"https:\/\/www.msn.unipi.it\/it\/un-museo-da-osservare-emozionare-immaginare\/#primaryimage\"},\"image\":{\"@id\":\"https:\/\/www.msn.unipi.it\/it\/un-museo-da-osservare-emozionare-immaginare\/#primaryimage\"},\"thumbnailUrl\":\"https:\/\/www.msn.unipi.it\/wp-content\/uploads\/2017\/04\/dsc_0579.jpg\",\"datePublished\":\"2017-04-20T13:08:31+00:00\",\"dateModified\":\"2017-09-19T13:09:54+00:00\",\"description\":\"Il Museo per l'Alzheimer. Il Museo di Storia Naturale ha attivato a partire dal 2014 il progetto \u201cLa natura tra le mani\u201d, promosso e sostenuto dalla Regione Toscana; l\u2019iniziativa comprende una serie d\u2019incontri rivolti a persone affette da Alzheimer e da demenza senile.\",\"breadcrumb\":{\"@id\":\"https:\/\/www.msn.unipi.it\/it\/un-museo-da-osservare-emozionare-immaginare\/#breadcrumb\"},\"inLanguage\":\"it-IT\",\"potentialAction\":[{\"@type\":\"ReadAction\",\"target\":[\"https:\/\/www.msn.unipi.it\/it\/un-museo-da-osservare-emozionare-immaginare\/\"]}]},{\"@type\":\"ImageObject\",\"inLanguage\":\"it-IT\",\"@id\":\"https:\/\/www.msn.unipi.it\/it\/un-museo-da-osservare-emozionare-immaginare\/#primaryimage\",\"url\":\"https:\/\/www.msn.unipi.it\/wp-content\/uploads\/2017\/04\/dsc_0579.jpg\",\"contentUrl\":\"https:\/\/www.msn.unipi.it\/wp-content\/uploads\/2017\/04\/dsc_0579.jpg\",\"width\":2048,\"height\":1362},{\"@type\":\"BreadcrumbList\",\"@id\":\"https:\/\/www.msn.unipi.it\/it\/un-museo-da-osservare-emozionare-immaginare\/#breadcrumb\",\"itemListElement\":[{\"@type\":\"ListItem\",\"position\":1,\"name\":\"Home\",\"item\":\"https:\/\/www.msn.unipi.it\/it\/\"},{\"@type\":\"ListItem\",\"position\":2,\"name\":\"Un Museo da &#8230; osservare, emozionare, immaginare &#8230;\"}]},{\"@type\":\"WebSite\",\"@id\":\"https:\/\/www.msn.unipi.it\/it\/#website\",\"url\":\"https:\/\/www.msn.unipi.it\/it\/\",\"name\":\"Museo di Storia Naturale dell&#039;Universit\u00e0 di Pisa\",\"description\":\"\",\"publisher\":{\"@id\":\"https:\/\/www.msn.unipi.it\/it\/#organization\"},\"potentialAction\":[{\"@type\":\"SearchAction\",\"target\":{\"@type\":\"EntryPoint\",\"urlTemplate\":\"https:\/\/www.msn.unipi.it\/it\/?s={search_term_string}\"},\"query-input\":{\"@type\":\"PropertyValueSpecification\",\"valueRequired\":true,\"valueName\":\"search_term_string\"}}],\"inLanguage\":\"it-IT\"},{\"@type\":\"Organization\",\"@id\":\"https:\/\/www.msn.unipi.it\/it\/#organization\",\"name\":\"Museo di Storia Naturale dell'Universit\u00e0 di Pisa\",\"url\":\"https:\/\/www.msn.unipi.it\/it\/\",\"logo\":{\"@type\":\"ImageObject\",\"inLanguage\":\"it-IT\",\"@id\":\"https:\/\/www.msn.unipi.it\/it\/#\/schema\/logo\/image\/\",\"url\":\"https:\/\/www.msn.unipi.it\/wp-content\/uploads\/2016\/07\/footer-logo.png\",\"contentUrl\":\"https:\/\/www.msn.unipi.it\/wp-content\/uploads\/2016\/07\/footer-logo.png\",\"width\":220,\"height\":95,\"caption\":\"Museo di Storia Naturale dell'Universit\u00e0 di Pisa\"},\"image\":{\"@id\":\"https:\/\/www.msn.unipi.it\/it\/#\/schema\/logo\/image\/\"},\"sameAs\":[\"https:\/\/www.facebook.com\/Museo-di-Storia-Naturale-Universit\u00e0-di-Pisa-277794215612108\/\",\"https:\/\/x.com\/msncalci\",\"https:\/\/www.instagram.com\/museostorianaturale_calci\/\",\"https:\/\/www.youtube.com\/channel\/UCDaMBe_RegmdCnxLPmryMxw\"]},{\"@type\":\"Person\",\"@id\":\"https:\/\/www.msn.unipi.it\/it\/#\/schema\/person\/6c43ab71d6db8475d0c7a9db9e9e993e\",\"name\":\"diariodelmuseo\",\"image\":{\"@type\":\"ImageObject\",\"inLanguage\":\"it-IT\",\"@id\":\"https:\/\/www.msn.unipi.it\/it\/#\/schema\/person\/image\/\",\"url\":\"https:\/\/secure.gravatar.com\/avatar\/8b394ace78368dfc0e5f9c06c664e663?s=96&d=mm&r=g\",\"contentUrl\":\"https:\/\/secure.gravatar.com\/avatar\/8b394ace78368dfc0e5f9c06c664e663?s=96&d=mm&r=g\",\"caption\":\"diariodelmuseo\"}}]}<\/script>\n<!-- \/ Yoast SEO plugin. -->","yoast_head_json":{"title":"Un Museo da ... osservare, emozionare, immaginare ... - Museo di Storia Naturale dell&#039;Universit\u00e0 di Pisa","description":"Il Museo per l'Alzheimer. Il Museo di Storia Naturale ha attivato a partire dal 2014 il progetto \u201cLa natura tra le mani\u201d, promosso e sostenuto dalla Regione Toscana; l\u2019iniziativa comprende una serie d\u2019incontri rivolti a persone affette da Alzheimer e da demenza senile.","robots":{"index":"index","follow":"follow","max-snippet":"max-snippet:-1","max-image-preview":"max-image-preview:large","max-video-preview":"max-video-preview:-1"},"canonical":"https:\/\/www.msn.unipi.it\/it\/un-museo-da-osservare-emozionare-immaginare\/","og_locale":"it_IT","og_type":"article","og_title":"Un Museo da ... osservare, emozionare, immaginare ... - Museo di Storia Naturale dell&#039;Universit\u00e0 di Pisa","og_description":"Il Museo per l'Alzheimer. Il Museo di Storia Naturale ha attivato a partire dal 2014 il progetto \u201cLa natura tra le mani\u201d, promosso e sostenuto dalla Regione Toscana; l\u2019iniziativa comprende una serie d\u2019incontri rivolti a persone affette da Alzheimer e da demenza senile.","og_url":"https:\/\/www.msn.unipi.it\/it\/un-museo-da-osservare-emozionare-immaginare\/","og_site_name":"Museo di Storia Naturale dell&#039;Universit\u00e0 di Pisa","article_publisher":"https:\/\/www.facebook.com\/Museo-di-Storia-Naturale-Universit%c3%a0-di-Pisa-277794215612108\/","article_published_time":"2017-04-20T13:08:31+00:00","article_modified_time":"2017-09-19T13:09:54+00:00","og_image":[{"width":2048,"height":1362,"url":"https:\/\/www.msn.unipi.it\/wp-content\/uploads\/2017\/04\/dsc_0579.jpg","type":"image\/jpeg"}],"author":"diariodelmuseo","twitter_card":"summary_large_image","twitter_creator":"@msncalci","twitter_site":"@msncalci","twitter_misc":{"Scritto da":"diariodelmuseo","Tempo di lettura stimato":"3 minuti"},"schema":{"@context":"https:\/\/schema.org","@graph":[{"@type":"Article","@id":"https:\/\/www.msn.unipi.it\/it\/un-museo-da-osservare-emozionare-immaginare\/#article","isPartOf":{"@id":"https:\/\/www.msn.unipi.it\/it\/un-museo-da-osservare-emozionare-immaginare\/"},"author":{"name":"diariodelmuseo","@id":"https:\/\/www.msn.unipi.it\/it\/#\/schema\/person\/6c43ab71d6db8475d0c7a9db9e9e993e"},"headline":"Un Museo da &#8230; osservare, emozionare, immaginare &#8230;","datePublished":"2017-04-20T13:08:31+00:00","dateModified":"2017-09-19T13:09:54+00:00","mainEntityOfPage":{"@id":"https:\/\/www.msn.unipi.it\/it\/un-museo-da-osservare-emozionare-immaginare\/"},"wordCount":434,"publisher":{"@id":"https:\/\/www.msn.unipi.it\/it\/#organization"},"image":{"@id":"https:\/\/www.msn.unipi.it\/it\/un-museo-da-osservare-emozionare-immaginare\/#primaryimage"},"thumbnailUrl":"https:\/\/www.msn.unipi.it\/wp-content\/uploads\/2017\/04\/dsc_0579.jpg","articleSection":["Diario del museo"],"inLanguage":"it-IT"},{"@type":"WebPage","@id":"https:\/\/www.msn.unipi.it\/it\/un-museo-da-osservare-emozionare-immaginare\/","url":"https:\/\/www.msn.unipi.it\/it\/un-museo-da-osservare-emozionare-immaginare\/","name":"Un Museo da ... osservare, emozionare, immaginare ... - Museo di Storia Naturale dell&#039;Universit\u00e0 di Pisa","isPartOf":{"@id":"https:\/\/www.msn.unipi.it\/it\/#website"},"primaryImageOfPage":{"@id":"https:\/\/www.msn.unipi.it\/it\/un-museo-da-osservare-emozionare-immaginare\/#primaryimage"},"image":{"@id":"https:\/\/www.msn.unipi.it\/it\/un-museo-da-osservare-emozionare-immaginare\/#primaryimage"},"thumbnailUrl":"https:\/\/www.msn.unipi.it\/wp-content\/uploads\/2017\/04\/dsc_0579.jpg","datePublished":"2017-04-20T13:08:31+00:00","dateModified":"2017-09-19T13:09:54+00:00","description":"Il Museo per l'Alzheimer. Il Museo di Storia Naturale ha attivato a partire dal 2014 il progetto \u201cLa natura tra le mani\u201d, promosso e sostenuto dalla Regione Toscana; l\u2019iniziativa comprende una serie d\u2019incontri rivolti a persone affette da Alzheimer e da demenza senile.","breadcrumb":{"@id":"https:\/\/www.msn.unipi.it\/it\/un-museo-da-osservare-emozionare-immaginare\/#breadcrumb"},"inLanguage":"it-IT","potentialAction":[{"@type":"ReadAction","target":["https:\/\/www.msn.unipi.it\/it\/un-museo-da-osservare-emozionare-immaginare\/"]}]},{"@type":"ImageObject","inLanguage":"it-IT","@id":"https:\/\/www.msn.unipi.it\/it\/un-museo-da-osservare-emozionare-immaginare\/#primaryimage","url":"https:\/\/www.msn.unipi.it\/wp-content\/uploads\/2017\/04\/dsc_0579.jpg","contentUrl":"https:\/\/www.msn.unipi.it\/wp-content\/uploads\/2017\/04\/dsc_0579.jpg","width":2048,"height":1362},{"@type":"BreadcrumbList","@id":"https:\/\/www.msn.unipi.it\/it\/un-museo-da-osservare-emozionare-immaginare\/#breadcrumb","itemListElement":[{"@type":"ListItem","position":1,"name":"Home","item":"https:\/\/www.msn.unipi.it\/it\/"},{"@type":"ListItem","position":2,"name":"Un Museo da &#8230; osservare, emozionare, immaginare &#8230;"}]},{"@type":"WebSite","@id":"https:\/\/www.msn.unipi.it\/it\/#website","url":"https:\/\/www.msn.unipi.it\/it\/","name":"Museo di Storia Naturale dell&#039;Universit\u00e0 di Pisa","description":"","publisher":{"@id":"https:\/\/www.msn.unipi.it\/it\/#organization"},"potentialAction":[{"@type":"SearchAction","target":{"@type":"EntryPoint","urlTemplate":"https:\/\/www.msn.unipi.it\/it\/?s={search_term_string}"},"query-input":{"@type":"PropertyValueSpecification","valueRequired":true,"valueName":"search_term_string"}}],"inLanguage":"it-IT"},{"@type":"Organization","@id":"https:\/\/www.msn.unipi.it\/it\/#organization","name":"Museo di Storia Naturale dell'Universit\u00e0 di Pisa","url":"https:\/\/www.msn.unipi.it\/it\/","logo":{"@type":"ImageObject","inLanguage":"it-IT","@id":"https:\/\/www.msn.unipi.it\/it\/#\/schema\/logo\/image\/","url":"https:\/\/www.msn.unipi.it\/wp-content\/uploads\/2016\/07\/footer-logo.png","contentUrl":"https:\/\/www.msn.unipi.it\/wp-content\/uploads\/2016\/07\/footer-logo.png","width":220,"height":95,"caption":"Museo di Storia Naturale dell'Universit\u00e0 di Pisa"},"image":{"@id":"https:\/\/www.msn.unipi.it\/it\/#\/schema\/logo\/image\/"},"sameAs":["https:\/\/www.facebook.com\/Museo-di-Storia-Naturale-Universit\u00e0-di-Pisa-277794215612108\/","https:\/\/x.com\/msncalci","https:\/\/www.instagram.com\/museostorianaturale_calci\/","https:\/\/www.youtube.com\/channel\/UCDaMBe_RegmdCnxLPmryMxw"]},{"@type":"Person","@id":"https:\/\/www.msn.unipi.it\/it\/#\/schema\/person\/6c43ab71d6db8475d0c7a9db9e9e993e","name":"diariodelmuseo","image":{"@type":"ImageObject","inLanguage":"it-IT","@id":"https:\/\/www.msn.unipi.it\/it\/#\/schema\/person\/image\/","url":"https:\/\/secure.gravatar.com\/avatar\/8b394ace78368dfc0e5f9c06c664e663?s=96&d=mm&r=g","contentUrl":"https:\/\/secure.gravatar.com\/avatar\/8b394ace78368dfc0e5f9c06c664e663?s=96&d=mm&r=g","caption":"diariodelmuseo"}}]}},"jetpack_featured_media_url":"https:\/\/www.msn.unipi.it\/wp-content\/uploads\/2017\/04\/dsc_0579.jpg","jetpack_sharing_enabled":true,"_links":{"self":[{"href":"https:\/\/www.msn.unipi.it\/it\/wp-json\/wp\/v2\/posts\/377","targetHints":{"allow":["GET"]}}],"collection":[{"href":"https:\/\/www.msn.unipi.it\/it\/wp-json\/wp\/v2\/posts"}],"about":[{"href":"https:\/\/www.msn.unipi.it\/it\/wp-json\/wp\/v2\/types\/post"}],"author":[{"embeddable":true,"href":"https:\/\/www.msn.unipi.it\/it\/wp-json\/wp\/v2\/users\/5"}],"replies":[{"embeddable":true,"href":"https:\/\/www.msn.unipi.it\/it\/wp-json\/wp\/v2\/comments?post=377"}],"version-history":[{"count":3,"href":"https:\/\/www.msn.unipi.it\/it\/wp-json\/wp\/v2\/posts\/377\/revisions"}],"predecessor-version":[{"id":10138,"href":"https:\/\/www.msn.unipi.it\/it\/wp-json\/wp\/v2\/posts\/377\/revisions\/10138"}],"wp:featuredmedia":[{"embeddable":true,"href":"https:\/\/www.msn.unipi.it\/it\/wp-json\/wp\/v2\/media\/397"}],"wp:attachment":[{"href":"https:\/\/www.msn.unipi.it\/it\/wp-json\/wp\/v2\/media?parent=377"}],"wp:term":[{"taxonomy":"category","embeddable":true,"href":"https:\/\/www.msn.unipi.it\/it\/wp-json\/wp\/v2\/categories?post=377"},{"taxonomy":"post_tag","embeddable":true,"href":"https:\/\/www.msn.unipi.it\/it\/wp-json\/wp\/v2\/tags?post=377"}],"curies":[{"name":"wp","href":"https:\/\/api.w.org\/{rel}","templated":true}]}}