{"id":5027,"date":"2014-12-01T12:35:40","date_gmt":"2014-12-01T11:35:40","guid":{"rendered":"http:\/\/msntest.unipi.it\/?p=5027"},"modified":"2014-12-04T12:40:55","modified_gmt":"2014-12-04T11:40:55","slug":"presepe-storico-animato-2","status":"publish","type":"post","link":"https:\/\/www.msn.unipi.it\/it\/presepe-storico-animato-2\/","title":{"rendered":"Presepe storico animato"},"content":{"rendered":"<p>Natale \u00e8 alle porte&#8230; avete gi\u00e0 fatto il Presepe?<br \/>\nNoi s\u00ec. Vi aspettiamo il <strong>7 dicembre alle ore 16:00<\/strong> per l&#8217;inaugurazione del nostro <span style=\"text-decoration: underline;\"><strong>presepe storico animato<\/strong><\/span> e dell&#8217;incredibile mostra &#8220;<strong>Dietro le quinte<\/strong>&#8220;.<\/p>\n<p><a href=\"http:\/\/www.msn.unipi.it\/wp-content\/uploads\/2014\/12\/locandinapresepe2014.jpg\" data-lbwps-width=\"1449\" data-lbwps-height=\"2048\" data-lbwps-srcsmall=\"https:\/\/www.msn.unipi.it\/wp-content\/uploads\/2014\/12\/locandinapresepe2014-318x450.jpg\"><img loading=\"lazy\" decoding=\"async\" class=\"aligncenter size-large wp-image-5021\" alt=\"locandinapresepe2014\" src=\"http:\/\/www.msn.unipi.it\/wp-content\/uploads\/2014\/12\/locandinapresepe2014-282x400.jpg\" width=\"282\" height=\"400\" \/><\/a><\/p>\n<p>Forse nessun presepe quanto questo merita il titolo di \u201cstorico\u201d, perch\u00e9 dietro di esso c\u2019\u00e8 una <strong>storia mitica e avvincente<\/strong> quanto la Nativit\u00e0 che racconta.<\/p>\n<p>A realizzarlo sono stati due artigiani calcesani che, pur non essendo imparentati tra di loro, portavano entrambi il cognome <span style=\"text-decoration: underline;\"><strong>Meucci<\/strong><\/span>: e non si tratta, in realt\u00e0, di un presepe unico, ma del risultato, questo s\u00ec, unico, della fusione di <strong>tre presepi diversi<\/strong>. Tre presepi tutti realizzati interamente a mano nel corso di <strong>quattordici anni di lavoro<\/strong>, dal 1948 al 1962: il risultato, magistrale, d\u00e0 conto di \u00a0una maestria e di una dedizione appassionata e (\u00e8 il caso di dirlo) certosina. Tutti e tre i presepi sono composti da diverse decine di personaggi, di cui parecchi in movimento, e coprono ciascuno una superficie superiore ai trenta metri quadri. Vederli riuniti \u00e8 assistere a un autentico spettacolo.<\/p>\n<p>Si tratta, in definitiva, di <span style=\"text-decoration: underline;\"><strong>una vera e propria opera d\u2019arte<\/strong><\/span>, quasi una rappresentazione, pi\u00f9 che una scultura: che ha raggiunto notoriet\u00e0 ovunque e ha girato il mondo, comparendo addirittura sulla rete nazionale colombiana durante il suo soggiorno a Bogot\u00e0 in occasione del capodanno.<\/p>\n<p>Questo, finch\u00e9 la generosit\u00e0 degli eredi degli artisti ha voluto che ne fosse fatto dono al Museo di Storia Naturale di Calci: perch\u00e9 il presepe storico animato potesse essere ammirato l\u00e0 dove era stato progettato e realizzato, per il diletto e la meraviglia della gente di queste contrade.<\/p>\n<p><em><strong>NB: il presepe del Museo di Storia Naturale di Calci \u00e8 stato iscritto al circuito toscano <a href=\"http:\/\/www.msn.unipi.it\/wp-content\/uploads\/2014\/12\/Registrazione-n-20-da-stampare-ed-esporre-al-presepe.pdf\">&#8220;Terre di presepi&#8221;<\/a>.<br \/>\n<\/strong><\/em><\/p>\n","protected":false},"excerpt":{"rendered":"<p>Natale \u00e8 alle porte&#8230; avete gi\u00e0 fatto il Presepe? Noi s\u00ec. Vi aspettiamo il 7 dicembre alle ore 16:00 per l&#8217;inaugurazione del nostro presepe storico animato e dell&#8217;incredibile mostra &#8220;Dietro le quinte&#8220;. Forse nessun presepe quanto questo merita il titolo di \u201cstorico\u201d, perch\u00e9 dietro di esso c\u2019\u00e8 una storia mitica e avvincente quanto la Nativit\u00e0&nbsp; <a href=\"https:\/\/www.msn.unipi.it\/it\/presepe-storico-animato-2\/\">&hellip;  <i class=\"fa fa-chevron-right\"><\/i><\/a><\/p>\n","protected":false},"author":1,"featured_media":0,"comment_status":"closed","ping_status":"closed","sticky":false,"template":"","format":"standard","meta":{"_jetpack_memberships_contains_paid_content":false,"footnotes":""},"categories":[9],"tags":[],"class_list":["post-5027","post","type-post","status-publish","format-standard","hentry","category-archivio"],"yoast_head":"<!-- This site is optimized with the Yoast SEO plugin v26.8 - https:\/\/yoast.com\/product\/yoast-seo-wordpress\/ -->\n<title>Presepe storico animato - Museo di Storia Naturale dell&#039;Universit\u00e0 di Pisa<\/title>\n<meta name=\"description\" content=\"Natale \u00e8 alle porte... avete gi\u00e0 fatto il Presepe? Noi s\u00ec. Vi aspettiamo il 7 dicembre alle ore 16:00 per l&#039;inaugurazione del nostro presepe storico\" \/>\n<meta name=\"robots\" content=\"index, follow, max-snippet:-1, max-image-preview:large, max-video-preview:-1\" \/>\n<link rel=\"canonical\" href=\"https:\/\/www.msn.unipi.it\/it\/presepe-storico-animato-2\/\" \/>\n<meta property=\"og:locale\" content=\"it_IT\" \/>\n<meta property=\"og:type\" content=\"article\" \/>\n<meta property=\"og:title\" content=\"Presepe storico animato - Museo di Storia Naturale dell&#039;Universit\u00e0 di Pisa\" \/>\n<meta property=\"og:description\" content=\"Natale \u00e8 alle porte... avete gi\u00e0 fatto il Presepe? Noi s\u00ec. Vi aspettiamo il 7 dicembre alle ore 16:00 per l&#039;inaugurazione del nostro presepe storico\" \/>\n<meta property=\"og:url\" content=\"https:\/\/www.msn.unipi.it\/it\/presepe-storico-animato-2\/\" \/>\n<meta property=\"og:site_name\" content=\"Museo di Storia Naturale dell&#039;Universit\u00e0 di Pisa\" \/>\n<meta property=\"article:publisher\" content=\"https:\/\/www.facebook.com\/Museo-di-Storia-Naturale-Universit%c3%a0-di-Pisa-277794215612108\/\" \/>\n<meta property=\"article:published_time\" content=\"2014-12-01T11:35:40+00:00\" \/>\n<meta property=\"article:modified_time\" content=\"2014-12-04T11:40:55+00:00\" \/>\n<meta property=\"og:image\" content=\"http:\/\/www.msn.unipi.it\/wp-content\/uploads\/2014\/12\/locandinapresepe2014-282x400.jpg\" \/>\n<meta name=\"author\" content=\"websoup\" \/>\n<meta name=\"twitter:card\" content=\"summary_large_image\" \/>\n<meta name=\"twitter:creator\" content=\"@msncalci\" \/>\n<meta name=\"twitter:site\" content=\"@msncalci\" \/>\n<meta name=\"twitter:label1\" content=\"Scritto da\" \/>\n\t<meta name=\"twitter:data1\" content=\"websoup\" \/>\n\t<meta name=\"twitter:label2\" content=\"Tempo di lettura stimato\" \/>\n\t<meta name=\"twitter:data2\" content=\"1 minuto\" \/>\n<script type=\"application\/ld+json\" class=\"yoast-schema-graph\">{\"@context\":\"https:\/\/schema.org\",\"@graph\":[{\"@type\":\"Article\",\"@id\":\"https:\/\/www.msn.unipi.it\/it\/presepe-storico-animato-2\/#article\",\"isPartOf\":{\"@id\":\"https:\/\/www.msn.unipi.it\/it\/presepe-storico-animato-2\/\"},\"author\":{\"name\":\"websoup\",\"@id\":\"https:\/\/www.msn.unipi.it\/it\/#\/schema\/person\/ed9b10c0618fabf77f29c32885d14a64\"},\"headline\":\"Presepe storico animato\",\"datePublished\":\"2014-12-01T11:35:40+00:00\",\"dateModified\":\"2014-12-04T11:40:55+00:00\",\"mainEntityOfPage\":{\"@id\":\"https:\/\/www.msn.unipi.it\/it\/presepe-storico-animato-2\/\"},\"wordCount\":279,\"publisher\":{\"@id\":\"https:\/\/www.msn.unipi.it\/it\/#organization\"},\"image\":{\"@id\":\"https:\/\/www.msn.unipi.it\/it\/presepe-storico-animato-2\/#primaryimage\"},\"thumbnailUrl\":\"http:\/\/www.msn.unipi.it\/wp-content\/uploads\/2014\/12\/locandinapresepe2014-282x400.jpg\",\"articleSection\":[\"Archivio notizie\"],\"inLanguage\":\"it-IT\"},{\"@type\":\"WebPage\",\"@id\":\"https:\/\/www.msn.unipi.it\/it\/presepe-storico-animato-2\/\",\"url\":\"https:\/\/www.msn.unipi.it\/it\/presepe-storico-animato-2\/\",\"name\":\"Presepe storico animato - Museo di Storia Naturale dell&#039;Universit\u00e0 di Pisa\",\"isPartOf\":{\"@id\":\"https:\/\/www.msn.unipi.it\/it\/#website\"},\"primaryImageOfPage\":{\"@id\":\"https:\/\/www.msn.unipi.it\/it\/presepe-storico-animato-2\/#primaryimage\"},\"image\":{\"@id\":\"https:\/\/www.msn.unipi.it\/it\/presepe-storico-animato-2\/#primaryimage\"},\"thumbnailUrl\":\"http:\/\/www.msn.unipi.it\/wp-content\/uploads\/2014\/12\/locandinapresepe2014-282x400.jpg\",\"datePublished\":\"2014-12-01T11:35:40+00:00\",\"dateModified\":\"2014-12-04T11:40:55+00:00\",\"description\":\"Natale \u00e8 alle porte... avete gi\u00e0 fatto il Presepe? Noi s\u00ec. Vi aspettiamo il 7 dicembre alle ore 16:00 per l'inaugurazione del nostro presepe storico\",\"breadcrumb\":{\"@id\":\"https:\/\/www.msn.unipi.it\/it\/presepe-storico-animato-2\/#breadcrumb\"},\"inLanguage\":\"it-IT\",\"potentialAction\":[{\"@type\":\"ReadAction\",\"target\":[\"https:\/\/www.msn.unipi.it\/it\/presepe-storico-animato-2\/\"]}]},{\"@type\":\"ImageObject\",\"inLanguage\":\"it-IT\",\"@id\":\"https:\/\/www.msn.unipi.it\/it\/presepe-storico-animato-2\/#primaryimage\",\"url\":\"http:\/\/www.msn.unipi.it\/wp-content\/uploads\/2014\/12\/locandinapresepe2014-282x400.jpg\",\"contentUrl\":\"http:\/\/www.msn.unipi.it\/wp-content\/uploads\/2014\/12\/locandinapresepe2014-282x400.jpg\"},{\"@type\":\"BreadcrumbList\",\"@id\":\"https:\/\/www.msn.unipi.it\/it\/presepe-storico-animato-2\/#breadcrumb\",\"itemListElement\":[{\"@type\":\"ListItem\",\"position\":1,\"name\":\"Home\",\"item\":\"https:\/\/www.msn.unipi.it\/it\/\"},{\"@type\":\"ListItem\",\"position\":2,\"name\":\"Presepe storico animato\"}]},{\"@type\":\"WebSite\",\"@id\":\"https:\/\/www.msn.unipi.it\/it\/#website\",\"url\":\"https:\/\/www.msn.unipi.it\/it\/\",\"name\":\"Museo di Storia Naturale dell&#039;Universit\u00e0 di Pisa\",\"description\":\"\",\"publisher\":{\"@id\":\"https:\/\/www.msn.unipi.it\/it\/#organization\"},\"potentialAction\":[{\"@type\":\"SearchAction\",\"target\":{\"@type\":\"EntryPoint\",\"urlTemplate\":\"https:\/\/www.msn.unipi.it\/it\/?s={search_term_string}\"},\"query-input\":{\"@type\":\"PropertyValueSpecification\",\"valueRequired\":true,\"valueName\":\"search_term_string\"}}],\"inLanguage\":\"it-IT\"},{\"@type\":\"Organization\",\"@id\":\"https:\/\/www.msn.unipi.it\/it\/#organization\",\"name\":\"Museo di Storia Naturale dell'Universit\u00e0 di Pisa\",\"url\":\"https:\/\/www.msn.unipi.it\/it\/\",\"logo\":{\"@type\":\"ImageObject\",\"inLanguage\":\"it-IT\",\"@id\":\"https:\/\/www.msn.unipi.it\/it\/#\/schema\/logo\/image\/\",\"url\":\"https:\/\/www.msn.unipi.it\/wp-content\/uploads\/2016\/07\/footer-logo.png\",\"contentUrl\":\"https:\/\/www.msn.unipi.it\/wp-content\/uploads\/2016\/07\/footer-logo.png\",\"width\":220,\"height\":95,\"caption\":\"Museo di Storia Naturale dell'Universit\u00e0 di Pisa\"},\"image\":{\"@id\":\"https:\/\/www.msn.unipi.it\/it\/#\/schema\/logo\/image\/\"},\"sameAs\":[\"https:\/\/www.facebook.com\/Museo-di-Storia-Naturale-Universit\u00e0-di-Pisa-277794215612108\/\",\"https:\/\/x.com\/msncalci\",\"https:\/\/www.instagram.com\/museostorianaturale_calci\/\",\"https:\/\/www.youtube.com\/channel\/UCDaMBe_RegmdCnxLPmryMxw\"]},{\"@type\":\"Person\",\"@id\":\"https:\/\/www.msn.unipi.it\/it\/#\/schema\/person\/ed9b10c0618fabf77f29c32885d14a64\",\"name\":\"websoup\",\"image\":{\"@type\":\"ImageObject\",\"inLanguage\":\"it-IT\",\"@id\":\"https:\/\/www.msn.unipi.it\/it\/#\/schema\/person\/image\/\",\"url\":\"https:\/\/secure.gravatar.com\/avatar\/4118c2ea32b6d8e2ac1a2f57333fd5d2?s=96&d=mm&r=g\",\"contentUrl\":\"https:\/\/secure.gravatar.com\/avatar\/4118c2ea32b6d8e2ac1a2f57333fd5d2?s=96&d=mm&r=g\",\"caption\":\"websoup\"}}]}<\/script>\n<!-- \/ Yoast SEO plugin. -->","yoast_head_json":{"title":"Presepe storico animato - Museo di Storia Naturale dell&#039;Universit\u00e0 di Pisa","description":"Natale \u00e8 alle porte... avete gi\u00e0 fatto il Presepe? Noi s\u00ec. Vi aspettiamo il 7 dicembre alle ore 16:00 per l'inaugurazione del nostro presepe storico","robots":{"index":"index","follow":"follow","max-snippet":"max-snippet:-1","max-image-preview":"max-image-preview:large","max-video-preview":"max-video-preview:-1"},"canonical":"https:\/\/www.msn.unipi.it\/it\/presepe-storico-animato-2\/","og_locale":"it_IT","og_type":"article","og_title":"Presepe storico animato - Museo di Storia Naturale dell&#039;Universit\u00e0 di Pisa","og_description":"Natale \u00e8 alle porte... avete gi\u00e0 fatto il Presepe? Noi s\u00ec. Vi aspettiamo il 7 dicembre alle ore 16:00 per l'inaugurazione del nostro presepe storico","og_url":"https:\/\/www.msn.unipi.it\/it\/presepe-storico-animato-2\/","og_site_name":"Museo di Storia Naturale dell&#039;Universit\u00e0 di Pisa","article_publisher":"https:\/\/www.facebook.com\/Museo-di-Storia-Naturale-Universit%c3%a0-di-Pisa-277794215612108\/","article_published_time":"2014-12-01T11:35:40+00:00","article_modified_time":"2014-12-04T11:40:55+00:00","og_image":[{"url":"http:\/\/www.msn.unipi.it\/wp-content\/uploads\/2014\/12\/locandinapresepe2014-282x400.jpg","type":"","width":"","height":""}],"author":"websoup","twitter_card":"summary_large_image","twitter_creator":"@msncalci","twitter_site":"@msncalci","twitter_misc":{"Scritto da":"websoup","Tempo di lettura stimato":"1 minuto"},"schema":{"@context":"https:\/\/schema.org","@graph":[{"@type":"Article","@id":"https:\/\/www.msn.unipi.it\/it\/presepe-storico-animato-2\/#article","isPartOf":{"@id":"https:\/\/www.msn.unipi.it\/it\/presepe-storico-animato-2\/"},"author":{"name":"websoup","@id":"https:\/\/www.msn.unipi.it\/it\/#\/schema\/person\/ed9b10c0618fabf77f29c32885d14a64"},"headline":"Presepe storico animato","datePublished":"2014-12-01T11:35:40+00:00","dateModified":"2014-12-04T11:40:55+00:00","mainEntityOfPage":{"@id":"https:\/\/www.msn.unipi.it\/it\/presepe-storico-animato-2\/"},"wordCount":279,"publisher":{"@id":"https:\/\/www.msn.unipi.it\/it\/#organization"},"image":{"@id":"https:\/\/www.msn.unipi.it\/it\/presepe-storico-animato-2\/#primaryimage"},"thumbnailUrl":"http:\/\/www.msn.unipi.it\/wp-content\/uploads\/2014\/12\/locandinapresepe2014-282x400.jpg","articleSection":["Archivio notizie"],"inLanguage":"it-IT"},{"@type":"WebPage","@id":"https:\/\/www.msn.unipi.it\/it\/presepe-storico-animato-2\/","url":"https:\/\/www.msn.unipi.it\/it\/presepe-storico-animato-2\/","name":"Presepe storico animato - Museo di Storia Naturale dell&#039;Universit\u00e0 di Pisa","isPartOf":{"@id":"https:\/\/www.msn.unipi.it\/it\/#website"},"primaryImageOfPage":{"@id":"https:\/\/www.msn.unipi.it\/it\/presepe-storico-animato-2\/#primaryimage"},"image":{"@id":"https:\/\/www.msn.unipi.it\/it\/presepe-storico-animato-2\/#primaryimage"},"thumbnailUrl":"http:\/\/www.msn.unipi.it\/wp-content\/uploads\/2014\/12\/locandinapresepe2014-282x400.jpg","datePublished":"2014-12-01T11:35:40+00:00","dateModified":"2014-12-04T11:40:55+00:00","description":"Natale \u00e8 alle porte... avete gi\u00e0 fatto il Presepe? Noi s\u00ec. Vi aspettiamo il 7 dicembre alle ore 16:00 per l'inaugurazione del nostro presepe storico","breadcrumb":{"@id":"https:\/\/www.msn.unipi.it\/it\/presepe-storico-animato-2\/#breadcrumb"},"inLanguage":"it-IT","potentialAction":[{"@type":"ReadAction","target":["https:\/\/www.msn.unipi.it\/it\/presepe-storico-animato-2\/"]}]},{"@type":"ImageObject","inLanguage":"it-IT","@id":"https:\/\/www.msn.unipi.it\/it\/presepe-storico-animato-2\/#primaryimage","url":"http:\/\/www.msn.unipi.it\/wp-content\/uploads\/2014\/12\/locandinapresepe2014-282x400.jpg","contentUrl":"http:\/\/www.msn.unipi.it\/wp-content\/uploads\/2014\/12\/locandinapresepe2014-282x400.jpg"},{"@type":"BreadcrumbList","@id":"https:\/\/www.msn.unipi.it\/it\/presepe-storico-animato-2\/#breadcrumb","itemListElement":[{"@type":"ListItem","position":1,"name":"Home","item":"https:\/\/www.msn.unipi.it\/it\/"},{"@type":"ListItem","position":2,"name":"Presepe storico animato"}]},{"@type":"WebSite","@id":"https:\/\/www.msn.unipi.it\/it\/#website","url":"https:\/\/www.msn.unipi.it\/it\/","name":"Museo di Storia Naturale dell&#039;Universit\u00e0 di Pisa","description":"","publisher":{"@id":"https:\/\/www.msn.unipi.it\/it\/#organization"},"potentialAction":[{"@type":"SearchAction","target":{"@type":"EntryPoint","urlTemplate":"https:\/\/www.msn.unipi.it\/it\/?s={search_term_string}"},"query-input":{"@type":"PropertyValueSpecification","valueRequired":true,"valueName":"search_term_string"}}],"inLanguage":"it-IT"},{"@type":"Organization","@id":"https:\/\/www.msn.unipi.it\/it\/#organization","name":"Museo di Storia Naturale dell'Universit\u00e0 di Pisa","url":"https:\/\/www.msn.unipi.it\/it\/","logo":{"@type":"ImageObject","inLanguage":"it-IT","@id":"https:\/\/www.msn.unipi.it\/it\/#\/schema\/logo\/image\/","url":"https:\/\/www.msn.unipi.it\/wp-content\/uploads\/2016\/07\/footer-logo.png","contentUrl":"https:\/\/www.msn.unipi.it\/wp-content\/uploads\/2016\/07\/footer-logo.png","width":220,"height":95,"caption":"Museo di Storia Naturale dell'Universit\u00e0 di Pisa"},"image":{"@id":"https:\/\/www.msn.unipi.it\/it\/#\/schema\/logo\/image\/"},"sameAs":["https:\/\/www.facebook.com\/Museo-di-Storia-Naturale-Universit\u00e0-di-Pisa-277794215612108\/","https:\/\/x.com\/msncalci","https:\/\/www.instagram.com\/museostorianaturale_calci\/","https:\/\/www.youtube.com\/channel\/UCDaMBe_RegmdCnxLPmryMxw"]},{"@type":"Person","@id":"https:\/\/www.msn.unipi.it\/it\/#\/schema\/person\/ed9b10c0618fabf77f29c32885d14a64","name":"websoup","image":{"@type":"ImageObject","inLanguage":"it-IT","@id":"https:\/\/www.msn.unipi.it\/it\/#\/schema\/person\/image\/","url":"https:\/\/secure.gravatar.com\/avatar\/4118c2ea32b6d8e2ac1a2f57333fd5d2?s=96&d=mm&r=g","contentUrl":"https:\/\/secure.gravatar.com\/avatar\/4118c2ea32b6d8e2ac1a2f57333fd5d2?s=96&d=mm&r=g","caption":"websoup"}}]}},"jetpack_featured_media_url":"","jetpack_sharing_enabled":true,"_links":{"self":[{"href":"https:\/\/www.msn.unipi.it\/it\/wp-json\/wp\/v2\/posts\/5027","targetHints":{"allow":["GET"]}}],"collection":[{"href":"https:\/\/www.msn.unipi.it\/it\/wp-json\/wp\/v2\/posts"}],"about":[{"href":"https:\/\/www.msn.unipi.it\/it\/wp-json\/wp\/v2\/types\/post"}],"author":[{"embeddable":true,"href":"https:\/\/www.msn.unipi.it\/it\/wp-json\/wp\/v2\/users\/1"}],"replies":[{"embeddable":true,"href":"https:\/\/www.msn.unipi.it\/it\/wp-json\/wp\/v2\/comments?post=5027"}],"version-history":[{"count":0,"href":"https:\/\/www.msn.unipi.it\/it\/wp-json\/wp\/v2\/posts\/5027\/revisions"}],"wp:attachment":[{"href":"https:\/\/www.msn.unipi.it\/it\/wp-json\/wp\/v2\/media?parent=5027"}],"wp:term":[{"taxonomy":"category","embeddable":true,"href":"https:\/\/www.msn.unipi.it\/it\/wp-json\/wp\/v2\/categories?post=5027"},{"taxonomy":"post_tag","embeddable":true,"href":"https:\/\/www.msn.unipi.it\/it\/wp-json\/wp\/v2\/tags?post=5027"}],"curies":[{"name":"wp","href":"https:\/\/api.w.org\/{rel}","templated":true}]}}