{"id":5091,"date":"2014-12-12T09:51:08","date_gmt":"2014-12-12T08:51:08","guid":{"rendered":"http:\/\/msntest.unipi.it\/?p=5091"},"modified":"2014-12-12T09:51:08","modified_gmt":"2014-12-12T08:51:08","slug":"record-di-visitatori-al-museo-di-storia-naturale","status":"publish","type":"post","link":"https:\/\/www.msn.unipi.it\/it\/record-di-visitatori-al-museo-di-storia-naturale\/","title":{"rendered":"Record di visitatori al Museo di Storia Naturale"},"content":{"rendered":"<p><span style=\"text-decoration: underline;\"><strong>50.000 individui<\/strong><\/span>. Tanti quanti quelli che il 20 settembre 1870 marciarono attraverso la breccia di Porta Pia in occasione della presa di Roma. Met\u00e0 dell\u2019esercito con il quale Serse cerc\u00f2 di forzare il passo delle Termopili. Il numero medio di persone intervistate per costituire un campione statistico attendibile.<\/p>\n<p>50.000. In lettere, cinquantamila. Pi\u00f9 di met\u00e0 degli abitanti di una citt\u00e0 come Pisa, ma non tutti pisani. Molti vengono dal contado, altri dal resto d\u2019Italia; non mancano gli stranieri. Quello che sappiamo per certo \u00e8 che ormai 50.000.<\/p>\n<p>Questo il numero dei biglietti che il Museo di Storia Naturale dell\u2019Universit\u00e0 di Pisa ha staccato quest\u2019anno. Un risultato ancor pi\u00f9 sorprendente, se consideriamo che in precedenza i visitatori erano stati <strong>circa 30.000 ogni anno<\/strong>. Questo, grazie alle numerose iniziative per promuovere il Museo a livello capillare sul territorio, all\u2019impiego dei social network e all\u2019insostituibile apporto dei giornali, ma soprattutto grazie all\u2019impegno dei dipendenti e degli operatori che hanno contribuito con le loro idee, le loro risorse e la loro professionalit\u00e0 a far s\u00ec che <span style=\"text-decoration: underline;\"><strong>un patrimonio storico, artistico-architettonico e scientifico pi\u00f9 unico che raro fosse finalmente noto e valorizzato come meritava<\/strong><\/span>. Era tempo che un luogo tanto ricco di passato tornasse ad essere protagonista nel presente, tornando ad assumere su di s\u00e9 il ruolo di centro di aggregazione e diffusione culturale che gli era appartenuto nei secoli.<\/p>\n<p>La cifra tonda \u00e8 arrivata nella giornata di <span style=\"text-decoration: underline;\"><strong>domenica 7 dicembre<\/strong><\/span>, quando \u00e8 stato inaugurato il <span style=\"text-decoration: underline;\"><strong>presepe storico animato Meucci<\/strong><\/span>. Oltre trenta metri quadri di figure realizzate artigianalmente alla met\u00e0 del secolo scorso, che hanno ripreso vita come per magia alle 17:30 per la meraviglia di grandi e piccini. Di mille grandi e piccini, per la precisione. Un traguardo storico, ancor pi\u00f9 sorprendente se si considera che, per facilitarne la fruibilit\u00e0, un nucleo del Presepe era stato allestito <strong>anche altrove, presso il Centro dei Borghi, unitamente a un diorama, con il titolo di \u201cNatale nel Bosco\u201d<\/strong>. E un\u2019accanita filatrice e un infaticabile spaccalegna facevano da comparse allo <strong>stand temporaneo del Museo allestito presso il centro commerciale Ipercoop di Navacchio<\/strong>. Insomma, ce n\u2019\u00e8 d\u2019avanzo.<\/p>\n<p>Il merito ovviamente non va solo al presepe, ma anche alle <strong>esposizioni permanenti<\/strong>, tra cui la galleria dei cetacei pi\u00f9 importante d\u2019Italia, e a quelle temporanee (attualmente, la mostra \u201c<span style=\"text-decoration: underline;\"><strong>Squali, predatori perfetti<\/strong><\/span>\u201d con oltre trenta riproduzioni di esemplari a grandezza naturale e la mostra fotografica \u201c<span style=\"text-decoration: underline;\"><strong>Vulcani: fascino e minaccia<\/strong><\/span>\u201d, con le spettacolari immagini scattate da un team di scienziati in occasione di autentiche eruzioni). Non \u00e8 un caso se su TripAdvisor le quotazioni del museo sono eccellenti: i 50.000 sono entrati curiosi, e usciti soddisfatti, interessati, incantanti.<\/p>\n<p>Da parte nostra, noi siamo contenti: ma non ci accontentiamo. Se quest\u2019anno abbiamo quasi raddoppiato le visite, il prossimo, chiss\u00e0\u2026?<\/p>\n","protected":false},"excerpt":{"rendered":"<p>50.000 individui. Tanti quanti quelli che il 20 settembre 1870 marciarono attraverso la breccia di Porta Pia in occasione della presa di Roma. Met\u00e0 dell\u2019esercito con il quale Serse cerc\u00f2 di forzare il passo delle Termopili. Il numero medio di persone intervistate per costituire un campione statistico attendibile. 50.000. In lettere, cinquantamila. Pi\u00f9 di met\u00e0&nbsp; <a href=\"https:\/\/www.msn.unipi.it\/it\/record-di-visitatori-al-museo-di-storia-naturale\/\">&hellip;  <i class=\"fa fa-chevron-right\"><\/i><\/a><\/p>\n","protected":false},"author":1,"featured_media":0,"comment_status":"closed","ping_status":"closed","sticky":false,"template":"","format":"standard","meta":{"_jetpack_memberships_contains_paid_content":false,"footnotes":""},"categories":[9],"tags":[],"class_list":["post-5091","post","type-post","status-publish","format-standard","hentry","category-archivio"],"yoast_head":"<!-- This site is optimized with the Yoast SEO plugin v26.8 - https:\/\/yoast.com\/product\/yoast-seo-wordpress\/ -->\n<title>Record di visitatori al Museo di Storia Naturale - Museo di Storia Naturale dell&#039;Universit\u00e0 di Pisa<\/title>\n<meta name=\"description\" content=\"50.000 individui. Tanti quanti quelli che il 20 settembre 1870 marciarono attraverso la breccia di Porta Pia in occasione della presa di Roma. Met\u00e0\" \/>\n<meta name=\"robots\" content=\"index, follow, max-snippet:-1, max-image-preview:large, max-video-preview:-1\" \/>\n<link rel=\"canonical\" href=\"https:\/\/www.msn.unipi.it\/it\/record-di-visitatori-al-museo-di-storia-naturale\/\" \/>\n<meta property=\"og:locale\" content=\"it_IT\" \/>\n<meta property=\"og:type\" content=\"article\" \/>\n<meta property=\"og:title\" content=\"Record di visitatori al Museo di Storia Naturale - Museo di Storia Naturale dell&#039;Universit\u00e0 di Pisa\" \/>\n<meta property=\"og:description\" content=\"50.000 individui. Tanti quanti quelli che il 20 settembre 1870 marciarono attraverso la breccia di Porta Pia in occasione della presa di Roma. Met\u00e0\" \/>\n<meta property=\"og:url\" content=\"https:\/\/www.msn.unipi.it\/it\/record-di-visitatori-al-museo-di-storia-naturale\/\" \/>\n<meta property=\"og:site_name\" content=\"Museo di Storia Naturale dell&#039;Universit\u00e0 di Pisa\" \/>\n<meta property=\"article:publisher\" content=\"https:\/\/www.facebook.com\/Museo-di-Storia-Naturale-Universit%c3%a0-di-Pisa-277794215612108\/\" \/>\n<meta property=\"article:published_time\" content=\"2014-12-12T08:51:08+00:00\" \/>\n<meta name=\"author\" content=\"websoup\" \/>\n<meta name=\"twitter:card\" content=\"summary_large_image\" \/>\n<meta name=\"twitter:creator\" content=\"@msncalci\" \/>\n<meta name=\"twitter:site\" content=\"@msncalci\" \/>\n<meta name=\"twitter:label1\" content=\"Scritto da\" \/>\n\t<meta name=\"twitter:data1\" content=\"websoup\" \/>\n\t<meta name=\"twitter:label2\" content=\"Tempo di lettura stimato\" \/>\n\t<meta name=\"twitter:data2\" content=\"2 minuti\" \/>\n<script type=\"application\/ld+json\" class=\"yoast-schema-graph\">{\"@context\":\"https:\/\/schema.org\",\"@graph\":[{\"@type\":\"Article\",\"@id\":\"https:\/\/www.msn.unipi.it\/it\/record-di-visitatori-al-museo-di-storia-naturale\/#article\",\"isPartOf\":{\"@id\":\"https:\/\/www.msn.unipi.it\/it\/record-di-visitatori-al-museo-di-storia-naturale\/\"},\"author\":{\"name\":\"websoup\",\"@id\":\"https:\/\/www.msn.unipi.it\/it\/#\/schema\/person\/ed9b10c0618fabf77f29c32885d14a64\"},\"headline\":\"Record di visitatori al Museo di Storia Naturale\",\"datePublished\":\"2014-12-12T08:51:08+00:00\",\"mainEntityOfPage\":{\"@id\":\"https:\/\/www.msn.unipi.it\/it\/record-di-visitatori-al-museo-di-storia-naturale\/\"},\"wordCount\":461,\"publisher\":{\"@id\":\"https:\/\/www.msn.unipi.it\/it\/#organization\"},\"articleSection\":[\"Archivio notizie\"],\"inLanguage\":\"it-IT\"},{\"@type\":\"WebPage\",\"@id\":\"https:\/\/www.msn.unipi.it\/it\/record-di-visitatori-al-museo-di-storia-naturale\/\",\"url\":\"https:\/\/www.msn.unipi.it\/it\/record-di-visitatori-al-museo-di-storia-naturale\/\",\"name\":\"Record di visitatori al Museo di Storia Naturale - Museo di Storia Naturale dell&#039;Universit\u00e0 di Pisa\",\"isPartOf\":{\"@id\":\"https:\/\/www.msn.unipi.it\/it\/#website\"},\"datePublished\":\"2014-12-12T08:51:08+00:00\",\"description\":\"50.000 individui. Tanti quanti quelli che il 20 settembre 1870 marciarono attraverso la breccia di Porta Pia in occasione della presa di Roma. Met\u00e0\",\"breadcrumb\":{\"@id\":\"https:\/\/www.msn.unipi.it\/it\/record-di-visitatori-al-museo-di-storia-naturale\/#breadcrumb\"},\"inLanguage\":\"it-IT\",\"potentialAction\":[{\"@type\":\"ReadAction\",\"target\":[\"https:\/\/www.msn.unipi.it\/it\/record-di-visitatori-al-museo-di-storia-naturale\/\"]}]},{\"@type\":\"BreadcrumbList\",\"@id\":\"https:\/\/www.msn.unipi.it\/it\/record-di-visitatori-al-museo-di-storia-naturale\/#breadcrumb\",\"itemListElement\":[{\"@type\":\"ListItem\",\"position\":1,\"name\":\"Home\",\"item\":\"https:\/\/www.msn.unipi.it\/it\/\"},{\"@type\":\"ListItem\",\"position\":2,\"name\":\"Record di visitatori al Museo di Storia Naturale\"}]},{\"@type\":\"WebSite\",\"@id\":\"https:\/\/www.msn.unipi.it\/it\/#website\",\"url\":\"https:\/\/www.msn.unipi.it\/it\/\",\"name\":\"Museo di Storia Naturale dell&#039;Universit\u00e0 di Pisa\",\"description\":\"\",\"publisher\":{\"@id\":\"https:\/\/www.msn.unipi.it\/it\/#organization\"},\"potentialAction\":[{\"@type\":\"SearchAction\",\"target\":{\"@type\":\"EntryPoint\",\"urlTemplate\":\"https:\/\/www.msn.unipi.it\/it\/?s={search_term_string}\"},\"query-input\":{\"@type\":\"PropertyValueSpecification\",\"valueRequired\":true,\"valueName\":\"search_term_string\"}}],\"inLanguage\":\"it-IT\"},{\"@type\":\"Organization\",\"@id\":\"https:\/\/www.msn.unipi.it\/it\/#organization\",\"name\":\"Museo di Storia Naturale dell'Universit\u00e0 di Pisa\",\"url\":\"https:\/\/www.msn.unipi.it\/it\/\",\"logo\":{\"@type\":\"ImageObject\",\"inLanguage\":\"it-IT\",\"@id\":\"https:\/\/www.msn.unipi.it\/it\/#\/schema\/logo\/image\/\",\"url\":\"https:\/\/www.msn.unipi.it\/wp-content\/uploads\/2016\/07\/footer-logo.png\",\"contentUrl\":\"https:\/\/www.msn.unipi.it\/wp-content\/uploads\/2016\/07\/footer-logo.png\",\"width\":220,\"height\":95,\"caption\":\"Museo di Storia Naturale dell'Universit\u00e0 di Pisa\"},\"image\":{\"@id\":\"https:\/\/www.msn.unipi.it\/it\/#\/schema\/logo\/image\/\"},\"sameAs\":[\"https:\/\/www.facebook.com\/Museo-di-Storia-Naturale-Universit\u00e0-di-Pisa-277794215612108\/\",\"https:\/\/x.com\/msncalci\",\"https:\/\/www.instagram.com\/museostorianaturale_calci\/\",\"https:\/\/www.youtube.com\/channel\/UCDaMBe_RegmdCnxLPmryMxw\"]},{\"@type\":\"Person\",\"@id\":\"https:\/\/www.msn.unipi.it\/it\/#\/schema\/person\/ed9b10c0618fabf77f29c32885d14a64\",\"name\":\"websoup\",\"image\":{\"@type\":\"ImageObject\",\"inLanguage\":\"it-IT\",\"@id\":\"https:\/\/www.msn.unipi.it\/it\/#\/schema\/person\/image\/\",\"url\":\"https:\/\/secure.gravatar.com\/avatar\/4118c2ea32b6d8e2ac1a2f57333fd5d2?s=96&d=mm&r=g\",\"contentUrl\":\"https:\/\/secure.gravatar.com\/avatar\/4118c2ea32b6d8e2ac1a2f57333fd5d2?s=96&d=mm&r=g\",\"caption\":\"websoup\"}}]}<\/script>\n<!-- \/ Yoast SEO plugin. -->","yoast_head_json":{"title":"Record di visitatori al Museo di Storia Naturale - Museo di Storia Naturale dell&#039;Universit\u00e0 di Pisa","description":"50.000 individui. Tanti quanti quelli che il 20 settembre 1870 marciarono attraverso la breccia di Porta Pia in occasione della presa di Roma. Met\u00e0","robots":{"index":"index","follow":"follow","max-snippet":"max-snippet:-1","max-image-preview":"max-image-preview:large","max-video-preview":"max-video-preview:-1"},"canonical":"https:\/\/www.msn.unipi.it\/it\/record-di-visitatori-al-museo-di-storia-naturale\/","og_locale":"it_IT","og_type":"article","og_title":"Record di visitatori al Museo di Storia Naturale - Museo di Storia Naturale dell&#039;Universit\u00e0 di Pisa","og_description":"50.000 individui. Tanti quanti quelli che il 20 settembre 1870 marciarono attraverso la breccia di Porta Pia in occasione della presa di Roma. Met\u00e0","og_url":"https:\/\/www.msn.unipi.it\/it\/record-di-visitatori-al-museo-di-storia-naturale\/","og_site_name":"Museo di Storia Naturale dell&#039;Universit\u00e0 di Pisa","article_publisher":"https:\/\/www.facebook.com\/Museo-di-Storia-Naturale-Universit%c3%a0-di-Pisa-277794215612108\/","article_published_time":"2014-12-12T08:51:08+00:00","author":"websoup","twitter_card":"summary_large_image","twitter_creator":"@msncalci","twitter_site":"@msncalci","twitter_misc":{"Scritto da":"websoup","Tempo di lettura stimato":"2 minuti"},"schema":{"@context":"https:\/\/schema.org","@graph":[{"@type":"Article","@id":"https:\/\/www.msn.unipi.it\/it\/record-di-visitatori-al-museo-di-storia-naturale\/#article","isPartOf":{"@id":"https:\/\/www.msn.unipi.it\/it\/record-di-visitatori-al-museo-di-storia-naturale\/"},"author":{"name":"websoup","@id":"https:\/\/www.msn.unipi.it\/it\/#\/schema\/person\/ed9b10c0618fabf77f29c32885d14a64"},"headline":"Record di visitatori al Museo di Storia Naturale","datePublished":"2014-12-12T08:51:08+00:00","mainEntityOfPage":{"@id":"https:\/\/www.msn.unipi.it\/it\/record-di-visitatori-al-museo-di-storia-naturale\/"},"wordCount":461,"publisher":{"@id":"https:\/\/www.msn.unipi.it\/it\/#organization"},"articleSection":["Archivio notizie"],"inLanguage":"it-IT"},{"@type":"WebPage","@id":"https:\/\/www.msn.unipi.it\/it\/record-di-visitatori-al-museo-di-storia-naturale\/","url":"https:\/\/www.msn.unipi.it\/it\/record-di-visitatori-al-museo-di-storia-naturale\/","name":"Record di visitatori al Museo di Storia Naturale - Museo di Storia Naturale dell&#039;Universit\u00e0 di Pisa","isPartOf":{"@id":"https:\/\/www.msn.unipi.it\/it\/#website"},"datePublished":"2014-12-12T08:51:08+00:00","description":"50.000 individui. Tanti quanti quelli che il 20 settembre 1870 marciarono attraverso la breccia di Porta Pia in occasione della presa di Roma. Met\u00e0","breadcrumb":{"@id":"https:\/\/www.msn.unipi.it\/it\/record-di-visitatori-al-museo-di-storia-naturale\/#breadcrumb"},"inLanguage":"it-IT","potentialAction":[{"@type":"ReadAction","target":["https:\/\/www.msn.unipi.it\/it\/record-di-visitatori-al-museo-di-storia-naturale\/"]}]},{"@type":"BreadcrumbList","@id":"https:\/\/www.msn.unipi.it\/it\/record-di-visitatori-al-museo-di-storia-naturale\/#breadcrumb","itemListElement":[{"@type":"ListItem","position":1,"name":"Home","item":"https:\/\/www.msn.unipi.it\/it\/"},{"@type":"ListItem","position":2,"name":"Record di visitatori al Museo di Storia Naturale"}]},{"@type":"WebSite","@id":"https:\/\/www.msn.unipi.it\/it\/#website","url":"https:\/\/www.msn.unipi.it\/it\/","name":"Museo di Storia Naturale dell&#039;Universit\u00e0 di Pisa","description":"","publisher":{"@id":"https:\/\/www.msn.unipi.it\/it\/#organization"},"potentialAction":[{"@type":"SearchAction","target":{"@type":"EntryPoint","urlTemplate":"https:\/\/www.msn.unipi.it\/it\/?s={search_term_string}"},"query-input":{"@type":"PropertyValueSpecification","valueRequired":true,"valueName":"search_term_string"}}],"inLanguage":"it-IT"},{"@type":"Organization","@id":"https:\/\/www.msn.unipi.it\/it\/#organization","name":"Museo di Storia Naturale dell'Universit\u00e0 di Pisa","url":"https:\/\/www.msn.unipi.it\/it\/","logo":{"@type":"ImageObject","inLanguage":"it-IT","@id":"https:\/\/www.msn.unipi.it\/it\/#\/schema\/logo\/image\/","url":"https:\/\/www.msn.unipi.it\/wp-content\/uploads\/2016\/07\/footer-logo.png","contentUrl":"https:\/\/www.msn.unipi.it\/wp-content\/uploads\/2016\/07\/footer-logo.png","width":220,"height":95,"caption":"Museo di Storia Naturale dell'Universit\u00e0 di Pisa"},"image":{"@id":"https:\/\/www.msn.unipi.it\/it\/#\/schema\/logo\/image\/"},"sameAs":["https:\/\/www.facebook.com\/Museo-di-Storia-Naturale-Universit\u00e0-di-Pisa-277794215612108\/","https:\/\/x.com\/msncalci","https:\/\/www.instagram.com\/museostorianaturale_calci\/","https:\/\/www.youtube.com\/channel\/UCDaMBe_RegmdCnxLPmryMxw"]},{"@type":"Person","@id":"https:\/\/www.msn.unipi.it\/it\/#\/schema\/person\/ed9b10c0618fabf77f29c32885d14a64","name":"websoup","image":{"@type":"ImageObject","inLanguage":"it-IT","@id":"https:\/\/www.msn.unipi.it\/it\/#\/schema\/person\/image\/","url":"https:\/\/secure.gravatar.com\/avatar\/4118c2ea32b6d8e2ac1a2f57333fd5d2?s=96&d=mm&r=g","contentUrl":"https:\/\/secure.gravatar.com\/avatar\/4118c2ea32b6d8e2ac1a2f57333fd5d2?s=96&d=mm&r=g","caption":"websoup"}}]}},"jetpack_featured_media_url":"","jetpack_sharing_enabled":true,"_links":{"self":[{"href":"https:\/\/www.msn.unipi.it\/it\/wp-json\/wp\/v2\/posts\/5091","targetHints":{"allow":["GET"]}}],"collection":[{"href":"https:\/\/www.msn.unipi.it\/it\/wp-json\/wp\/v2\/posts"}],"about":[{"href":"https:\/\/www.msn.unipi.it\/it\/wp-json\/wp\/v2\/types\/post"}],"author":[{"embeddable":true,"href":"https:\/\/www.msn.unipi.it\/it\/wp-json\/wp\/v2\/users\/1"}],"replies":[{"embeddable":true,"href":"https:\/\/www.msn.unipi.it\/it\/wp-json\/wp\/v2\/comments?post=5091"}],"version-history":[{"count":0,"href":"https:\/\/www.msn.unipi.it\/it\/wp-json\/wp\/v2\/posts\/5091\/revisions"}],"wp:attachment":[{"href":"https:\/\/www.msn.unipi.it\/it\/wp-json\/wp\/v2\/media?parent=5091"}],"wp:term":[{"taxonomy":"category","embeddable":true,"href":"https:\/\/www.msn.unipi.it\/it\/wp-json\/wp\/v2\/categories?post=5091"},{"taxonomy":"post_tag","embeddable":true,"href":"https:\/\/www.msn.unipi.it\/it\/wp-json\/wp\/v2\/tags?post=5091"}],"curies":[{"name":"wp","href":"https:\/\/api.w.org\/{rel}","templated":true}]}}