{"id":5395,"date":"2015-03-10T10:03:56","date_gmt":"2015-03-10T09:03:56","guid":{"rendered":"http:\/\/msntest.unipi.it\/?p=5395"},"modified":"2015-03-10T10:03:56","modified_gmt":"2015-03-10T09:03:56","slug":"alla-scoperta-dei-monti-pisani-per-conto-del-granduca","status":"publish","type":"post","link":"https:\/\/www.msn.unipi.it\/it\/alla-scoperta-dei-monti-pisani-per-conto-del-granduca\/","title":{"rendered":"Alla scoperta dei monti Pisani per conto del Granduca"},"content":{"rendered":"<p><a href=\"http:\/\/www.msn.unipi.it\/wp-content\/uploads\/2015\/03\/Volantino-T-T.jpg\" data-lbwps-width=\"1458\" data-lbwps-height=\"2048\" data-lbwps-srcsmall=\"https:\/\/www.msn.unipi.it\/wp-content\/uploads\/2015\/03\/Volantino-T-T-320x450.jpg\"><img loading=\"lazy\" decoding=\"async\" class=\"aligncenter size-full wp-image-5394\" alt=\"Volantino T-T\" src=\"http:\/\/www.msn.unipi.it\/wp-content\/uploads\/2015\/03\/Volantino-T-T.jpg\" width=\"2646\" height=\"3717\" srcset=\"https:\/\/www.msn.unipi.it\/wp-content\/uploads\/2015\/03\/Volantino-T-T.jpg 1458w, https:\/\/www.msn.unipi.it\/wp-content\/uploads\/2015\/03\/Volantino-T-T-320x450.jpg 320w, https:\/\/www.msn.unipi.it\/wp-content\/uploads\/2015\/03\/Volantino-T-T-768x1079.jpg 768w, https:\/\/www.msn.unipi.it\/wp-content\/uploads\/2015\/03\/Volantino-T-T-570x800.jpg 570w\" sizes=\"auto, (max-width: 2646px) 100vw, 2646px\" \/><\/a><\/p>\n<p>&nbsp;<\/p>\n<p>Venerd\u00ec <strong>13 marzo 2015<\/strong>, alle ore<strong> 15:30<\/strong>, presso il Museo di Storia Naturale, avr\u00e0 luogo un evento unico: il dottor <span style=\"text-decoration: underline;\"><strong>Francesco Nerli<\/strong><\/span> terr\u00e0 una conferenza dal titolo \u201c<span style=\"text-decoration: underline;\"><strong>Alla scoperta dei monti Pisani per conto del Granduca<\/strong><\/span>\u201d: un appuntamento con la storia locale, a ridosso del tanto atteso Capodanno Pisano.<\/p>\n<p>Protagonista dell\u2019intervento, <span style=\"text-decoration: underline;\"><strong>Giovanni Targioni Tozzetti<\/strong><\/span> (Firenze, 11 settembre\u00a01712 \u2013 Firenze, 7 gennaio 1783), medico\u00a0e naturalista italiano, nonch\u00e9 capostipite di una\u00a0famiglia di studiosi la cui opera sar\u00e0\u00a0intimamente legata allo sviluppo scientifico ed economico della Toscana.\u00a0Giovanni si interess\u00f2 in maniera particolare alla storia (naturale e non solo) della nostra regione, e raccolse i risultati delle sue osservazioni nel suo \u201c&#8221;<strong>Viaggi\u00a0fatti in diverse parti della Toscana per\u00a0osservare le produzioni naturali e gli antichi monumenti di essa<\/strong>&#8220;; a tutt\u2019oggi, il suo libro rappresenta una fondamentale e imprescindibile testimonianza sull\u2019aspetto di queste terre nel XVIII secolo.<\/p>\n<p>Francesco Nerli si soffermer\u00e0 in particolare sulle esplorazioni compiute da Giovanni attraverso i Monti Pisani <strong>da Buti a Calci, fino ai Bagni di San Giuliano<\/strong> e oltre. Un bel modo di riscoprire le nostre radici, cos\u00ec come sono scritte nei cambiamenti del paesaggio che ci circonda.<\/p>\n<p>L\u2019evento \u00e8 organizzato dagli Amici del Museo di Storia Naturale, in collaborazione, oltre che con lo stesso Museo, con l\u2019Universit\u00e0 di Pisa e il Comune di Calci.<\/p>\n","protected":false},"excerpt":{"rendered":"<p>&nbsp; Venerd\u00ec 13 marzo 2015, alle ore 15:30, presso il Museo di Storia Naturale, avr\u00e0 luogo un evento unico: il dottor Francesco Nerli terr\u00e0 una conferenza dal titolo \u201cAlla scoperta dei monti Pisani per conto del Granduca\u201d: un appuntamento con la storia locale, a ridosso del tanto atteso Capodanno Pisano. Protagonista dell\u2019intervento, Giovanni Targioni Tozzetti&nbsp; <a href=\"https:\/\/www.msn.unipi.it\/it\/alla-scoperta-dei-monti-pisani-per-conto-del-granduca\/\">&hellip;  <i class=\"fa fa-chevron-right\"><\/i><\/a><\/p>\n","protected":false},"author":1,"featured_media":0,"comment_status":"closed","ping_status":"closed","sticky":false,"template":"","format":"standard","meta":{"_jetpack_memberships_contains_paid_content":false,"footnotes":""},"categories":[9],"tags":[],"class_list":["post-5395","post","type-post","status-publish","format-standard","hentry","category-archivio"],"yoast_head":"<!-- This site is optimized with the Yoast SEO plugin v26.8 - https:\/\/yoast.com\/product\/yoast-seo-wordpress\/ -->\n<title>Alla scoperta dei monti Pisani per conto del Granduca - Museo di Storia Naturale dell&#039;Universit\u00e0 di Pisa<\/title>\n<meta name=\"description\" content=\"&nbsp; Venerd\u00ec 13 marzo 2015, alle ore 15:30, presso il Museo di Storia Naturale, avr\u00e0 luogo un evento unico: il dottor Francesco Nerli terr\u00e0 una\" \/>\n<meta name=\"robots\" content=\"index, follow, max-snippet:-1, max-image-preview:large, max-video-preview:-1\" \/>\n<link rel=\"canonical\" href=\"https:\/\/www.msn.unipi.it\/it\/alla-scoperta-dei-monti-pisani-per-conto-del-granduca\/\" \/>\n<meta property=\"og:locale\" content=\"it_IT\" \/>\n<meta property=\"og:type\" content=\"article\" \/>\n<meta property=\"og:title\" content=\"Alla scoperta dei monti Pisani per conto del Granduca - Museo di Storia Naturale dell&#039;Universit\u00e0 di Pisa\" \/>\n<meta property=\"og:description\" content=\"&nbsp; Venerd\u00ec 13 marzo 2015, alle ore 15:30, presso il Museo di Storia Naturale, avr\u00e0 luogo un evento unico: il dottor Francesco Nerli terr\u00e0 una\" \/>\n<meta property=\"og:url\" content=\"https:\/\/www.msn.unipi.it\/it\/alla-scoperta-dei-monti-pisani-per-conto-del-granduca\/\" \/>\n<meta property=\"og:site_name\" content=\"Museo di Storia Naturale dell&#039;Universit\u00e0 di Pisa\" \/>\n<meta property=\"article:publisher\" content=\"https:\/\/www.facebook.com\/Museo-di-Storia-Naturale-Universit%c3%a0-di-Pisa-277794215612108\/\" \/>\n<meta property=\"article:published_time\" content=\"2015-03-10T09:03:56+00:00\" \/>\n<meta property=\"og:image\" content=\"http:\/\/www.msn.unipi.it\/wp-content\/uploads\/2015\/03\/Volantino-T-T.jpg\" \/>\n<meta name=\"author\" content=\"websoup\" \/>\n<meta name=\"twitter:card\" content=\"summary_large_image\" \/>\n<meta name=\"twitter:creator\" content=\"@msncalci\" \/>\n<meta name=\"twitter:site\" content=\"@msncalci\" \/>\n<meta name=\"twitter:label1\" content=\"Scritto da\" \/>\n\t<meta name=\"twitter:data1\" content=\"websoup\" \/>\n\t<meta name=\"twitter:label2\" content=\"Tempo di lettura stimato\" \/>\n\t<meta name=\"twitter:data2\" content=\"1 minuto\" \/>\n<script type=\"application\/ld+json\" class=\"yoast-schema-graph\">{\"@context\":\"https:\/\/schema.org\",\"@graph\":[{\"@type\":\"Article\",\"@id\":\"https:\/\/www.msn.unipi.it\/it\/alla-scoperta-dei-monti-pisani-per-conto-del-granduca\/#article\",\"isPartOf\":{\"@id\":\"https:\/\/www.msn.unipi.it\/it\/alla-scoperta-dei-monti-pisani-per-conto-del-granduca\/\"},\"author\":{\"name\":\"websoup\",\"@id\":\"https:\/\/www.msn.unipi.it\/it\/#\/schema\/person\/ed9b10c0618fabf77f29c32885d14a64\"},\"headline\":\"Alla scoperta dei monti Pisani per conto del Granduca\",\"datePublished\":\"2015-03-10T09:03:56+00:00\",\"mainEntityOfPage\":{\"@id\":\"https:\/\/www.msn.unipi.it\/it\/alla-scoperta-dei-monti-pisani-per-conto-del-granduca\/\"},\"wordCount\":226,\"publisher\":{\"@id\":\"https:\/\/www.msn.unipi.it\/it\/#organization\"},\"image\":{\"@id\":\"https:\/\/www.msn.unipi.it\/it\/alla-scoperta-dei-monti-pisani-per-conto-del-granduca\/#primaryimage\"},\"thumbnailUrl\":\"http:\/\/www.msn.unipi.it\/wp-content\/uploads\/2015\/03\/Volantino-T-T.jpg\",\"articleSection\":[\"Archivio notizie\"],\"inLanguage\":\"it-IT\"},{\"@type\":\"WebPage\",\"@id\":\"https:\/\/www.msn.unipi.it\/it\/alla-scoperta-dei-monti-pisani-per-conto-del-granduca\/\",\"url\":\"https:\/\/www.msn.unipi.it\/it\/alla-scoperta-dei-monti-pisani-per-conto-del-granduca\/\",\"name\":\"Alla scoperta dei monti Pisani per conto del Granduca - Museo di Storia Naturale dell&#039;Universit\u00e0 di Pisa\",\"isPartOf\":{\"@id\":\"https:\/\/www.msn.unipi.it\/it\/#website\"},\"primaryImageOfPage\":{\"@id\":\"https:\/\/www.msn.unipi.it\/it\/alla-scoperta-dei-monti-pisani-per-conto-del-granduca\/#primaryimage\"},\"image\":{\"@id\":\"https:\/\/www.msn.unipi.it\/it\/alla-scoperta-dei-monti-pisani-per-conto-del-granduca\/#primaryimage\"},\"thumbnailUrl\":\"http:\/\/www.msn.unipi.it\/wp-content\/uploads\/2015\/03\/Volantino-T-T.jpg\",\"datePublished\":\"2015-03-10T09:03:56+00:00\",\"description\":\"&nbsp; Venerd\u00ec 13 marzo 2015, alle ore 15:30, presso il Museo di Storia Naturale, avr\u00e0 luogo un evento unico: il dottor Francesco Nerli terr\u00e0 una\",\"breadcrumb\":{\"@id\":\"https:\/\/www.msn.unipi.it\/it\/alla-scoperta-dei-monti-pisani-per-conto-del-granduca\/#breadcrumb\"},\"inLanguage\":\"it-IT\",\"potentialAction\":[{\"@type\":\"ReadAction\",\"target\":[\"https:\/\/www.msn.unipi.it\/it\/alla-scoperta-dei-monti-pisani-per-conto-del-granduca\/\"]}]},{\"@type\":\"ImageObject\",\"inLanguage\":\"it-IT\",\"@id\":\"https:\/\/www.msn.unipi.it\/it\/alla-scoperta-dei-monti-pisani-per-conto-del-granduca\/#primaryimage\",\"url\":\"http:\/\/www.msn.unipi.it\/wp-content\/uploads\/2015\/03\/Volantino-T-T.jpg\",\"contentUrl\":\"http:\/\/www.msn.unipi.it\/wp-content\/uploads\/2015\/03\/Volantino-T-T.jpg\"},{\"@type\":\"BreadcrumbList\",\"@id\":\"https:\/\/www.msn.unipi.it\/it\/alla-scoperta-dei-monti-pisani-per-conto-del-granduca\/#breadcrumb\",\"itemListElement\":[{\"@type\":\"ListItem\",\"position\":1,\"name\":\"Home\",\"item\":\"https:\/\/www.msn.unipi.it\/it\/\"},{\"@type\":\"ListItem\",\"position\":2,\"name\":\"Alla scoperta dei monti Pisani per conto del Granduca\"}]},{\"@type\":\"WebSite\",\"@id\":\"https:\/\/www.msn.unipi.it\/it\/#website\",\"url\":\"https:\/\/www.msn.unipi.it\/it\/\",\"name\":\"Museo di Storia Naturale dell&#039;Universit\u00e0 di Pisa\",\"description\":\"\",\"publisher\":{\"@id\":\"https:\/\/www.msn.unipi.it\/it\/#organization\"},\"potentialAction\":[{\"@type\":\"SearchAction\",\"target\":{\"@type\":\"EntryPoint\",\"urlTemplate\":\"https:\/\/www.msn.unipi.it\/it\/?s={search_term_string}\"},\"query-input\":{\"@type\":\"PropertyValueSpecification\",\"valueRequired\":true,\"valueName\":\"search_term_string\"}}],\"inLanguage\":\"it-IT\"},{\"@type\":\"Organization\",\"@id\":\"https:\/\/www.msn.unipi.it\/it\/#organization\",\"name\":\"Museo di Storia Naturale dell'Universit\u00e0 di Pisa\",\"url\":\"https:\/\/www.msn.unipi.it\/it\/\",\"logo\":{\"@type\":\"ImageObject\",\"inLanguage\":\"it-IT\",\"@id\":\"https:\/\/www.msn.unipi.it\/it\/#\/schema\/logo\/image\/\",\"url\":\"https:\/\/www.msn.unipi.it\/wp-content\/uploads\/2016\/07\/footer-logo.png\",\"contentUrl\":\"https:\/\/www.msn.unipi.it\/wp-content\/uploads\/2016\/07\/footer-logo.png\",\"width\":220,\"height\":95,\"caption\":\"Museo di Storia Naturale dell'Universit\u00e0 di Pisa\"},\"image\":{\"@id\":\"https:\/\/www.msn.unipi.it\/it\/#\/schema\/logo\/image\/\"},\"sameAs\":[\"https:\/\/www.facebook.com\/Museo-di-Storia-Naturale-Universit\u00e0-di-Pisa-277794215612108\/\",\"https:\/\/x.com\/msncalci\",\"https:\/\/www.instagram.com\/museostorianaturale_calci\/\",\"https:\/\/www.youtube.com\/channel\/UCDaMBe_RegmdCnxLPmryMxw\"]},{\"@type\":\"Person\",\"@id\":\"https:\/\/www.msn.unipi.it\/it\/#\/schema\/person\/ed9b10c0618fabf77f29c32885d14a64\",\"name\":\"websoup\",\"image\":{\"@type\":\"ImageObject\",\"inLanguage\":\"it-IT\",\"@id\":\"https:\/\/www.msn.unipi.it\/it\/#\/schema\/person\/image\/\",\"url\":\"https:\/\/secure.gravatar.com\/avatar\/4118c2ea32b6d8e2ac1a2f57333fd5d2?s=96&d=mm&r=g\",\"contentUrl\":\"https:\/\/secure.gravatar.com\/avatar\/4118c2ea32b6d8e2ac1a2f57333fd5d2?s=96&d=mm&r=g\",\"caption\":\"websoup\"}}]}<\/script>\n<!-- \/ Yoast SEO plugin. -->","yoast_head_json":{"title":"Alla scoperta dei monti Pisani per conto del Granduca - Museo di Storia Naturale dell&#039;Universit\u00e0 di Pisa","description":"&nbsp; Venerd\u00ec 13 marzo 2015, alle ore 15:30, presso il Museo di Storia Naturale, avr\u00e0 luogo un evento unico: il dottor Francesco Nerli terr\u00e0 una","robots":{"index":"index","follow":"follow","max-snippet":"max-snippet:-1","max-image-preview":"max-image-preview:large","max-video-preview":"max-video-preview:-1"},"canonical":"https:\/\/www.msn.unipi.it\/it\/alla-scoperta-dei-monti-pisani-per-conto-del-granduca\/","og_locale":"it_IT","og_type":"article","og_title":"Alla scoperta dei monti Pisani per conto del Granduca - Museo di Storia Naturale dell&#039;Universit\u00e0 di Pisa","og_description":"&nbsp; Venerd\u00ec 13 marzo 2015, alle ore 15:30, presso il Museo di Storia Naturale, avr\u00e0 luogo un evento unico: il dottor Francesco Nerli terr\u00e0 una","og_url":"https:\/\/www.msn.unipi.it\/it\/alla-scoperta-dei-monti-pisani-per-conto-del-granduca\/","og_site_name":"Museo di Storia Naturale dell&#039;Universit\u00e0 di Pisa","article_publisher":"https:\/\/www.facebook.com\/Museo-di-Storia-Naturale-Universit%c3%a0-di-Pisa-277794215612108\/","article_published_time":"2015-03-10T09:03:56+00:00","og_image":[{"url":"http:\/\/www.msn.unipi.it\/wp-content\/uploads\/2015\/03\/Volantino-T-T.jpg","type":"","width":"","height":""}],"author":"websoup","twitter_card":"summary_large_image","twitter_creator":"@msncalci","twitter_site":"@msncalci","twitter_misc":{"Scritto da":"websoup","Tempo di lettura stimato":"1 minuto"},"schema":{"@context":"https:\/\/schema.org","@graph":[{"@type":"Article","@id":"https:\/\/www.msn.unipi.it\/it\/alla-scoperta-dei-monti-pisani-per-conto-del-granduca\/#article","isPartOf":{"@id":"https:\/\/www.msn.unipi.it\/it\/alla-scoperta-dei-monti-pisani-per-conto-del-granduca\/"},"author":{"name":"websoup","@id":"https:\/\/www.msn.unipi.it\/it\/#\/schema\/person\/ed9b10c0618fabf77f29c32885d14a64"},"headline":"Alla scoperta dei monti Pisani per conto del Granduca","datePublished":"2015-03-10T09:03:56+00:00","mainEntityOfPage":{"@id":"https:\/\/www.msn.unipi.it\/it\/alla-scoperta-dei-monti-pisani-per-conto-del-granduca\/"},"wordCount":226,"publisher":{"@id":"https:\/\/www.msn.unipi.it\/it\/#organization"},"image":{"@id":"https:\/\/www.msn.unipi.it\/it\/alla-scoperta-dei-monti-pisani-per-conto-del-granduca\/#primaryimage"},"thumbnailUrl":"http:\/\/www.msn.unipi.it\/wp-content\/uploads\/2015\/03\/Volantino-T-T.jpg","articleSection":["Archivio notizie"],"inLanguage":"it-IT"},{"@type":"WebPage","@id":"https:\/\/www.msn.unipi.it\/it\/alla-scoperta-dei-monti-pisani-per-conto-del-granduca\/","url":"https:\/\/www.msn.unipi.it\/it\/alla-scoperta-dei-monti-pisani-per-conto-del-granduca\/","name":"Alla scoperta dei monti Pisani per conto del Granduca - Museo di Storia Naturale dell&#039;Universit\u00e0 di Pisa","isPartOf":{"@id":"https:\/\/www.msn.unipi.it\/it\/#website"},"primaryImageOfPage":{"@id":"https:\/\/www.msn.unipi.it\/it\/alla-scoperta-dei-monti-pisani-per-conto-del-granduca\/#primaryimage"},"image":{"@id":"https:\/\/www.msn.unipi.it\/it\/alla-scoperta-dei-monti-pisani-per-conto-del-granduca\/#primaryimage"},"thumbnailUrl":"http:\/\/www.msn.unipi.it\/wp-content\/uploads\/2015\/03\/Volantino-T-T.jpg","datePublished":"2015-03-10T09:03:56+00:00","description":"&nbsp; Venerd\u00ec 13 marzo 2015, alle ore 15:30, presso il Museo di Storia Naturale, avr\u00e0 luogo un evento unico: il dottor Francesco Nerli terr\u00e0 una","breadcrumb":{"@id":"https:\/\/www.msn.unipi.it\/it\/alla-scoperta-dei-monti-pisani-per-conto-del-granduca\/#breadcrumb"},"inLanguage":"it-IT","potentialAction":[{"@type":"ReadAction","target":["https:\/\/www.msn.unipi.it\/it\/alla-scoperta-dei-monti-pisani-per-conto-del-granduca\/"]}]},{"@type":"ImageObject","inLanguage":"it-IT","@id":"https:\/\/www.msn.unipi.it\/it\/alla-scoperta-dei-monti-pisani-per-conto-del-granduca\/#primaryimage","url":"http:\/\/www.msn.unipi.it\/wp-content\/uploads\/2015\/03\/Volantino-T-T.jpg","contentUrl":"http:\/\/www.msn.unipi.it\/wp-content\/uploads\/2015\/03\/Volantino-T-T.jpg"},{"@type":"BreadcrumbList","@id":"https:\/\/www.msn.unipi.it\/it\/alla-scoperta-dei-monti-pisani-per-conto-del-granduca\/#breadcrumb","itemListElement":[{"@type":"ListItem","position":1,"name":"Home","item":"https:\/\/www.msn.unipi.it\/it\/"},{"@type":"ListItem","position":2,"name":"Alla scoperta dei monti Pisani per conto del Granduca"}]},{"@type":"WebSite","@id":"https:\/\/www.msn.unipi.it\/it\/#website","url":"https:\/\/www.msn.unipi.it\/it\/","name":"Museo di Storia Naturale dell&#039;Universit\u00e0 di Pisa","description":"","publisher":{"@id":"https:\/\/www.msn.unipi.it\/it\/#organization"},"potentialAction":[{"@type":"SearchAction","target":{"@type":"EntryPoint","urlTemplate":"https:\/\/www.msn.unipi.it\/it\/?s={search_term_string}"},"query-input":{"@type":"PropertyValueSpecification","valueRequired":true,"valueName":"search_term_string"}}],"inLanguage":"it-IT"},{"@type":"Organization","@id":"https:\/\/www.msn.unipi.it\/it\/#organization","name":"Museo di Storia Naturale dell'Universit\u00e0 di Pisa","url":"https:\/\/www.msn.unipi.it\/it\/","logo":{"@type":"ImageObject","inLanguage":"it-IT","@id":"https:\/\/www.msn.unipi.it\/it\/#\/schema\/logo\/image\/","url":"https:\/\/www.msn.unipi.it\/wp-content\/uploads\/2016\/07\/footer-logo.png","contentUrl":"https:\/\/www.msn.unipi.it\/wp-content\/uploads\/2016\/07\/footer-logo.png","width":220,"height":95,"caption":"Museo di Storia Naturale dell'Universit\u00e0 di Pisa"},"image":{"@id":"https:\/\/www.msn.unipi.it\/it\/#\/schema\/logo\/image\/"},"sameAs":["https:\/\/www.facebook.com\/Museo-di-Storia-Naturale-Universit\u00e0-di-Pisa-277794215612108\/","https:\/\/x.com\/msncalci","https:\/\/www.instagram.com\/museostorianaturale_calci\/","https:\/\/www.youtube.com\/channel\/UCDaMBe_RegmdCnxLPmryMxw"]},{"@type":"Person","@id":"https:\/\/www.msn.unipi.it\/it\/#\/schema\/person\/ed9b10c0618fabf77f29c32885d14a64","name":"websoup","image":{"@type":"ImageObject","inLanguage":"it-IT","@id":"https:\/\/www.msn.unipi.it\/it\/#\/schema\/person\/image\/","url":"https:\/\/secure.gravatar.com\/avatar\/4118c2ea32b6d8e2ac1a2f57333fd5d2?s=96&d=mm&r=g","contentUrl":"https:\/\/secure.gravatar.com\/avatar\/4118c2ea32b6d8e2ac1a2f57333fd5d2?s=96&d=mm&r=g","caption":"websoup"}}]}},"jetpack_featured_media_url":"","jetpack_sharing_enabled":true,"_links":{"self":[{"href":"https:\/\/www.msn.unipi.it\/it\/wp-json\/wp\/v2\/posts\/5395","targetHints":{"allow":["GET"]}}],"collection":[{"href":"https:\/\/www.msn.unipi.it\/it\/wp-json\/wp\/v2\/posts"}],"about":[{"href":"https:\/\/www.msn.unipi.it\/it\/wp-json\/wp\/v2\/types\/post"}],"author":[{"embeddable":true,"href":"https:\/\/www.msn.unipi.it\/it\/wp-json\/wp\/v2\/users\/1"}],"replies":[{"embeddable":true,"href":"https:\/\/www.msn.unipi.it\/it\/wp-json\/wp\/v2\/comments?post=5395"}],"version-history":[{"count":0,"href":"https:\/\/www.msn.unipi.it\/it\/wp-json\/wp\/v2\/posts\/5395\/revisions"}],"wp:attachment":[{"href":"https:\/\/www.msn.unipi.it\/it\/wp-json\/wp\/v2\/media?parent=5395"}],"wp:term":[{"taxonomy":"category","embeddable":true,"href":"https:\/\/www.msn.unipi.it\/it\/wp-json\/wp\/v2\/categories?post=5395"},{"taxonomy":"post_tag","embeddable":true,"href":"https:\/\/www.msn.unipi.it\/it\/wp-json\/wp\/v2\/tags?post=5395"}],"curies":[{"name":"wp","href":"https:\/\/api.w.org\/{rel}","templated":true}]}}