{"id":570,"date":"2017-06-22T18:44:54","date_gmt":"2017-06-22T16:44:54","guid":{"rendered":"https:\/\/diariodelmuseo.wordpress.com\/?p=570"},"modified":"2017-09-19T15:05:42","modified_gmt":"2017-09-19T13:05:42","slug":"specchio-specchio-delle-mie-brame","status":"publish","type":"post","link":"https:\/\/www.msn.unipi.it\/it\/specchio-specchio-delle-mie-brame\/","title":{"rendered":"Specchio specchio delle mie brame"},"content":{"rendered":"<p>Presentazione del volume &#8220;<strong>Cavalli allo specchio<\/strong>&#8220;, 9 Giugno 2017.<\/p>\n<div id=\"attachment_587\" style=\"width: 452px\" class=\"wp-caption aligncenter\"><img loading=\"lazy\" decoding=\"async\" aria-describedby=\"caption-attachment-587\" class=\"alignnone wp-image-587\" src=\"http:\/\/www.msn.unipi.it\/wp-content\/uploads\/2017\/06\/img_5649.jpg\" alt=\"IMG_5649\" width=\"442\" height=\"665\" srcset=\"https:\/\/www.msn.unipi.it\/wp-content\/uploads\/2017\/06\/img_5649.jpg 887w, https:\/\/www.msn.unipi.it\/wp-content\/uploads\/2017\/06\/img_5649-299x450.jpg 299w, https:\/\/www.msn.unipi.it\/wp-content\/uploads\/2017\/06\/img_5649-768x1155.jpg 768w, https:\/\/www.msn.unipi.it\/wp-content\/uploads\/2017\/06\/img_5649-532x800.jpg 532w\" sizes=\"auto, (max-width: 442px) 100vw, 442px\" \/><p id=\"caption-attachment-587\" class=\"wp-caption-text\">Gli autori Paolo Baragli &#8211; Dipartimento di Scienze Veterinarie, Universit\u00e0 di Pisa &#8211; e Marco Pagliai &#8211; Addestratore Etologico.<\/p><\/div>\n<p>&nbsp;<\/p>\n<p>I cavalli sanno <strong>riconoscersi<\/strong> allo <strong>specchio<\/strong>?<\/p>\n<p>Un gruppo di ricercatori dell&#8217;Universit\u00e0 di Pisa sta lavorando per capire se i cavalli hanno coscienza di s\u00e9.<\/p>\n<p>Quale metodo migliore se non l&#8217;utilizzo di uno specchio per capire se gli animali hanno coscienza di s\u00e9?\u00a0 Nella superficie riflettente l&#8217;individuo riconoscer\u00e0 s\u00e9 stesso se percepir\u00e0 la figura riflessa come propria. In caso contrario, attribuir\u00e0 l&#8217;immagine a un conspecifico.<\/p>\n<p>Ovviamente riconoscersi allo specchio non \u00e8 utile all&#8217;individuo nella vita di tutti i giorni, ma scoprire se gli animali sono in grado di farlo \u00e8 molto importante per comprenderne le capacit\u00e0 cognitive e percettive. Questo presupposto \u00e8 quello che ha spinto i ricercatori del Dipartimento di Scienze Veterinarie e Museo di Storia Naturale dell&#8217;Universit\u00e0 di Pisa a cimentarsi in questa sfida scientifica. Studi precedenti hanno dimostrato che <strong>scimmie antropomorfe<\/strong>, <strong>elefanti asiatici<\/strong>, <strong>delfini<\/strong> e <strong>gazze<\/strong> si sanno riconoscere. Il comune denominatore di queste specie \u00e8 un cervello complesso, che spesso corrisponde a un sistema sociale altrettanto complesso. Avere &#8216;idea del s\u00e9&#8217; sottende la capacit\u00e0 di saper differenziare il &#8216;s\u00e9&#8217; da &#8216;gli altri&#8217; e molti ricercatori pensano che questa sia la chiave per sviluppare complesse relazioni sociali ed emotive fino ad arrivare a complesse strategie nella manipolazione delle relazioni e persino a forme di empatia (seppur nelle sue strutture pi\u00f9 elementari) per la gestione dei rapporti inter-individuali. Il gruppo di ricerca ha selezionato il cavallo come candidato ideale, non solo in quanto animale sociale capace di riconoscere individualmente i compagni integrando le informazioni percepite da pi\u00f9 canali sensoriali, ma soprattutto per il ruolo che questa specie ha svolto e svolge in condivisione con l&#8217;uomo, sia esso in ambito produttivo o in campo ludico-sportivo. Non meno importante \u00e8 il ruolo del cavallo negli Interventi Assistiti con Animali (IAA), dove la conoscenza dei livelli percettivi, cognitivi ed emotivi di questa specie porterebbe a un suo pi\u00f9 corretto impiego soprattutto nel processo di condivisione emotiva tra uomo e animale.<\/p>\n<p>Il disegno sperimentale utilizzato \u00e8 quello concepito per i primati non umani, conosciuto come <strong><i>mark<\/i> <i>test<\/i><\/strong>. Una marcatura visibile\/colorata viene applicata su un punto del corpo che l&#8217;animale pu\u00f2 vedere solo con l&#8217;aiuto di uno specchio. L&#8217;individuo, se capace di riconoscersi, attua una serie di comportamenti volti a interagire con il segno, provando ad esempio a grattarlo via. Come controllo si utilizza una marcatura trasparente, invisibile, che garantisce la stessa sensazione tattile della marcatura colorata, senza per\u00f2 alcuno stimolo visivo. In questo studio il disegno sperimentale originale \u00e8 stato arricchito di un doppio controllo. La marcatura veniva applicata una volta sulla guancia sinistra e una volta sulla guancia destra dell&#8217;animale insieme alla marcatura trasparente, posta alternativamente a destra o a sinistra per livellare la sensazione tattile. Di fronte allo specchio, tre cavalli su quattro hanno mostrato di interagire, grattandosi pi\u00f9 frequentemente la guancia sinistra quando su essa era presente la marcatura colorata, rispetto a quando la stessa guancia era marcata con il segno trasparente. Uno di questi tre cavalli ha mostrato un forte interesse anche per il segno colorato quando questo era sulla guancia destra. Questi risultati, sostengono gli autori, non confermano appieno la capacit\u00e0 di riconoscersi allo specchio nel cavallo. Tuttavia l&#8217;accurata video analisi ha rivelato la presenza di particolari comportamenti che i soggetti mettevano in atto esclusivamente davanti alla superficie riflettente. Appena dopo aver esplorato la loro immagine riflessa, i cavalli guardavano dietro lo specchio, come a voler verificare l&#8217;assenza o la presenza di un altro individuo. Questo primo studio pilota ha spinto gli autori a pensare che il paradigma sperimentale classico possa non essere adeguato per tutte le specie animali. Infatti, il test non tiene conto delle diverse capacit\u00e0 sensoriali o peculiarit\u00e0 anatomiche tipiche di alcune specie. Il <i>mark test<\/i> \u00e8 stato concepito per saggiare la capacit\u00e0 di auto-riconoscimento nelle grandi scimmie, animali con grandi capacit\u00e0 manipolatorie utili per mantenere il pelo pulito. La mancanza di tali capacit\u00e0 nel cavallo renderebbe difficile il compito di rimozione della marcatura e ci\u00f2 potrebbe indurre nei soggetti stati d&#8217;ansia e frustrazione che inevitabilmente ridurrebbero la motivazione a rimuovere il segno colorato, nonostante questo possa essere perfettamente percepito come presente sul proprio corpo.<\/p>\n<p>Si sa, nella ricerca scientifica, l&#8217;assenza di evidenza non \u00e8 l&#8217;evidenza dell&#8217;assenza, per questo motivo gli autori stanno lavorando a un nuovo disegno sperimentale che meglio si adatti alle capacit\u00e0 percettive e anatomiche del cavallo, in modo da poterlo applicare su un campione pi\u00f9 numeroso e sciogliere le riserve su questo affascinante argomento. I nuovi test saranno condotti al centro di\u00a0 Addestramento Etologico presso il Centro Ippico Pelliccia (San Marcello Pistoiese, PT).<\/p>\n<p>&nbsp;<\/p>\n<p>Alcune immagini dell&#8217;incontro con gli autori e della dimostrazione, nei giardini certosini, con il cavallo Ercole.<\/p>\n<p class=\"jetpack-slideshow-noscript robots-nocontent\">Questo slideshow richiede JavaScript.<\/p><div id=\"gallery-570-1-slideshow\" class=\"jetpack-slideshow-window jetpack-slideshow jetpack-slideshow-black\" data-trans=\"fade\" data-autostart=\"1\" data-gallery=\"[{&quot;src&quot;:&quot;https:\\\/\\\/www.msn.unipi.it\\\/wp-content\\\/uploads\\\/2017\\\/06\\\/img_5650.jpg&quot;,&quot;id&quot;:&quot;586&quot;,&quot;title&quot;:&quot;IMG_5650&quot;,&quot;alt&quot;:&quot;&quot;,&quot;caption&quot;:&quot;&quot;,&quot;itemprop&quot;:&quot;image&quot;},{&quot;src&quot;:&quot;https:\\\/\\\/www.msn.unipi.it\\\/wp-content\\\/uploads\\\/2017\\\/06\\\/img_5651.jpg&quot;,&quot;id&quot;:&quot;585&quot;,&quot;title&quot;:&quot;IMG_5651&quot;,&quot;alt&quot;:&quot;&quot;,&quot;caption&quot;:&quot;&quot;,&quot;itemprop&quot;:&quot;image&quot;},{&quot;src&quot;:&quot;https:\\\/\\\/www.msn.unipi.it\\\/wp-content\\\/uploads\\\/2017\\\/06\\\/img_5652.jpg&quot;,&quot;id&quot;:&quot;584&quot;,&quot;title&quot;:&quot;IMG_5652&quot;,&quot;alt&quot;:&quot;&quot;,&quot;caption&quot;:&quot;&quot;,&quot;itemprop&quot;:&quot;image&quot;},{&quot;src&quot;:&quot;https:\\\/\\\/www.msn.unipi.it\\\/wp-content\\\/uploads\\\/2017\\\/06\\\/img_5653.jpg&quot;,&quot;id&quot;:&quot;583&quot;,&quot;title&quot;:&quot;IMG_5653&quot;,&quot;alt&quot;:&quot;&quot;,&quot;caption&quot;:&quot;&quot;,&quot;itemprop&quot;:&quot;image&quot;},{&quot;src&quot;:&quot;https:\\\/\\\/www.msn.unipi.it\\\/wp-content\\\/uploads\\\/2017\\\/06\\\/img_5655.jpg&quot;,&quot;id&quot;:&quot;581&quot;,&quot;title&quot;:&quot;IMG_5655&quot;,&quot;alt&quot;:&quot;&quot;,&quot;caption&quot;:&quot;&quot;,&quot;itemprop&quot;:&quot;image&quot;},{&quot;src&quot;:&quot;https:\\\/\\\/www.msn.unipi.it\\\/wp-content\\\/uploads\\\/2017\\\/06\\\/img_5656.jpg&quot;,&quot;id&quot;:&quot;580&quot;,&quot;title&quot;:&quot;IMG_5656&quot;,&quot;alt&quot;:&quot;&quot;,&quot;caption&quot;:&quot;&quot;,&quot;itemprop&quot;:&quot;image&quot;},{&quot;src&quot;:&quot;https:\\\/\\\/www.msn.unipi.it\\\/wp-content\\\/uploads\\\/2017\\\/06\\\/img_5657.jpg&quot;,&quot;id&quot;:&quot;579&quot;,&quot;title&quot;:&quot;IMG_5657&quot;,&quot;alt&quot;:&quot;&quot;,&quot;caption&quot;:&quot;&quot;,&quot;itemprop&quot;:&quot;image&quot;},{&quot;src&quot;:&quot;https:\\\/\\\/www.msn.unipi.it\\\/wp-content\\\/uploads\\\/2017\\\/06\\\/img_5658.jpg&quot;,&quot;id&quot;:&quot;578&quot;,&quot;title&quot;:&quot;IMG_5658&quot;,&quot;alt&quot;:&quot;&quot;,&quot;caption&quot;:&quot;&quot;,&quot;itemprop&quot;:&quot;image&quot;},{&quot;src&quot;:&quot;https:\\\/\\\/www.msn.unipi.it\\\/wp-content\\\/uploads\\\/2017\\\/06\\\/img_5659.jpg&quot;,&quot;id&quot;:&quot;577&quot;,&quot;title&quot;:&quot;IMG_5659&quot;,&quot;alt&quot;:&quot;&quot;,&quot;caption&quot;:&quot;&quot;,&quot;itemprop&quot;:&quot;image&quot;},{&quot;src&quot;:&quot;https:\\\/\\\/www.msn.unipi.it\\\/wp-content\\\/uploads\\\/2017\\\/06\\\/img_5660.jpg&quot;,&quot;id&quot;:&quot;576&quot;,&quot;title&quot;:&quot;IMG_5660&quot;,&quot;alt&quot;:&quot;&quot;,&quot;caption&quot;:&quot;&quot;,&quot;itemprop&quot;:&quot;image&quot;}]\" itemscope itemtype=\"https:\/\/schema.org\/ImageGallery\"><\/div>\n<p>&nbsp;<\/p>\n<p>Testo di Elisabetta Palagi.<\/p>\n<p>&nbsp;<\/p>\n","protected":false},"excerpt":{"rendered":"<p>I cavalli sanno riconoscersi allo specchio?<br \/>\nUn gruppo di ricercatori dell&#8217;Universit\u00e0 di Pisa sta lavorando per capire se i cavalli hanno coscienza di s\u00e9.<\/p>\n","protected":false},"author":5,"featured_media":587,"comment_status":"closed","ping_status":"closed","sticky":false,"template":"","format":"standard","meta":{"_jetpack_memberships_contains_paid_content":false,"footnotes":""},"categories":[444],"tags":[445],"class_list":["post-570","post","type-post","status-publish","format-standard","has-post-thumbnail","hentry","category-blog","tag-presentazione-libro-cavalli-specchio-uniti"],"yoast_head":"<!-- This site is optimized with the Yoast SEO plugin v26.8 - https:\/\/yoast.com\/product\/yoast-seo-wordpress\/ -->\n<title>Specchio specchio delle mie brame - Museo di Storia Naturale dell&#039;Universit\u00e0 di Pisa<\/title>\n<meta name=\"description\" content=\"I cavalli sanno riconoscersi allo specchio? Un gruppo di ricercatori dell&#039;Universit\u00e0 di Pisa sta lavorando per capire se i cavalli hanno coscienza di s\u00e9.\" \/>\n<meta name=\"robots\" content=\"index, follow, max-snippet:-1, max-image-preview:large, max-video-preview:-1\" \/>\n<link rel=\"canonical\" href=\"https:\/\/www.msn.unipi.it\/it\/specchio-specchio-delle-mie-brame\/\" \/>\n<meta property=\"og:locale\" content=\"it_IT\" \/>\n<meta property=\"og:type\" content=\"article\" \/>\n<meta property=\"og:title\" content=\"Specchio specchio delle mie brame - Museo di Storia Naturale dell&#039;Universit\u00e0 di Pisa\" \/>\n<meta property=\"og:description\" content=\"I cavalli sanno riconoscersi allo specchio? Un gruppo di ricercatori dell&#039;Universit\u00e0 di Pisa sta lavorando per capire se i cavalli hanno coscienza di s\u00e9.\" \/>\n<meta property=\"og:url\" content=\"https:\/\/www.msn.unipi.it\/it\/specchio-specchio-delle-mie-brame\/\" \/>\n<meta property=\"og:site_name\" content=\"Museo di Storia Naturale dell&#039;Universit\u00e0 di Pisa\" \/>\n<meta property=\"article:publisher\" content=\"https:\/\/www.facebook.com\/Museo-di-Storia-Naturale-Universit%c3%a0-di-Pisa-277794215612108\/\" \/>\n<meta property=\"article:published_time\" content=\"2017-06-22T16:44:54+00:00\" \/>\n<meta property=\"article:modified_time\" content=\"2017-09-19T13:05:42+00:00\" \/>\n<meta property=\"og:image\" content=\"https:\/\/www.msn.unipi.it\/wp-content\/uploads\/2017\/06\/img_5649.jpg\" \/>\n\t<meta property=\"og:image:width\" content=\"887\" \/>\n\t<meta property=\"og:image:height\" content=\"1334\" \/>\n\t<meta property=\"og:image:type\" content=\"image\/jpeg\" \/>\n<meta name=\"author\" content=\"diariodelmuseo\" \/>\n<meta name=\"twitter:card\" content=\"summary_large_image\" \/>\n<meta name=\"twitter:creator\" content=\"@msncalci\" \/>\n<meta name=\"twitter:site\" content=\"@msncalci\" \/>\n<meta name=\"twitter:label1\" content=\"Scritto da\" \/>\n\t<meta name=\"twitter:data1\" content=\"diariodelmuseo\" \/>\n\t<meta name=\"twitter:label2\" content=\"Tempo di lettura stimato\" \/>\n\t<meta name=\"twitter:data2\" content=\"4 minuti\" \/>\n<script type=\"application\/ld+json\" class=\"yoast-schema-graph\">{\"@context\":\"https:\/\/schema.org\",\"@graph\":[{\"@type\":\"Article\",\"@id\":\"https:\/\/www.msn.unipi.it\/it\/specchio-specchio-delle-mie-brame\/#article\",\"isPartOf\":{\"@id\":\"https:\/\/www.msn.unipi.it\/it\/specchio-specchio-delle-mie-brame\/\"},\"author\":{\"name\":\"diariodelmuseo\",\"@id\":\"https:\/\/www.msn.unipi.it\/it\/#\/schema\/person\/6c43ab71d6db8475d0c7a9db9e9e993e\"},\"headline\":\"Specchio specchio delle mie brame\",\"datePublished\":\"2017-06-22T16:44:54+00:00\",\"dateModified\":\"2017-09-19T13:05:42+00:00\",\"mainEntityOfPage\":{\"@id\":\"https:\/\/www.msn.unipi.it\/it\/specchio-specchio-delle-mie-brame\/\"},\"wordCount\":812,\"publisher\":{\"@id\":\"https:\/\/www.msn.unipi.it\/it\/#organization\"},\"image\":{\"@id\":\"https:\/\/www.msn.unipi.it\/it\/specchio-specchio-delle-mie-brame\/#primaryimage\"},\"thumbnailUrl\":\"https:\/\/www.msn.unipi.it\/wp-content\/uploads\/2017\/06\/img_5649.jpg\",\"keywords\":[\"presentazione libro cavalli specchio uniti\"],\"articleSection\":[\"Diario del museo\"],\"inLanguage\":\"it-IT\"},{\"@type\":\"WebPage\",\"@id\":\"https:\/\/www.msn.unipi.it\/it\/specchio-specchio-delle-mie-brame\/\",\"url\":\"https:\/\/www.msn.unipi.it\/it\/specchio-specchio-delle-mie-brame\/\",\"name\":\"Specchio specchio delle mie brame - Museo di Storia Naturale dell&#039;Universit\u00e0 di Pisa\",\"isPartOf\":{\"@id\":\"https:\/\/www.msn.unipi.it\/it\/#website\"},\"primaryImageOfPage\":{\"@id\":\"https:\/\/www.msn.unipi.it\/it\/specchio-specchio-delle-mie-brame\/#primaryimage\"},\"image\":{\"@id\":\"https:\/\/www.msn.unipi.it\/it\/specchio-specchio-delle-mie-brame\/#primaryimage\"},\"thumbnailUrl\":\"https:\/\/www.msn.unipi.it\/wp-content\/uploads\/2017\/06\/img_5649.jpg\",\"datePublished\":\"2017-06-22T16:44:54+00:00\",\"dateModified\":\"2017-09-19T13:05:42+00:00\",\"description\":\"I cavalli sanno riconoscersi allo specchio? Un gruppo di ricercatori dell'Universit\u00e0 di Pisa sta lavorando per capire se i cavalli hanno coscienza di s\u00e9.\",\"breadcrumb\":{\"@id\":\"https:\/\/www.msn.unipi.it\/it\/specchio-specchio-delle-mie-brame\/#breadcrumb\"},\"inLanguage\":\"it-IT\",\"potentialAction\":[{\"@type\":\"ReadAction\",\"target\":[\"https:\/\/www.msn.unipi.it\/it\/specchio-specchio-delle-mie-brame\/\"]}]},{\"@type\":\"ImageObject\",\"inLanguage\":\"it-IT\",\"@id\":\"https:\/\/www.msn.unipi.it\/it\/specchio-specchio-delle-mie-brame\/#primaryimage\",\"url\":\"https:\/\/www.msn.unipi.it\/wp-content\/uploads\/2017\/06\/img_5649.jpg\",\"contentUrl\":\"https:\/\/www.msn.unipi.it\/wp-content\/uploads\/2017\/06\/img_5649.jpg\",\"width\":887,\"height\":1334},{\"@type\":\"BreadcrumbList\",\"@id\":\"https:\/\/www.msn.unipi.it\/it\/specchio-specchio-delle-mie-brame\/#breadcrumb\",\"itemListElement\":[{\"@type\":\"ListItem\",\"position\":1,\"name\":\"Home\",\"item\":\"https:\/\/www.msn.unipi.it\/it\/\"},{\"@type\":\"ListItem\",\"position\":2,\"name\":\"Specchio specchio delle mie brame\"}]},{\"@type\":\"WebSite\",\"@id\":\"https:\/\/www.msn.unipi.it\/it\/#website\",\"url\":\"https:\/\/www.msn.unipi.it\/it\/\",\"name\":\"Museo di Storia Naturale dell&#039;Universit\u00e0 di Pisa\",\"description\":\"\",\"publisher\":{\"@id\":\"https:\/\/www.msn.unipi.it\/it\/#organization\"},\"potentialAction\":[{\"@type\":\"SearchAction\",\"target\":{\"@type\":\"EntryPoint\",\"urlTemplate\":\"https:\/\/www.msn.unipi.it\/it\/?s={search_term_string}\"},\"query-input\":{\"@type\":\"PropertyValueSpecification\",\"valueRequired\":true,\"valueName\":\"search_term_string\"}}],\"inLanguage\":\"it-IT\"},{\"@type\":\"Organization\",\"@id\":\"https:\/\/www.msn.unipi.it\/it\/#organization\",\"name\":\"Museo di Storia Naturale dell'Universit\u00e0 di Pisa\",\"url\":\"https:\/\/www.msn.unipi.it\/it\/\",\"logo\":{\"@type\":\"ImageObject\",\"inLanguage\":\"it-IT\",\"@id\":\"https:\/\/www.msn.unipi.it\/it\/#\/schema\/logo\/image\/\",\"url\":\"https:\/\/www.msn.unipi.it\/wp-content\/uploads\/2016\/07\/footer-logo.png\",\"contentUrl\":\"https:\/\/www.msn.unipi.it\/wp-content\/uploads\/2016\/07\/footer-logo.png\",\"width\":220,\"height\":95,\"caption\":\"Museo di Storia Naturale dell'Universit\u00e0 di Pisa\"},\"image\":{\"@id\":\"https:\/\/www.msn.unipi.it\/it\/#\/schema\/logo\/image\/\"},\"sameAs\":[\"https:\/\/www.facebook.com\/Museo-di-Storia-Naturale-Universit\u00e0-di-Pisa-277794215612108\/\",\"https:\/\/x.com\/msncalci\",\"https:\/\/www.instagram.com\/museostorianaturale_calci\/\",\"https:\/\/www.youtube.com\/channel\/UCDaMBe_RegmdCnxLPmryMxw\"]},{\"@type\":\"Person\",\"@id\":\"https:\/\/www.msn.unipi.it\/it\/#\/schema\/person\/6c43ab71d6db8475d0c7a9db9e9e993e\",\"name\":\"diariodelmuseo\",\"image\":{\"@type\":\"ImageObject\",\"inLanguage\":\"it-IT\",\"@id\":\"https:\/\/www.msn.unipi.it\/it\/#\/schema\/person\/image\/\",\"url\":\"https:\/\/secure.gravatar.com\/avatar\/8b394ace78368dfc0e5f9c06c664e663?s=96&d=mm&r=g\",\"contentUrl\":\"https:\/\/secure.gravatar.com\/avatar\/8b394ace78368dfc0e5f9c06c664e663?s=96&d=mm&r=g\",\"caption\":\"diariodelmuseo\"}}]}<\/script>\n<!-- \/ Yoast SEO plugin. -->","yoast_head_json":{"title":"Specchio specchio delle mie brame - Museo di Storia Naturale dell&#039;Universit\u00e0 di Pisa","description":"I cavalli sanno riconoscersi allo specchio? Un gruppo di ricercatori dell'Universit\u00e0 di Pisa sta lavorando per capire se i cavalli hanno coscienza di s\u00e9.","robots":{"index":"index","follow":"follow","max-snippet":"max-snippet:-1","max-image-preview":"max-image-preview:large","max-video-preview":"max-video-preview:-1"},"canonical":"https:\/\/www.msn.unipi.it\/it\/specchio-specchio-delle-mie-brame\/","og_locale":"it_IT","og_type":"article","og_title":"Specchio specchio delle mie brame - Museo di Storia Naturale dell&#039;Universit\u00e0 di Pisa","og_description":"I cavalli sanno riconoscersi allo specchio? Un gruppo di ricercatori dell'Universit\u00e0 di Pisa sta lavorando per capire se i cavalli hanno coscienza di s\u00e9.","og_url":"https:\/\/www.msn.unipi.it\/it\/specchio-specchio-delle-mie-brame\/","og_site_name":"Museo di Storia Naturale dell&#039;Universit\u00e0 di Pisa","article_publisher":"https:\/\/www.facebook.com\/Museo-di-Storia-Naturale-Universit%c3%a0-di-Pisa-277794215612108\/","article_published_time":"2017-06-22T16:44:54+00:00","article_modified_time":"2017-09-19T13:05:42+00:00","og_image":[{"width":887,"height":1334,"url":"https:\/\/www.msn.unipi.it\/wp-content\/uploads\/2017\/06\/img_5649.jpg","type":"image\/jpeg"}],"author":"diariodelmuseo","twitter_card":"summary_large_image","twitter_creator":"@msncalci","twitter_site":"@msncalci","twitter_misc":{"Scritto da":"diariodelmuseo","Tempo di lettura stimato":"4 minuti"},"schema":{"@context":"https:\/\/schema.org","@graph":[{"@type":"Article","@id":"https:\/\/www.msn.unipi.it\/it\/specchio-specchio-delle-mie-brame\/#article","isPartOf":{"@id":"https:\/\/www.msn.unipi.it\/it\/specchio-specchio-delle-mie-brame\/"},"author":{"name":"diariodelmuseo","@id":"https:\/\/www.msn.unipi.it\/it\/#\/schema\/person\/6c43ab71d6db8475d0c7a9db9e9e993e"},"headline":"Specchio specchio delle mie brame","datePublished":"2017-06-22T16:44:54+00:00","dateModified":"2017-09-19T13:05:42+00:00","mainEntityOfPage":{"@id":"https:\/\/www.msn.unipi.it\/it\/specchio-specchio-delle-mie-brame\/"},"wordCount":812,"publisher":{"@id":"https:\/\/www.msn.unipi.it\/it\/#organization"},"image":{"@id":"https:\/\/www.msn.unipi.it\/it\/specchio-specchio-delle-mie-brame\/#primaryimage"},"thumbnailUrl":"https:\/\/www.msn.unipi.it\/wp-content\/uploads\/2017\/06\/img_5649.jpg","keywords":["presentazione libro cavalli specchio uniti"],"articleSection":["Diario del museo"],"inLanguage":"it-IT"},{"@type":"WebPage","@id":"https:\/\/www.msn.unipi.it\/it\/specchio-specchio-delle-mie-brame\/","url":"https:\/\/www.msn.unipi.it\/it\/specchio-specchio-delle-mie-brame\/","name":"Specchio specchio delle mie brame - Museo di Storia Naturale dell&#039;Universit\u00e0 di Pisa","isPartOf":{"@id":"https:\/\/www.msn.unipi.it\/it\/#website"},"primaryImageOfPage":{"@id":"https:\/\/www.msn.unipi.it\/it\/specchio-specchio-delle-mie-brame\/#primaryimage"},"image":{"@id":"https:\/\/www.msn.unipi.it\/it\/specchio-specchio-delle-mie-brame\/#primaryimage"},"thumbnailUrl":"https:\/\/www.msn.unipi.it\/wp-content\/uploads\/2017\/06\/img_5649.jpg","datePublished":"2017-06-22T16:44:54+00:00","dateModified":"2017-09-19T13:05:42+00:00","description":"I cavalli sanno riconoscersi allo specchio? Un gruppo di ricercatori dell'Universit\u00e0 di Pisa sta lavorando per capire se i cavalli hanno coscienza di s\u00e9.","breadcrumb":{"@id":"https:\/\/www.msn.unipi.it\/it\/specchio-specchio-delle-mie-brame\/#breadcrumb"},"inLanguage":"it-IT","potentialAction":[{"@type":"ReadAction","target":["https:\/\/www.msn.unipi.it\/it\/specchio-specchio-delle-mie-brame\/"]}]},{"@type":"ImageObject","inLanguage":"it-IT","@id":"https:\/\/www.msn.unipi.it\/it\/specchio-specchio-delle-mie-brame\/#primaryimage","url":"https:\/\/www.msn.unipi.it\/wp-content\/uploads\/2017\/06\/img_5649.jpg","contentUrl":"https:\/\/www.msn.unipi.it\/wp-content\/uploads\/2017\/06\/img_5649.jpg","width":887,"height":1334},{"@type":"BreadcrumbList","@id":"https:\/\/www.msn.unipi.it\/it\/specchio-specchio-delle-mie-brame\/#breadcrumb","itemListElement":[{"@type":"ListItem","position":1,"name":"Home","item":"https:\/\/www.msn.unipi.it\/it\/"},{"@type":"ListItem","position":2,"name":"Specchio specchio delle mie brame"}]},{"@type":"WebSite","@id":"https:\/\/www.msn.unipi.it\/it\/#website","url":"https:\/\/www.msn.unipi.it\/it\/","name":"Museo di Storia Naturale dell&#039;Universit\u00e0 di Pisa","description":"","publisher":{"@id":"https:\/\/www.msn.unipi.it\/it\/#organization"},"potentialAction":[{"@type":"SearchAction","target":{"@type":"EntryPoint","urlTemplate":"https:\/\/www.msn.unipi.it\/it\/?s={search_term_string}"},"query-input":{"@type":"PropertyValueSpecification","valueRequired":true,"valueName":"search_term_string"}}],"inLanguage":"it-IT"},{"@type":"Organization","@id":"https:\/\/www.msn.unipi.it\/it\/#organization","name":"Museo di Storia Naturale dell'Universit\u00e0 di Pisa","url":"https:\/\/www.msn.unipi.it\/it\/","logo":{"@type":"ImageObject","inLanguage":"it-IT","@id":"https:\/\/www.msn.unipi.it\/it\/#\/schema\/logo\/image\/","url":"https:\/\/www.msn.unipi.it\/wp-content\/uploads\/2016\/07\/footer-logo.png","contentUrl":"https:\/\/www.msn.unipi.it\/wp-content\/uploads\/2016\/07\/footer-logo.png","width":220,"height":95,"caption":"Museo di Storia Naturale dell'Universit\u00e0 di Pisa"},"image":{"@id":"https:\/\/www.msn.unipi.it\/it\/#\/schema\/logo\/image\/"},"sameAs":["https:\/\/www.facebook.com\/Museo-di-Storia-Naturale-Universit\u00e0-di-Pisa-277794215612108\/","https:\/\/x.com\/msncalci","https:\/\/www.instagram.com\/museostorianaturale_calci\/","https:\/\/www.youtube.com\/channel\/UCDaMBe_RegmdCnxLPmryMxw"]},{"@type":"Person","@id":"https:\/\/www.msn.unipi.it\/it\/#\/schema\/person\/6c43ab71d6db8475d0c7a9db9e9e993e","name":"diariodelmuseo","image":{"@type":"ImageObject","inLanguage":"it-IT","@id":"https:\/\/www.msn.unipi.it\/it\/#\/schema\/person\/image\/","url":"https:\/\/secure.gravatar.com\/avatar\/8b394ace78368dfc0e5f9c06c664e663?s=96&d=mm&r=g","contentUrl":"https:\/\/secure.gravatar.com\/avatar\/8b394ace78368dfc0e5f9c06c664e663?s=96&d=mm&r=g","caption":"diariodelmuseo"}}]}},"jetpack_featured_media_url":"https:\/\/www.msn.unipi.it\/wp-content\/uploads\/2017\/06\/img_5649.jpg","jetpack_sharing_enabled":true,"_links":{"self":[{"href":"https:\/\/www.msn.unipi.it\/it\/wp-json\/wp\/v2\/posts\/570","targetHints":{"allow":["GET"]}}],"collection":[{"href":"https:\/\/www.msn.unipi.it\/it\/wp-json\/wp\/v2\/posts"}],"about":[{"href":"https:\/\/www.msn.unipi.it\/it\/wp-json\/wp\/v2\/types\/post"}],"author":[{"embeddable":true,"href":"https:\/\/www.msn.unipi.it\/it\/wp-json\/wp\/v2\/users\/5"}],"replies":[{"embeddable":true,"href":"https:\/\/www.msn.unipi.it\/it\/wp-json\/wp\/v2\/comments?post=570"}],"version-history":[{"count":5,"href":"https:\/\/www.msn.unipi.it\/it\/wp-json\/wp\/v2\/posts\/570\/revisions"}],"predecessor-version":[{"id":10134,"href":"https:\/\/www.msn.unipi.it\/it\/wp-json\/wp\/v2\/posts\/570\/revisions\/10134"}],"wp:featuredmedia":[{"embeddable":true,"href":"https:\/\/www.msn.unipi.it\/it\/wp-json\/wp\/v2\/media\/587"}],"wp:attachment":[{"href":"https:\/\/www.msn.unipi.it\/it\/wp-json\/wp\/v2\/media?parent=570"}],"wp:term":[{"taxonomy":"category","embeddable":true,"href":"https:\/\/www.msn.unipi.it\/it\/wp-json\/wp\/v2\/categories?post=570"},{"taxonomy":"post_tag","embeddable":true,"href":"https:\/\/www.msn.unipi.it\/it\/wp-json\/wp\/v2\/tags?post=570"}],"curies":[{"name":"wp","href":"https:\/\/api.w.org\/{rel}","templated":true}]}}