{"id":5761,"date":"2016-11-04T09:00:26","date_gmt":"2016-11-04T08:00:26","guid":{"rendered":"http:\/\/msntest.unipi.it\/?page_id=5761"},"modified":"2025-06-03T15:25:20","modified_gmt":"2025-06-03T13:25:20","slug":"il-giardino-del-museo","status":"publish","type":"post","link":"https:\/\/www.msn.unipi.it\/it\/il-giardino-del-museo\/","title":{"rendered":"Giardino del Museo"},"content":{"rendered":"<p>Il Giardino del Museo \u00e8 situato in uno dei cortili interni della Certosa, di fianco alla Galleria storica del Museo; \u00e8 un <strong>giardino naturalistico<\/strong> dedicato ai principali <strong>ambienti naturali del Monte Pisano<\/strong>, ricreati utilizzando esclusivamente <strong>piante e rocce del territorio<\/strong>.<br \/>\n\u00c8 gestito solo con tagli e potature minime mirate a contenere l&#8217;espansione delle piante; tale modalit\u00e0 consente alle piante di completare il loro ciclo biologico, producendo fiori e frutti, e agli animali, in particolare agli impollinatori, di avere sempre cibo a disposizione.<br \/>\n\u00c8 uno spazio accessibile a tutte le persone, un luogo di relax e un punto di partenza per la conoscenza delle ricchezze naturali del territorio.<\/p>\n<p>Il <strong>primo settore<\/strong> \u00e8 dedicato agli <strong>ambienti marginali<\/strong>, quali i bordi delle strade e dei sentieri, i ruderi e le cave abbandonate. Molti ambienti marginali sono poveri di nutrienti e hanno un terreno limitato e\/o instabile, possono perci\u00f2 essere colonizzati solo da specie pioniere come la berretta da prete, l&#8217;alaterno e la ginestra comune. Altri ambienti marginali, invece, sono ricchi di nitrati, tipicamente associati ai resti di attivit\u00e0 umane, e sono perci\u00f2 popolati da specie nitrofile, come l&#8217;ortica, la parietaria e la silene latifoglia.<\/p>\n<p>Il <strong>secondo settore<\/strong> \u00e8 costituito da un\u2019aiuola centrale in cui \u00e8 stata riprodotta una <strong>macchia mediterranea post incendio atipica<\/strong>, come quella che si \u00e8 sviluppata in varie zone colpite anche dal grande incendio del settembre 2018. Si tratta di una macchia densa e impenetrabile formata principalmente dall\u2019erica scoparia, dall\u2019erica arborea e dal ginestrone.<\/p>\n<p>Il <strong>terzo settore<\/strong> \u00e8 dedicato alla <strong>macchia mediterranea acidofila<\/strong> associata alle pinete a pino marittimo, un ambiente che si sviluppa anche in seguito a un incendio avvenuto in pineta. Tale macchia \u00e8 formata da pirofite, piante in grado di resistere al fuoco o addirittura di trarne vantaggio, quali i cisti, le eriche, il lentisco e la fillirea a foglie strette. A queste piante si associano specie quali il corbezzolo, il brugo, la lavanda e la felce aquilina, che non sono propriamente pirofite, bens\u00ec solo acidofile, cio\u00e8 prediligono i terreni acidi come quelli che si sviluppano dopo un incendio.<\/p>\n<p>Il <strong>quarto settore<\/strong> \u00e8 dedicato al <strong>sottobosco<\/strong>: all&#8217;ombra della palma, a cui sono stati affiancati quattro esemplari di viburno tino, sono state introdotte oltre trenta specie erbacee, tra cui alcune rarit\u00e0 per il Monte Pisano, quali l&#8217;aglio orsino, il bucaneve e il colchico portoghese, che vivono solo in poche zone fresche e umide del versante lucchese.<\/p>\n<p>Il <strong>quinto settore<\/strong> \u00e8 dedicato al <strong>prato spontaneo<\/strong> ed \u00e8 composto da un insieme eterogeneo e variopinto che muta durante l&#8217;anno in un susseguirsi di foglie e di fiori: i trifogli e le rosette basali commestibili dei cosiddetti \u201cerbi boni\u201d; le vivaci fioriture primaverili di agli, borragine e iperico perforato; le alte fioriture estive del finocchio selvatico e del cardo asinino che sfiorano i due metri di altezza. Insieme alle specie comuni, sono state inserite anche specie pi\u00f9 rare, come il giacinto romano, il gladiolo e le orchidee, minacciate dalla lavorazione profonda del terreno, dai diserbanti e dai frequenti sfalci.<\/p>\n<p>Il <strong>sesto settore<\/strong> \u00e8 dedicato alla <strong>gariga<\/strong> su suolo calcareo e alla sua evoluzione in <strong>macchia<\/strong>. La gariga \u00e8 una macchia degradata a causa di incendi, pascoli intensi e\/o disboscamenti, \u00e8 costituita principalmente da specie erbacee e arbustive sempreverdi e aromatiche, distribuite in modo discontinuo su suolo secco con roccia affiorante. Essa evolve in modo naturale verso la macchia, la forma tipica di vegetazione dell&#8217;area mediterranea, costituita da un insieme intricato di arbusti e di alberelli.<\/p>\n<p>&nbsp;<\/p>\n<p>Il Giardino \u00e8 stato realizzato nell\u2019ambito del progetto <em>\u201cRiqualificazione degli spazi verdi e ripristino dei servizi ecosistemici della Certosa Monumentale di Pisa\u201d<\/em> ed \u00e8 abbinato al progetto editoriale \u201cI tesori del Monte Pisano\u201d.<\/p>\n<div class=\"tiled-gallery type-rectangular tiled-gallery-unresized\" data-original-width=\"847\" data-carousel-extra='null' itemscope itemtype=\"http:\/\/schema.org\/ImageGallery\" > <div class=\"gallery-row\" style=\"width: 847px; height: 565px;\" data-original-width=\"847\" data-original-height=\"565\" > <div class=\"gallery-group images-1\" style=\"width: 565px; height: 565px;\" data-original-width=\"565\" data-original-height=\"565\" > <div class=\"tiled-gallery-item tiled-gallery-item-large\" itemprop=\"associatedMedia\" itemscope itemtype=\"http:\/\/schema.org\/ImageObject\"> <a href=\"https:\/\/www.msn.unipi.it\/it\/il-giardino-del-museo\/oppo_32\/\" border=\"0\" itemprop=\"url\"> <meta itemprop=\"width\" content=\"561\"> <meta itemprop=\"height\" content=\"561\"> <img decoding=\"async\" class=\"\" data-attachment-id=\"30711\" data-orig-file=\"https:\/\/www.msn.unipi.it\/wp-content\/uploads\/2016\/11\/Megascolia-maculata.jpg\" data-orig-size=\"1701,1701\" data-comments-opened=\"\" data-image-meta=\"{&quot;aperture&quot;:&quot;1.7&quot;,&quot;credit&quot;:&quot;Silvia Sorbi&quot;,&quot;camera&quot;:&quot;OPPO A72&quot;,&quot;caption&quot;:&quot;oppo_32&quot;,&quot;created_timestamp&quot;:&quot;1721119436&quot;,&quot;copyright&quot;:&quot;&quot;,&quot;focal_length&quot;:&quot;4.71&quot;,&quot;iso&quot;:&quot;100&quot;,&quot;shutter_speed&quot;:&quot;0.0050505050505051&quot;,&quot;title&quot;:&quot;oppo_32&quot;,&quot;orientation&quot;:&quot;1&quot;}\" data-image-title=\"&lt;em&gt;Megascolia maculata&lt;em&gt;\" data-image-description=\"\" data-medium-file=\"https:\/\/www.msn.unipi.it\/wp-content\/uploads\/2016\/11\/Megascolia-maculata-450x450.jpg\" data-large-file=\"https:\/\/www.msn.unipi.it\/wp-content\/uploads\/2016\/11\/Megascolia-maculata-800x800.jpg\" src=\"https:\/\/i0.wp.com\/www.msn.unipi.it\/wp-content\/uploads\/2016\/11\/Megascolia-maculata.jpg?w=561&#038;h=561&#038;crop=1&#038;ssl=1\" srcset=\"https:\/\/www.msn.unipi.it\/wp-content\/uploads\/2016\/11\/Megascolia-maculata.jpg 1701w, https:\/\/www.msn.unipi.it\/wp-content\/uploads\/2016\/11\/Megascolia-maculata-450x450.jpg 450w, https:\/\/www.msn.unipi.it\/wp-content\/uploads\/2016\/11\/Megascolia-maculata-800x800.jpg 800w, https:\/\/www.msn.unipi.it\/wp-content\/uploads\/2016\/11\/Megascolia-maculata-150x150.jpg 150w, https:\/\/www.msn.unipi.it\/wp-content\/uploads\/2016\/11\/Megascolia-maculata-768x768.jpg 768w, https:\/\/www.msn.unipi.it\/wp-content\/uploads\/2016\/11\/Megascolia-maculata-1536x1536.jpg 1536w\" width=\"561\" height=\"561\" loading=\"lazy\" data-original-width=\"561\" data-original-height=\"561\" itemprop=\"http:\/\/schema.org\/image\" title=\"&lt;em&gt;Megascolia maculata&lt;em&gt;\" alt=\"Megascolia maculata\" style=\"width: 561px; height: 561px;\" \/> <\/a> <div class=\"tiled-gallery-caption\" itemprop=\"caption description\"> <em>Megascolia maculata<\/em><em><\/em> <\/div> <\/div> <\/div> <!-- close group --> <div class=\"gallery-group images-2\" style=\"width: 282px; height: 565px;\" data-original-width=\"282\" data-original-height=\"565\" > <div class=\"tiled-gallery-item tiled-gallery-item-large\" itemprop=\"associatedMedia\" itemscope itemtype=\"http:\/\/schema.org\/ImageObject\"> <a href=\"https:\/\/www.msn.unipi.it\/it\/il-giardino-del-museo\/euphorbia-spinosa\/\" border=\"0\" itemprop=\"url\"> <meta itemprop=\"width\" content=\"278\"> <meta itemprop=\"height\" content=\"278\"> <img decoding=\"async\" class=\"\" data-attachment-id=\"30713\" data-orig-file=\"https:\/\/www.msn.unipi.it\/wp-content\/uploads\/2016\/11\/euphorbia-spinosa.jpg\" data-orig-size=\"2048,2046\" data-comments-opened=\"\" data-image-meta=\"{&quot;aperture&quot;:&quot;1.7&quot;,&quot;credit&quot;:&quot;&quot;,&quot;camera&quot;:&quot;motorola edge 30 neo&quot;,&quot;caption&quot;:&quot;&quot;,&quot;created_timestamp&quot;:&quot;1741617903&quot;,&quot;copyright&quot;:&quot;&quot;,&quot;focal_length&quot;:&quot;4.71&quot;,&quot;iso&quot;:&quot;234&quot;,&quot;shutter_speed&quot;:&quot;0.008333333&quot;,&quot;title&quot;:&quot;&quot;,&quot;orientation&quot;:&quot;1&quot;}\" data-image-title=\"&lt;em&gt;Euphorbia spinosa&lt;\/em&gt;\" data-image-description=\"\" data-medium-file=\"https:\/\/www.msn.unipi.it\/wp-content\/uploads\/2016\/11\/euphorbia-spinosa-450x450.jpg\" data-large-file=\"https:\/\/www.msn.unipi.it\/wp-content\/uploads\/2016\/11\/euphorbia-spinosa-801x800.jpg\" src=\"https:\/\/i0.wp.com\/www.msn.unipi.it\/wp-content\/uploads\/2016\/11\/euphorbia-spinosa.jpg?w=278&#038;h=278&#038;crop=1&#038;ssl=1\" srcset=\"https:\/\/www.msn.unipi.it\/wp-content\/uploads\/2016\/11\/euphorbia-spinosa.jpg 2048w, https:\/\/www.msn.unipi.it\/wp-content\/uploads\/2016\/11\/euphorbia-spinosa-450x450.jpg 450w, https:\/\/www.msn.unipi.it\/wp-content\/uploads\/2016\/11\/euphorbia-spinosa-801x800.jpg 801w, https:\/\/www.msn.unipi.it\/wp-content\/uploads\/2016\/11\/euphorbia-spinosa-150x150.jpg 150w, https:\/\/www.msn.unipi.it\/wp-content\/uploads\/2016\/11\/euphorbia-spinosa-768x767.jpg 768w, https:\/\/www.msn.unipi.it\/wp-content\/uploads\/2016\/11\/euphorbia-spinosa-1536x1536.jpg 1536w\" width=\"278\" height=\"278\" loading=\"lazy\" data-original-width=\"278\" data-original-height=\"278\" itemprop=\"http:\/\/schema.org\/image\" title=\"&lt;em&gt;Euphorbia spinosa&lt;\/em&gt;\" alt=\"Euphorbia spinosa\" style=\"width: 278px; height: 278px;\" \/> <\/a> <div class=\"tiled-gallery-caption\" itemprop=\"caption description\"> <em>Euphorbia spinosa<\/em> <\/div> <\/div> <div class=\"tiled-gallery-item tiled-gallery-item-large\" itemprop=\"associatedMedia\" itemscope itemtype=\"http:\/\/schema.org\/ImageObject\"> <a href=\"https:\/\/www.msn.unipi.it\/it\/il-giardino-del-museo\/oppo_32-2\/\" border=\"0\" itemprop=\"url\"> <meta itemprop=\"width\" content=\"278\"> <meta itemprop=\"height\" content=\"279\"> <img decoding=\"async\" class=\"\" data-attachment-id=\"30715\" data-orig-file=\"https:\/\/www.msn.unipi.it\/wp-content\/uploads\/2016\/11\/Iphiclides-podalirius.jpg\" data-orig-size=\"1934,1943\" data-comments-opened=\"\" data-image-meta=\"{&quot;aperture&quot;:&quot;1.7&quot;,&quot;credit&quot;:&quot;Silvia Sorbi&quot;,&quot;camera&quot;:&quot;OPPO A72&quot;,&quot;caption&quot;:&quot;oppo_32&quot;,&quot;created_timestamp&quot;:&quot;1720790357&quot;,&quot;copyright&quot;:&quot;&quot;,&quot;focal_length&quot;:&quot;4.71&quot;,&quot;iso&quot;:&quot;100&quot;,&quot;shutter_speed&quot;:&quot;0.0034843205574913&quot;,&quot;title&quot;:&quot;oppo_32&quot;,&quot;orientation&quot;:&quot;1&quot;}\" data-image-title=\"&lt;em&gt;Iphiclides podalirius&lt;\/em&gt;\" data-image-description=\"\" data-medium-file=\"https:\/\/www.msn.unipi.it\/wp-content\/uploads\/2016\/11\/Iphiclides-podalirius-448x450.jpg\" data-large-file=\"https:\/\/www.msn.unipi.it\/wp-content\/uploads\/2016\/11\/Iphiclides-podalirius-796x800.jpg\" src=\"https:\/\/i0.wp.com\/www.msn.unipi.it\/wp-content\/uploads\/2016\/11\/Iphiclides-podalirius.jpg?w=278&#038;h=279&#038;ssl=1\" srcset=\"https:\/\/www.msn.unipi.it\/wp-content\/uploads\/2016\/11\/Iphiclides-podalirius.jpg 1934w, https:\/\/www.msn.unipi.it\/wp-content\/uploads\/2016\/11\/Iphiclides-podalirius-448x450.jpg 448w, https:\/\/www.msn.unipi.it\/wp-content\/uploads\/2016\/11\/Iphiclides-podalirius-796x800.jpg 796w, https:\/\/www.msn.unipi.it\/wp-content\/uploads\/2016\/11\/Iphiclides-podalirius-150x150.jpg 150w, https:\/\/www.msn.unipi.it\/wp-content\/uploads\/2016\/11\/Iphiclides-podalirius-768x772.jpg 768w, https:\/\/www.msn.unipi.it\/wp-content\/uploads\/2016\/11\/Iphiclides-podalirius-1529x1536.jpg 1529w\" width=\"278\" height=\"279\" loading=\"lazy\" data-original-width=\"278\" data-original-height=\"279\" itemprop=\"http:\/\/schema.org\/image\" title=\"&lt;em&gt;Iphiclides podalirius&lt;\/em&gt;\" alt=\"Iphiclides podalirius\" style=\"width: 278px; height: 279px;\" \/> <\/a> <div class=\"tiled-gallery-caption\" itemprop=\"caption description\"> <em>Iphiclides podalirius<\/em> <\/div> <\/div> <\/div> <!-- close group --> <\/div> <!-- close row --> <div class=\"gallery-row\" style=\"width: 847px; height: 306px;\" data-original-width=\"847\" data-original-height=\"306\" > <div class=\"gallery-group images-1\" style=\"width: 306px; height: 306px;\" data-original-width=\"306\" data-original-height=\"306\" > <div class=\"tiled-gallery-item tiled-gallery-item-large\" itemprop=\"associatedMedia\" itemscope itemtype=\"http:\/\/schema.org\/ImageObject\"> <a href=\"https:\/\/www.msn.unipi.it\/it\/il-giardino-del-museo\/metacalcari-con-selce-tra-iris-lutescens\/\" border=\"0\" itemprop=\"url\"> <meta itemprop=\"width\" content=\"302\"> <meta itemprop=\"height\" content=\"302\"> <img decoding=\"async\" class=\"\" data-attachment-id=\"30709\" data-orig-file=\"https:\/\/www.msn.unipi.it\/wp-content\/uploads\/2016\/11\/Metacalcari-con-selce-tra-Iris-lutescens.jpg\" data-orig-size=\"2048,2046\" data-comments-opened=\"\" data-image-meta=\"{&quot;aperture&quot;:&quot;1.7&quot;,&quot;credit&quot;:&quot;Silvia Sorbi&quot;,&quot;camera&quot;:&quot;motorola edge 30 neo&quot;,&quot;caption&quot;:&quot;&quot;,&quot;created_timestamp&quot;:&quot;1741619041&quot;,&quot;copyright&quot;:&quot;&quot;,&quot;focal_length&quot;:&quot;4.71&quot;,&quot;iso&quot;:&quot;100&quot;,&quot;shutter_speed&quot;:&quot;0.007377492&quot;,&quot;title&quot;:&quot;&quot;,&quot;orientation&quot;:&quot;1&quot;}\" data-image-title=\"Metacalcari con selce tra &lt;em&gt; Iris lutescens&lt;\/em&gt;\" data-image-description=\"\" data-medium-file=\"https:\/\/www.msn.unipi.it\/wp-content\/uploads\/2016\/11\/Metacalcari-con-selce-tra-Iris-lutescens-450x450.jpg\" data-large-file=\"https:\/\/www.msn.unipi.it\/wp-content\/uploads\/2016\/11\/Metacalcari-con-selce-tra-Iris-lutescens-801x800.jpg\" src=\"https:\/\/i0.wp.com\/www.msn.unipi.it\/wp-content\/uploads\/2016\/11\/Metacalcari-con-selce-tra-Iris-lutescens.jpg?w=302&#038;h=302&#038;crop=1&#038;ssl=1\" srcset=\"https:\/\/www.msn.unipi.it\/wp-content\/uploads\/2016\/11\/Metacalcari-con-selce-tra-Iris-lutescens.jpg 2048w, https:\/\/www.msn.unipi.it\/wp-content\/uploads\/2016\/11\/Metacalcari-con-selce-tra-Iris-lutescens-450x450.jpg 450w, https:\/\/www.msn.unipi.it\/wp-content\/uploads\/2016\/11\/Metacalcari-con-selce-tra-Iris-lutescens-801x800.jpg 801w, https:\/\/www.msn.unipi.it\/wp-content\/uploads\/2016\/11\/Metacalcari-con-selce-tra-Iris-lutescens-150x150.jpg 150w, https:\/\/www.msn.unipi.it\/wp-content\/uploads\/2016\/11\/Metacalcari-con-selce-tra-Iris-lutescens-768x767.jpg 768w, https:\/\/www.msn.unipi.it\/wp-content\/uploads\/2016\/11\/Metacalcari-con-selce-tra-Iris-lutescens-1536x1536.jpg 1536w\" width=\"302\" height=\"302\" loading=\"lazy\" data-original-width=\"302\" data-original-height=\"302\" itemprop=\"http:\/\/schema.org\/image\" title=\"Metacalcari con selce tra &lt;em&gt; Iris lutescens&lt;\/em&gt;\" alt=\"Metacalcari con selce tra Iris lutescens\" style=\"width: 302px; height: 302px;\" \/> <\/a> <div class=\"tiled-gallery-caption\" itemprop=\"caption description\"> Metacalcari con selce tra <em> Iris lutescens<\/em> <\/div> <\/div> <\/div> <!-- close group --> <div class=\"gallery-group images-1\" style=\"width: 541px; height: 306px;\" data-original-width=\"541\" data-original-height=\"306\" > <div class=\"tiled-gallery-item tiled-gallery-item-large\" itemprop=\"associatedMedia\" itemscope itemtype=\"http:\/\/schema.org\/ImageObject\"> <a href=\"https:\/\/www.msn.unipi.it\/it\/il-giardino-del-museo\/20230615_112217\/\" border=\"0\" itemprop=\"url\"> <meta itemprop=\"width\" content=\"537\"> <meta itemprop=\"height\" content=\"302\"> <img decoding=\"async\" class=\"\" data-attachment-id=\"27247\" data-orig-file=\"https:\/\/www.msn.unipi.it\/wp-content\/uploads\/2016\/11\/20230615_112217.jpg\" data-orig-size=\"2048,1152\" data-comments-opened=\"\" data-image-meta=\"{&quot;aperture&quot;:&quot;2.4&quot;,&quot;credit&quot;:&quot;&quot;,&quot;camera&quot;:&quot;SM-G973F&quot;,&quot;caption&quot;:&quot;&quot;,&quot;created_timestamp&quot;:&quot;1686828137&quot;,&quot;copyright&quot;:&quot;&quot;,&quot;focal_length&quot;:&quot;4.32&quot;,&quot;iso&quot;:&quot;50&quot;,&quot;shutter_speed&quot;:&quot;0.00026315789473684&quot;,&quot;title&quot;:&quot;&quot;,&quot;orientation&quot;:&quot;1&quot;}\" data-image-title=\"20230615_112217\" data-image-description=\"&lt;p&gt;&lt;em&gt;Myrtus communis&lt;\/em&gt;&lt;\/p&gt; \" data-medium-file=\"https:\/\/www.msn.unipi.it\/wp-content\/uploads\/2016\/11\/20230615_112217-450x253.jpg\" data-large-file=\"https:\/\/www.msn.unipi.it\/wp-content\/uploads\/2016\/11\/20230615_112217-1024x576.jpg\" src=\"https:\/\/i0.wp.com\/www.msn.unipi.it\/wp-content\/uploads\/2016\/11\/20230615_112217.jpg?w=537&#038;h=302&#038;ssl=1\" srcset=\"https:\/\/www.msn.unipi.it\/wp-content\/uploads\/2016\/11\/20230615_112217.jpg 2048w, https:\/\/www.msn.unipi.it\/wp-content\/uploads\/2016\/11\/20230615_112217-450x253.jpg 450w, https:\/\/www.msn.unipi.it\/wp-content\/uploads\/2016\/11\/20230615_112217-1024x576.jpg 1024w, https:\/\/www.msn.unipi.it\/wp-content\/uploads\/2016\/11\/20230615_112217-768x432.jpg 768w, https:\/\/www.msn.unipi.it\/wp-content\/uploads\/2016\/11\/20230615_112217-1536x864.jpg 1536w\" width=\"537\" height=\"302\" loading=\"lazy\" data-original-width=\"537\" data-original-height=\"302\" itemprop=\"http:\/\/schema.org\/image\" title=\"20230615_112217\" alt=\"Myrtus communis\" style=\"width: 537px; height: 302px;\" \/> <\/a> <div class=\"tiled-gallery-caption\" itemprop=\"caption description\"> <em>Myrtus communis<\/em> <\/div> <\/div> <\/div> <!-- close group --> <\/div> <!-- close row --> <\/div>\n<p>&nbsp;<\/p>\n","protected":false},"excerpt":{"rendered":"<p>Il Giardino del Museo \u00e8 situato in uno dei cortili interni della Certosa, di fianco alla Galleria storica del Museo, \u00e8 un giardino naturalistico dedicato ai principali ambienti naturali del Monte Pisano, ricreati utilizzando esclusivamente piante e rocce del territorio.<\/p>\n","protected":false},"author":1,"featured_media":30711,"comment_status":"closed","ping_status":"closed","sticky":false,"template":"","format":"standard","meta":{"_jetpack_memberships_contains_paid_content":false,"footnotes":""},"categories":[26,182],"tags":[],"class_list":["post-5761","post","type-post","status-publish","format-standard","has-post-thumbnail","hentry","category-esposizioni","category-esposizioni-permanenti"],"yoast_head":"<!-- This site is optimized with the Yoast SEO plugin v26.8 - https:\/\/yoast.com\/product\/yoast-seo-wordpress\/ -->\n<title>Giardino del Museo - Museo di Storia Naturale dell&#039;Universit\u00e0 di Pisa<\/title>\n<meta name=\"description\" content=\"Il Giardino del Museo \u00e8 situato in uno dei cortili interni della Certosa, di fianco alla Galleria storica del Museo, \u00e8 un giardino naturalistico dedicato ai principali ambienti naturali del Monte Pisano, ricreati utilizzando esclusivamente piante e rocce del territorio.\" \/>\n<meta name=\"robots\" content=\"index, follow, max-snippet:-1, max-image-preview:large, max-video-preview:-1\" \/>\n<link rel=\"canonical\" href=\"https:\/\/www.msn.unipi.it\/it\/il-giardino-del-museo\/\" \/>\n<meta property=\"og:locale\" content=\"it_IT\" \/>\n<meta property=\"og:type\" content=\"article\" \/>\n<meta property=\"og:title\" content=\"Giardino del Museo - Museo di Storia Naturale dell&#039;Universit\u00e0 di Pisa\" \/>\n<meta property=\"og:description\" content=\"Il Giardino del Museo \u00e8 situato in uno dei cortili interni della Certosa, di fianco alla Galleria storica del Museo, \u00e8 un giardino naturalistico dedicato ai principali ambienti naturali del Monte Pisano, ricreati utilizzando esclusivamente piante e rocce del territorio.\" \/>\n<meta property=\"og:url\" content=\"https:\/\/www.msn.unipi.it\/it\/il-giardino-del-museo\/\" \/>\n<meta property=\"og:site_name\" content=\"Museo di Storia Naturale dell&#039;Universit\u00e0 di Pisa\" \/>\n<meta property=\"article:publisher\" content=\"https:\/\/www.facebook.com\/Museo-di-Storia-Naturale-Universit%c3%a0-di-Pisa-277794215612108\/\" \/>\n<meta property=\"article:published_time\" content=\"2016-11-04T08:00:26+00:00\" \/>\n<meta property=\"article:modified_time\" content=\"2025-06-03T13:25:20+00:00\" \/>\n<meta property=\"og:image\" content=\"https:\/\/www.msn.unipi.it\/wp-content\/uploads\/2016\/11\/Megascolia-maculata.jpg\" \/>\n\t<meta property=\"og:image:width\" content=\"1701\" \/>\n\t<meta property=\"og:image:height\" content=\"1701\" \/>\n\t<meta property=\"og:image:type\" content=\"image\/jpeg\" \/>\n<meta name=\"author\" content=\"websoup\" \/>\n<meta name=\"twitter:card\" content=\"summary_large_image\" \/>\n<meta name=\"twitter:creator\" content=\"@msncalci\" \/>\n<meta name=\"twitter:site\" content=\"@msncalci\" \/>\n<meta name=\"twitter:label1\" content=\"Scritto da\" \/>\n\t<meta name=\"twitter:data1\" content=\"websoup\" \/>\n\t<meta name=\"twitter:label2\" content=\"Tempo di lettura stimato\" \/>\n\t<meta name=\"twitter:data2\" content=\"4 minuti\" \/>\n<script type=\"application\/ld+json\" class=\"yoast-schema-graph\">{\"@context\":\"https:\/\/schema.org\",\"@graph\":[{\"@type\":\"Article\",\"@id\":\"https:\/\/www.msn.unipi.it\/it\/il-giardino-del-museo\/#article\",\"isPartOf\":{\"@id\":\"https:\/\/www.msn.unipi.it\/it\/il-giardino-del-museo\/\"},\"author\":{\"name\":\"websoup\",\"@id\":\"https:\/\/www.msn.unipi.it\/it\/#\/schema\/person\/ed9b10c0618fabf77f29c32885d14a64\"},\"headline\":\"Giardino del Museo\",\"datePublished\":\"2016-11-04T08:00:26+00:00\",\"dateModified\":\"2025-06-03T13:25:20+00:00\",\"mainEntityOfPage\":{\"@id\":\"https:\/\/www.msn.unipi.it\/it\/il-giardino-del-museo\/\"},\"wordCount\":603,\"publisher\":{\"@id\":\"https:\/\/www.msn.unipi.it\/it\/#organization\"},\"image\":{\"@id\":\"https:\/\/www.msn.unipi.it\/it\/il-giardino-del-museo\/#primaryimage\"},\"thumbnailUrl\":\"https:\/\/www.msn.unipi.it\/wp-content\/uploads\/2016\/11\/Megascolia-maculata.jpg\",\"articleSection\":[\"Esposizioni\",\"Esposizioni permanenti\"],\"inLanguage\":\"it-IT\"},{\"@type\":\"WebPage\",\"@id\":\"https:\/\/www.msn.unipi.it\/it\/il-giardino-del-museo\/\",\"url\":\"https:\/\/www.msn.unipi.it\/it\/il-giardino-del-museo\/\",\"name\":\"Giardino del Museo - Museo di Storia Naturale dell&#039;Universit\u00e0 di Pisa\",\"isPartOf\":{\"@id\":\"https:\/\/www.msn.unipi.it\/it\/#website\"},\"primaryImageOfPage\":{\"@id\":\"https:\/\/www.msn.unipi.it\/it\/il-giardino-del-museo\/#primaryimage\"},\"image\":{\"@id\":\"https:\/\/www.msn.unipi.it\/it\/il-giardino-del-museo\/#primaryimage\"},\"thumbnailUrl\":\"https:\/\/www.msn.unipi.it\/wp-content\/uploads\/2016\/11\/Megascolia-maculata.jpg\",\"datePublished\":\"2016-11-04T08:00:26+00:00\",\"dateModified\":\"2025-06-03T13:25:20+00:00\",\"description\":\"Il Giardino del Museo \u00e8 situato in uno dei cortili interni della Certosa, di fianco alla Galleria storica del Museo, \u00e8 un giardino naturalistico dedicato ai principali ambienti naturali del Monte Pisano, ricreati utilizzando esclusivamente piante e rocce del territorio.\",\"breadcrumb\":{\"@id\":\"https:\/\/www.msn.unipi.it\/it\/il-giardino-del-museo\/#breadcrumb\"},\"inLanguage\":\"it-IT\",\"potentialAction\":[{\"@type\":\"ReadAction\",\"target\":[\"https:\/\/www.msn.unipi.it\/it\/il-giardino-del-museo\/\"]}]},{\"@type\":\"ImageObject\",\"inLanguage\":\"it-IT\",\"@id\":\"https:\/\/www.msn.unipi.it\/it\/il-giardino-del-museo\/#primaryimage\",\"url\":\"https:\/\/www.msn.unipi.it\/wp-content\/uploads\/2016\/11\/Megascolia-maculata.jpg\",\"contentUrl\":\"https:\/\/www.msn.unipi.it\/wp-content\/uploads\/2016\/11\/Megascolia-maculata.jpg\",\"width\":1701,\"height\":1701,\"caption\":\"Megascolia maculata\"},{\"@type\":\"BreadcrumbList\",\"@id\":\"https:\/\/www.msn.unipi.it\/it\/il-giardino-del-museo\/#breadcrumb\",\"itemListElement\":[{\"@type\":\"ListItem\",\"position\":1,\"name\":\"Home\",\"item\":\"https:\/\/www.msn.unipi.it\/it\/\"},{\"@type\":\"ListItem\",\"position\":2,\"name\":\"Giardino del Museo\"}]},{\"@type\":\"WebSite\",\"@id\":\"https:\/\/www.msn.unipi.it\/it\/#website\",\"url\":\"https:\/\/www.msn.unipi.it\/it\/\",\"name\":\"Museo di Storia Naturale dell&#039;Universit\u00e0 di Pisa\",\"description\":\"\",\"publisher\":{\"@id\":\"https:\/\/www.msn.unipi.it\/it\/#organization\"},\"potentialAction\":[{\"@type\":\"SearchAction\",\"target\":{\"@type\":\"EntryPoint\",\"urlTemplate\":\"https:\/\/www.msn.unipi.it\/it\/?s={search_term_string}\"},\"query-input\":{\"@type\":\"PropertyValueSpecification\",\"valueRequired\":true,\"valueName\":\"search_term_string\"}}],\"inLanguage\":\"it-IT\"},{\"@type\":\"Organization\",\"@id\":\"https:\/\/www.msn.unipi.it\/it\/#organization\",\"name\":\"Museo di Storia Naturale dell'Universit\u00e0 di Pisa\",\"url\":\"https:\/\/www.msn.unipi.it\/it\/\",\"logo\":{\"@type\":\"ImageObject\",\"inLanguage\":\"it-IT\",\"@id\":\"https:\/\/www.msn.unipi.it\/it\/#\/schema\/logo\/image\/\",\"url\":\"https:\/\/www.msn.unipi.it\/wp-content\/uploads\/2016\/07\/footer-logo.png\",\"contentUrl\":\"https:\/\/www.msn.unipi.it\/wp-content\/uploads\/2016\/07\/footer-logo.png\",\"width\":220,\"height\":95,\"caption\":\"Museo di Storia Naturale dell'Universit\u00e0 di Pisa\"},\"image\":{\"@id\":\"https:\/\/www.msn.unipi.it\/it\/#\/schema\/logo\/image\/\"},\"sameAs\":[\"https:\/\/www.facebook.com\/Museo-di-Storia-Naturale-Universit\u00e0-di-Pisa-277794215612108\/\",\"https:\/\/x.com\/msncalci\",\"https:\/\/www.instagram.com\/museostorianaturale_calci\/\",\"https:\/\/www.youtube.com\/channel\/UCDaMBe_RegmdCnxLPmryMxw\"]},{\"@type\":\"Person\",\"@id\":\"https:\/\/www.msn.unipi.it\/it\/#\/schema\/person\/ed9b10c0618fabf77f29c32885d14a64\",\"name\":\"websoup\",\"image\":{\"@type\":\"ImageObject\",\"inLanguage\":\"it-IT\",\"@id\":\"https:\/\/www.msn.unipi.it\/it\/#\/schema\/person\/image\/\",\"url\":\"https:\/\/secure.gravatar.com\/avatar\/4118c2ea32b6d8e2ac1a2f57333fd5d2?s=96&d=mm&r=g\",\"contentUrl\":\"https:\/\/secure.gravatar.com\/avatar\/4118c2ea32b6d8e2ac1a2f57333fd5d2?s=96&d=mm&r=g\",\"caption\":\"websoup\"}}]}<\/script>\n<!-- \/ Yoast SEO plugin. -->","yoast_head_json":{"title":"Giardino del Museo - Museo di Storia Naturale dell&#039;Universit\u00e0 di Pisa","description":"Il Giardino del Museo \u00e8 situato in uno dei cortili interni della Certosa, di fianco alla Galleria storica del Museo, \u00e8 un giardino naturalistico dedicato ai principali ambienti naturali del Monte Pisano, ricreati utilizzando esclusivamente piante e rocce del territorio.","robots":{"index":"index","follow":"follow","max-snippet":"max-snippet:-1","max-image-preview":"max-image-preview:large","max-video-preview":"max-video-preview:-1"},"canonical":"https:\/\/www.msn.unipi.it\/it\/il-giardino-del-museo\/","og_locale":"it_IT","og_type":"article","og_title":"Giardino del Museo - Museo di Storia Naturale dell&#039;Universit\u00e0 di Pisa","og_description":"Il Giardino del Museo \u00e8 situato in uno dei cortili interni della Certosa, di fianco alla Galleria storica del Museo, \u00e8 un giardino naturalistico dedicato ai principali ambienti naturali del Monte Pisano, ricreati utilizzando esclusivamente piante e rocce del territorio.","og_url":"https:\/\/www.msn.unipi.it\/it\/il-giardino-del-museo\/","og_site_name":"Museo di Storia Naturale dell&#039;Universit\u00e0 di Pisa","article_publisher":"https:\/\/www.facebook.com\/Museo-di-Storia-Naturale-Universit%c3%a0-di-Pisa-277794215612108\/","article_published_time":"2016-11-04T08:00:26+00:00","article_modified_time":"2025-06-03T13:25:20+00:00","og_image":[{"width":1701,"height":1701,"url":"https:\/\/www.msn.unipi.it\/wp-content\/uploads\/2016\/11\/Megascolia-maculata.jpg","type":"image\/jpeg"}],"author":"websoup","twitter_card":"summary_large_image","twitter_creator":"@msncalci","twitter_site":"@msncalci","twitter_misc":{"Scritto da":"websoup","Tempo di lettura stimato":"4 minuti"},"schema":{"@context":"https:\/\/schema.org","@graph":[{"@type":"Article","@id":"https:\/\/www.msn.unipi.it\/it\/il-giardino-del-museo\/#article","isPartOf":{"@id":"https:\/\/www.msn.unipi.it\/it\/il-giardino-del-museo\/"},"author":{"name":"websoup","@id":"https:\/\/www.msn.unipi.it\/it\/#\/schema\/person\/ed9b10c0618fabf77f29c32885d14a64"},"headline":"Giardino del Museo","datePublished":"2016-11-04T08:00:26+00:00","dateModified":"2025-06-03T13:25:20+00:00","mainEntityOfPage":{"@id":"https:\/\/www.msn.unipi.it\/it\/il-giardino-del-museo\/"},"wordCount":603,"publisher":{"@id":"https:\/\/www.msn.unipi.it\/it\/#organization"},"image":{"@id":"https:\/\/www.msn.unipi.it\/it\/il-giardino-del-museo\/#primaryimage"},"thumbnailUrl":"https:\/\/www.msn.unipi.it\/wp-content\/uploads\/2016\/11\/Megascolia-maculata.jpg","articleSection":["Esposizioni","Esposizioni permanenti"],"inLanguage":"it-IT"},{"@type":"WebPage","@id":"https:\/\/www.msn.unipi.it\/it\/il-giardino-del-museo\/","url":"https:\/\/www.msn.unipi.it\/it\/il-giardino-del-museo\/","name":"Giardino del Museo - Museo di Storia Naturale dell&#039;Universit\u00e0 di Pisa","isPartOf":{"@id":"https:\/\/www.msn.unipi.it\/it\/#website"},"primaryImageOfPage":{"@id":"https:\/\/www.msn.unipi.it\/it\/il-giardino-del-museo\/#primaryimage"},"image":{"@id":"https:\/\/www.msn.unipi.it\/it\/il-giardino-del-museo\/#primaryimage"},"thumbnailUrl":"https:\/\/www.msn.unipi.it\/wp-content\/uploads\/2016\/11\/Megascolia-maculata.jpg","datePublished":"2016-11-04T08:00:26+00:00","dateModified":"2025-06-03T13:25:20+00:00","description":"Il Giardino del Museo \u00e8 situato in uno dei cortili interni della Certosa, di fianco alla Galleria storica del Museo, \u00e8 un giardino naturalistico dedicato ai principali ambienti naturali del Monte Pisano, ricreati utilizzando esclusivamente piante e rocce del territorio.","breadcrumb":{"@id":"https:\/\/www.msn.unipi.it\/it\/il-giardino-del-museo\/#breadcrumb"},"inLanguage":"it-IT","potentialAction":[{"@type":"ReadAction","target":["https:\/\/www.msn.unipi.it\/it\/il-giardino-del-museo\/"]}]},{"@type":"ImageObject","inLanguage":"it-IT","@id":"https:\/\/www.msn.unipi.it\/it\/il-giardino-del-museo\/#primaryimage","url":"https:\/\/www.msn.unipi.it\/wp-content\/uploads\/2016\/11\/Megascolia-maculata.jpg","contentUrl":"https:\/\/www.msn.unipi.it\/wp-content\/uploads\/2016\/11\/Megascolia-maculata.jpg","width":1701,"height":1701,"caption":"Megascolia maculata"},{"@type":"BreadcrumbList","@id":"https:\/\/www.msn.unipi.it\/it\/il-giardino-del-museo\/#breadcrumb","itemListElement":[{"@type":"ListItem","position":1,"name":"Home","item":"https:\/\/www.msn.unipi.it\/it\/"},{"@type":"ListItem","position":2,"name":"Giardino del Museo"}]},{"@type":"WebSite","@id":"https:\/\/www.msn.unipi.it\/it\/#website","url":"https:\/\/www.msn.unipi.it\/it\/","name":"Museo di Storia Naturale dell&#039;Universit\u00e0 di Pisa","description":"","publisher":{"@id":"https:\/\/www.msn.unipi.it\/it\/#organization"},"potentialAction":[{"@type":"SearchAction","target":{"@type":"EntryPoint","urlTemplate":"https:\/\/www.msn.unipi.it\/it\/?s={search_term_string}"},"query-input":{"@type":"PropertyValueSpecification","valueRequired":true,"valueName":"search_term_string"}}],"inLanguage":"it-IT"},{"@type":"Organization","@id":"https:\/\/www.msn.unipi.it\/it\/#organization","name":"Museo di Storia Naturale dell'Universit\u00e0 di Pisa","url":"https:\/\/www.msn.unipi.it\/it\/","logo":{"@type":"ImageObject","inLanguage":"it-IT","@id":"https:\/\/www.msn.unipi.it\/it\/#\/schema\/logo\/image\/","url":"https:\/\/www.msn.unipi.it\/wp-content\/uploads\/2016\/07\/footer-logo.png","contentUrl":"https:\/\/www.msn.unipi.it\/wp-content\/uploads\/2016\/07\/footer-logo.png","width":220,"height":95,"caption":"Museo di Storia Naturale dell'Universit\u00e0 di Pisa"},"image":{"@id":"https:\/\/www.msn.unipi.it\/it\/#\/schema\/logo\/image\/"},"sameAs":["https:\/\/www.facebook.com\/Museo-di-Storia-Naturale-Universit\u00e0-di-Pisa-277794215612108\/","https:\/\/x.com\/msncalci","https:\/\/www.instagram.com\/museostorianaturale_calci\/","https:\/\/www.youtube.com\/channel\/UCDaMBe_RegmdCnxLPmryMxw"]},{"@type":"Person","@id":"https:\/\/www.msn.unipi.it\/it\/#\/schema\/person\/ed9b10c0618fabf77f29c32885d14a64","name":"websoup","image":{"@type":"ImageObject","inLanguage":"it-IT","@id":"https:\/\/www.msn.unipi.it\/it\/#\/schema\/person\/image\/","url":"https:\/\/secure.gravatar.com\/avatar\/4118c2ea32b6d8e2ac1a2f57333fd5d2?s=96&d=mm&r=g","contentUrl":"https:\/\/secure.gravatar.com\/avatar\/4118c2ea32b6d8e2ac1a2f57333fd5d2?s=96&d=mm&r=g","caption":"websoup"}}]}},"jetpack_featured_media_url":"https:\/\/www.msn.unipi.it\/wp-content\/uploads\/2016\/11\/Megascolia-maculata.jpg","jetpack_sharing_enabled":true,"_links":{"self":[{"href":"https:\/\/www.msn.unipi.it\/it\/wp-json\/wp\/v2\/posts\/5761","targetHints":{"allow":["GET"]}}],"collection":[{"href":"https:\/\/www.msn.unipi.it\/it\/wp-json\/wp\/v2\/posts"}],"about":[{"href":"https:\/\/www.msn.unipi.it\/it\/wp-json\/wp\/v2\/types\/post"}],"author":[{"embeddable":true,"href":"https:\/\/www.msn.unipi.it\/it\/wp-json\/wp\/v2\/users\/1"}],"replies":[{"embeddable":true,"href":"https:\/\/www.msn.unipi.it\/it\/wp-json\/wp\/v2\/comments?post=5761"}],"version-history":[{"count":12,"href":"https:\/\/www.msn.unipi.it\/it\/wp-json\/wp\/v2\/posts\/5761\/revisions"}],"predecessor-version":[{"id":30719,"href":"https:\/\/www.msn.unipi.it\/it\/wp-json\/wp\/v2\/posts\/5761\/revisions\/30719"}],"wp:featuredmedia":[{"embeddable":true,"href":"https:\/\/www.msn.unipi.it\/it\/wp-json\/wp\/v2\/media\/30711"}],"wp:attachment":[{"href":"https:\/\/www.msn.unipi.it\/it\/wp-json\/wp\/v2\/media?parent=5761"}],"wp:term":[{"taxonomy":"category","embeddable":true,"href":"https:\/\/www.msn.unipi.it\/it\/wp-json\/wp\/v2\/categories?post=5761"},{"taxonomy":"post_tag","embeddable":true,"href":"https:\/\/www.msn.unipi.it\/it\/wp-json\/wp\/v2\/tags?post=5761"}],"curies":[{"name":"wp","href":"https:\/\/api.w.org\/{rel}","templated":true}]}}