{"id":6214,"date":"2016-02-18T09:43:36","date_gmt":"2016-02-18T08:43:36","guid":{"rendered":"http:\/\/msntest.unipi.it\/?p=6214"},"modified":"2016-02-18T09:43:36","modified_gmt":"2016-02-18T08:43:36","slug":"giovani-e-monti-pisani","status":"publish","type":"post","link":"https:\/\/www.msn.unipi.it\/it\/giovani-e-monti-pisani\/","title":{"rendered":"GIOVANI E MONTI PISANI"},"content":{"rendered":"<p><a href=\"http:\/\/www.msn.unipi.it\/wp-content\/uploads\/2016\/02\/WWF_GiovaniMontiPisani.jpg\" data-lbwps-width=\"596\" data-lbwps-height=\"842\" data-lbwps-srcsmall=\"https:\/\/www.msn.unipi.it\/wp-content\/uploads\/2016\/02\/WWF_GiovaniMontiPisani-319x450.jpg\"><img loading=\"lazy\" decoding=\"async\" class=\"alignleft size-medium wp-image-6215\" src=\"http:\/\/www.msn.unipi.it\/wp-content\/uploads\/2016\/02\/WWF_GiovaniMontiPisani-212x300.jpg\" alt=\"WWF_Giovani&amp;MontiPisani\" width=\"212\" height=\"300\" \/><\/a><\/p>\n<p>Sono tre le giornate che l\u2019associazione <span style=\"text-decoration: underline;\"><strong>WWF Alta Toscana Onlus<\/strong><\/span> organizza, con il contributo del <span style=\"text-decoration: underline;\"><strong>CESVOT<\/strong><\/span>, per avvicinare i ragazzi all\u2019antico monte pisano. L\u2019iniziativa mira a fare dei giovanissimi non solo meri recettori di informazioni, ma autentici protagonisti e, in futuro, vettori della diffusione della conoscenza e della sensibilit\u00e0 ambientale. Gli incontri, <strong>gratuiti<\/strong>, prevedono sia <strong>esperienze laboratoriali<\/strong> che <strong>escursioni<\/strong>, destinati ai ragazzi <strong>dagli 11 ai 20 anni<\/strong>. La prenotazione \u00e8 fortemente consigliata, dato il numero massimo di 30 posti disponibili per le attivit\u00e0 in aula. Per informazioni pi\u00f9 dettagliate e per le prenotazioni scrivere a giovaniemontipisani@gmail.com.<\/p>\n<p><strong>CALENDARIO DEGLI INCONTRI:<\/strong><\/p>\n<ul>\n<li><strong>Sabato 27 Febbraio, presso la sede di Feronia, ore 15:00 &#8211; 19:00<\/strong><\/li>\n<\/ul>\n<p><em>Presentazione del progetto e conoscenza dei partecipanti.<\/em><\/p>\n<p><em>Approfondimento sul <strong>rischio incendi<\/strong> boschivi e laboratorio pratico di tecniche di <strong>rimboschimento<\/strong>.<\/em><\/p>\n<p><em>Conoscenza delle <strong>opportunit\u00e0 di volontariato<\/strong> in campo ambientale e naturalistico offerte dall&#8217;Unione Europea.<\/em><\/p>\n<ul>\n<li><strong>Sabato 5 Marzo, presso il Museo di Storia Naturale &#8211; Universit\u00e0 di Pisa, ore 15:00 &#8211; 19:00<\/strong><\/li>\n<\/ul>\n<p><em>Conoscenza dei reati in campo ambientale e del <strong>regolamento redatto dal Comune di Calci<\/strong> in particolare per la protezione del bosco e del monte.<\/em><\/p>\n<p><em><span style=\"text-decoration: underline;\"><strong>Visita guidata al Museo<\/strong><\/span>, con un esperto che ci porter\u00e0 alla scoperta della storia e degli abitanti dei Monti Pisani. <\/em><\/p>\n<ul>\n<li><span style=\"text-decoration: underline;\"><strong>Domenica 13 Marzo,\u00a0<em>presso Prato a Giovo, ore 14:00 &#8211; 18:00<\/em><\/strong><\/span><\/li>\n<\/ul>\n<p><em>Attivit\u00e0 di <span style=\"text-decoration: underline;\"><strong>orienteering<\/strong> <\/span>e di rimboschimento a cura di <strong>Feronia<\/strong> per i partecipanti alle attivit\u00e0 di formazione.<\/em><\/p>\n<p><em><span style=\"text-decoration: underline;\"><strong>Escursione<\/strong><\/span> organizzata da WWF Alta Toscana aperta a tutta la cittadinanza.<\/em><\/p>\n<p><em>Ore 18:30 A Calci ci ritroveremo presso il Circolo ARCI \u201cLa Pieve\u201d per un <span style=\"text-decoration: underline;\"><strong>aperitivo finale<\/strong><\/span> e per raccogliere le emozioni, i dubbi, le osservazioni delle ragazze e dei ragazzi del progetto.<\/em><\/p>\n<p>Tra i partner di questa iniziativa, oltre al Museo di Storia Naturale, ringraziamo:<\/p>\n<p>CAI Club Alpino Italiano &#8211; Sezione di Pisa<\/p>\n<p>Associazione Feronia<\/p>\n<p>Comune di Calci<\/p>\n<p>Gruppo Volontari Antincendio di Calci<\/p>\n<p>Associazione ARCI \u201cLa Staffetta\u201d<\/p>\n<p>Circolo ARCI \u201cLa Pieve\u201d<\/p>\n","protected":false},"excerpt":{"rendered":"<p>Sono tre le giornate che l\u2019associazione WWF Alta Toscana Onlus organizza, con il contributo del CESVOT, per avvicinare i ragazzi all\u2019antico monte pisano. L\u2019iniziativa mira a fare dei giovanissimi non solo meri recettori di informazioni, ma autentici protagonisti e, in futuro, vettori della diffusione della conoscenza e della sensibilit\u00e0 ambientale. Gli incontri, gratuiti, prevedono sia&nbsp; <a href=\"https:\/\/www.msn.unipi.it\/it\/giovani-e-monti-pisani\/\">&hellip;  <i class=\"fa fa-chevron-right\"><\/i><\/a><\/p>\n","protected":false},"author":1,"featured_media":0,"comment_status":"closed","ping_status":"closed","sticky":false,"template":"","format":"standard","meta":{"_jetpack_memberships_contains_paid_content":false,"footnotes":""},"categories":[9],"tags":[],"class_list":["post-6214","post","type-post","status-publish","format-standard","hentry","category-archivio"],"yoast_head":"<!-- This site is optimized with the Yoast SEO plugin v26.8 - https:\/\/yoast.com\/product\/yoast-seo-wordpress\/ -->\n<title>GIOVANI E MONTI PISANI - Museo di Storia Naturale dell&#039;Universit\u00e0 di Pisa<\/title>\n<meta name=\"description\" content=\"Sono tre le giornate che l\u2019associazione WWF Alta Toscana Onlus organizza, con il contributo del CESVOT, per avvicinare i ragazzi all\u2019antico monte pisano.\" \/>\n<meta name=\"robots\" content=\"index, follow, max-snippet:-1, max-image-preview:large, max-video-preview:-1\" \/>\n<link rel=\"canonical\" href=\"https:\/\/www.msn.unipi.it\/it\/giovani-e-monti-pisani\/\" \/>\n<meta property=\"og:locale\" content=\"it_IT\" \/>\n<meta property=\"og:type\" content=\"article\" \/>\n<meta property=\"og:title\" content=\"GIOVANI E MONTI PISANI - Museo di Storia Naturale dell&#039;Universit\u00e0 di Pisa\" \/>\n<meta property=\"og:description\" content=\"Sono tre le giornate che l\u2019associazione WWF Alta Toscana Onlus organizza, con il contributo del CESVOT, per avvicinare i ragazzi all\u2019antico monte pisano.\" \/>\n<meta property=\"og:url\" content=\"https:\/\/www.msn.unipi.it\/it\/giovani-e-monti-pisani\/\" \/>\n<meta property=\"og:site_name\" content=\"Museo di Storia Naturale dell&#039;Universit\u00e0 di Pisa\" \/>\n<meta property=\"article:publisher\" content=\"https:\/\/www.facebook.com\/Museo-di-Storia-Naturale-Universit%c3%a0-di-Pisa-277794215612108\/\" \/>\n<meta property=\"article:published_time\" content=\"2016-02-18T08:43:36+00:00\" \/>\n<meta property=\"og:image\" content=\"http:\/\/www.msn.unipi.it\/wp-content\/uploads\/2016\/02\/WWF_GiovaniMontiPisani-212x300.jpg\" \/>\n<meta name=\"author\" content=\"websoup\" \/>\n<meta name=\"twitter:card\" content=\"summary_large_image\" \/>\n<meta name=\"twitter:creator\" content=\"@msncalci\" \/>\n<meta name=\"twitter:site\" content=\"@msncalci\" \/>\n<meta name=\"twitter:label1\" content=\"Scritto da\" \/>\n\t<meta name=\"twitter:data1\" content=\"websoup\" \/>\n\t<meta name=\"twitter:label2\" content=\"Tempo di lettura stimato\" \/>\n\t<meta name=\"twitter:data2\" content=\"2 minuti\" \/>\n<script type=\"application\/ld+json\" class=\"yoast-schema-graph\">{\"@context\":\"https:\/\/schema.org\",\"@graph\":[{\"@type\":\"Article\",\"@id\":\"https:\/\/www.msn.unipi.it\/it\/giovani-e-monti-pisani\/#article\",\"isPartOf\":{\"@id\":\"https:\/\/www.msn.unipi.it\/it\/giovani-e-monti-pisani\/\"},\"author\":{\"name\":\"websoup\",\"@id\":\"https:\/\/www.msn.unipi.it\/it\/#\/schema\/person\/ed9b10c0618fabf77f29c32885d14a64\"},\"headline\":\"GIOVANI E MONTI PISANI\",\"datePublished\":\"2016-02-18T08:43:36+00:00\",\"mainEntityOfPage\":{\"@id\":\"https:\/\/www.msn.unipi.it\/it\/giovani-e-monti-pisani\/\"},\"wordCount\":309,\"publisher\":{\"@id\":\"https:\/\/www.msn.unipi.it\/it\/#organization\"},\"image\":{\"@id\":\"https:\/\/www.msn.unipi.it\/it\/giovani-e-monti-pisani\/#primaryimage\"},\"thumbnailUrl\":\"http:\/\/www.msn.unipi.it\/wp-content\/uploads\/2016\/02\/WWF_GiovaniMontiPisani-212x300.jpg\",\"articleSection\":[\"Archivio notizie\"],\"inLanguage\":\"it-IT\"},{\"@type\":\"WebPage\",\"@id\":\"https:\/\/www.msn.unipi.it\/it\/giovani-e-monti-pisani\/\",\"url\":\"https:\/\/www.msn.unipi.it\/it\/giovani-e-monti-pisani\/\",\"name\":\"GIOVANI E MONTI PISANI - Museo di Storia Naturale dell&#039;Universit\u00e0 di Pisa\",\"isPartOf\":{\"@id\":\"https:\/\/www.msn.unipi.it\/it\/#website\"},\"primaryImageOfPage\":{\"@id\":\"https:\/\/www.msn.unipi.it\/it\/giovani-e-monti-pisani\/#primaryimage\"},\"image\":{\"@id\":\"https:\/\/www.msn.unipi.it\/it\/giovani-e-monti-pisani\/#primaryimage\"},\"thumbnailUrl\":\"http:\/\/www.msn.unipi.it\/wp-content\/uploads\/2016\/02\/WWF_GiovaniMontiPisani-212x300.jpg\",\"datePublished\":\"2016-02-18T08:43:36+00:00\",\"description\":\"Sono tre le giornate che l\u2019associazione WWF Alta Toscana Onlus organizza, con il contributo del CESVOT, per avvicinare i ragazzi all\u2019antico monte pisano.\",\"breadcrumb\":{\"@id\":\"https:\/\/www.msn.unipi.it\/it\/giovani-e-monti-pisani\/#breadcrumb\"},\"inLanguage\":\"it-IT\",\"potentialAction\":[{\"@type\":\"ReadAction\",\"target\":[\"https:\/\/www.msn.unipi.it\/it\/giovani-e-monti-pisani\/\"]}]},{\"@type\":\"ImageObject\",\"inLanguage\":\"it-IT\",\"@id\":\"https:\/\/www.msn.unipi.it\/it\/giovani-e-monti-pisani\/#primaryimage\",\"url\":\"http:\/\/www.msn.unipi.it\/wp-content\/uploads\/2016\/02\/WWF_GiovaniMontiPisani-212x300.jpg\",\"contentUrl\":\"http:\/\/www.msn.unipi.it\/wp-content\/uploads\/2016\/02\/WWF_GiovaniMontiPisani-212x300.jpg\"},{\"@type\":\"BreadcrumbList\",\"@id\":\"https:\/\/www.msn.unipi.it\/it\/giovani-e-monti-pisani\/#breadcrumb\",\"itemListElement\":[{\"@type\":\"ListItem\",\"position\":1,\"name\":\"Home\",\"item\":\"https:\/\/www.msn.unipi.it\/it\/\"},{\"@type\":\"ListItem\",\"position\":2,\"name\":\"GIOVANI E MONTI PISANI\"}]},{\"@type\":\"WebSite\",\"@id\":\"https:\/\/www.msn.unipi.it\/it\/#website\",\"url\":\"https:\/\/www.msn.unipi.it\/it\/\",\"name\":\"Museo di Storia Naturale dell&#039;Universit\u00e0 di Pisa\",\"description\":\"\",\"publisher\":{\"@id\":\"https:\/\/www.msn.unipi.it\/it\/#organization\"},\"potentialAction\":[{\"@type\":\"SearchAction\",\"target\":{\"@type\":\"EntryPoint\",\"urlTemplate\":\"https:\/\/www.msn.unipi.it\/it\/?s={search_term_string}\"},\"query-input\":{\"@type\":\"PropertyValueSpecification\",\"valueRequired\":true,\"valueName\":\"search_term_string\"}}],\"inLanguage\":\"it-IT\"},{\"@type\":\"Organization\",\"@id\":\"https:\/\/www.msn.unipi.it\/it\/#organization\",\"name\":\"Museo di Storia Naturale dell'Universit\u00e0 di Pisa\",\"url\":\"https:\/\/www.msn.unipi.it\/it\/\",\"logo\":{\"@type\":\"ImageObject\",\"inLanguage\":\"it-IT\",\"@id\":\"https:\/\/www.msn.unipi.it\/it\/#\/schema\/logo\/image\/\",\"url\":\"https:\/\/www.msn.unipi.it\/wp-content\/uploads\/2016\/07\/footer-logo.png\",\"contentUrl\":\"https:\/\/www.msn.unipi.it\/wp-content\/uploads\/2016\/07\/footer-logo.png\",\"width\":220,\"height\":95,\"caption\":\"Museo di Storia Naturale dell'Universit\u00e0 di Pisa\"},\"image\":{\"@id\":\"https:\/\/www.msn.unipi.it\/it\/#\/schema\/logo\/image\/\"},\"sameAs\":[\"https:\/\/www.facebook.com\/Museo-di-Storia-Naturale-Universit\u00e0-di-Pisa-277794215612108\/\",\"https:\/\/x.com\/msncalci\",\"https:\/\/www.instagram.com\/museostorianaturale_calci\/\",\"https:\/\/www.youtube.com\/channel\/UCDaMBe_RegmdCnxLPmryMxw\"]},{\"@type\":\"Person\",\"@id\":\"https:\/\/www.msn.unipi.it\/it\/#\/schema\/person\/ed9b10c0618fabf77f29c32885d14a64\",\"name\":\"websoup\",\"image\":{\"@type\":\"ImageObject\",\"inLanguage\":\"it-IT\",\"@id\":\"https:\/\/www.msn.unipi.it\/it\/#\/schema\/person\/image\/\",\"url\":\"https:\/\/secure.gravatar.com\/avatar\/4118c2ea32b6d8e2ac1a2f57333fd5d2?s=96&d=mm&r=g\",\"contentUrl\":\"https:\/\/secure.gravatar.com\/avatar\/4118c2ea32b6d8e2ac1a2f57333fd5d2?s=96&d=mm&r=g\",\"caption\":\"websoup\"}}]}<\/script>\n<!-- \/ Yoast SEO plugin. -->","yoast_head_json":{"title":"GIOVANI E MONTI PISANI - Museo di Storia Naturale dell&#039;Universit\u00e0 di Pisa","description":"Sono tre le giornate che l\u2019associazione WWF Alta Toscana Onlus organizza, con il contributo del CESVOT, per avvicinare i ragazzi all\u2019antico monte pisano.","robots":{"index":"index","follow":"follow","max-snippet":"max-snippet:-1","max-image-preview":"max-image-preview:large","max-video-preview":"max-video-preview:-1"},"canonical":"https:\/\/www.msn.unipi.it\/it\/giovani-e-monti-pisani\/","og_locale":"it_IT","og_type":"article","og_title":"GIOVANI E MONTI PISANI - Museo di Storia Naturale dell&#039;Universit\u00e0 di Pisa","og_description":"Sono tre le giornate che l\u2019associazione WWF Alta Toscana Onlus organizza, con il contributo del CESVOT, per avvicinare i ragazzi all\u2019antico monte pisano.","og_url":"https:\/\/www.msn.unipi.it\/it\/giovani-e-monti-pisani\/","og_site_name":"Museo di Storia Naturale dell&#039;Universit\u00e0 di Pisa","article_publisher":"https:\/\/www.facebook.com\/Museo-di-Storia-Naturale-Universit%c3%a0-di-Pisa-277794215612108\/","article_published_time":"2016-02-18T08:43:36+00:00","og_image":[{"url":"http:\/\/www.msn.unipi.it\/wp-content\/uploads\/2016\/02\/WWF_GiovaniMontiPisani-212x300.jpg","type":"","width":"","height":""}],"author":"websoup","twitter_card":"summary_large_image","twitter_creator":"@msncalci","twitter_site":"@msncalci","twitter_misc":{"Scritto da":"websoup","Tempo di lettura stimato":"2 minuti"},"schema":{"@context":"https:\/\/schema.org","@graph":[{"@type":"Article","@id":"https:\/\/www.msn.unipi.it\/it\/giovani-e-monti-pisani\/#article","isPartOf":{"@id":"https:\/\/www.msn.unipi.it\/it\/giovani-e-monti-pisani\/"},"author":{"name":"websoup","@id":"https:\/\/www.msn.unipi.it\/it\/#\/schema\/person\/ed9b10c0618fabf77f29c32885d14a64"},"headline":"GIOVANI E MONTI PISANI","datePublished":"2016-02-18T08:43:36+00:00","mainEntityOfPage":{"@id":"https:\/\/www.msn.unipi.it\/it\/giovani-e-monti-pisani\/"},"wordCount":309,"publisher":{"@id":"https:\/\/www.msn.unipi.it\/it\/#organization"},"image":{"@id":"https:\/\/www.msn.unipi.it\/it\/giovani-e-monti-pisani\/#primaryimage"},"thumbnailUrl":"http:\/\/www.msn.unipi.it\/wp-content\/uploads\/2016\/02\/WWF_GiovaniMontiPisani-212x300.jpg","articleSection":["Archivio notizie"],"inLanguage":"it-IT"},{"@type":"WebPage","@id":"https:\/\/www.msn.unipi.it\/it\/giovani-e-monti-pisani\/","url":"https:\/\/www.msn.unipi.it\/it\/giovani-e-monti-pisani\/","name":"GIOVANI E MONTI PISANI - Museo di Storia Naturale dell&#039;Universit\u00e0 di Pisa","isPartOf":{"@id":"https:\/\/www.msn.unipi.it\/it\/#website"},"primaryImageOfPage":{"@id":"https:\/\/www.msn.unipi.it\/it\/giovani-e-monti-pisani\/#primaryimage"},"image":{"@id":"https:\/\/www.msn.unipi.it\/it\/giovani-e-monti-pisani\/#primaryimage"},"thumbnailUrl":"http:\/\/www.msn.unipi.it\/wp-content\/uploads\/2016\/02\/WWF_GiovaniMontiPisani-212x300.jpg","datePublished":"2016-02-18T08:43:36+00:00","description":"Sono tre le giornate che l\u2019associazione WWF Alta Toscana Onlus organizza, con il contributo del CESVOT, per avvicinare i ragazzi all\u2019antico monte pisano.","breadcrumb":{"@id":"https:\/\/www.msn.unipi.it\/it\/giovani-e-monti-pisani\/#breadcrumb"},"inLanguage":"it-IT","potentialAction":[{"@type":"ReadAction","target":["https:\/\/www.msn.unipi.it\/it\/giovani-e-monti-pisani\/"]}]},{"@type":"ImageObject","inLanguage":"it-IT","@id":"https:\/\/www.msn.unipi.it\/it\/giovani-e-monti-pisani\/#primaryimage","url":"http:\/\/www.msn.unipi.it\/wp-content\/uploads\/2016\/02\/WWF_GiovaniMontiPisani-212x300.jpg","contentUrl":"http:\/\/www.msn.unipi.it\/wp-content\/uploads\/2016\/02\/WWF_GiovaniMontiPisani-212x300.jpg"},{"@type":"BreadcrumbList","@id":"https:\/\/www.msn.unipi.it\/it\/giovani-e-monti-pisani\/#breadcrumb","itemListElement":[{"@type":"ListItem","position":1,"name":"Home","item":"https:\/\/www.msn.unipi.it\/it\/"},{"@type":"ListItem","position":2,"name":"GIOVANI E MONTI PISANI"}]},{"@type":"WebSite","@id":"https:\/\/www.msn.unipi.it\/it\/#website","url":"https:\/\/www.msn.unipi.it\/it\/","name":"Museo di Storia Naturale dell&#039;Universit\u00e0 di Pisa","description":"","publisher":{"@id":"https:\/\/www.msn.unipi.it\/it\/#organization"},"potentialAction":[{"@type":"SearchAction","target":{"@type":"EntryPoint","urlTemplate":"https:\/\/www.msn.unipi.it\/it\/?s={search_term_string}"},"query-input":{"@type":"PropertyValueSpecification","valueRequired":true,"valueName":"search_term_string"}}],"inLanguage":"it-IT"},{"@type":"Organization","@id":"https:\/\/www.msn.unipi.it\/it\/#organization","name":"Museo di Storia Naturale dell'Universit\u00e0 di Pisa","url":"https:\/\/www.msn.unipi.it\/it\/","logo":{"@type":"ImageObject","inLanguage":"it-IT","@id":"https:\/\/www.msn.unipi.it\/it\/#\/schema\/logo\/image\/","url":"https:\/\/www.msn.unipi.it\/wp-content\/uploads\/2016\/07\/footer-logo.png","contentUrl":"https:\/\/www.msn.unipi.it\/wp-content\/uploads\/2016\/07\/footer-logo.png","width":220,"height":95,"caption":"Museo di Storia Naturale dell'Universit\u00e0 di Pisa"},"image":{"@id":"https:\/\/www.msn.unipi.it\/it\/#\/schema\/logo\/image\/"},"sameAs":["https:\/\/www.facebook.com\/Museo-di-Storia-Naturale-Universit\u00e0-di-Pisa-277794215612108\/","https:\/\/x.com\/msncalci","https:\/\/www.instagram.com\/museostorianaturale_calci\/","https:\/\/www.youtube.com\/channel\/UCDaMBe_RegmdCnxLPmryMxw"]},{"@type":"Person","@id":"https:\/\/www.msn.unipi.it\/it\/#\/schema\/person\/ed9b10c0618fabf77f29c32885d14a64","name":"websoup","image":{"@type":"ImageObject","inLanguage":"it-IT","@id":"https:\/\/www.msn.unipi.it\/it\/#\/schema\/person\/image\/","url":"https:\/\/secure.gravatar.com\/avatar\/4118c2ea32b6d8e2ac1a2f57333fd5d2?s=96&d=mm&r=g","contentUrl":"https:\/\/secure.gravatar.com\/avatar\/4118c2ea32b6d8e2ac1a2f57333fd5d2?s=96&d=mm&r=g","caption":"websoup"}}]}},"jetpack_featured_media_url":"","jetpack_sharing_enabled":true,"_links":{"self":[{"href":"https:\/\/www.msn.unipi.it\/it\/wp-json\/wp\/v2\/posts\/6214","targetHints":{"allow":["GET"]}}],"collection":[{"href":"https:\/\/www.msn.unipi.it\/it\/wp-json\/wp\/v2\/posts"}],"about":[{"href":"https:\/\/www.msn.unipi.it\/it\/wp-json\/wp\/v2\/types\/post"}],"author":[{"embeddable":true,"href":"https:\/\/www.msn.unipi.it\/it\/wp-json\/wp\/v2\/users\/1"}],"replies":[{"embeddable":true,"href":"https:\/\/www.msn.unipi.it\/it\/wp-json\/wp\/v2\/comments?post=6214"}],"version-history":[{"count":0,"href":"https:\/\/www.msn.unipi.it\/it\/wp-json\/wp\/v2\/posts\/6214\/revisions"}],"wp:attachment":[{"href":"https:\/\/www.msn.unipi.it\/it\/wp-json\/wp\/v2\/media?parent=6214"}],"wp:term":[{"taxonomy":"category","embeddable":true,"href":"https:\/\/www.msn.unipi.it\/it\/wp-json\/wp\/v2\/categories?post=6214"},{"taxonomy":"post_tag","embeddable":true,"href":"https:\/\/www.msn.unipi.it\/it\/wp-json\/wp\/v2\/tags?post=6214"}],"curies":[{"name":"wp","href":"https:\/\/api.w.org\/{rel}","templated":true}]}}