{"id":6364,"date":"2016-05-16T11:29:31","date_gmt":"2016-05-16T09:29:31","guid":{"rendered":"http:\/\/msntest.unipi.it\/?p=6364"},"modified":"2016-05-20T08:41:35","modified_gmt":"2016-05-20T06:41:35","slug":"il-movimento-il-corpo-lattivita-fisica-lambiente-naturale-e-gli-stili-di-vita-convegno-cus","status":"publish","type":"post","link":"https:\/\/www.msn.unipi.it\/it\/il-movimento-il-corpo-lattivita-fisica-lambiente-naturale-e-gli-stili-di-vita-convegno-cus\/","title":{"rendered":"Il movimento, il corpo, l&#8217;attivit\u00e0 fisica, l&#8217;ambiente naturale e gli stili di vita &#8211; CONVEGNO CUS"},"content":{"rendered":"<p>Sabato<strong> 21 Maggio<\/strong>, dalle ore <strong>14:30<\/strong> alle ore <strong>17:30<\/strong>, presso il <strong>Museo di Storia Naturale<\/strong>, avr\u00e0 luogo il convegno \u201c<em><strong>Il movimento, il corpo, l\u2019attivit\u00e0 fisica, l\u2019ambiente naturale e gli stili di vita<\/strong><\/em>\u201d.<\/p>\n<p>L\u2019evento \u00e8 organizzato da <strong>CUS Pisa<\/strong> in collaborazione con il Museo di Storia Naturale, il Sistema Museale d\u2019Ateneo e l\u2019Universit\u00e0 di Pisa, nell\u2019ambito delle <strong>celebrazioni del 650\u00b0 anniversario<\/strong> della Certosa. Per il programma nel dettaglio rimandiamo alla locandina allegata.<\/p>\n<p>A seguire, <em>in contemporanea con l\u2019evento nazionale La notte dei Musei (nel corso della quale i Musei resteranno aperti fino alla mezzanotte del 21 Maggio)<\/em>, avr\u00e0 luogo, <strong>sempre organizzata dal CUS, una nuova edizione di \u201cNotte al Museo\u201d per i pi\u00f9 piccoli: un avventuroso pernottamento tra gli scheletri e gli animali della Certosa.<\/strong><\/p>\n<p><a href=\"http:\/\/www.msn.unipi.it\/wp-content\/uploads\/2016\/05\/CUS-3.jpg\" data-lbwps-width=\"1536\" data-lbwps-height=\"2048\" data-lbwps-srcsmall=\"https:\/\/www.msn.unipi.it\/wp-content\/uploads\/2016\/05\/CUS-3-338x450.jpg\"><img loading=\"lazy\" decoding=\"async\" class=\"alignleft wp-image-6381 size-full\" src=\"http:\/\/www.msn.unipi.it\/wp-content\/uploads\/2016\/05\/CUS-3.jpg\" alt=\"CUS (3)\" width=\"2362\" height=\"3150\" srcset=\"https:\/\/www.msn.unipi.it\/wp-content\/uploads\/2016\/05\/CUS-3.jpg 1536w, https:\/\/www.msn.unipi.it\/wp-content\/uploads\/2016\/05\/CUS-3-338x450.jpg 338w, https:\/\/www.msn.unipi.it\/wp-content\/uploads\/2016\/05\/CUS-3-768x1024.jpg 768w, https:\/\/www.msn.unipi.it\/wp-content\/uploads\/2016\/05\/CUS-3-600x800.jpg 600w\" sizes=\"auto, (max-width: 2362px) 100vw, 2362px\" \/><\/a><\/p>\n","protected":false},"excerpt":{"rendered":"<p>Sabato 21 Maggio, dalle ore 14:30 alle ore 17:30, presso il Museo di Storia Naturale, avr\u00e0 luogo il convegno \u201cIl movimento, il corpo, l\u2019attivit\u00e0 fisica, l\u2019ambiente naturale e gli stili di vita\u201d. L\u2019evento \u00e8 organizzato da CUS Pisa in collaborazione con il Museo di Storia Naturale, il Sistema Museale d\u2019Ateneo e l\u2019Universit\u00e0 di Pisa, nell\u2019ambito&nbsp; <a href=\"https:\/\/www.msn.unipi.it\/it\/il-movimento-il-corpo-lattivita-fisica-lambiente-naturale-e-gli-stili-di-vita-convegno-cus\/\">&hellip;  <i class=\"fa fa-chevron-right\"><\/i><\/a><\/p>\n","protected":false},"author":1,"featured_media":0,"comment_status":"closed","ping_status":"closed","sticky":false,"template":"","format":"standard","meta":{"_jetpack_memberships_contains_paid_content":false,"footnotes":""},"categories":[9],"tags":[],"class_list":["post-6364","post","type-post","status-publish","format-standard","hentry","category-archivio"],"yoast_head":"<!-- This site is optimized with the Yoast SEO plugin v26.8 - https:\/\/yoast.com\/product\/yoast-seo-wordpress\/ -->\n<title>Il movimento, il corpo, l&#039;attivit\u00e0 fisica, l&#039;ambiente naturale e gli stili di vita - CONVEGNO CUS - Museo di Storia Naturale dell&#039;Universit\u00e0 di Pisa<\/title>\n<meta name=\"description\" content=\"Sabato 21 Maggio, dalle ore 14:30 alle ore 17:30, presso il Museo di Storia Naturale, avr\u00e0 luogo il convegno \u201cIl movimento, il corpo, l\u2019attivit\u00e0 fisica,\" \/>\n<meta name=\"robots\" content=\"index, follow, max-snippet:-1, max-image-preview:large, max-video-preview:-1\" \/>\n<link rel=\"canonical\" href=\"https:\/\/www.msn.unipi.it\/it\/il-movimento-il-corpo-lattivita-fisica-lambiente-naturale-e-gli-stili-di-vita-convegno-cus\/\" \/>\n<meta property=\"og:locale\" content=\"it_IT\" \/>\n<meta property=\"og:type\" content=\"article\" \/>\n<meta property=\"og:title\" content=\"Il movimento, il corpo, l&#039;attivit\u00e0 fisica, l&#039;ambiente naturale e gli stili di vita - CONVEGNO CUS - Museo di Storia Naturale dell&#039;Universit\u00e0 di Pisa\" \/>\n<meta property=\"og:description\" content=\"Sabato 21 Maggio, dalle ore 14:30 alle ore 17:30, presso il Museo di Storia Naturale, avr\u00e0 luogo il convegno \u201cIl movimento, il corpo, l\u2019attivit\u00e0 fisica,\" \/>\n<meta property=\"og:url\" content=\"https:\/\/www.msn.unipi.it\/it\/il-movimento-il-corpo-lattivita-fisica-lambiente-naturale-e-gli-stili-di-vita-convegno-cus\/\" \/>\n<meta property=\"og:site_name\" content=\"Museo di Storia Naturale dell&#039;Universit\u00e0 di Pisa\" \/>\n<meta property=\"article:publisher\" content=\"https:\/\/www.facebook.com\/Museo-di-Storia-Naturale-Universit%c3%a0-di-Pisa-277794215612108\/\" \/>\n<meta property=\"article:published_time\" content=\"2016-05-16T09:29:31+00:00\" \/>\n<meta property=\"article:modified_time\" content=\"2016-05-20T06:41:35+00:00\" \/>\n<meta property=\"og:image\" content=\"http:\/\/www.msn.unipi.it\/wp-content\/uploads\/2016\/05\/CUS-3.jpg\" \/>\n<meta name=\"author\" content=\"websoup\" \/>\n<meta name=\"twitter:card\" content=\"summary_large_image\" \/>\n<meta name=\"twitter:creator\" content=\"@msncalci\" \/>\n<meta name=\"twitter:site\" content=\"@msncalci\" \/>\n<meta name=\"twitter:label1\" content=\"Scritto da\" \/>\n\t<meta name=\"twitter:data1\" content=\"websoup\" \/>\n\t<meta name=\"twitter:label2\" content=\"Tempo di lettura stimato\" \/>\n\t<meta name=\"twitter:data2\" content=\"1 minuto\" \/>\n<script type=\"application\/ld+json\" class=\"yoast-schema-graph\">{\"@context\":\"https:\/\/schema.org\",\"@graph\":[{\"@type\":\"Article\",\"@id\":\"https:\/\/www.msn.unipi.it\/it\/il-movimento-il-corpo-lattivita-fisica-lambiente-naturale-e-gli-stili-di-vita-convegno-cus\/#article\",\"isPartOf\":{\"@id\":\"https:\/\/www.msn.unipi.it\/it\/il-movimento-il-corpo-lattivita-fisica-lambiente-naturale-e-gli-stili-di-vita-convegno-cus\/\"},\"author\":{\"name\":\"websoup\",\"@id\":\"https:\/\/www.msn.unipi.it\/it\/#\/schema\/person\/ed9b10c0618fabf77f29c32885d14a64\"},\"headline\":\"Il movimento, il corpo, l&#8217;attivit\u00e0 fisica, l&#8217;ambiente naturale e gli stili di vita &#8211; CONVEGNO CUS\",\"datePublished\":\"2016-05-16T09:29:31+00:00\",\"dateModified\":\"2016-05-20T06:41:35+00:00\",\"mainEntityOfPage\":{\"@id\":\"https:\/\/www.msn.unipi.it\/it\/il-movimento-il-corpo-lattivita-fisica-lambiente-naturale-e-gli-stili-di-vita-convegno-cus\/\"},\"wordCount\":141,\"publisher\":{\"@id\":\"https:\/\/www.msn.unipi.it\/it\/#organization\"},\"image\":{\"@id\":\"https:\/\/www.msn.unipi.it\/it\/il-movimento-il-corpo-lattivita-fisica-lambiente-naturale-e-gli-stili-di-vita-convegno-cus\/#primaryimage\"},\"thumbnailUrl\":\"http:\/\/www.msn.unipi.it\/wp-content\/uploads\/2016\/05\/CUS-3.jpg\",\"articleSection\":[\"Archivio notizie\"],\"inLanguage\":\"it-IT\"},{\"@type\":\"WebPage\",\"@id\":\"https:\/\/www.msn.unipi.it\/it\/il-movimento-il-corpo-lattivita-fisica-lambiente-naturale-e-gli-stili-di-vita-convegno-cus\/\",\"url\":\"https:\/\/www.msn.unipi.it\/it\/il-movimento-il-corpo-lattivita-fisica-lambiente-naturale-e-gli-stili-di-vita-convegno-cus\/\",\"name\":\"Il movimento, il corpo, l'attivit\u00e0 fisica, l'ambiente naturale e gli stili di vita - CONVEGNO CUS - Museo di Storia Naturale dell&#039;Universit\u00e0 di Pisa\",\"isPartOf\":{\"@id\":\"https:\/\/www.msn.unipi.it\/it\/#website\"},\"primaryImageOfPage\":{\"@id\":\"https:\/\/www.msn.unipi.it\/it\/il-movimento-il-corpo-lattivita-fisica-lambiente-naturale-e-gli-stili-di-vita-convegno-cus\/#primaryimage\"},\"image\":{\"@id\":\"https:\/\/www.msn.unipi.it\/it\/il-movimento-il-corpo-lattivita-fisica-lambiente-naturale-e-gli-stili-di-vita-convegno-cus\/#primaryimage\"},\"thumbnailUrl\":\"http:\/\/www.msn.unipi.it\/wp-content\/uploads\/2016\/05\/CUS-3.jpg\",\"datePublished\":\"2016-05-16T09:29:31+00:00\",\"dateModified\":\"2016-05-20T06:41:35+00:00\",\"description\":\"Sabato 21 Maggio, dalle ore 14:30 alle ore 17:30, presso il Museo di Storia Naturale, avr\u00e0 luogo il convegno \u201cIl movimento, il corpo, l\u2019attivit\u00e0 fisica,\",\"breadcrumb\":{\"@id\":\"https:\/\/www.msn.unipi.it\/it\/il-movimento-il-corpo-lattivita-fisica-lambiente-naturale-e-gli-stili-di-vita-convegno-cus\/#breadcrumb\"},\"inLanguage\":\"it-IT\",\"potentialAction\":[{\"@type\":\"ReadAction\",\"target\":[\"https:\/\/www.msn.unipi.it\/it\/il-movimento-il-corpo-lattivita-fisica-lambiente-naturale-e-gli-stili-di-vita-convegno-cus\/\"]}]},{\"@type\":\"ImageObject\",\"inLanguage\":\"it-IT\",\"@id\":\"https:\/\/www.msn.unipi.it\/it\/il-movimento-il-corpo-lattivita-fisica-lambiente-naturale-e-gli-stili-di-vita-convegno-cus\/#primaryimage\",\"url\":\"http:\/\/www.msn.unipi.it\/wp-content\/uploads\/2016\/05\/CUS-3.jpg\",\"contentUrl\":\"http:\/\/www.msn.unipi.it\/wp-content\/uploads\/2016\/05\/CUS-3.jpg\"},{\"@type\":\"BreadcrumbList\",\"@id\":\"https:\/\/www.msn.unipi.it\/it\/il-movimento-il-corpo-lattivita-fisica-lambiente-naturale-e-gli-stili-di-vita-convegno-cus\/#breadcrumb\",\"itemListElement\":[{\"@type\":\"ListItem\",\"position\":1,\"name\":\"Home\",\"item\":\"https:\/\/www.msn.unipi.it\/it\/\"},{\"@type\":\"ListItem\",\"position\":2,\"name\":\"Il movimento, il corpo, l&#8217;attivit\u00e0 fisica, l&#8217;ambiente naturale e gli stili di vita &#8211; CONVEGNO CUS\"}]},{\"@type\":\"WebSite\",\"@id\":\"https:\/\/www.msn.unipi.it\/it\/#website\",\"url\":\"https:\/\/www.msn.unipi.it\/it\/\",\"name\":\"Museo di Storia Naturale dell&#039;Universit\u00e0 di Pisa\",\"description\":\"\",\"publisher\":{\"@id\":\"https:\/\/www.msn.unipi.it\/it\/#organization\"},\"potentialAction\":[{\"@type\":\"SearchAction\",\"target\":{\"@type\":\"EntryPoint\",\"urlTemplate\":\"https:\/\/www.msn.unipi.it\/it\/?s={search_term_string}\"},\"query-input\":{\"@type\":\"PropertyValueSpecification\",\"valueRequired\":true,\"valueName\":\"search_term_string\"}}],\"inLanguage\":\"it-IT\"},{\"@type\":\"Organization\",\"@id\":\"https:\/\/www.msn.unipi.it\/it\/#organization\",\"name\":\"Museo di Storia Naturale dell'Universit\u00e0 di Pisa\",\"url\":\"https:\/\/www.msn.unipi.it\/it\/\",\"logo\":{\"@type\":\"ImageObject\",\"inLanguage\":\"it-IT\",\"@id\":\"https:\/\/www.msn.unipi.it\/it\/#\/schema\/logo\/image\/\",\"url\":\"https:\/\/www.msn.unipi.it\/wp-content\/uploads\/2016\/07\/footer-logo.png\",\"contentUrl\":\"https:\/\/www.msn.unipi.it\/wp-content\/uploads\/2016\/07\/footer-logo.png\",\"width\":220,\"height\":95,\"caption\":\"Museo di Storia Naturale dell'Universit\u00e0 di Pisa\"},\"image\":{\"@id\":\"https:\/\/www.msn.unipi.it\/it\/#\/schema\/logo\/image\/\"},\"sameAs\":[\"https:\/\/www.facebook.com\/Museo-di-Storia-Naturale-Universit\u00e0-di-Pisa-277794215612108\/\",\"https:\/\/x.com\/msncalci\",\"https:\/\/www.instagram.com\/museostorianaturale_calci\/\",\"https:\/\/www.youtube.com\/channel\/UCDaMBe_RegmdCnxLPmryMxw\"]},{\"@type\":\"Person\",\"@id\":\"https:\/\/www.msn.unipi.it\/it\/#\/schema\/person\/ed9b10c0618fabf77f29c32885d14a64\",\"name\":\"websoup\",\"image\":{\"@type\":\"ImageObject\",\"inLanguage\":\"it-IT\",\"@id\":\"https:\/\/www.msn.unipi.it\/it\/#\/schema\/person\/image\/\",\"url\":\"https:\/\/secure.gravatar.com\/avatar\/4118c2ea32b6d8e2ac1a2f57333fd5d2?s=96&d=mm&r=g\",\"contentUrl\":\"https:\/\/secure.gravatar.com\/avatar\/4118c2ea32b6d8e2ac1a2f57333fd5d2?s=96&d=mm&r=g\",\"caption\":\"websoup\"}}]}<\/script>\n<!-- \/ Yoast SEO plugin. -->","yoast_head_json":{"title":"Il movimento, il corpo, l'attivit\u00e0 fisica, l'ambiente naturale e gli stili di vita - CONVEGNO CUS - Museo di Storia Naturale dell&#039;Universit\u00e0 di Pisa","description":"Sabato 21 Maggio, dalle ore 14:30 alle ore 17:30, presso il Museo di Storia Naturale, avr\u00e0 luogo il convegno \u201cIl movimento, il corpo, l\u2019attivit\u00e0 fisica,","robots":{"index":"index","follow":"follow","max-snippet":"max-snippet:-1","max-image-preview":"max-image-preview:large","max-video-preview":"max-video-preview:-1"},"canonical":"https:\/\/www.msn.unipi.it\/it\/il-movimento-il-corpo-lattivita-fisica-lambiente-naturale-e-gli-stili-di-vita-convegno-cus\/","og_locale":"it_IT","og_type":"article","og_title":"Il movimento, il corpo, l'attivit\u00e0 fisica, l'ambiente naturale e gli stili di vita - CONVEGNO CUS - Museo di Storia Naturale dell&#039;Universit\u00e0 di Pisa","og_description":"Sabato 21 Maggio, dalle ore 14:30 alle ore 17:30, presso il Museo di Storia Naturale, avr\u00e0 luogo il convegno \u201cIl movimento, il corpo, l\u2019attivit\u00e0 fisica,","og_url":"https:\/\/www.msn.unipi.it\/it\/il-movimento-il-corpo-lattivita-fisica-lambiente-naturale-e-gli-stili-di-vita-convegno-cus\/","og_site_name":"Museo di Storia Naturale dell&#039;Universit\u00e0 di Pisa","article_publisher":"https:\/\/www.facebook.com\/Museo-di-Storia-Naturale-Universit%c3%a0-di-Pisa-277794215612108\/","article_published_time":"2016-05-16T09:29:31+00:00","article_modified_time":"2016-05-20T06:41:35+00:00","og_image":[{"url":"http:\/\/www.msn.unipi.it\/wp-content\/uploads\/2016\/05\/CUS-3.jpg","type":"","width":"","height":""}],"author":"websoup","twitter_card":"summary_large_image","twitter_creator":"@msncalci","twitter_site":"@msncalci","twitter_misc":{"Scritto da":"websoup","Tempo di lettura stimato":"1 minuto"},"schema":{"@context":"https:\/\/schema.org","@graph":[{"@type":"Article","@id":"https:\/\/www.msn.unipi.it\/it\/il-movimento-il-corpo-lattivita-fisica-lambiente-naturale-e-gli-stili-di-vita-convegno-cus\/#article","isPartOf":{"@id":"https:\/\/www.msn.unipi.it\/it\/il-movimento-il-corpo-lattivita-fisica-lambiente-naturale-e-gli-stili-di-vita-convegno-cus\/"},"author":{"name":"websoup","@id":"https:\/\/www.msn.unipi.it\/it\/#\/schema\/person\/ed9b10c0618fabf77f29c32885d14a64"},"headline":"Il movimento, il corpo, l&#8217;attivit\u00e0 fisica, l&#8217;ambiente naturale e gli stili di vita &#8211; CONVEGNO CUS","datePublished":"2016-05-16T09:29:31+00:00","dateModified":"2016-05-20T06:41:35+00:00","mainEntityOfPage":{"@id":"https:\/\/www.msn.unipi.it\/it\/il-movimento-il-corpo-lattivita-fisica-lambiente-naturale-e-gli-stili-di-vita-convegno-cus\/"},"wordCount":141,"publisher":{"@id":"https:\/\/www.msn.unipi.it\/it\/#organization"},"image":{"@id":"https:\/\/www.msn.unipi.it\/it\/il-movimento-il-corpo-lattivita-fisica-lambiente-naturale-e-gli-stili-di-vita-convegno-cus\/#primaryimage"},"thumbnailUrl":"http:\/\/www.msn.unipi.it\/wp-content\/uploads\/2016\/05\/CUS-3.jpg","articleSection":["Archivio notizie"],"inLanguage":"it-IT"},{"@type":"WebPage","@id":"https:\/\/www.msn.unipi.it\/it\/il-movimento-il-corpo-lattivita-fisica-lambiente-naturale-e-gli-stili-di-vita-convegno-cus\/","url":"https:\/\/www.msn.unipi.it\/it\/il-movimento-il-corpo-lattivita-fisica-lambiente-naturale-e-gli-stili-di-vita-convegno-cus\/","name":"Il movimento, il corpo, l'attivit\u00e0 fisica, l'ambiente naturale e gli stili di vita - CONVEGNO CUS - Museo di Storia Naturale dell&#039;Universit\u00e0 di Pisa","isPartOf":{"@id":"https:\/\/www.msn.unipi.it\/it\/#website"},"primaryImageOfPage":{"@id":"https:\/\/www.msn.unipi.it\/it\/il-movimento-il-corpo-lattivita-fisica-lambiente-naturale-e-gli-stili-di-vita-convegno-cus\/#primaryimage"},"image":{"@id":"https:\/\/www.msn.unipi.it\/it\/il-movimento-il-corpo-lattivita-fisica-lambiente-naturale-e-gli-stili-di-vita-convegno-cus\/#primaryimage"},"thumbnailUrl":"http:\/\/www.msn.unipi.it\/wp-content\/uploads\/2016\/05\/CUS-3.jpg","datePublished":"2016-05-16T09:29:31+00:00","dateModified":"2016-05-20T06:41:35+00:00","description":"Sabato 21 Maggio, dalle ore 14:30 alle ore 17:30, presso il Museo di Storia Naturale, avr\u00e0 luogo il convegno \u201cIl movimento, il corpo, l\u2019attivit\u00e0 fisica,","breadcrumb":{"@id":"https:\/\/www.msn.unipi.it\/it\/il-movimento-il-corpo-lattivita-fisica-lambiente-naturale-e-gli-stili-di-vita-convegno-cus\/#breadcrumb"},"inLanguage":"it-IT","potentialAction":[{"@type":"ReadAction","target":["https:\/\/www.msn.unipi.it\/it\/il-movimento-il-corpo-lattivita-fisica-lambiente-naturale-e-gli-stili-di-vita-convegno-cus\/"]}]},{"@type":"ImageObject","inLanguage":"it-IT","@id":"https:\/\/www.msn.unipi.it\/it\/il-movimento-il-corpo-lattivita-fisica-lambiente-naturale-e-gli-stili-di-vita-convegno-cus\/#primaryimage","url":"http:\/\/www.msn.unipi.it\/wp-content\/uploads\/2016\/05\/CUS-3.jpg","contentUrl":"http:\/\/www.msn.unipi.it\/wp-content\/uploads\/2016\/05\/CUS-3.jpg"},{"@type":"BreadcrumbList","@id":"https:\/\/www.msn.unipi.it\/it\/il-movimento-il-corpo-lattivita-fisica-lambiente-naturale-e-gli-stili-di-vita-convegno-cus\/#breadcrumb","itemListElement":[{"@type":"ListItem","position":1,"name":"Home","item":"https:\/\/www.msn.unipi.it\/it\/"},{"@type":"ListItem","position":2,"name":"Il movimento, il corpo, l&#8217;attivit\u00e0 fisica, l&#8217;ambiente naturale e gli stili di vita &#8211; CONVEGNO CUS"}]},{"@type":"WebSite","@id":"https:\/\/www.msn.unipi.it\/it\/#website","url":"https:\/\/www.msn.unipi.it\/it\/","name":"Museo di Storia Naturale dell&#039;Universit\u00e0 di Pisa","description":"","publisher":{"@id":"https:\/\/www.msn.unipi.it\/it\/#organization"},"potentialAction":[{"@type":"SearchAction","target":{"@type":"EntryPoint","urlTemplate":"https:\/\/www.msn.unipi.it\/it\/?s={search_term_string}"},"query-input":{"@type":"PropertyValueSpecification","valueRequired":true,"valueName":"search_term_string"}}],"inLanguage":"it-IT"},{"@type":"Organization","@id":"https:\/\/www.msn.unipi.it\/it\/#organization","name":"Museo di Storia Naturale dell'Universit\u00e0 di Pisa","url":"https:\/\/www.msn.unipi.it\/it\/","logo":{"@type":"ImageObject","inLanguage":"it-IT","@id":"https:\/\/www.msn.unipi.it\/it\/#\/schema\/logo\/image\/","url":"https:\/\/www.msn.unipi.it\/wp-content\/uploads\/2016\/07\/footer-logo.png","contentUrl":"https:\/\/www.msn.unipi.it\/wp-content\/uploads\/2016\/07\/footer-logo.png","width":220,"height":95,"caption":"Museo di Storia Naturale dell'Universit\u00e0 di Pisa"},"image":{"@id":"https:\/\/www.msn.unipi.it\/it\/#\/schema\/logo\/image\/"},"sameAs":["https:\/\/www.facebook.com\/Museo-di-Storia-Naturale-Universit\u00e0-di-Pisa-277794215612108\/","https:\/\/x.com\/msncalci","https:\/\/www.instagram.com\/museostorianaturale_calci\/","https:\/\/www.youtube.com\/channel\/UCDaMBe_RegmdCnxLPmryMxw"]},{"@type":"Person","@id":"https:\/\/www.msn.unipi.it\/it\/#\/schema\/person\/ed9b10c0618fabf77f29c32885d14a64","name":"websoup","image":{"@type":"ImageObject","inLanguage":"it-IT","@id":"https:\/\/www.msn.unipi.it\/it\/#\/schema\/person\/image\/","url":"https:\/\/secure.gravatar.com\/avatar\/4118c2ea32b6d8e2ac1a2f57333fd5d2?s=96&d=mm&r=g","contentUrl":"https:\/\/secure.gravatar.com\/avatar\/4118c2ea32b6d8e2ac1a2f57333fd5d2?s=96&d=mm&r=g","caption":"websoup"}}]}},"jetpack_featured_media_url":"","jetpack_sharing_enabled":true,"_links":{"self":[{"href":"https:\/\/www.msn.unipi.it\/it\/wp-json\/wp\/v2\/posts\/6364","targetHints":{"allow":["GET"]}}],"collection":[{"href":"https:\/\/www.msn.unipi.it\/it\/wp-json\/wp\/v2\/posts"}],"about":[{"href":"https:\/\/www.msn.unipi.it\/it\/wp-json\/wp\/v2\/types\/post"}],"author":[{"embeddable":true,"href":"https:\/\/www.msn.unipi.it\/it\/wp-json\/wp\/v2\/users\/1"}],"replies":[{"embeddable":true,"href":"https:\/\/www.msn.unipi.it\/it\/wp-json\/wp\/v2\/comments?post=6364"}],"version-history":[{"count":0,"href":"https:\/\/www.msn.unipi.it\/it\/wp-json\/wp\/v2\/posts\/6364\/revisions"}],"wp:attachment":[{"href":"https:\/\/www.msn.unipi.it\/it\/wp-json\/wp\/v2\/media?parent=6364"}],"wp:term":[{"taxonomy":"category","embeddable":true,"href":"https:\/\/www.msn.unipi.it\/it\/wp-json\/wp\/v2\/categories?post=6364"},{"taxonomy":"post_tag","embeddable":true,"href":"https:\/\/www.msn.unipi.it\/it\/wp-json\/wp\/v2\/tags?post=6364"}],"curies":[{"name":"wp","href":"https:\/\/api.w.org\/{rel}","templated":true}]}}